{"id":213756,"date":"2026-02-15T17:54:00","date_gmt":"2026-02-15T20:54:00","guid":{"rendered":"https:\/\/portaltela.pt\/noticias\/2026\/02\/15\/comic-con-portugal-2026-amplia-fenomeno-global-do-k-pop-e-do-anime\/"},"modified":"2026-02-15T17:54:00","modified_gmt":"2026-02-15T20:54:00","slug":"comic-con-portugal-2026-amplia-fenomeno-global-do-k-pop-e-do-anime","status":"publish","type":"post","link":"https:\/\/portaltela.pt\/noticias\/2026\/02\/15\/comic-con-portugal-2026-amplia-fenomeno-global-do-k-pop-e-do-anime\/","title":{"rendered":"Comic Con Portugal 2026 amplia fen\u00f3meno global do K-pop e do anime"},"content":{"rendered":"<p>A Comic Con Portugal 2026 vai expandir o seu alcance com a Asian World, uma \u00e1rea in\u00e9dita dedicada ao fen\u00f3meno global do K-pop, Anime e Cosplay. O evento decorre de 23 a 26 de abril no Europarque, em Santa Maria da Feira. A iniciativa responde ao crescente interesse da audi\u00eancia portuguesa pelas tend\u00eancias da Coreia do Sul e do Jap\u00e3o.<\/p>\n<p>A Asian World pretende oferecer performances ao vivo e artistas internacionais dentro de um ambiente imersivo. A escolha visa diversificar conte\u00fados do festival e refor\u00e7ar a posi\u00e7\u00e3o do evento como ponto de encontro da cultura asi\u00e1tica em Portugal.<\/p>\n<p>Um dos pilares da estreia \u00e9 o KC Survival, o primeiro concurso oficial de K-pop Cover do festival. Grupos e solistas v\u00e3o atuar no palco diante de milhares de f\u00e3s. As candidaturas est\u00e3o abertas at\u00e9 13 de mar\u00e7o, servindo como plataforma de lan\u00e7amento para novos talentos nacionais.<\/p>\n<h3>Participa\u00e7\u00e3o internacional<\/h3>\n<p>Segundo a organiza\u00e7\u00e3o, Misa, estrela japonesa conhecida pela fus\u00e3o de temas de anime com originais, marca presen\u00e7a no festival. Nene surge como uma das cosplayers e performers mais reconhecidas, combinando dan\u00e7a J-pop com figurinos detalhados.<\/p>\n<p>Misa traz energia e repert\u00f3rio que mistura anime e temas originais, enquanto Nene est\u00e1 entre as maiores express\u00f5es da cosplay no momento. Ambas devem atrair f\u00e3s do Jap\u00e3o e da cultura pop em geral, refor\u00e7ando a atratividade do evento.<\/p>\n<h3>Ingressos e pre\u00e7os<\/h3>\n<p>Os bilhetes variam conforme a anteced\u00eancia da compra. O bilhete di\u00e1rio parte de 25 euros para adultos, e o Passe Weekend (s\u00e1bado e domingo) est\u00e1 dispon\u00edvel por 55 euros. O Passe Geral para quatro dias come\u00e7a nos 85 euros.<\/p>\n<p>Existem ainda Bilhetes Fam\u00edlia (2 adultos e 2 crian\u00e7as) a partir de 70 euros por dia. Os organizadores destacam que as op\u00e7\u00f5es refletem diferentes necessidades de participa\u00e7\u00e3o no festival.<\/p>\n","protected":false},"excerpt":{"rendered":"<ul>\n<li>A Comic Con Portugal 2026 realiza-se no Europarque, em Santa Maria da Feira, de 23 a 26 de abril, com a inaugura\u00e7\u00e3o da Asian World.<\/li>\n<li>A \u00e1rea in\u00e9dita celebra o fen\u00f3meno global do K-pop, Anime e Cosplay, com performances ao vivo e artistas internacionais.<\/li>\n<li>Destaque para o KC Survival, o primeiro concurso oficial de K-pop Cover do evento, com candidaturas at\u00e9 13 de mar\u00e7o.<\/li>\n<li>Convidadas internacionais: a estrela japonesa Misa e a cosplayer Nene, reconhecidas pelas suas atua\u00e7\u00f5es de anime e J-pop.<\/li>\n<li>Pre\u00e7os: bilhete di\u00e1rio a partir de 25 euros, passe weekend por 55 euros, passe geral de 85 euros e bilhete fam\u00edlia a partir de 70 euros por dia.<\/li>\n<\/ul>\n","protected":false},"author":2,"featured_media":213762,"comment_status":"closed","ping_status":"closed","sticky":false,"template":"","format":"standard","meta":{"footnotes":""},"categories":[12,1],"tags":[3591,5342,145,3731,1308,169],"class_list":["post-213756","post","type-post","status-publish","format-standard","has-post-thumbnail","hentry","category-entretenimento","category-noticias","tag-animacao-sociocultural","tag-asia","tag-cultura","tag-eventos","tag-santa-maria-da-feira","tag-turismo"],"yoast_head":"<!-- This site is optimized with the Yoast SEO plugin v27.2 - https:\/\/yoast.com\/product\/yoast-seo-wordpress\/ -->\n<title>Comic Con Portugal 2026 amplia fen\u00f3meno global do K-pop e do anime - Portal Tela Portugal<\/title>\n<meta name=\"robots\" content=\"index, follow, max-snippet:-1, max-image-preview:large, max-video-preview:-1\" \/>\n<meta property=\"og:locale\" content=\"pt_PT\" \/>\n<meta property=\"og:type\" content=\"article\" \/>\n<meta property=\"og:title\" content=\"Comic Con Portugal 2026 amplia fen\u00f3meno global do K-pop e do anime - Portal Tela Portugal\" \/>\n<meta property=\"og:description\" content=\"A Comic Con Portugal 2026 realiza-se no Europarque, em Santa Maria da Feira, de 23 a 26 de abril, com a inaugura\u00e7\u00e3o da Asian World. A \u00e1rea in\u00e9dita celebra o fen\u00f3meno global do K-pop, Anime e Cosplay, com performances ao vivo e artistas internacionais. Destaque para o KC Survival, o primeiro concurso oficial de K-pop Cover do evento, com candidaturas at\u00e9 13 de mar\u00e7o. Convidadas internacionais: a estrela japonesa Misa e a cosplayer Nene, reconhecidas pelas suas atua\u00e7\u00f5es de anime e J-pop. Pre\u00e7os: bilhete di\u00e1rio a partir de 25 euros, passe weekend por 55 euros, passe geral de 85 euros e bilhete fam\u00edlia a partir de 70 euros por dia.\" \/>\n<meta property=\"og:url\" content=\"https:\/\/portaltela.pt\/noticias\/2026\/02\/15\/comic-con-portugal-2026-amplia-fenomeno-global-do-k-pop-e-do-anime\/\" \/>\n<meta property=\"og:site_name\" content=\"Portal Tela Portugal\" \/>\n<meta property=\"article:published_time\" content=\"2026-02-15T20:54:00+00:00\" \/>\n<meta name=\"author\" content=\"Telinha\" \/>\n<meta name=\"twitter:card\" content=\"summary_large_image\" \/>\n<meta name=\"twitter:label1\" content=\"Escrito por\" \/>\n\t<meta name=\"twitter:data1\" content=\"Telinha\" \/>\n\t<meta name=\"twitter:label2\" content=\"Tempo estimado de leitura\" \/>\n\t<meta name=\"twitter:data2\" content=\"2 minutos\" \/>\n<script type=\"application\/ld+json\" class=\"yoast-schema-graph\">{\"@context\":\"https:\/\/schema.org\",\"@graph\":[{\"@type\":\"Article\",\"@id\":\"https:\/\/portaltela.pt\/noticias\/2026\/02\/15\/comic-con-portugal-2026-amplia-fenomeno-global-do-k-pop-e-do-anime\/#article\",\"isPartOf\":{\"@id\":\"https:\/\/portaltela.pt\/noticias\/2026\/02\/15\/comic-con-portugal-2026-amplia-fenomeno-global-do-k-pop-e-do-anime\/\"},\"author\":{\"name\":\"Telinha\",\"@id\":\"https:\/\/portaltela.pt\/#\/schema\/person\/c4278d4a6028830caff9ee44b42d32ed\"},\"headline\":\"Comic Con Portugal 2026 amplia fen\u00f3meno global do K-pop e do anime\",\"datePublished\":\"2026-02-15T20:54:00+00:00\",\"mainEntityOfPage\":{\"@id\":\"https:\/\/portaltela.pt\/noticias\/2026\/02\/15\/comic-con-portugal-2026-amplia-fenomeno-global-do-k-pop-e-do-anime\/\"},\"wordCount\":327,\"image\":{\"@id\":\"https:\/\/portaltela.pt\/noticias\/2026\/02\/15\/comic-con-portugal-2026-amplia-fenomeno-global-do-k-pop-e-do-anime\/#primaryimage\"},\"thumbnailUrl\":\"https:\/\/portaltela.pt\/s.01k8rhncp4jt1\/2026\/02\/image-1196.jpg\",\"keywords\":[\"Anima\u00e7\u00e3o Sociocultural\",\"\u00c1sia\",\"cultura\",\"eventos\",\"Santa Maria da Feira\",\"turismo\"],\"articleSection\":[\"Entretenimento\",\"Not\u00edcias\"],\"inLanguage\":\"pt-PT\"},{\"@type\":\"WebPage\",\"@id\":\"https:\/\/portaltela.pt\/noticias\/2026\/02\/15\/comic-con-portugal-2026-amplia-fenomeno-global-do-k-pop-e-do-anime\/\",\"url\":\"https:\/\/portaltela.pt\/noticias\/2026\/02\/15\/comic-con-portugal-2026-amplia-fenomeno-global-do-k-pop-e-do-anime\/\",\"name\":\"Comic Con Portugal 2026 amplia fen\u00f3meno global do K-pop e do anime - Portal Tela Portugal\",\"isPartOf\":{\"@id\":\"https:\/\/portaltela.pt\/#website\"},\"primaryImageOfPage\":{\"@id\":\"https:\/\/portaltela.pt\/noticias\/2026\/02\/15\/comic-con-portugal-2026-amplia-fenomeno-global-do-k-pop-e-do-anime\/#primaryimage\"},\"image\":{\"@id\":\"https:\/\/portaltela.pt\/noticias\/2026\/02\/15\/comic-con-portugal-2026-amplia-fenomeno-global-do-k-pop-e-do-anime\/#primaryimage\"},\"thumbnailUrl\":\"https:\/\/portaltela.pt\/s.01k8rhncp4jt1\/2026\/02\/image-1196.jpg\",\"datePublished\":\"2026-02-15T20:54:00+00:00\",\"author\":{\"@id\":\"https:\/\/portaltela.pt\/#\/schema\/person\/c4278d4a6028830caff9ee44b42d32ed\"},\"breadcrumb\":{\"@id\":\"https:\/\/portaltela.pt\/noticias\/2026\/02\/15\/comic-con-portugal-2026-amplia-fenomeno-global-do-k-pop-e-do-anime\/#breadcrumb\"},\"inLanguage\":\"pt-PT\",\"potentialAction\":[{\"@type\":\"ReadAction\",\"target\":[\"https:\/\/portaltela.pt\/noticias\/2026\/02\/15\/comic-con-portugal-2026-amplia-fenomeno-global-do-k-pop-e-do-anime\/\"]}]},{\"@type\":\"ImageObject\",\"inLanguage\":\"pt-PT\",\"@id\":\"https:\/\/portaltela.pt\/noticias\/2026\/02\/15\/comic-con-portugal-2026-amplia-fenomeno-global-do-k-pop-e-do-anime\/#primaryimage\",\"url\":\"https:\/\/portaltela.pt\/s.01k8rhncp4jt1\/2026\/02\/image-1196.jpg\",\"contentUrl\":\"https:\/\/portaltela.pt\/s.01k8rhncp4jt1\/2026\/02\/image-1196.jpg\",\"width\":796,\"height\":448,\"caption\":\"Estrela japonesa Misa, conhecida pela sua energia contagiante e fus\u00e3o de temas de anime com originais, vem ao Comic Con 2026\"},{\"@type\":\"BreadcrumbList\",\"@id\":\"https:\/\/portaltela.pt\/noticias\/2026\/02\/15\/comic-con-portugal-2026-amplia-fenomeno-global-do-k-pop-e-do-anime\/#breadcrumb\",\"itemListElement\":[{\"@type\":\"ListItem\",\"position\":1,\"name\":\"In\u00edcio\",\"item\":\"https:\/\/portaltela.pt\/\"},{\"@type\":\"ListItem\",\"position\":2,\"name\":\"Comic Con Portugal 2026 amplia fen\u00f3meno global do K-pop e do anime\"}]},{\"@type\":\"WebSite\",\"@id\":\"https:\/\/portaltela.pt\/#website\",\"url\":\"https:\/\/portaltela.pt\/\",\"name\":\"Portal Tela Portugal\",\"description\":\"\",\"potentialAction\":[{\"@type\":\"SearchAction\",\"target\":{\"@type\":\"EntryPoint\",\"urlTemplate\":\"https:\/\/portaltela.pt\/?s={search_term_string}\"},\"query-input\":{\"@type\":\"PropertyValueSpecification\",\"valueRequired\":true,\"valueName\":\"search_term_string\"}}],\"inLanguage\":\"pt-PT\"},{\"@type\":\"Person\",\"@id\":\"https:\/\/portaltela.pt\/#\/schema\/person\/c4278d4a6028830caff9ee44b42d32ed\",\"name\":\"Telinha\",\"image\":{\"@type\":\"ImageObject\",\"inLanguage\":\"pt-PT\",\"@id\":\"https:\/\/portaltela.pt\/s.01k8rhncp4jt1\/2025\/11\/talking-bot-125x125.png\",\"url\":\"https:\/\/portaltela.pt\/s.01k8rhncp4jt1\/2025\/11\/talking-bot-125x125.png\",\"contentUrl\":\"https:\/\/portaltela.pt\/s.01k8rhncp4jt1\/2025\/11\/talking-bot-125x125.png\",\"caption\":\"Telinha\"},\"sameAs\":[\"https:\/\/portaltela.pt\/\"],\"url\":\"https:\/\/portaltela.pt\/por\/367410592786\/\"}]}<\/script>\n<!-- \/ Yoast SEO plugin. -->","yoast_head_json":{"title":"Comic Con Portugal 2026 amplia fen\u00f3meno global do K-pop e do anime - Portal Tela Portugal","robots":{"index":"index","follow":"follow","max-snippet":"max-snippet:-1","max-image-preview":"max-image-preview:large","max-video-preview":"max-video-preview:-1"},"og_locale":"pt_PT","og_type":"article","og_title":"Comic Con Portugal 2026 amplia fen\u00f3meno global do K-pop e do anime - Portal Tela Portugal","og_description":"A Comic Con Portugal 2026 realiza-se no Europarque, em Santa Maria da Feira, de 23 a 26 de abril, com a inaugura\u00e7\u00e3o da Asian World. A \u00e1rea in\u00e9dita celebra o fen\u00f3meno global do K-pop, Anime e Cosplay, com performances ao vivo e artistas internacionais. Destaque para o KC Survival, o primeiro concurso oficial de K-pop Cover do evento, com candidaturas at\u00e9 13 de mar\u00e7o. Convidadas internacionais: a estrela japonesa Misa e a cosplayer Nene, reconhecidas pelas suas atua\u00e7\u00f5es de anime e J-pop. Pre\u00e7os: bilhete di\u00e1rio a partir de 25 euros, passe weekend por 55 euros, passe geral de 85 euros e bilhete fam\u00edlia a partir de 70 euros por dia.","og_url":"https:\/\/portaltela.pt\/noticias\/2026\/02\/15\/comic-con-portugal-2026-amplia-fenomeno-global-do-k-pop-e-do-anime\/","og_site_name":"Portal Tela Portugal","article_published_time":"2026-02-15T20:54:00+00:00","author":"Telinha","twitter_card":"summary_large_image","twitter_misc":{"Escrito por":"Telinha","Tempo estimado de leitura":"2 minutos"},"schema":{"@context":"https:\/\/schema.org","@graph":[{"@type":"Article","@id":"https:\/\/portaltela.pt\/noticias\/2026\/02\/15\/comic-con-portugal-2026-amplia-fenomeno-global-do-k-pop-e-do-anime\/#article","isPartOf":{"@id":"https:\/\/portaltela.pt\/noticias\/2026\/02\/15\/comic-con-portugal-2026-amplia-fenomeno-global-do-k-pop-e-do-anime\/"},"author":{"name":"Telinha","@id":"https:\/\/portaltela.pt\/#\/schema\/person\/c4278d4a6028830caff9ee44b42d32ed"},"headline":"Comic Con Portugal 2026 amplia fen\u00f3meno global do K-pop e do anime","datePublished":"2026-02-15T20:54:00+00:00","mainEntityOfPage":{"@id":"https:\/\/portaltela.pt\/noticias\/2026\/02\/15\/comic-con-portugal-2026-amplia-fenomeno-global-do-k-pop-e-do-anime\/"},"wordCount":327,"image":{"@id":"https:\/\/portaltela.pt\/noticias\/2026\/02\/15\/comic-con-portugal-2026-amplia-fenomeno-global-do-k-pop-e-do-anime\/#primaryimage"},"thumbnailUrl":"https:\/\/portaltela.pt\/s.01k8rhncp4jt1\/2026\/02\/image-1196.jpg","keywords":["Anima\u00e7\u00e3o Sociocultural","\u00c1sia","cultura","eventos","Santa Maria da Feira","turismo"],"articleSection":["Entretenimento","Not\u00edcias"],"inLanguage":"pt-PT"},{"@type":"WebPage","@id":"https:\/\/portaltela.pt\/noticias\/2026\/02\/15\/comic-con-portugal-2026-amplia-fenomeno-global-do-k-pop-e-do-anime\/","url":"https:\/\/portaltela.pt\/noticias\/2026\/02\/15\/comic-con-portugal-2026-amplia-fenomeno-global-do-k-pop-e-do-anime\/","name":"Comic Con Portugal 2026 amplia fen\u00f3meno global do K-pop e do anime - Portal Tela Portugal","isPartOf":{"@id":"https:\/\/portaltela.pt\/#website"},"primaryImageOfPage":{"@id":"https:\/\/portaltela.pt\/noticias\/2026\/02\/15\/comic-con-portugal-2026-amplia-fenomeno-global-do-k-pop-e-do-anime\/#primaryimage"},"image":{"@id":"https:\/\/portaltela.pt\/noticias\/2026\/02\/15\/comic-con-portugal-2026-amplia-fenomeno-global-do-k-pop-e-do-anime\/#primaryimage"},"thumbnailUrl":"https:\/\/portaltela.pt\/s.01k8rhncp4jt1\/2026\/02\/image-1196.jpg","datePublished":"2026-02-15T20:54:00+00:00","author":{"@id":"https:\/\/portaltela.pt\/#\/schema\/person\/c4278d4a6028830caff9ee44b42d32ed"},"breadcrumb":{"@id":"https:\/\/portaltela.pt\/noticias\/2026\/02\/15\/comic-con-portugal-2026-amplia-fenomeno-global-do-k-pop-e-do-anime\/#breadcrumb"},"inLanguage":"pt-PT","potentialAction":[{"@type":"ReadAction","target":["https:\/\/portaltela.pt\/noticias\/2026\/02\/15\/comic-con-portugal-2026-amplia-fenomeno-global-do-k-pop-e-do-anime\/"]}]},{"@type":"ImageObject","inLanguage":"pt-PT","@id":"https:\/\/portaltela.pt\/noticias\/2026\/02\/15\/comic-con-portugal-2026-amplia-fenomeno-global-do-k-pop-e-do-anime\/#primaryimage","url":"https:\/\/portaltela.pt\/s.01k8rhncp4jt1\/2026\/02\/image-1196.jpg","contentUrl":"https:\/\/portaltela.pt\/s.01k8rhncp4jt1\/2026\/02\/image-1196.jpg","width":796,"height":448,"caption":"Estrela japonesa Misa, conhecida pela sua energia contagiante e fus\u00e3o de temas de anime com originais, vem ao Comic Con 2026"},{"@type":"BreadcrumbList","@id":"https:\/\/portaltela.pt\/noticias\/2026\/02\/15\/comic-con-portugal-2026-amplia-fenomeno-global-do-k-pop-e-do-anime\/#breadcrumb","itemListElement":[{"@type":"ListItem","position":1,"name":"In\u00edcio","item":"https:\/\/portaltela.pt\/"},{"@type":"ListItem","position":2,"name":"Comic Con Portugal 2026 amplia fen\u00f3meno global do K-pop e do anime"}]},{"@type":"WebSite","@id":"https:\/\/portaltela.pt\/#website","url":"https:\/\/portaltela.pt\/","name":"Portal Tela Portugal","description":"","potentialAction":[{"@type":"SearchAction","target":{"@type":"EntryPoint","urlTemplate":"https:\/\/portaltela.pt\/?s={search_term_string}"},"query-input":{"@type":"PropertyValueSpecification","valueRequired":true,"valueName":"search_term_string"}}],"inLanguage":"pt-PT"},{"@type":"Person","@id":"https:\/\/portaltela.pt\/#\/schema\/person\/c4278d4a6028830caff9ee44b42d32ed","name":"Telinha","image":{"@type":"ImageObject","inLanguage":"pt-PT","@id":"https:\/\/portaltela.pt\/s.01k8rhncp4jt1\/2025\/11\/talking-bot-125x125.png","url":"https:\/\/portaltela.pt\/s.01k8rhncp4jt1\/2025\/11\/talking-bot-125x125.png","contentUrl":"https:\/\/portaltela.pt\/s.01k8rhncp4jt1\/2025\/11\/talking-bot-125x125.png","caption":"Telinha"},"sameAs":["https:\/\/portaltela.pt\/"],"url":"https:\/\/portaltela.pt\/por\/367410592786\/"}]}},"_links":{"self":[{"href":"https:\/\/portaltela.pt\/api\/wp\/v2\/posts\/213756","targetHints":{"allow":["GET"]}}],"collection":[{"href":"https:\/\/portaltela.pt\/api\/wp\/v2\/posts"}],"about":[{"href":"https:\/\/portaltela.pt\/api\/wp\/v2\/types\/post"}],"author":[{"embeddable":true,"href":"https:\/\/portaltela.pt\/api\/wp\/v2\/users\/2"}],"replies":[{"embeddable":true,"href":"https:\/\/portaltela.pt\/api\/wp\/v2\/comments?post=213756"}],"version-history":[{"count":0,"href":"https:\/\/portaltela.pt\/api\/wp\/v2\/posts\/213756\/revisions"}],"wp:featuredmedia":[{"embeddable":true,"href":"https:\/\/portaltela.pt\/api\/wp\/v2\/media\/213762"}],"wp:attachment":[{"href":"https:\/\/portaltela.pt\/api\/wp\/v2\/media?parent=213756"}],"wp:term":[{"taxonomy":"category","embeddable":true,"href":"https:\/\/portaltela.pt\/api\/wp\/v2\/categories?post=213756"},{"taxonomy":"post_tag","embeddable":true,"href":"https:\/\/portaltela.pt\/api\/wp\/v2\/tags?post=213756"}],"curies":[{"name":"wp","href":"https:\/\/api.w.org\/{rel}","templated":true}]}}