{"id":213755,"date":"2026-02-15T18:12:00","date_gmt":"2026-02-15T21:12:00","guid":{"rendered":"https:\/\/portaltela.pt\/noticias\/2026\/02\/15\/famalicao-adiantou-se-golo-anulado-apos-revisao-do-var-em-alvalade\/"},"modified":"2026-02-15T18:12:00","modified_gmt":"2026-02-15T21:12:00","slug":"famalicao-adiantou-se-golo-anulado-apos-revisao-do-var-em-alvalade","status":"publish","type":"post","link":"https:\/\/portaltela.pt\/desporto\/futebol\/2026\/02\/15\/famalicao-adiantou-se-golo-anulado-apos-revisao-do-var-em-alvalade\/","title":{"rendered":"Famalic\u00e3o adiantou-se, golo anulado ap\u00f3s revis\u00e3o do VAR em Alvalade"},"content":{"rendered":"<p>No est\u00e1dio de Alvalade, em Lisboa, o Famalic\u00e3o adiantou\u2011se aos 8 minutos com um remate de fora da \u00e1rea de Ibrahima Ba. O lance foi disputado entre Maxi Ara\u00fajo, Pedro Santos e Ba.<\/p>\n<p>O golo foi anulado pelo \u00e1rbitro David Silva ap\u00f3s an\u00e1lise no VAR, por alegada falta de Pedro Santos sobre Maxi Ara\u00fajo na recupera\u00e7\u00e3o da bola em zona adiantada. A revis\u00e3o confirmou a decis\u00e3o de cancelamento.<\/p>\n<p>Assim, o marcador manteve\u2011se without gol, sem altera\u00e7\u00f5es at\u00e9 ao final do primeiro tempo. O incidente marcou a abertura do encontro entre Famalic\u00e3o e Sporting CP.<\/p>\n","protected":false},"excerpt":{"rendered":"<ul>\n<li>No minuto oito, Ibrahima Ba colocou o Famalic\u00e3o na frente com um remate de fora da \u00e1rea.<\/li>\n<li>O golo foi anulado ap\u00f3s o VAR alertar o \u00e1rbitro para uma poss\u00edvel falta de Pedro Santos sobre Maxi Ara\u00fajo no momento da recupera\u00e7\u00e3o da bola.<\/li>\n<li>A jogada ocorreu quando os jogadores do Famalic\u00e3o pressionavam para recuperar a posse em zona adiantada.<\/li>\n<li>Ap\u00f3s an\u00e1lise das imagens, o \u00e1rbitro David Silva decidiu cancelar o golo e manter o marcador em 0-0.<\/li>\n<li>O resultado manteve-se 0-0 em Alvalade.<\/li>\n<\/ul>\n","protected":false},"author":2,"featured_media":213759,"comment_status":"closed","ping_status":"closed","sticky":false,"template":"","format":"standard","meta":{"footnotes":""},"categories":[21,24],"tags":[4059,1289,660,152,32,1185],"class_list":["post-213755","post","type-post","status-publish","format-standard","has-post-thumbnail","hentry","category-desporto","category-futebol","tag-1-a-liga","tag-arbitragem","tag-assuntos-desportivos","tag-desporto","tag-futebol","tag-var"],"yoast_head":"<!-- This site is optimized with the Yoast SEO plugin v27.2 - https:\/\/yoast.com\/product\/yoast-seo-wordpress\/ -->\n<title>Famalic\u00e3o adiantou-se, golo anulado ap\u00f3s revis\u00e3o do VAR em Alvalade - Portal Tela Portugal<\/title>\n<meta name=\"robots\" content=\"index, follow, max-snippet:-1, max-image-preview:large, max-video-preview:-1\" \/>\n<meta property=\"og:locale\" content=\"pt_PT\" \/>\n<meta property=\"og:type\" content=\"article\" \/>\n<meta property=\"og:title\" content=\"Famalic\u00e3o adiantou-se, golo anulado ap\u00f3s revis\u00e3o do VAR em Alvalade - Portal Tela Portugal\" \/>\n<meta property=\"og:description\" content=\"No minuto oito, Ibrahima Ba colocou o Famalic\u00e3o na frente com um remate de fora da \u00e1rea. O golo foi anulado ap\u00f3s o VAR alertar o \u00e1rbitro para uma poss\u00edvel falta de Pedro Santos sobre Maxi Ara\u00fajo no momento da recupera\u00e7\u00e3o da bola. A jogada ocorreu quando os jogadores do Famalic\u00e3o pressionavam para recuperar a posse em zona adiantada. Ap\u00f3s an\u00e1lise das imagens, o \u00e1rbitro David Silva decidiu cancelar o golo e manter o marcador em 0-0. O resultado manteve-se 0-0 em Alvalade.\" \/>\n<meta property=\"og:url\" content=\"https:\/\/portaltela.pt\/noticias\/2026\/02\/15\/famalicao-adiantou-se-golo-anulado-apos-revisao-do-var-em-alvalade\/\" \/>\n<meta property=\"og:site_name\" content=\"Portal Tela Portugal\" \/>\n<meta property=\"article:published_time\" content=\"2026-02-15T21:12:00+00:00\" \/>\n<meta name=\"author\" content=\"Telinha\" \/>\n<meta name=\"twitter:card\" content=\"summary_large_image\" \/>\n<meta name=\"twitter:label1\" content=\"Escrito por\" \/>\n\t<meta name=\"twitter:data1\" content=\"Telinha\" \/>\n\t<meta name=\"twitter:label2\" content=\"Tempo estimado de leitura\" \/>\n\t<meta name=\"twitter:data2\" content=\"1 minuto\" \/>\n<script type=\"application\/ld+json\" class=\"yoast-schema-graph\">{\"@context\":\"https:\/\/schema.org\",\"@graph\":[{\"@type\":\"Article\",\"@id\":\"https:\/\/portaltela.pt\/noticias\/2026\/02\/15\/famalicao-adiantou-se-golo-anulado-apos-revisao-do-var-em-alvalade\/#article\",\"isPartOf\":{\"@id\":\"https:\/\/portaltela.pt\/noticias\/2026\/02\/15\/famalicao-adiantou-se-golo-anulado-apos-revisao-do-var-em-alvalade\/\"},\"author\":{\"name\":\"Telinha\",\"@id\":\"https:\/\/portaltela.pt\/#\/schema\/person\/c4278d4a6028830caff9ee44b42d32ed\"},\"headline\":\"Famalic\u00e3o adiantou-se, golo anulado ap\u00f3s revis\u00e3o do VAR em Alvalade\",\"datePublished\":\"2026-02-15T21:12:00+00:00\",\"mainEntityOfPage\":{\"@id\":\"https:\/\/portaltela.pt\/noticias\/2026\/02\/15\/famalicao-adiantou-se-golo-anulado-apos-revisao-do-var-em-alvalade\/\"},\"wordCount\":119,\"image\":{\"@id\":\"https:\/\/portaltela.pt\/noticias\/2026\/02\/15\/famalicao-adiantou-se-golo-anulado-apos-revisao-do-var-em-alvalade\/#primaryimage\"},\"thumbnailUrl\":\"https:\/\/portaltela.pt\/s.01k8rhncp4jt1\/2026\/02\/img_1200x721uu2026-02-15-21-11-51-2421860.jpg\",\"keywords\":[\"1.\u00aa Liga\",\"arbitragem\",\"assuntos desportivos\",\"desporto\",\"futebol\",\"VAR\"],\"articleSection\":[\"Desporto\",\"Futebol\"],\"inLanguage\":\"pt-PT\"},{\"@type\":\"WebPage\",\"@id\":\"https:\/\/portaltela.pt\/noticias\/2026\/02\/15\/famalicao-adiantou-se-golo-anulado-apos-revisao-do-var-em-alvalade\/\",\"url\":\"https:\/\/portaltela.pt\/noticias\/2026\/02\/15\/famalicao-adiantou-se-golo-anulado-apos-revisao-do-var-em-alvalade\/\",\"name\":\"Famalic\u00e3o adiantou-se, golo anulado ap\u00f3s revis\u00e3o do VAR em Alvalade - Portal Tela Portugal\",\"isPartOf\":{\"@id\":\"https:\/\/portaltela.pt\/#website\"},\"primaryImageOfPage\":{\"@id\":\"https:\/\/portaltela.pt\/noticias\/2026\/02\/15\/famalicao-adiantou-se-golo-anulado-apos-revisao-do-var-em-alvalade\/#primaryimage\"},\"image\":{\"@id\":\"https:\/\/portaltela.pt\/noticias\/2026\/02\/15\/famalicao-adiantou-se-golo-anulado-apos-revisao-do-var-em-alvalade\/#primaryimage\"},\"thumbnailUrl\":\"https:\/\/portaltela.pt\/s.01k8rhncp4jt1\/2026\/02\/img_1200x721uu2026-02-15-21-11-51-2421860.jpg\",\"datePublished\":\"2026-02-15T21:12:00+00:00\",\"author\":{\"@id\":\"https:\/\/portaltela.pt\/#\/schema\/person\/c4278d4a6028830caff9ee44b42d32ed\"},\"breadcrumb\":{\"@id\":\"https:\/\/portaltela.pt\/noticias\/2026\/02\/15\/famalicao-adiantou-se-golo-anulado-apos-revisao-do-var-em-alvalade\/#breadcrumb\"},\"inLanguage\":\"pt-PT\",\"potentialAction\":[{\"@type\":\"ReadAction\",\"target\":[\"https:\/\/portaltela.pt\/noticias\/2026\/02\/15\/famalicao-adiantou-se-golo-anulado-apos-revisao-do-var-em-alvalade\/\"]}]},{\"@type\":\"ImageObject\",\"inLanguage\":\"pt-PT\",\"@id\":\"https:\/\/portaltela.pt\/noticias\/2026\/02\/15\/famalicao-adiantou-se-golo-anulado-apos-revisao-do-var-em-alvalade\/#primaryimage\",\"url\":\"https:\/\/portaltela.pt\/s.01k8rhncp4jt1\/2026\/02\/img_1200x721uu2026-02-15-21-11-51-2421860.jpg\",\"contentUrl\":\"https:\/\/portaltela.pt\/s.01k8rhncp4jt1\/2026\/02\/img_1200x721uu2026-02-15-21-11-51-2421860.jpg\",\"width\":796,\"height\":448,\"caption\":\"Pol\u00e9mica em Alvalade: Famalic\u00e3o adiantou-se mas golo foi anulado ap\u00f3s revis\u00e3o no VAR\"},{\"@type\":\"BreadcrumbList\",\"@id\":\"https:\/\/portaltela.pt\/noticias\/2026\/02\/15\/famalicao-adiantou-se-golo-anulado-apos-revisao-do-var-em-alvalade\/#breadcrumb\",\"itemListElement\":[{\"@type\":\"ListItem\",\"position\":1,\"name\":\"In\u00edcio\",\"item\":\"https:\/\/portaltela.pt\/\"},{\"@type\":\"ListItem\",\"position\":2,\"name\":\"Famalic\u00e3o adiantou-se, golo anulado ap\u00f3s revis\u00e3o do VAR em Alvalade\"}]},{\"@type\":\"WebSite\",\"@id\":\"https:\/\/portaltela.pt\/#website\",\"url\":\"https:\/\/portaltela.pt\/\",\"name\":\"Portal Tela Portugal\",\"description\":\"\",\"potentialAction\":[{\"@type\":\"SearchAction\",\"target\":{\"@type\":\"EntryPoint\",\"urlTemplate\":\"https:\/\/portaltela.pt\/?s={search_term_string}\"},\"query-input\":{\"@type\":\"PropertyValueSpecification\",\"valueRequired\":true,\"valueName\":\"search_term_string\"}}],\"inLanguage\":\"pt-PT\"},{\"@type\":\"Person\",\"@id\":\"https:\/\/portaltela.pt\/#\/schema\/person\/c4278d4a6028830caff9ee44b42d32ed\",\"name\":\"Telinha\",\"image\":{\"@type\":\"ImageObject\",\"inLanguage\":\"pt-PT\",\"@id\":\"https:\/\/portaltela.pt\/s.01k8rhncp4jt1\/2025\/11\/talking-bot-125x125.png\",\"url\":\"https:\/\/portaltela.pt\/s.01k8rhncp4jt1\/2025\/11\/talking-bot-125x125.png\",\"contentUrl\":\"https:\/\/portaltela.pt\/s.01k8rhncp4jt1\/2025\/11\/talking-bot-125x125.png\",\"caption\":\"Telinha\"},\"sameAs\":[\"https:\/\/portaltela.pt\/\"],\"url\":\"https:\/\/portaltela.pt\/por\/367410592786\/\"}]}<\/script>\n<!-- \/ Yoast SEO plugin. -->","yoast_head_json":{"title":"Famalic\u00e3o adiantou-se, golo anulado ap\u00f3s revis\u00e3o do VAR em Alvalade - Portal Tela Portugal","robots":{"index":"index","follow":"follow","max-snippet":"max-snippet:-1","max-image-preview":"max-image-preview:large","max-video-preview":"max-video-preview:-1"},"og_locale":"pt_PT","og_type":"article","og_title":"Famalic\u00e3o adiantou-se, golo anulado ap\u00f3s revis\u00e3o do VAR em Alvalade - Portal Tela Portugal","og_description":"No minuto oito, Ibrahima Ba colocou o Famalic\u00e3o na frente com um remate de fora da \u00e1rea. O golo foi anulado ap\u00f3s o VAR alertar o \u00e1rbitro para uma poss\u00edvel falta de Pedro Santos sobre Maxi Ara\u00fajo no momento da recupera\u00e7\u00e3o da bola. A jogada ocorreu quando os jogadores do Famalic\u00e3o pressionavam para recuperar a posse em zona adiantada. Ap\u00f3s an\u00e1lise das imagens, o \u00e1rbitro David Silva decidiu cancelar o golo e manter o marcador em 0-0. O resultado manteve-se 0-0 em Alvalade.","og_url":"https:\/\/portaltela.pt\/noticias\/2026\/02\/15\/famalicao-adiantou-se-golo-anulado-apos-revisao-do-var-em-alvalade\/","og_site_name":"Portal Tela Portugal","article_published_time":"2026-02-15T21:12:00+00:00","author":"Telinha","twitter_card":"summary_large_image","twitter_misc":{"Escrito por":"Telinha","Tempo estimado de leitura":"1 minuto"},"schema":{"@context":"https:\/\/schema.org","@graph":[{"@type":"Article","@id":"https:\/\/portaltela.pt\/noticias\/2026\/02\/15\/famalicao-adiantou-se-golo-anulado-apos-revisao-do-var-em-alvalade\/#article","isPartOf":{"@id":"https:\/\/portaltela.pt\/noticias\/2026\/02\/15\/famalicao-adiantou-se-golo-anulado-apos-revisao-do-var-em-alvalade\/"},"author":{"name":"Telinha","@id":"https:\/\/portaltela.pt\/#\/schema\/person\/c4278d4a6028830caff9ee44b42d32ed"},"headline":"Famalic\u00e3o adiantou-se, golo anulado ap\u00f3s revis\u00e3o do VAR em Alvalade","datePublished":"2026-02-15T21:12:00+00:00","mainEntityOfPage":{"@id":"https:\/\/portaltela.pt\/noticias\/2026\/02\/15\/famalicao-adiantou-se-golo-anulado-apos-revisao-do-var-em-alvalade\/"},"wordCount":119,"image":{"@id":"https:\/\/portaltela.pt\/noticias\/2026\/02\/15\/famalicao-adiantou-se-golo-anulado-apos-revisao-do-var-em-alvalade\/#primaryimage"},"thumbnailUrl":"https:\/\/portaltela.pt\/s.01k8rhncp4jt1\/2026\/02\/img_1200x721uu2026-02-15-21-11-51-2421860.jpg","keywords":["1.\u00aa Liga","arbitragem","assuntos desportivos","desporto","futebol","VAR"],"articleSection":["Desporto","Futebol"],"inLanguage":"pt-PT"},{"@type":"WebPage","@id":"https:\/\/portaltela.pt\/noticias\/2026\/02\/15\/famalicao-adiantou-se-golo-anulado-apos-revisao-do-var-em-alvalade\/","url":"https:\/\/portaltela.pt\/noticias\/2026\/02\/15\/famalicao-adiantou-se-golo-anulado-apos-revisao-do-var-em-alvalade\/","name":"Famalic\u00e3o adiantou-se, golo anulado ap\u00f3s revis\u00e3o do VAR em Alvalade - Portal Tela Portugal","isPartOf":{"@id":"https:\/\/portaltela.pt\/#website"},"primaryImageOfPage":{"@id":"https:\/\/portaltela.pt\/noticias\/2026\/02\/15\/famalicao-adiantou-se-golo-anulado-apos-revisao-do-var-em-alvalade\/#primaryimage"},"image":{"@id":"https:\/\/portaltela.pt\/noticias\/2026\/02\/15\/famalicao-adiantou-se-golo-anulado-apos-revisao-do-var-em-alvalade\/#primaryimage"},"thumbnailUrl":"https:\/\/portaltela.pt\/s.01k8rhncp4jt1\/2026\/02\/img_1200x721uu2026-02-15-21-11-51-2421860.jpg","datePublished":"2026-02-15T21:12:00+00:00","author":{"@id":"https:\/\/portaltela.pt\/#\/schema\/person\/c4278d4a6028830caff9ee44b42d32ed"},"breadcrumb":{"@id":"https:\/\/portaltela.pt\/noticias\/2026\/02\/15\/famalicao-adiantou-se-golo-anulado-apos-revisao-do-var-em-alvalade\/#breadcrumb"},"inLanguage":"pt-PT","potentialAction":[{"@type":"ReadAction","target":["https:\/\/portaltela.pt\/noticias\/2026\/02\/15\/famalicao-adiantou-se-golo-anulado-apos-revisao-do-var-em-alvalade\/"]}]},{"@type":"ImageObject","inLanguage":"pt-PT","@id":"https:\/\/portaltela.pt\/noticias\/2026\/02\/15\/famalicao-adiantou-se-golo-anulado-apos-revisao-do-var-em-alvalade\/#primaryimage","url":"https:\/\/portaltela.pt\/s.01k8rhncp4jt1\/2026\/02\/img_1200x721uu2026-02-15-21-11-51-2421860.jpg","contentUrl":"https:\/\/portaltela.pt\/s.01k8rhncp4jt1\/2026\/02\/img_1200x721uu2026-02-15-21-11-51-2421860.jpg","width":796,"height":448,"caption":"Pol\u00e9mica em Alvalade: Famalic\u00e3o adiantou-se mas golo foi anulado ap\u00f3s revis\u00e3o no VAR"},{"@type":"BreadcrumbList","@id":"https:\/\/portaltela.pt\/noticias\/2026\/02\/15\/famalicao-adiantou-se-golo-anulado-apos-revisao-do-var-em-alvalade\/#breadcrumb","itemListElement":[{"@type":"ListItem","position":1,"name":"In\u00edcio","item":"https:\/\/portaltela.pt\/"},{"@type":"ListItem","position":2,"name":"Famalic\u00e3o adiantou-se, golo anulado ap\u00f3s revis\u00e3o do VAR em Alvalade"}]},{"@type":"WebSite","@id":"https:\/\/portaltela.pt\/#website","url":"https:\/\/portaltela.pt\/","name":"Portal Tela Portugal","description":"","potentialAction":[{"@type":"SearchAction","target":{"@type":"EntryPoint","urlTemplate":"https:\/\/portaltela.pt\/?s={search_term_string}"},"query-input":{"@type":"PropertyValueSpecification","valueRequired":true,"valueName":"search_term_string"}}],"inLanguage":"pt-PT"},{"@type":"Person","@id":"https:\/\/portaltela.pt\/#\/schema\/person\/c4278d4a6028830caff9ee44b42d32ed","name":"Telinha","image":{"@type":"ImageObject","inLanguage":"pt-PT","@id":"https:\/\/portaltela.pt\/s.01k8rhncp4jt1\/2025\/11\/talking-bot-125x125.png","url":"https:\/\/portaltela.pt\/s.01k8rhncp4jt1\/2025\/11\/talking-bot-125x125.png","contentUrl":"https:\/\/portaltela.pt\/s.01k8rhncp4jt1\/2025\/11\/talking-bot-125x125.png","caption":"Telinha"},"sameAs":["https:\/\/portaltela.pt\/"],"url":"https:\/\/portaltela.pt\/por\/367410592786\/"}]}},"_links":{"self":[{"href":"https:\/\/portaltela.pt\/api\/wp\/v2\/posts\/213755","targetHints":{"allow":["GET"]}}],"collection":[{"href":"https:\/\/portaltela.pt\/api\/wp\/v2\/posts"}],"about":[{"href":"https:\/\/portaltela.pt\/api\/wp\/v2\/types\/post"}],"author":[{"embeddable":true,"href":"https:\/\/portaltela.pt\/api\/wp\/v2\/users\/2"}],"replies":[{"embeddable":true,"href":"https:\/\/portaltela.pt\/api\/wp\/v2\/comments?post=213755"}],"version-history":[{"count":0,"href":"https:\/\/portaltela.pt\/api\/wp\/v2\/posts\/213755\/revisions"}],"wp:featuredmedia":[{"embeddable":true,"href":"https:\/\/portaltela.pt\/api\/wp\/v2\/media\/213759"}],"wp:attachment":[{"href":"https:\/\/portaltela.pt\/api\/wp\/v2\/media?parent=213755"}],"wp:term":[{"taxonomy":"category","embeddable":true,"href":"https:\/\/portaltela.pt\/api\/wp\/v2\/categories?post=213755"},{"taxonomy":"post_tag","embeddable":true,"href":"https:\/\/portaltela.pt\/api\/wp\/v2\/tags?post=213755"}],"curies":[{"name":"wp","href":"https:\/\/api.w.org\/{rel}","templated":true}]}}