{"id":213739,"date":"2026-02-15T17:43:20","date_gmt":"2026-02-15T20:43:20","guid":{"rendered":"https:\/\/portaltela.pt\/noticias\/2026\/02\/15\/levante-perde-com-valencia-e-complica-permanencia-na-la-liga\/"},"modified":"2026-02-15T17:43:20","modified_gmt":"2026-02-15T20:43:20","slug":"levante-perde-com-valencia-e-complica-permanencia-na-la-liga","status":"publish","type":"post","link":"https:\/\/portaltela.pt\/desporto\/futebol\/2026\/02\/15\/levante-perde-com-valencia-e-complica-permanencia-na-la-liga\/","title":{"rendered":"Levante perde com Valencia e complica perman\u00eancia na La Liga"},"content":{"rendered":"<p>O Levante, treinado por Lu\u00eds Castro, perdeu em casa com o Valencia por 2-0, em jogo da 24.\u00aa jornada da La Liga. A derrota complica as contas da perman\u00eancia para aquele que compete pela manuten\u00e7\u00e3o.<\/p>\n<p>No d\u00e9rbi valenciano, o Valencia, com Andr\u00e9 Almeida no banco e Thierry Correia lesionado, foi mais eficaz em dois remates enquadrados. Largie Ramazani marcou aos 64 minutos e Umar Sadiq dilatou aos 84.<\/p>\n<p>A derrota deixa o Levante no 19.\u00ba lugar, com 18 pontos, a sete da linha de salva\u00e7\u00e3o. O Valencia sobe ao 14.\u00ba, com 26 pontos, aproximando-se da zona intermedi\u00e1ria da tabela.<\/p>\n<h3>Contexto da luta pela perman\u00eancia<\/h3>\n<p>O desfecho do d\u00e9rbi coincide com a vit\u00f3ria do Rayo Vallecano, 17.\u00ba classificado, por 3-0 sobre o Atl\u00e9tico de Madrid, num jogo em que o conjunto madrileno poupou jogadores para a Liga dos Campe\u00f5es. Mant\u00e9m-se, assim, a luta intensa pela manuten\u00e7\u00e3o na liga.<\/p>\n","protected":false},"excerpt":{"rendered":"<ul>\n<li>O Levante, treinado por Lu\u00eds Castro, perdeu em casa com o Valencia por 2-0 na 24.\u00aa jornada da La Liga.<\/li>\n<li>Os dois remates enquadrados do Valencia resultaram em golo, com Largie Ramazani a marcar aos 64 minutos e Umar Sadiq aos 84&#8242;.<\/li>\n<li>O Valencia subiu ao 14.\u00ba lugar, com 26 pontos, enquanto o Levante ficou em 19.\u00ba, com 18 pontos, a sete da linha de salva\u00e7\u00e3o.<\/li>\n<li>Andr\u00e9 Almeida esteve no banco de suplentes do Valencia; Thierry Correia ficou fora por les\u00e3o.<\/li>\n<li>O d\u00e9rbi valenciano ocorreu numa luta apertada pela manuten\u00e7\u00e3o entre 12.\u00ba e 18.\u00ba classificados; mais tarde, o Rayo Vallecano venceu o Atl\u00e9tico de Madrid por 3-0 noutra parte da jornada.<\/li>\n<\/ul>\n","protected":false},"author":2,"featured_media":213744,"comment_status":"closed","ping_status":"closed","sticky":false,"template":"","format":"standard","meta":{"footnotes":""},"categories":[21,24],"tags":[1109,152,4261,32,1789,5009],"class_list":["post-213739","post","type-post","status-publish","format-standard","has-post-thumbnail","hentry","category-desporto","category-futebol","tag-atletico-de-madrid","tag-desporto","tag-despromocao","tag-futebol","tag-la-liga","tag-rayo-vallecano"],"yoast_head":"<!-- This site is optimized with the Yoast SEO plugin v27.2 - https:\/\/yoast.com\/product\/yoast-seo-wordpress\/ -->\n<title>Levante perde com Valencia e complica perman\u00eancia na La Liga - Portal Tela Portugal<\/title>\n<meta name=\"robots\" content=\"index, follow, max-snippet:-1, max-image-preview:large, max-video-preview:-1\" \/>\n<meta property=\"og:locale\" content=\"pt_PT\" \/>\n<meta property=\"og:type\" content=\"article\" \/>\n<meta property=\"og:title\" content=\"Levante perde com Valencia e complica perman\u00eancia na La Liga - Portal Tela Portugal\" \/>\n<meta property=\"og:description\" content=\"O Levante, treinado por Lu\u00eds Castro, perdeu em casa com o Valencia por 2-0 na 24.\u00aa jornada da La Liga. Os dois remates enquadrados do Valencia resultaram em golo, com Largie Ramazani a marcar aos 64 minutos e Umar Sadiq aos 84&#039;. O Valencia subiu ao 14.\u00ba lugar, com 26 pontos, enquanto o Levante ficou em 19.\u00ba, com 18 pontos, a sete da linha de salva\u00e7\u00e3o. Andr\u00e9 Almeida esteve no banco de suplentes do Valencia; Thierry Correia ficou fora por les\u00e3o. O d\u00e9rbi valenciano ocorreu numa luta apertada pela manuten\u00e7\u00e3o entre 12.\u00ba e 18.\u00ba classificados; mais tarde, o Rayo Vallecano venceu o Atl\u00e9tico de Madrid por 3-0 noutra parte da jornada.\" \/>\n<meta property=\"og:url\" content=\"https:\/\/portaltela.pt\/noticias\/2026\/02\/15\/levante-perde-com-valencia-e-complica-permanencia-na-la-liga\/\" \/>\n<meta property=\"og:site_name\" content=\"Portal Tela Portugal\" \/>\n<meta property=\"article:published_time\" content=\"2026-02-15T20:43:20+00:00\" \/>\n<meta name=\"author\" content=\"Telinha\" \/>\n<meta name=\"twitter:card\" content=\"summary_large_image\" \/>\n<meta name=\"twitter:label1\" content=\"Escrito por\" \/>\n\t<meta name=\"twitter:data1\" content=\"Telinha\" \/>\n\t<meta name=\"twitter:label2\" content=\"Tempo estimado de leitura\" \/>\n\t<meta name=\"twitter:data2\" content=\"1 minuto\" \/>\n<script type=\"application\/ld+json\" class=\"yoast-schema-graph\">{\"@context\":\"https:\/\/schema.org\",\"@graph\":[{\"@type\":\"Article\",\"@id\":\"https:\/\/portaltela.pt\/noticias\/2026\/02\/15\/levante-perde-com-valencia-e-complica-permanencia-na-la-liga\/#article\",\"isPartOf\":{\"@id\":\"https:\/\/portaltela.pt\/noticias\/2026\/02\/15\/levante-perde-com-valencia-e-complica-permanencia-na-la-liga\/\"},\"author\":{\"name\":\"Telinha\",\"@id\":\"https:\/\/portaltela.pt\/#\/schema\/person\/c4278d4a6028830caff9ee44b42d32ed\"},\"headline\":\"Levante perde com Valencia e complica perman\u00eancia na La Liga\",\"datePublished\":\"2026-02-15T20:43:20+00:00\",\"mainEntityOfPage\":{\"@id\":\"https:\/\/portaltela.pt\/noticias\/2026\/02\/15\/levante-perde-com-valencia-e-complica-permanencia-na-la-liga\/\"},\"wordCount\":163,\"image\":{\"@id\":\"https:\/\/portaltela.pt\/noticias\/2026\/02\/15\/levante-perde-com-valencia-e-complica-permanencia-na-la-liga\/#primaryimage\"},\"thumbnailUrl\":\"https:\/\/portaltela.pt\/s.01k8rhncp4jt1\/2026\/02\/img_920x518uu2026-02-15-20-41-25-2421849.jpg\",\"keywords\":[\"Atl\u00e9tico de Madrid\",\"desporto\",\"Despromo\u00e7\u00e3o\",\"futebol\",\"La Liga\",\"Rayo Vallecano\"],\"articleSection\":[\"Desporto\",\"Futebol\"],\"inLanguage\":\"pt-PT\"},{\"@type\":\"WebPage\",\"@id\":\"https:\/\/portaltela.pt\/noticias\/2026\/02\/15\/levante-perde-com-valencia-e-complica-permanencia-na-la-liga\/\",\"url\":\"https:\/\/portaltela.pt\/noticias\/2026\/02\/15\/levante-perde-com-valencia-e-complica-permanencia-na-la-liga\/\",\"name\":\"Levante perde com Valencia e complica perman\u00eancia na La Liga - Portal Tela Portugal\",\"isPartOf\":{\"@id\":\"https:\/\/portaltela.pt\/#website\"},\"primaryImageOfPage\":{\"@id\":\"https:\/\/portaltela.pt\/noticias\/2026\/02\/15\/levante-perde-com-valencia-e-complica-permanencia-na-la-liga\/#primaryimage\"},\"image\":{\"@id\":\"https:\/\/portaltela.pt\/noticias\/2026\/02\/15\/levante-perde-com-valencia-e-complica-permanencia-na-la-liga\/#primaryimage\"},\"thumbnailUrl\":\"https:\/\/portaltela.pt\/s.01k8rhncp4jt1\/2026\/02\/img_920x518uu2026-02-15-20-41-25-2421849.jpg\",\"datePublished\":\"2026-02-15T20:43:20+00:00\",\"author\":{\"@id\":\"https:\/\/portaltela.pt\/#\/schema\/person\/c4278d4a6028830caff9ee44b42d32ed\"},\"breadcrumb\":{\"@id\":\"https:\/\/portaltela.pt\/noticias\/2026\/02\/15\/levante-perde-com-valencia-e-complica-permanencia-na-la-liga\/#breadcrumb\"},\"inLanguage\":\"pt-PT\",\"potentialAction\":[{\"@type\":\"ReadAction\",\"target\":[\"https:\/\/portaltela.pt\/noticias\/2026\/02\/15\/levante-perde-com-valencia-e-complica-permanencia-na-la-liga\/\"]}]},{\"@type\":\"ImageObject\",\"inLanguage\":\"pt-PT\",\"@id\":\"https:\/\/portaltela.pt\/noticias\/2026\/02\/15\/levante-perde-com-valencia-e-complica-permanencia-na-la-liga\/#primaryimage\",\"url\":\"https:\/\/portaltela.pt\/s.01k8rhncp4jt1\/2026\/02\/img_920x518uu2026-02-15-20-41-25-2421849.jpg\",\"contentUrl\":\"https:\/\/portaltela.pt\/s.01k8rhncp4jt1\/2026\/02\/img_920x518uu2026-02-15-20-41-25-2421849.jpg\",\"width\":796,\"height\":448,\"caption\":\"Jogadores do Levante formam uma roda antes do in\u00edcio do jogo\"},{\"@type\":\"BreadcrumbList\",\"@id\":\"https:\/\/portaltela.pt\/noticias\/2026\/02\/15\/levante-perde-com-valencia-e-complica-permanencia-na-la-liga\/#breadcrumb\",\"itemListElement\":[{\"@type\":\"ListItem\",\"position\":1,\"name\":\"In\u00edcio\",\"item\":\"https:\/\/portaltela.pt\/\"},{\"@type\":\"ListItem\",\"position\":2,\"name\":\"Levante perde com Valencia e complica perman\u00eancia na La Liga\"}]},{\"@type\":\"WebSite\",\"@id\":\"https:\/\/portaltela.pt\/#website\",\"url\":\"https:\/\/portaltela.pt\/\",\"name\":\"Portal Tela Portugal\",\"description\":\"\",\"potentialAction\":[{\"@type\":\"SearchAction\",\"target\":{\"@type\":\"EntryPoint\",\"urlTemplate\":\"https:\/\/portaltela.pt\/?s={search_term_string}\"},\"query-input\":{\"@type\":\"PropertyValueSpecification\",\"valueRequired\":true,\"valueName\":\"search_term_string\"}}],\"inLanguage\":\"pt-PT\"},{\"@type\":\"Person\",\"@id\":\"https:\/\/portaltela.pt\/#\/schema\/person\/c4278d4a6028830caff9ee44b42d32ed\",\"name\":\"Telinha\",\"image\":{\"@type\":\"ImageObject\",\"inLanguage\":\"pt-PT\",\"@id\":\"https:\/\/portaltela.pt\/s.01k8rhncp4jt1\/2025\/11\/talking-bot-125x125.png\",\"url\":\"https:\/\/portaltela.pt\/s.01k8rhncp4jt1\/2025\/11\/talking-bot-125x125.png\",\"contentUrl\":\"https:\/\/portaltela.pt\/s.01k8rhncp4jt1\/2025\/11\/talking-bot-125x125.png\",\"caption\":\"Telinha\"},\"sameAs\":[\"https:\/\/portaltela.pt\/\"],\"url\":\"https:\/\/portaltela.pt\/por\/367410592786\/\"}]}<\/script>\n<!-- \/ Yoast SEO plugin. -->","yoast_head_json":{"title":"Levante perde com Valencia e complica perman\u00eancia na La Liga - Portal Tela Portugal","robots":{"index":"index","follow":"follow","max-snippet":"max-snippet:-1","max-image-preview":"max-image-preview:large","max-video-preview":"max-video-preview:-1"},"og_locale":"pt_PT","og_type":"article","og_title":"Levante perde com Valencia e complica perman\u00eancia na La Liga - Portal Tela Portugal","og_description":"O Levante, treinado por Lu\u00eds Castro, perdeu em casa com o Valencia por 2-0 na 24.\u00aa jornada da La Liga. Os dois remates enquadrados do Valencia resultaram em golo, com Largie Ramazani a marcar aos 64 minutos e Umar Sadiq aos 84'. O Valencia subiu ao 14.\u00ba lugar, com 26 pontos, enquanto o Levante ficou em 19.\u00ba, com 18 pontos, a sete da linha de salva\u00e7\u00e3o. Andr\u00e9 Almeida esteve no banco de suplentes do Valencia; Thierry Correia ficou fora por les\u00e3o. O d\u00e9rbi valenciano ocorreu numa luta apertada pela manuten\u00e7\u00e3o entre 12.\u00ba e 18.\u00ba classificados; mais tarde, o Rayo Vallecano venceu o Atl\u00e9tico de Madrid por 3-0 noutra parte da jornada.","og_url":"https:\/\/portaltela.pt\/noticias\/2026\/02\/15\/levante-perde-com-valencia-e-complica-permanencia-na-la-liga\/","og_site_name":"Portal Tela Portugal","article_published_time":"2026-02-15T20:43:20+00:00","author":"Telinha","twitter_card":"summary_large_image","twitter_misc":{"Escrito por":"Telinha","Tempo estimado de leitura":"1 minuto"},"schema":{"@context":"https:\/\/schema.org","@graph":[{"@type":"Article","@id":"https:\/\/portaltela.pt\/noticias\/2026\/02\/15\/levante-perde-com-valencia-e-complica-permanencia-na-la-liga\/#article","isPartOf":{"@id":"https:\/\/portaltela.pt\/noticias\/2026\/02\/15\/levante-perde-com-valencia-e-complica-permanencia-na-la-liga\/"},"author":{"name":"Telinha","@id":"https:\/\/portaltela.pt\/#\/schema\/person\/c4278d4a6028830caff9ee44b42d32ed"},"headline":"Levante perde com Valencia e complica perman\u00eancia na La Liga","datePublished":"2026-02-15T20:43:20+00:00","mainEntityOfPage":{"@id":"https:\/\/portaltela.pt\/noticias\/2026\/02\/15\/levante-perde-com-valencia-e-complica-permanencia-na-la-liga\/"},"wordCount":163,"image":{"@id":"https:\/\/portaltela.pt\/noticias\/2026\/02\/15\/levante-perde-com-valencia-e-complica-permanencia-na-la-liga\/#primaryimage"},"thumbnailUrl":"https:\/\/portaltela.pt\/s.01k8rhncp4jt1\/2026\/02\/img_920x518uu2026-02-15-20-41-25-2421849.jpg","keywords":["Atl\u00e9tico de Madrid","desporto","Despromo\u00e7\u00e3o","futebol","La Liga","Rayo Vallecano"],"articleSection":["Desporto","Futebol"],"inLanguage":"pt-PT"},{"@type":"WebPage","@id":"https:\/\/portaltela.pt\/noticias\/2026\/02\/15\/levante-perde-com-valencia-e-complica-permanencia-na-la-liga\/","url":"https:\/\/portaltela.pt\/noticias\/2026\/02\/15\/levante-perde-com-valencia-e-complica-permanencia-na-la-liga\/","name":"Levante perde com Valencia e complica perman\u00eancia na La Liga - Portal Tela Portugal","isPartOf":{"@id":"https:\/\/portaltela.pt\/#website"},"primaryImageOfPage":{"@id":"https:\/\/portaltela.pt\/noticias\/2026\/02\/15\/levante-perde-com-valencia-e-complica-permanencia-na-la-liga\/#primaryimage"},"image":{"@id":"https:\/\/portaltela.pt\/noticias\/2026\/02\/15\/levante-perde-com-valencia-e-complica-permanencia-na-la-liga\/#primaryimage"},"thumbnailUrl":"https:\/\/portaltela.pt\/s.01k8rhncp4jt1\/2026\/02\/img_920x518uu2026-02-15-20-41-25-2421849.jpg","datePublished":"2026-02-15T20:43:20+00:00","author":{"@id":"https:\/\/portaltela.pt\/#\/schema\/person\/c4278d4a6028830caff9ee44b42d32ed"},"breadcrumb":{"@id":"https:\/\/portaltela.pt\/noticias\/2026\/02\/15\/levante-perde-com-valencia-e-complica-permanencia-na-la-liga\/#breadcrumb"},"inLanguage":"pt-PT","potentialAction":[{"@type":"ReadAction","target":["https:\/\/portaltela.pt\/noticias\/2026\/02\/15\/levante-perde-com-valencia-e-complica-permanencia-na-la-liga\/"]}]},{"@type":"ImageObject","inLanguage":"pt-PT","@id":"https:\/\/portaltela.pt\/noticias\/2026\/02\/15\/levante-perde-com-valencia-e-complica-permanencia-na-la-liga\/#primaryimage","url":"https:\/\/portaltela.pt\/s.01k8rhncp4jt1\/2026\/02\/img_920x518uu2026-02-15-20-41-25-2421849.jpg","contentUrl":"https:\/\/portaltela.pt\/s.01k8rhncp4jt1\/2026\/02\/img_920x518uu2026-02-15-20-41-25-2421849.jpg","width":796,"height":448,"caption":"Jogadores do Levante formam uma roda antes do in\u00edcio do jogo"},{"@type":"BreadcrumbList","@id":"https:\/\/portaltela.pt\/noticias\/2026\/02\/15\/levante-perde-com-valencia-e-complica-permanencia-na-la-liga\/#breadcrumb","itemListElement":[{"@type":"ListItem","position":1,"name":"In\u00edcio","item":"https:\/\/portaltela.pt\/"},{"@type":"ListItem","position":2,"name":"Levante perde com Valencia e complica perman\u00eancia na La Liga"}]},{"@type":"WebSite","@id":"https:\/\/portaltela.pt\/#website","url":"https:\/\/portaltela.pt\/","name":"Portal Tela Portugal","description":"","potentialAction":[{"@type":"SearchAction","target":{"@type":"EntryPoint","urlTemplate":"https:\/\/portaltela.pt\/?s={search_term_string}"},"query-input":{"@type":"PropertyValueSpecification","valueRequired":true,"valueName":"search_term_string"}}],"inLanguage":"pt-PT"},{"@type":"Person","@id":"https:\/\/portaltela.pt\/#\/schema\/person\/c4278d4a6028830caff9ee44b42d32ed","name":"Telinha","image":{"@type":"ImageObject","inLanguage":"pt-PT","@id":"https:\/\/portaltela.pt\/s.01k8rhncp4jt1\/2025\/11\/talking-bot-125x125.png","url":"https:\/\/portaltela.pt\/s.01k8rhncp4jt1\/2025\/11\/talking-bot-125x125.png","contentUrl":"https:\/\/portaltela.pt\/s.01k8rhncp4jt1\/2025\/11\/talking-bot-125x125.png","caption":"Telinha"},"sameAs":["https:\/\/portaltela.pt\/"],"url":"https:\/\/portaltela.pt\/por\/367410592786\/"}]}},"_links":{"self":[{"href":"https:\/\/portaltela.pt\/api\/wp\/v2\/posts\/213739","targetHints":{"allow":["GET"]}}],"collection":[{"href":"https:\/\/portaltela.pt\/api\/wp\/v2\/posts"}],"about":[{"href":"https:\/\/portaltela.pt\/api\/wp\/v2\/types\/post"}],"author":[{"embeddable":true,"href":"https:\/\/portaltela.pt\/api\/wp\/v2\/users\/2"}],"replies":[{"embeddable":true,"href":"https:\/\/portaltela.pt\/api\/wp\/v2\/comments?post=213739"}],"version-history":[{"count":0,"href":"https:\/\/portaltela.pt\/api\/wp\/v2\/posts\/213739\/revisions"}],"wp:featuredmedia":[{"embeddable":true,"href":"https:\/\/portaltela.pt\/api\/wp\/v2\/media\/213744"}],"wp:attachment":[{"href":"https:\/\/portaltela.pt\/api\/wp\/v2\/media?parent=213739"}],"wp:term":[{"taxonomy":"category","embeddable":true,"href":"https:\/\/portaltela.pt\/api\/wp\/v2\/categories?post=213739"},{"taxonomy":"post_tag","embeddable":true,"href":"https:\/\/portaltela.pt\/api\/wp\/v2\/tags?post=213739"}],"curies":[{"name":"wp","href":"https:\/\/api.w.org\/{rel}","templated":true}]}}