{"id":213737,"date":"2026-02-15T17:37:31","date_gmt":"2026-02-15T20:37:31","guid":{"rendered":"https:\/\/portaltela.pt\/noticias\/2026\/02\/15\/franca-e-bulgaria-vencem-titulos-europeus-de-equipas-de-badminton\/"},"modified":"2026-02-15T17:37:31","modified_gmt":"2026-02-15T20:37:31","slug":"franca-e-bulgaria-vencem-titulos-europeus-de-equipas-de-badminton","status":"publish","type":"post","link":"https:\/\/portaltela.pt\/desporto\/2026\/02\/15\/franca-e-bulgaria-vencem-titulos-europeus-de-equipas-de-badminton\/","title":{"rendered":"Fran\u00e7a e Bulg\u00e1ria vencem t\u00edtulos europeus de equipas de badminton"},"content":{"rendered":"<p>Em Istambul, Fran\u00e7a e Bulg\u00e1ria garantiram os t\u00edtulos europeus de equipas de badminton, ao vencer, respetivamente, a Dinamarca em cada escal\u00e3o. A prova decorreu neste fim de semana na cidade turca.<\/p>\n<p>Na final masculina, a Fran\u00e7a venceu por 3-2 e tornou-se a primeira equipa fora da Dinamarca a erguer o trof\u00e9u europeu na era moderna. Os franceses foram compostos por Christo Popov, Alex Lanier, Toma Popov, Eloi Adam, Leo Rossi e Thom Gicquel.<\/p>\n<p>Na final feminina, a Bulg\u00e1ria superou a Dinamarca por 3-1, garantindo o primeiro t\u00edtulo europeu do pa\u00eds neste escal\u00e3o. Kaloyana Nalbantova, Gergana Pavlova, Gabriela Stoeva e Stefani Stoeva estiveram entre as resultados decisivos.<\/p>\n<h3>Desdobramentos<\/h3>\n<p>O bronze no feminino ficou com Ucr\u00e2nia e Turquia. No masculino, o p\u00f3dio ficou completo com a Su\u00e9cia a ocupar o terceiro lugar, num evento que n\u00e3o tinha estes pa\u00edses no p\u00f3dio anteriormente.<\/p>\n","protected":false},"excerpt":{"rendered":"<ul>\n<li>Fran\u00e7a vence a final masculina de imprimir t\u00edtulo europeu em Istambul, ao derrotar a Dinamarca por 3-2, na \u00faltima partida.<\/li>\n<li>Bulg\u00e1ria vence a final feminina, frente \u00e0 Dinamarca, por 3-1, conquistando o primeiro t\u00edtulo europeu no palmar\u00e9s.<\/li>\n<li>Equipa masculina francesa contou com Christo Popov, Alex Lanier, Toma Popov, Eloi Adam, Leo Rossi e Thom Gicquel.<\/li>\n<li>Equipa feminina b\u00falgara foi formada por Kaloyana Nalbantova, Gergana Pavlova, Gabriela Stoeva e Stefani Stoeva.<\/li>\n<li>Bronze no feminino ficou com a Ucr\u00e2nia e a Turquia, enquanto o bronze masculino ficou para a Su\u00e9cia.<\/li>\n<\/ul>\n","protected":false},"author":2,"featured_media":213740,"comment_status":"closed","ping_status":"closed","sticky":false,"template":"","format":"standard","meta":{"footnotes":""},"categories":[21],"tags":[1487,2503,1856,2645,2126,2134],"class_list":["post-213737","post","type-post","status-publish","format-standard","has-post-thumbnail","hentry","category-desporto","tag-bulgaria","tag-dinamarca","tag-franca","tag-suecia","tag-turquia","tag-ucrania"],"yoast_head":"<!-- This site is optimized with the Yoast SEO plugin v27.2 - https:\/\/yoast.com\/product\/yoast-seo-wordpress\/ -->\n<title>Fran\u00e7a e Bulg\u00e1ria vencem t\u00edtulos europeus de equipas de badminton - Portal Tela Portugal<\/title>\n<meta name=\"robots\" content=\"index, follow, max-snippet:-1, max-image-preview:large, max-video-preview:-1\" \/>\n<meta property=\"og:locale\" content=\"pt_PT\" \/>\n<meta property=\"og:type\" content=\"article\" \/>\n<meta property=\"og:title\" content=\"Fran\u00e7a e Bulg\u00e1ria vencem t\u00edtulos europeus de equipas de badminton - Portal Tela Portugal\" \/>\n<meta property=\"og:description\" content=\"Fran\u00e7a vence a final masculina de imprimir t\u00edtulo europeu em Istambul, ao derrotar a Dinamarca por 3-2, na \u00faltima partida. Bulg\u00e1ria vence a final feminina, frente \u00e0 Dinamarca, por 3-1, conquistando o primeiro t\u00edtulo europeu no palmar\u00e9s. Equipa masculina francesa contou com Christo Popov, Alex Lanier, Toma Popov, Eloi Adam, Leo Rossi e Thom Gicquel. Equipa feminina b\u00falgara foi formada por Kaloyana Nalbantova, Gergana Pavlova, Gabriela Stoeva e Stefani Stoeva. Bronze no feminino ficou com a Ucr\u00e2nia e a Turquia, enquanto o bronze masculino ficou para a Su\u00e9cia.\" \/>\n<meta property=\"og:url\" content=\"https:\/\/portaltela.pt\/noticias\/2026\/02\/15\/franca-e-bulgaria-vencem-titulos-europeus-de-equipas-de-badminton\/\" \/>\n<meta property=\"og:site_name\" content=\"Portal Tela Portugal\" \/>\n<meta property=\"article:published_time\" content=\"2026-02-15T20:37:31+00:00\" \/>\n<meta name=\"author\" content=\"Telinha\" \/>\n<meta name=\"twitter:card\" content=\"summary_large_image\" \/>\n<meta name=\"twitter:label1\" content=\"Escrito por\" \/>\n\t<meta name=\"twitter:data1\" content=\"Telinha\" \/>\n\t<meta name=\"twitter:label2\" content=\"Tempo estimado de leitura\" \/>\n\t<meta name=\"twitter:data2\" content=\"1 minuto\" \/>\n<script type=\"application\/ld+json\" class=\"yoast-schema-graph\">{\"@context\":\"https:\/\/schema.org\",\"@graph\":[{\"@type\":\"Article\",\"@id\":\"https:\/\/portaltela.pt\/noticias\/2026\/02\/15\/franca-e-bulgaria-vencem-titulos-europeus-de-equipas-de-badminton\/#article\",\"isPartOf\":{\"@id\":\"https:\/\/portaltela.pt\/noticias\/2026\/02\/15\/franca-e-bulgaria-vencem-titulos-europeus-de-equipas-de-badminton\/\"},\"author\":{\"name\":\"Telinha\",\"@id\":\"https:\/\/portaltela.pt\/#\/schema\/person\/c4278d4a6028830caff9ee44b42d32ed\"},\"headline\":\"Fran\u00e7a e Bulg\u00e1ria vencem t\u00edtulos europeus de equipas de badminton\",\"datePublished\":\"2026-02-15T20:37:31+00:00\",\"mainEntityOfPage\":{\"@id\":\"https:\/\/portaltela.pt\/noticias\/2026\/02\/15\/franca-e-bulgaria-vencem-titulos-europeus-de-equipas-de-badminton\/\"},\"wordCount\":169,\"image\":{\"@id\":\"https:\/\/portaltela.pt\/noticias\/2026\/02\/15\/franca-e-bulgaria-vencem-titulos-europeus-de-equipas-de-badminton\/#primaryimage\"},\"thumbnailUrl\":\"https:\/\/portaltela.pt\/s.01k8rhncp4jt1\/2026\/02\/img_920x518uu2026-02-15-20-37-03-2421847-im-639067846394945146.jpg\",\"keywords\":[\"Bulg\u00e1ria\",\"Dinamarca\",\"Fran\u00e7a\",\"Su\u00e9cia\",\"Turquia\",\"Ucr\u00e2nia\"],\"articleSection\":[\"Desporto\"],\"inLanguage\":\"pt-PT\"},{\"@type\":\"WebPage\",\"@id\":\"https:\/\/portaltela.pt\/noticias\/2026\/02\/15\/franca-e-bulgaria-vencem-titulos-europeus-de-equipas-de-badminton\/\",\"url\":\"https:\/\/portaltela.pt\/noticias\/2026\/02\/15\/franca-e-bulgaria-vencem-titulos-europeus-de-equipas-de-badminton\/\",\"name\":\"Fran\u00e7a e Bulg\u00e1ria vencem t\u00edtulos europeus de equipas de badminton - Portal Tela Portugal\",\"isPartOf\":{\"@id\":\"https:\/\/portaltela.pt\/#website\"},\"primaryImageOfPage\":{\"@id\":\"https:\/\/portaltela.pt\/noticias\/2026\/02\/15\/franca-e-bulgaria-vencem-titulos-europeus-de-equipas-de-badminton\/#primaryimage\"},\"image\":{\"@id\":\"https:\/\/portaltela.pt\/noticias\/2026\/02\/15\/franca-e-bulgaria-vencem-titulos-europeus-de-equipas-de-badminton\/#primaryimage\"},\"thumbnailUrl\":\"https:\/\/portaltela.pt\/s.01k8rhncp4jt1\/2026\/02\/img_920x518uu2026-02-15-20-37-03-2421847-im-639067846394945146.jpg\",\"datePublished\":\"2026-02-15T20:37:31+00:00\",\"author\":{\"@id\":\"https:\/\/portaltela.pt\/#\/schema\/person\/c4278d4a6028830caff9ee44b42d32ed\"},\"breadcrumb\":{\"@id\":\"https:\/\/portaltela.pt\/noticias\/2026\/02\/15\/franca-e-bulgaria-vencem-titulos-europeus-de-equipas-de-badminton\/#breadcrumb\"},\"inLanguage\":\"pt-PT\",\"potentialAction\":[{\"@type\":\"ReadAction\",\"target\":[\"https:\/\/portaltela.pt\/noticias\/2026\/02\/15\/franca-e-bulgaria-vencem-titulos-europeus-de-equipas-de-badminton\/\"]}]},{\"@type\":\"ImageObject\",\"inLanguage\":\"pt-PT\",\"@id\":\"https:\/\/portaltela.pt\/noticias\/2026\/02\/15\/franca-e-bulgaria-vencem-titulos-europeus-de-equipas-de-badminton\/#primaryimage\",\"url\":\"https:\/\/portaltela.pt\/s.01k8rhncp4jt1\/2026\/02\/img_920x518uu2026-02-15-20-37-03-2421847-im-639067846394945146.jpg\",\"contentUrl\":\"https:\/\/portaltela.pt\/s.01k8rhncp4jt1\/2026\/02\/img_920x518uu2026-02-15-20-37-03-2421847-im-639067846394945146.jpg\",\"width\":796,\"height\":448,\"caption\":\"Fran\u00e7a celebra conquista do t\u00edtulo europeu de badminton\"},{\"@type\":\"BreadcrumbList\",\"@id\":\"https:\/\/portaltela.pt\/noticias\/2026\/02\/15\/franca-e-bulgaria-vencem-titulos-europeus-de-equipas-de-badminton\/#breadcrumb\",\"itemListElement\":[{\"@type\":\"ListItem\",\"position\":1,\"name\":\"In\u00edcio\",\"item\":\"https:\/\/portaltela.pt\/\"},{\"@type\":\"ListItem\",\"position\":2,\"name\":\"Fran\u00e7a e Bulg\u00e1ria vencem t\u00edtulos europeus de equipas de badminton\"}]},{\"@type\":\"WebSite\",\"@id\":\"https:\/\/portaltela.pt\/#website\",\"url\":\"https:\/\/portaltela.pt\/\",\"name\":\"Portal Tela Portugal\",\"description\":\"\",\"potentialAction\":[{\"@type\":\"SearchAction\",\"target\":{\"@type\":\"EntryPoint\",\"urlTemplate\":\"https:\/\/portaltela.pt\/?s={search_term_string}\"},\"query-input\":{\"@type\":\"PropertyValueSpecification\",\"valueRequired\":true,\"valueName\":\"search_term_string\"}}],\"inLanguage\":\"pt-PT\"},{\"@type\":\"Person\",\"@id\":\"https:\/\/portaltela.pt\/#\/schema\/person\/c4278d4a6028830caff9ee44b42d32ed\",\"name\":\"Telinha\",\"image\":{\"@type\":\"ImageObject\",\"inLanguage\":\"pt-PT\",\"@id\":\"https:\/\/portaltela.pt\/s.01k8rhncp4jt1\/2025\/11\/talking-bot-125x125.png\",\"url\":\"https:\/\/portaltela.pt\/s.01k8rhncp4jt1\/2025\/11\/talking-bot-125x125.png\",\"contentUrl\":\"https:\/\/portaltela.pt\/s.01k8rhncp4jt1\/2025\/11\/talking-bot-125x125.png\",\"caption\":\"Telinha\"},\"sameAs\":[\"https:\/\/portaltela.pt\/\"],\"url\":\"https:\/\/portaltela.pt\/por\/367410592786\/\"}]}<\/script>\n<!-- \/ Yoast SEO plugin. -->","yoast_head_json":{"title":"Fran\u00e7a e Bulg\u00e1ria vencem t\u00edtulos europeus de equipas de badminton - Portal Tela Portugal","robots":{"index":"index","follow":"follow","max-snippet":"max-snippet:-1","max-image-preview":"max-image-preview:large","max-video-preview":"max-video-preview:-1"},"og_locale":"pt_PT","og_type":"article","og_title":"Fran\u00e7a e Bulg\u00e1ria vencem t\u00edtulos europeus de equipas de badminton - Portal Tela Portugal","og_description":"Fran\u00e7a vence a final masculina de imprimir t\u00edtulo europeu em Istambul, ao derrotar a Dinamarca por 3-2, na \u00faltima partida. Bulg\u00e1ria vence a final feminina, frente \u00e0 Dinamarca, por 3-1, conquistando o primeiro t\u00edtulo europeu no palmar\u00e9s. Equipa masculina francesa contou com Christo Popov, Alex Lanier, Toma Popov, Eloi Adam, Leo Rossi e Thom Gicquel. Equipa feminina b\u00falgara foi formada por Kaloyana Nalbantova, Gergana Pavlova, Gabriela Stoeva e Stefani Stoeva. Bronze no feminino ficou com a Ucr\u00e2nia e a Turquia, enquanto o bronze masculino ficou para a Su\u00e9cia.","og_url":"https:\/\/portaltela.pt\/noticias\/2026\/02\/15\/franca-e-bulgaria-vencem-titulos-europeus-de-equipas-de-badminton\/","og_site_name":"Portal Tela Portugal","article_published_time":"2026-02-15T20:37:31+00:00","author":"Telinha","twitter_card":"summary_large_image","twitter_misc":{"Escrito por":"Telinha","Tempo estimado de leitura":"1 minuto"},"schema":{"@context":"https:\/\/schema.org","@graph":[{"@type":"Article","@id":"https:\/\/portaltela.pt\/noticias\/2026\/02\/15\/franca-e-bulgaria-vencem-titulos-europeus-de-equipas-de-badminton\/#article","isPartOf":{"@id":"https:\/\/portaltela.pt\/noticias\/2026\/02\/15\/franca-e-bulgaria-vencem-titulos-europeus-de-equipas-de-badminton\/"},"author":{"name":"Telinha","@id":"https:\/\/portaltela.pt\/#\/schema\/person\/c4278d4a6028830caff9ee44b42d32ed"},"headline":"Fran\u00e7a e Bulg\u00e1ria vencem t\u00edtulos europeus de equipas de badminton","datePublished":"2026-02-15T20:37:31+00:00","mainEntityOfPage":{"@id":"https:\/\/portaltela.pt\/noticias\/2026\/02\/15\/franca-e-bulgaria-vencem-titulos-europeus-de-equipas-de-badminton\/"},"wordCount":169,"image":{"@id":"https:\/\/portaltela.pt\/noticias\/2026\/02\/15\/franca-e-bulgaria-vencem-titulos-europeus-de-equipas-de-badminton\/#primaryimage"},"thumbnailUrl":"https:\/\/portaltela.pt\/s.01k8rhncp4jt1\/2026\/02\/img_920x518uu2026-02-15-20-37-03-2421847-im-639067846394945146.jpg","keywords":["Bulg\u00e1ria","Dinamarca","Fran\u00e7a","Su\u00e9cia","Turquia","Ucr\u00e2nia"],"articleSection":["Desporto"],"inLanguage":"pt-PT"},{"@type":"WebPage","@id":"https:\/\/portaltela.pt\/noticias\/2026\/02\/15\/franca-e-bulgaria-vencem-titulos-europeus-de-equipas-de-badminton\/","url":"https:\/\/portaltela.pt\/noticias\/2026\/02\/15\/franca-e-bulgaria-vencem-titulos-europeus-de-equipas-de-badminton\/","name":"Fran\u00e7a e Bulg\u00e1ria vencem t\u00edtulos europeus de equipas de badminton - Portal Tela Portugal","isPartOf":{"@id":"https:\/\/portaltela.pt\/#website"},"primaryImageOfPage":{"@id":"https:\/\/portaltela.pt\/noticias\/2026\/02\/15\/franca-e-bulgaria-vencem-titulos-europeus-de-equipas-de-badminton\/#primaryimage"},"image":{"@id":"https:\/\/portaltela.pt\/noticias\/2026\/02\/15\/franca-e-bulgaria-vencem-titulos-europeus-de-equipas-de-badminton\/#primaryimage"},"thumbnailUrl":"https:\/\/portaltela.pt\/s.01k8rhncp4jt1\/2026\/02\/img_920x518uu2026-02-15-20-37-03-2421847-im-639067846394945146.jpg","datePublished":"2026-02-15T20:37:31+00:00","author":{"@id":"https:\/\/portaltela.pt\/#\/schema\/person\/c4278d4a6028830caff9ee44b42d32ed"},"breadcrumb":{"@id":"https:\/\/portaltela.pt\/noticias\/2026\/02\/15\/franca-e-bulgaria-vencem-titulos-europeus-de-equipas-de-badminton\/#breadcrumb"},"inLanguage":"pt-PT","potentialAction":[{"@type":"ReadAction","target":["https:\/\/portaltela.pt\/noticias\/2026\/02\/15\/franca-e-bulgaria-vencem-titulos-europeus-de-equipas-de-badminton\/"]}]},{"@type":"ImageObject","inLanguage":"pt-PT","@id":"https:\/\/portaltela.pt\/noticias\/2026\/02\/15\/franca-e-bulgaria-vencem-titulos-europeus-de-equipas-de-badminton\/#primaryimage","url":"https:\/\/portaltela.pt\/s.01k8rhncp4jt1\/2026\/02\/img_920x518uu2026-02-15-20-37-03-2421847-im-639067846394945146.jpg","contentUrl":"https:\/\/portaltela.pt\/s.01k8rhncp4jt1\/2026\/02\/img_920x518uu2026-02-15-20-37-03-2421847-im-639067846394945146.jpg","width":796,"height":448,"caption":"Fran\u00e7a celebra conquista do t\u00edtulo europeu de badminton"},{"@type":"BreadcrumbList","@id":"https:\/\/portaltela.pt\/noticias\/2026\/02\/15\/franca-e-bulgaria-vencem-titulos-europeus-de-equipas-de-badminton\/#breadcrumb","itemListElement":[{"@type":"ListItem","position":1,"name":"In\u00edcio","item":"https:\/\/portaltela.pt\/"},{"@type":"ListItem","position":2,"name":"Fran\u00e7a e Bulg\u00e1ria vencem t\u00edtulos europeus de equipas de badminton"}]},{"@type":"WebSite","@id":"https:\/\/portaltela.pt\/#website","url":"https:\/\/portaltela.pt\/","name":"Portal Tela Portugal","description":"","potentialAction":[{"@type":"SearchAction","target":{"@type":"EntryPoint","urlTemplate":"https:\/\/portaltela.pt\/?s={search_term_string}"},"query-input":{"@type":"PropertyValueSpecification","valueRequired":true,"valueName":"search_term_string"}}],"inLanguage":"pt-PT"},{"@type":"Person","@id":"https:\/\/portaltela.pt\/#\/schema\/person\/c4278d4a6028830caff9ee44b42d32ed","name":"Telinha","image":{"@type":"ImageObject","inLanguage":"pt-PT","@id":"https:\/\/portaltela.pt\/s.01k8rhncp4jt1\/2025\/11\/talking-bot-125x125.png","url":"https:\/\/portaltela.pt\/s.01k8rhncp4jt1\/2025\/11\/talking-bot-125x125.png","contentUrl":"https:\/\/portaltela.pt\/s.01k8rhncp4jt1\/2025\/11\/talking-bot-125x125.png","caption":"Telinha"},"sameAs":["https:\/\/portaltela.pt\/"],"url":"https:\/\/portaltela.pt\/por\/367410592786\/"}]}},"_links":{"self":[{"href":"https:\/\/portaltela.pt\/api\/wp\/v2\/posts\/213737","targetHints":{"allow":["GET"]}}],"collection":[{"href":"https:\/\/portaltela.pt\/api\/wp\/v2\/posts"}],"about":[{"href":"https:\/\/portaltela.pt\/api\/wp\/v2\/types\/post"}],"author":[{"embeddable":true,"href":"https:\/\/portaltela.pt\/api\/wp\/v2\/users\/2"}],"replies":[{"embeddable":true,"href":"https:\/\/portaltela.pt\/api\/wp\/v2\/comments?post=213737"}],"version-history":[{"count":0,"href":"https:\/\/portaltela.pt\/api\/wp\/v2\/posts\/213737\/revisions"}],"wp:featuredmedia":[{"embeddable":true,"href":"https:\/\/portaltela.pt\/api\/wp\/v2\/media\/213740"}],"wp:attachment":[{"href":"https:\/\/portaltela.pt\/api\/wp\/v2\/media?parent=213737"}],"wp:term":[{"taxonomy":"category","embeddable":true,"href":"https:\/\/portaltela.pt\/api\/wp\/v2\/categories?post=213737"},{"taxonomy":"post_tag","embeddable":true,"href":"https:\/\/portaltela.pt\/api\/wp\/v2\/tags?post=213737"}],"curies":[{"name":"wp","href":"https:\/\/api.w.org\/{rel}","templated":true}]}}