{"id":213732,"date":"2026-02-15T17:22:34","date_gmt":"2026-02-15T20:22:34","guid":{"rendered":"https:\/\/portaltela.pt\/noticias\/2026\/02\/15\/benfica-revela-nova-abordagem-tatica-com-rafa-a-mudar-o-jogo\/"},"modified":"2026-02-15T17:22:34","modified_gmt":"2026-02-15T20:22:34","slug":"benfica-revela-nova-abordagem-tatica-com-rafa-a-mudar-o-jogo","status":"publish","type":"post","link":"https:\/\/portaltela.pt\/desporto\/futebol\/2026\/02\/15\/benfica-revela-nova-abordagem-tatica-com-rafa-a-mudar-o-jogo\/","title":{"rendered":"Benfica revela nova abordagem t\u00e1tica com Rafa a mudar o jogo"},"content":{"rendered":"<p>Benfica apresentou uma mudan\u00e7a relevante no eixo ofensivo. Nos \u00faltimos dois jogos, Rafa Silva foi titular, ocupando o lugar que era de Sudakov. A adapta\u00e7\u00e3o t\u00e1tica busca intensificar a press\u00e3o e a din\u00e2mica no ataque.<\/p>\n<p>Rui Malheiro explica que o avan\u00e7ado cria perigo real ao arrancar com velocidade e a abrir espa\u00e7o para os colegas. A presen\u00e7a de Rafa aumenta a mobilidade ofensiva e aumenta as op\u00e7\u00f5es de ataque do time.<\/p>\n<p>Dados da GoalPoint ajudam a sustentar a leitura: Rafa come\u00e7a a carregar a equipa, conduzindo as jogadas de ataque com maior atividade e chegada \u00e0 linha final. O estilo difere do observado com o internacional ucraniano.<\/p>\n<p>Mourinho espera que Rafa mantenha este n\u00edvel de impacto, contribuindo para o equil\u00edbrio entre aspeto defensivo e ofensivo da equipa. A evolu\u00e7\u00e3o do posicionamento do atleta aponta para uma nova abordagem t\u00e1tica.<\/p>\n","protected":false},"excerpt":{"rendered":"<ul>\n<li>Rafa Silva tem sido titular nos dois \u00faltimos jogos do Benfica, substituindo Sudakov.<\/li>\n<li>O jogador j\u00e1 influenciou o funcionamento da equipa, com arrancadas que elevam o n\u00edvel de ataque.<\/li>\n<li>Rui Malheiro explica que Rafa cria \u201cperigo real\u201d para as defesas advers\u00e1rias.<\/li>\n<li>Dados da GoalPoint indicam que Rafa come\u00e7a a carregar o jogo da equipa nos momentos de ataque.<\/li>\n<li>O estilo de ataque de Rafa difere do de Sudakov, refletindo uma mudan\u00e7a no modo de jogar do Benfica.<\/li>\n<\/ul>\n","protected":false},"author":2,"featured_media":213734,"comment_status":"closed","ping_status":"closed","sticky":false,"template":"","format":"standard","meta":{"footnotes":""},"categories":[21,24],"tags":[5267,1946,152,4458,4456,32],"class_list":["post-213732","post","type-post","status-publish","format-standard","has-post-thumbnail","hentry","category-desporto","category-futebol","tag-ataques","tag-benfica","tag-desporto","tag-desporto-federado-adaptado","tag-desporto-federado-individual-e-coletivo","tag-futebol"],"yoast_head":"<!-- This site is optimized with the Yoast SEO plugin v27.2 - https:\/\/yoast.com\/product\/yoast-seo-wordpress\/ -->\n<title>Benfica revela nova abordagem t\u00e1tica com Rafa a mudar o jogo - Portal Tela Portugal<\/title>\n<meta name=\"robots\" content=\"index, follow, max-snippet:-1, max-image-preview:large, max-video-preview:-1\" \/>\n<meta property=\"og:locale\" content=\"pt_PT\" \/>\n<meta property=\"og:type\" content=\"article\" \/>\n<meta property=\"og:title\" content=\"Benfica revela nova abordagem t\u00e1tica com Rafa a mudar o jogo - Portal Tela Portugal\" \/>\n<meta property=\"og:description\" content=\"Rafa Silva tem sido titular nos dois \u00faltimos jogos do Benfica, substituindo Sudakov. O jogador j\u00e1 influenciou o funcionamento da equipa, com arrancadas que elevam o n\u00edvel de ataque. Rui Malheiro explica que Rafa cria \u201cperigo real\u201d para as defesas advers\u00e1rias. Dados da GoalPoint indicam que Rafa come\u00e7a a carregar o jogo da equipa nos momentos de ataque. O estilo de ataque de Rafa difere do de Sudakov, refletindo uma mudan\u00e7a no modo de jogar do Benfica.\" \/>\n<meta property=\"og:url\" content=\"https:\/\/portaltela.pt\/noticias\/2026\/02\/15\/benfica-revela-nova-abordagem-tatica-com-rafa-a-mudar-o-jogo\/\" \/>\n<meta property=\"og:site_name\" content=\"Portal Tela Portugal\" \/>\n<meta property=\"article:published_time\" content=\"2026-02-15T20:22:34+00:00\" \/>\n<meta name=\"author\" content=\"Telinha\" \/>\n<meta name=\"twitter:card\" content=\"summary_large_image\" \/>\n<meta name=\"twitter:label1\" content=\"Escrito por\" \/>\n\t<meta name=\"twitter:data1\" content=\"Telinha\" \/>\n\t<meta name=\"twitter:label2\" content=\"Tempo estimado de leitura\" \/>\n\t<meta name=\"twitter:data2\" content=\"1 minuto\" \/>\n<script type=\"application\/ld+json\" class=\"yoast-schema-graph\">{\"@context\":\"https:\/\/schema.org\",\"@graph\":[{\"@type\":\"Article\",\"@id\":\"https:\/\/portaltela.pt\/noticias\/2026\/02\/15\/benfica-revela-nova-abordagem-tatica-com-rafa-a-mudar-o-jogo\/#article\",\"isPartOf\":{\"@id\":\"https:\/\/portaltela.pt\/noticias\/2026\/02\/15\/benfica-revela-nova-abordagem-tatica-com-rafa-a-mudar-o-jogo\/\"},\"author\":{\"name\":\"Telinha\",\"@id\":\"https:\/\/portaltela.pt\/#\/schema\/person\/c4278d4a6028830caff9ee44b42d32ed\"},\"headline\":\"Benfica revela nova abordagem t\u00e1tica com Rafa a mudar o jogo\",\"datePublished\":\"2026-02-15T20:22:34+00:00\",\"mainEntityOfPage\":{\"@id\":\"https:\/\/portaltela.pt\/noticias\/2026\/02\/15\/benfica-revela-nova-abordagem-tatica-com-rafa-a-mudar-o-jogo\/\"},\"wordCount\":164,\"image\":{\"@id\":\"https:\/\/portaltela.pt\/noticias\/2026\/02\/15\/benfica-revela-nova-abordagem-tatica-com-rafa-a-mudar-o-jogo\/#primaryimage\"},\"thumbnailUrl\":\"https:\/\/portaltela.pt\/s.01k8rhncp4jt1\/2026\/02\/img_920x518uu2026-02-15-20-20-56-2421846.jpg\",\"keywords\":[\"ataques\",\"Benfica\",\"desporto\",\"Desporto Federado Adaptado\",\"Desporto Federado Individual e Coletivo\",\"futebol\"],\"articleSection\":[\"Desporto\",\"Futebol\"],\"inLanguage\":\"pt-PT\"},{\"@type\":\"WebPage\",\"@id\":\"https:\/\/portaltela.pt\/noticias\/2026\/02\/15\/benfica-revela-nova-abordagem-tatica-com-rafa-a-mudar-o-jogo\/\",\"url\":\"https:\/\/portaltela.pt\/noticias\/2026\/02\/15\/benfica-revela-nova-abordagem-tatica-com-rafa-a-mudar-o-jogo\/\",\"name\":\"Benfica revela nova abordagem t\u00e1tica com Rafa a mudar o jogo - Portal Tela Portugal\",\"isPartOf\":{\"@id\":\"https:\/\/portaltela.pt\/#website\"},\"primaryImageOfPage\":{\"@id\":\"https:\/\/portaltela.pt\/noticias\/2026\/02\/15\/benfica-revela-nova-abordagem-tatica-com-rafa-a-mudar-o-jogo\/#primaryimage\"},\"image\":{\"@id\":\"https:\/\/portaltela.pt\/noticias\/2026\/02\/15\/benfica-revela-nova-abordagem-tatica-com-rafa-a-mudar-o-jogo\/#primaryimage\"},\"thumbnailUrl\":\"https:\/\/portaltela.pt\/s.01k8rhncp4jt1\/2026\/02\/img_920x518uu2026-02-15-20-20-56-2421846.jpg\",\"datePublished\":\"2026-02-15T20:22:34+00:00\",\"author\":{\"@id\":\"https:\/\/portaltela.pt\/#\/schema\/person\/c4278d4a6028830caff9ee44b42d32ed\"},\"breadcrumb\":{\"@id\":\"https:\/\/portaltela.pt\/noticias\/2026\/02\/15\/benfica-revela-nova-abordagem-tatica-com-rafa-a-mudar-o-jogo\/#breadcrumb\"},\"inLanguage\":\"pt-PT\",\"potentialAction\":[{\"@type\":\"ReadAction\",\"target\":[\"https:\/\/portaltela.pt\/noticias\/2026\/02\/15\/benfica-revela-nova-abordagem-tatica-com-rafa-a-mudar-o-jogo\/\"]}]},{\"@type\":\"ImageObject\",\"inLanguage\":\"pt-PT\",\"@id\":\"https:\/\/portaltela.pt\/noticias\/2026\/02\/15\/benfica-revela-nova-abordagem-tatica-com-rafa-a-mudar-o-jogo\/#primaryimage\",\"url\":\"https:\/\/portaltela.pt\/s.01k8rhncp4jt1\/2026\/02\/img_920x518uu2026-02-15-20-20-56-2421846.jpg\",\"contentUrl\":\"https:\/\/portaltela.pt\/s.01k8rhncp4jt1\/2026\/02\/img_920x518uu2026-02-15-20-20-56-2421846.jpg\",\"width\":796,\"height\":448,\"caption\":\"Rafa Silva durante o Santa Clara-Benfica\"},{\"@type\":\"BreadcrumbList\",\"@id\":\"https:\/\/portaltela.pt\/noticias\/2026\/02\/15\/benfica-revela-nova-abordagem-tatica-com-rafa-a-mudar-o-jogo\/#breadcrumb\",\"itemListElement\":[{\"@type\":\"ListItem\",\"position\":1,\"name\":\"In\u00edcio\",\"item\":\"https:\/\/portaltela.pt\/\"},{\"@type\":\"ListItem\",\"position\":2,\"name\":\"Benfica revela nova abordagem t\u00e1tica com Rafa a mudar o jogo\"}]},{\"@type\":\"WebSite\",\"@id\":\"https:\/\/portaltela.pt\/#website\",\"url\":\"https:\/\/portaltela.pt\/\",\"name\":\"Portal Tela Portugal\",\"description\":\"\",\"potentialAction\":[{\"@type\":\"SearchAction\",\"target\":{\"@type\":\"EntryPoint\",\"urlTemplate\":\"https:\/\/portaltela.pt\/?s={search_term_string}\"},\"query-input\":{\"@type\":\"PropertyValueSpecification\",\"valueRequired\":true,\"valueName\":\"search_term_string\"}}],\"inLanguage\":\"pt-PT\"},{\"@type\":\"Person\",\"@id\":\"https:\/\/portaltela.pt\/#\/schema\/person\/c4278d4a6028830caff9ee44b42d32ed\",\"name\":\"Telinha\",\"image\":{\"@type\":\"ImageObject\",\"inLanguage\":\"pt-PT\",\"@id\":\"https:\/\/portaltela.pt\/s.01k8rhncp4jt1\/2025\/11\/talking-bot-125x125.png\",\"url\":\"https:\/\/portaltela.pt\/s.01k8rhncp4jt1\/2025\/11\/talking-bot-125x125.png\",\"contentUrl\":\"https:\/\/portaltela.pt\/s.01k8rhncp4jt1\/2025\/11\/talking-bot-125x125.png\",\"caption\":\"Telinha\"},\"sameAs\":[\"https:\/\/portaltela.pt\/\"],\"url\":\"https:\/\/portaltela.pt\/por\/367410592786\/\"}]}<\/script>\n<!-- \/ Yoast SEO plugin. -->","yoast_head_json":{"title":"Benfica revela nova abordagem t\u00e1tica com Rafa a mudar o jogo - Portal Tela Portugal","robots":{"index":"index","follow":"follow","max-snippet":"max-snippet:-1","max-image-preview":"max-image-preview:large","max-video-preview":"max-video-preview:-1"},"og_locale":"pt_PT","og_type":"article","og_title":"Benfica revela nova abordagem t\u00e1tica com Rafa a mudar o jogo - Portal Tela Portugal","og_description":"Rafa Silva tem sido titular nos dois \u00faltimos jogos do Benfica, substituindo Sudakov. O jogador j\u00e1 influenciou o funcionamento da equipa, com arrancadas que elevam o n\u00edvel de ataque. Rui Malheiro explica que Rafa cria \u201cperigo real\u201d para as defesas advers\u00e1rias. Dados da GoalPoint indicam que Rafa come\u00e7a a carregar o jogo da equipa nos momentos de ataque. O estilo de ataque de Rafa difere do de Sudakov, refletindo uma mudan\u00e7a no modo de jogar do Benfica.","og_url":"https:\/\/portaltela.pt\/noticias\/2026\/02\/15\/benfica-revela-nova-abordagem-tatica-com-rafa-a-mudar-o-jogo\/","og_site_name":"Portal Tela Portugal","article_published_time":"2026-02-15T20:22:34+00:00","author":"Telinha","twitter_card":"summary_large_image","twitter_misc":{"Escrito por":"Telinha","Tempo estimado de leitura":"1 minuto"},"schema":{"@context":"https:\/\/schema.org","@graph":[{"@type":"Article","@id":"https:\/\/portaltela.pt\/noticias\/2026\/02\/15\/benfica-revela-nova-abordagem-tatica-com-rafa-a-mudar-o-jogo\/#article","isPartOf":{"@id":"https:\/\/portaltela.pt\/noticias\/2026\/02\/15\/benfica-revela-nova-abordagem-tatica-com-rafa-a-mudar-o-jogo\/"},"author":{"name":"Telinha","@id":"https:\/\/portaltela.pt\/#\/schema\/person\/c4278d4a6028830caff9ee44b42d32ed"},"headline":"Benfica revela nova abordagem t\u00e1tica com Rafa a mudar o jogo","datePublished":"2026-02-15T20:22:34+00:00","mainEntityOfPage":{"@id":"https:\/\/portaltela.pt\/noticias\/2026\/02\/15\/benfica-revela-nova-abordagem-tatica-com-rafa-a-mudar-o-jogo\/"},"wordCount":164,"image":{"@id":"https:\/\/portaltela.pt\/noticias\/2026\/02\/15\/benfica-revela-nova-abordagem-tatica-com-rafa-a-mudar-o-jogo\/#primaryimage"},"thumbnailUrl":"https:\/\/portaltela.pt\/s.01k8rhncp4jt1\/2026\/02\/img_920x518uu2026-02-15-20-20-56-2421846.jpg","keywords":["ataques","Benfica","desporto","Desporto Federado Adaptado","Desporto Federado Individual e Coletivo","futebol"],"articleSection":["Desporto","Futebol"],"inLanguage":"pt-PT"},{"@type":"WebPage","@id":"https:\/\/portaltela.pt\/noticias\/2026\/02\/15\/benfica-revela-nova-abordagem-tatica-com-rafa-a-mudar-o-jogo\/","url":"https:\/\/portaltela.pt\/noticias\/2026\/02\/15\/benfica-revela-nova-abordagem-tatica-com-rafa-a-mudar-o-jogo\/","name":"Benfica revela nova abordagem t\u00e1tica com Rafa a mudar o jogo - Portal Tela Portugal","isPartOf":{"@id":"https:\/\/portaltela.pt\/#website"},"primaryImageOfPage":{"@id":"https:\/\/portaltela.pt\/noticias\/2026\/02\/15\/benfica-revela-nova-abordagem-tatica-com-rafa-a-mudar-o-jogo\/#primaryimage"},"image":{"@id":"https:\/\/portaltela.pt\/noticias\/2026\/02\/15\/benfica-revela-nova-abordagem-tatica-com-rafa-a-mudar-o-jogo\/#primaryimage"},"thumbnailUrl":"https:\/\/portaltela.pt\/s.01k8rhncp4jt1\/2026\/02\/img_920x518uu2026-02-15-20-20-56-2421846.jpg","datePublished":"2026-02-15T20:22:34+00:00","author":{"@id":"https:\/\/portaltela.pt\/#\/schema\/person\/c4278d4a6028830caff9ee44b42d32ed"},"breadcrumb":{"@id":"https:\/\/portaltela.pt\/noticias\/2026\/02\/15\/benfica-revela-nova-abordagem-tatica-com-rafa-a-mudar-o-jogo\/#breadcrumb"},"inLanguage":"pt-PT","potentialAction":[{"@type":"ReadAction","target":["https:\/\/portaltela.pt\/noticias\/2026\/02\/15\/benfica-revela-nova-abordagem-tatica-com-rafa-a-mudar-o-jogo\/"]}]},{"@type":"ImageObject","inLanguage":"pt-PT","@id":"https:\/\/portaltela.pt\/noticias\/2026\/02\/15\/benfica-revela-nova-abordagem-tatica-com-rafa-a-mudar-o-jogo\/#primaryimage","url":"https:\/\/portaltela.pt\/s.01k8rhncp4jt1\/2026\/02\/img_920x518uu2026-02-15-20-20-56-2421846.jpg","contentUrl":"https:\/\/portaltela.pt\/s.01k8rhncp4jt1\/2026\/02\/img_920x518uu2026-02-15-20-20-56-2421846.jpg","width":796,"height":448,"caption":"Rafa Silva durante o Santa Clara-Benfica"},{"@type":"BreadcrumbList","@id":"https:\/\/portaltela.pt\/noticias\/2026\/02\/15\/benfica-revela-nova-abordagem-tatica-com-rafa-a-mudar-o-jogo\/#breadcrumb","itemListElement":[{"@type":"ListItem","position":1,"name":"In\u00edcio","item":"https:\/\/portaltela.pt\/"},{"@type":"ListItem","position":2,"name":"Benfica revela nova abordagem t\u00e1tica com Rafa a mudar o jogo"}]},{"@type":"WebSite","@id":"https:\/\/portaltela.pt\/#website","url":"https:\/\/portaltela.pt\/","name":"Portal Tela Portugal","description":"","potentialAction":[{"@type":"SearchAction","target":{"@type":"EntryPoint","urlTemplate":"https:\/\/portaltela.pt\/?s={search_term_string}"},"query-input":{"@type":"PropertyValueSpecification","valueRequired":true,"valueName":"search_term_string"}}],"inLanguage":"pt-PT"},{"@type":"Person","@id":"https:\/\/portaltela.pt\/#\/schema\/person\/c4278d4a6028830caff9ee44b42d32ed","name":"Telinha","image":{"@type":"ImageObject","inLanguage":"pt-PT","@id":"https:\/\/portaltela.pt\/s.01k8rhncp4jt1\/2025\/11\/talking-bot-125x125.png","url":"https:\/\/portaltela.pt\/s.01k8rhncp4jt1\/2025\/11\/talking-bot-125x125.png","contentUrl":"https:\/\/portaltela.pt\/s.01k8rhncp4jt1\/2025\/11\/talking-bot-125x125.png","caption":"Telinha"},"sameAs":["https:\/\/portaltela.pt\/"],"url":"https:\/\/portaltela.pt\/por\/367410592786\/"}]}},"_links":{"self":[{"href":"https:\/\/portaltela.pt\/api\/wp\/v2\/posts\/213732","targetHints":{"allow":["GET"]}}],"collection":[{"href":"https:\/\/portaltela.pt\/api\/wp\/v2\/posts"}],"about":[{"href":"https:\/\/portaltela.pt\/api\/wp\/v2\/types\/post"}],"author":[{"embeddable":true,"href":"https:\/\/portaltela.pt\/api\/wp\/v2\/users\/2"}],"replies":[{"embeddable":true,"href":"https:\/\/portaltela.pt\/api\/wp\/v2\/comments?post=213732"}],"version-history":[{"count":0,"href":"https:\/\/portaltela.pt\/api\/wp\/v2\/posts\/213732\/revisions"}],"wp:featuredmedia":[{"embeddable":true,"href":"https:\/\/portaltela.pt\/api\/wp\/v2\/media\/213734"}],"wp:attachment":[{"href":"https:\/\/portaltela.pt\/api\/wp\/v2\/media?parent=213732"}],"wp:term":[{"taxonomy":"category","embeddable":true,"href":"https:\/\/portaltela.pt\/api\/wp\/v2\/categories?post=213732"},{"taxonomy":"post_tag","embeddable":true,"href":"https:\/\/portaltela.pt\/api\/wp\/v2\/tags?post=213732"}],"curies":[{"name":"wp","href":"https:\/\/api.w.org\/{rel}","templated":true}]}}