{"id":213729,"date":"2026-02-15T17:06:00","date_gmt":"2026-02-15T20:06:00","guid":{"rendered":"https:\/\/portaltela.pt\/noticias\/2026\/02\/15\/cne-nao-regista-outros-incidentes-alem-da-interrupcao-em-bidoeira-de-cima\/"},"modified":"2026-02-15T17:06:00","modified_gmt":"2026-02-15T20:06:00","slug":"cne-nao-regista-outros-incidentes-alem-da-interrupcao-em-bidoeira-de-cima","status":"publish","type":"post","link":"https:\/\/portaltela.pt\/noticias\/politica\/2026\/02\/15\/cne-nao-regista-outros-incidentes-alem-da-interrupcao-em-bidoeira-de-cima\/","title":{"rendered":"CNE n\u00e3o regista outros incidentes al\u00e9m da interrup\u00e7\u00e3o em Bidoeira de Cima"},"content":{"rendered":"<p>A vota\u00e7\u00e3o para a segunda volta das elei\u00e7\u00f5es presidenciais decorreu este domingo nas freguesias, com a Comiss\u00e3o Nacional de Elei\u00e7\u00f5es (CNE) a indicar que n\u00e3o houve incidentes relevantes al\u00e9m de uma interrup\u00e7\u00e3o em Bidoeira de Cima, no distrito de Leiria. O processo decorreu sem registos de problemas adicionais, at\u00e9 ao fecho das assembleias de voto.<\/p>\n<p>O porta-voz da CNE, Andr\u00e9 Wemans, disse \u00e0 Lusa que n\u00e3o chegou \u00e0 comiss\u00e3o qualquer outro incidente e que o funcionamento esteve normal at\u00e9 as 19h. A interrup\u00e7\u00e3o em Bidoeira de Cima ocorreu uma hora ap\u00f3s a abertura, obrigando a suspender temporariamente a vota\u00e7\u00e3o. A vota\u00e7\u00e3o foi restabelecida \u00e0s 11h35.<\/p>\n<h3>Vota\u00e7\u00f5es adiadas e situa\u00e7\u00f5es registadas<\/h3>\n<p>A segunda volta realizou-se em 20 freguesias e sec\u00e7\u00f5es de voto onde a vota\u00e7\u00e3o foi adiada uma semana por causa das tempestades, envolvendo cerca de 36 mil inscritos. Em Alc\u00e1cer do Sal, Arruda dos Vinhos e Goleg\u00e3 houve registo de adiamento de vota\u00e7\u00f5es.<\/p>\n<p>Al\u00e9m destes concelhos, houve adiamento em duas sec\u00e7\u00f5es de Santar\u00e9m, numa freguesia e numa sec\u00e7\u00e3o de Rio Maior, uma freguesia do Cartaxo, outra de Salvaterra de Magos, e mais uma de Leiria.<\/p>\n<h3>Resultados provis\u00f3rios<\/h3>\n<p>Os resultados provis\u00f3rios, divulgados pela Secretaria-Geral do Minist\u00e9rio da Administra\u00e7\u00e3o Interna, apontam Ant\u00f3nio Jos\u00e9 Seguro como presidente da Rep\u00fablica com 66,83% dos votos expressos, face a 33,17% de Andr\u00e9 Ventura.<\/p>\n","protected":false},"excerpt":{"rendered":"<ul>\n<li>A vota\u00e7\u00e3o para a segunda volta nas freguesias que votaram este domingo decorreu sem incidentes aparte de uma interrup\u00e7\u00e3o em Bidoeira de Cima, Leiria, devido a uma falha de energia.<\/li>\n<li>A vota\u00e7\u00e3o esteve a funcionar at\u00e9 ao fecho das assembleias de voto, \u00e0s 19 horas, e foi restabelecida a tudo o que estava a funcionar.<\/li>\n<li>A segunda volta ocorreu em vinte freguesias e sec\u00e7\u00f5es de voto com vota\u00e7\u00e3o adiada uma semana por causa das tempestades, envolvendo cerca de 36 mil eleitores inscritos.<\/li>\n<li>Os atrasos verificaram-se em Alc\u00e1cer do Sal (seis freguesias), Arruda dos Vinhos (quatro freguesias) e Goleg\u00e3 (tr\u00eas freguesias), al\u00e9m de adiamentos noutras freguesias em Santar\u00e9m, Rio Maior, Cartaxo, Salvaterra de Magos e Leiria.<\/li>\n<li>Resultados provis\u00f3rios da Secretaria-Geral do Minist\u00e9rio da Administra\u00e7\u00e3o Interna indicam Ant\u00f3nio Jos\u00e9 Seguro presidente da Rep\u00fablica, com 66,83% dos votos expressos, contra 33,17% de Andr\u00e9 Ventura.<\/li>\n<\/ul>\n","protected":false},"author":2,"featured_media":213730,"comment_status":"closed","ping_status":"closed","sticky":false,"template":"","format":"standard","meta":{"footnotes":""},"categories":[1,5],"tags":[2696,68,1385,2832,30,898],"class_list":["post-213729","post","type-post","status-publish","format-standard","has-post-thumbnail","hentry","category-noticias","category-politica","tag-cartaxo","tag-eleicoes","tag-leiria","tag-politica","tag-presidente","tag-santarem"],"yoast_head":"<!-- This site is optimized with the Yoast SEO plugin v27.2 - https:\/\/yoast.com\/product\/yoast-seo-wordpress\/ -->\n<title>CNE n\u00e3o regista outros incidentes al\u00e9m da interrup\u00e7\u00e3o em Bidoeira de Cima - Portal Tela Portugal<\/title>\n<meta name=\"robots\" content=\"index, follow, max-snippet:-1, max-image-preview:large, max-video-preview:-1\" \/>\n<meta property=\"og:locale\" content=\"pt_PT\" \/>\n<meta property=\"og:type\" content=\"article\" \/>\n<meta property=\"og:title\" content=\"CNE n\u00e3o regista outros incidentes al\u00e9m da interrup\u00e7\u00e3o em Bidoeira de Cima - Portal Tela Portugal\" \/>\n<meta property=\"og:description\" content=\"A vota\u00e7\u00e3o para a segunda volta nas freguesias que votaram este domingo decorreu sem incidentes aparte de uma interrup\u00e7\u00e3o em Bidoeira de Cima, Leiria, devido a uma falha de energia. A vota\u00e7\u00e3o esteve a funcionar at\u00e9 ao fecho das assembleias de voto, \u00e0s 19 horas, e foi restabelecida a tudo o que estava a funcionar. A segunda volta ocorreu em vinte freguesias e sec\u00e7\u00f5es de voto com vota\u00e7\u00e3o adiada uma semana por causa das tempestades, envolvendo cerca de 36 mil eleitores inscritos. Os atrasos verificaram-se em Alc\u00e1cer do Sal (seis freguesias), Arruda dos Vinhos (quatro freguesias) e Goleg\u00e3 (tr\u00eas freguesias), al\u00e9m de adiamentos noutras freguesias em Santar\u00e9m, Rio Maior, Cartaxo, Salvaterra de Magos e Leiria. Resultados provis\u00f3rios da Secretaria-Geral do Minist\u00e9rio da Administra\u00e7\u00e3o Interna indicam Ant\u00f3nio Jos\u00e9 Seguro presidente da Rep\u00fablica, com 66,83% dos votos expressos, contra 33,17% de Andr\u00e9 Ventura.\" \/>\n<meta property=\"og:url\" content=\"https:\/\/portaltela.pt\/noticias\/2026\/02\/15\/cne-nao-regista-outros-incidentes-alem-da-interrupcao-em-bidoeira-de-cima\/\" \/>\n<meta property=\"og:site_name\" content=\"Portal Tela Portugal\" \/>\n<meta property=\"article:published_time\" content=\"2026-02-15T20:06:00+00:00\" \/>\n<meta name=\"author\" content=\"Telinha\" \/>\n<meta name=\"twitter:card\" content=\"summary_large_image\" \/>\n<meta name=\"twitter:label1\" content=\"Escrito por\" \/>\n\t<meta name=\"twitter:data1\" content=\"Telinha\" \/>\n\t<meta name=\"twitter:label2\" content=\"Tempo estimado de leitura\" \/>\n\t<meta name=\"twitter:data2\" content=\"1 minuto\" \/>\n<script type=\"application\/ld+json\" class=\"yoast-schema-graph\">{\"@context\":\"https:\/\/schema.org\",\"@graph\":[{\"@type\":\"Article\",\"@id\":\"https:\/\/portaltela.pt\/noticias\/2026\/02\/15\/cne-nao-regista-outros-incidentes-alem-da-interrupcao-em-bidoeira-de-cima\/#article\",\"isPartOf\":{\"@id\":\"https:\/\/portaltela.pt\/noticias\/2026\/02\/15\/cne-nao-regista-outros-incidentes-alem-da-interrupcao-em-bidoeira-de-cima\/\"},\"author\":{\"name\":\"Telinha\",\"@id\":\"https:\/\/portaltela.pt\/#\/schema\/person\/c4278d4a6028830caff9ee44b42d32ed\"},\"headline\":\"CNE n\u00e3o regista outros incidentes al\u00e9m da interrup\u00e7\u00e3o em Bidoeira de Cima\",\"datePublished\":\"2026-02-15T20:06:00+00:00\",\"mainEntityOfPage\":{\"@id\":\"https:\/\/portaltela.pt\/noticias\/2026\/02\/15\/cne-nao-regista-outros-incidentes-alem-da-interrupcao-em-bidoeira-de-cima\/\"},\"wordCount\":255,\"image\":{\"@id\":\"https:\/\/portaltela.pt\/noticias\/2026\/02\/15\/cne-nao-regista-outros-incidentes-alem-da-interrupcao-em-bidoeira-de-cima\/#primaryimage\"},\"thumbnailUrl\":\"https:\/\/portaltela.pt\/s.01k8rhncp4jt1\/2026\/02\/image-1193.jpg\",\"keywords\":[\"Cartaxo\",\"elei\u00e7\u00f5es\",\"Leiria\",\"pol\u00edtica\",\"presidente\",\"Santar\u00e9m\"],\"articleSection\":[\"Not\u00edcias\",\"Pol\u00edtica\"],\"inLanguage\":\"pt-PT\"},{\"@type\":\"WebPage\",\"@id\":\"https:\/\/portaltela.pt\/noticias\/2026\/02\/15\/cne-nao-regista-outros-incidentes-alem-da-interrupcao-em-bidoeira-de-cima\/\",\"url\":\"https:\/\/portaltela.pt\/noticias\/2026\/02\/15\/cne-nao-regista-outros-incidentes-alem-da-interrupcao-em-bidoeira-de-cima\/\",\"name\":\"CNE n\u00e3o regista outros incidentes al\u00e9m da interrup\u00e7\u00e3o em Bidoeira de Cima - Portal Tela Portugal\",\"isPartOf\":{\"@id\":\"https:\/\/portaltela.pt\/#website\"},\"primaryImageOfPage\":{\"@id\":\"https:\/\/portaltela.pt\/noticias\/2026\/02\/15\/cne-nao-regista-outros-incidentes-alem-da-interrupcao-em-bidoeira-de-cima\/#primaryimage\"},\"image\":{\"@id\":\"https:\/\/portaltela.pt\/noticias\/2026\/02\/15\/cne-nao-regista-outros-incidentes-alem-da-interrupcao-em-bidoeira-de-cima\/#primaryimage\"},\"thumbnailUrl\":\"https:\/\/portaltela.pt\/s.01k8rhncp4jt1\/2026\/02\/image-1193.jpg\",\"datePublished\":\"2026-02-15T20:06:00+00:00\",\"author\":{\"@id\":\"https:\/\/portaltela.pt\/#\/schema\/person\/c4278d4a6028830caff9ee44b42d32ed\"},\"breadcrumb\":{\"@id\":\"https:\/\/portaltela.pt\/noticias\/2026\/02\/15\/cne-nao-regista-outros-incidentes-alem-da-interrupcao-em-bidoeira-de-cima\/#breadcrumb\"},\"inLanguage\":\"pt-PT\",\"potentialAction\":[{\"@type\":\"ReadAction\",\"target\":[\"https:\/\/portaltela.pt\/noticias\/2026\/02\/15\/cne-nao-regista-outros-incidentes-alem-da-interrupcao-em-bidoeira-de-cima\/\"]}]},{\"@type\":\"ImageObject\",\"inLanguage\":\"pt-PT\",\"@id\":\"https:\/\/portaltela.pt\/noticias\/2026\/02\/15\/cne-nao-regista-outros-incidentes-alem-da-interrupcao-em-bidoeira-de-cima\/#primaryimage\",\"url\":\"https:\/\/portaltela.pt\/s.01k8rhncp4jt1\/2026\/02\/image-1193.jpg\",\"contentUrl\":\"https:\/\/portaltela.pt\/s.01k8rhncp4jt1\/2026\/02\/image-1193.jpg\",\"width\":796,\"height\":448,\"caption\":\"A vota\u00e7\u00e3o na freguesia de Bidoeira de Cima, no concelho de Leiria, esteve interrompida ap\u00f3s uma falha de energia el\u00e9trica\"},{\"@type\":\"BreadcrumbList\",\"@id\":\"https:\/\/portaltela.pt\/noticias\/2026\/02\/15\/cne-nao-regista-outros-incidentes-alem-da-interrupcao-em-bidoeira-de-cima\/#breadcrumb\",\"itemListElement\":[{\"@type\":\"ListItem\",\"position\":1,\"name\":\"In\u00edcio\",\"item\":\"https:\/\/portaltela.pt\/\"},{\"@type\":\"ListItem\",\"position\":2,\"name\":\"CNE n\u00e3o regista outros incidentes al\u00e9m da interrup\u00e7\u00e3o em Bidoeira de Cima\"}]},{\"@type\":\"WebSite\",\"@id\":\"https:\/\/portaltela.pt\/#website\",\"url\":\"https:\/\/portaltela.pt\/\",\"name\":\"Portal Tela Portugal\",\"description\":\"\",\"potentialAction\":[{\"@type\":\"SearchAction\",\"target\":{\"@type\":\"EntryPoint\",\"urlTemplate\":\"https:\/\/portaltela.pt\/?s={search_term_string}\"},\"query-input\":{\"@type\":\"PropertyValueSpecification\",\"valueRequired\":true,\"valueName\":\"search_term_string\"}}],\"inLanguage\":\"pt-PT\"},{\"@type\":\"Person\",\"@id\":\"https:\/\/portaltela.pt\/#\/schema\/person\/c4278d4a6028830caff9ee44b42d32ed\",\"name\":\"Telinha\",\"image\":{\"@type\":\"ImageObject\",\"inLanguage\":\"pt-PT\",\"@id\":\"https:\/\/portaltela.pt\/s.01k8rhncp4jt1\/2025\/11\/talking-bot-125x125.png\",\"url\":\"https:\/\/portaltela.pt\/s.01k8rhncp4jt1\/2025\/11\/talking-bot-125x125.png\",\"contentUrl\":\"https:\/\/portaltela.pt\/s.01k8rhncp4jt1\/2025\/11\/talking-bot-125x125.png\",\"caption\":\"Telinha\"},\"sameAs\":[\"https:\/\/portaltela.pt\/\"],\"url\":\"https:\/\/portaltela.pt\/por\/367410592786\/\"}]}<\/script>\n<!-- \/ Yoast SEO plugin. -->","yoast_head_json":{"title":"CNE n\u00e3o regista outros incidentes al\u00e9m da interrup\u00e7\u00e3o em Bidoeira de Cima - Portal Tela Portugal","robots":{"index":"index","follow":"follow","max-snippet":"max-snippet:-1","max-image-preview":"max-image-preview:large","max-video-preview":"max-video-preview:-1"},"og_locale":"pt_PT","og_type":"article","og_title":"CNE n\u00e3o regista outros incidentes al\u00e9m da interrup\u00e7\u00e3o em Bidoeira de Cima - Portal Tela Portugal","og_description":"A vota\u00e7\u00e3o para a segunda volta nas freguesias que votaram este domingo decorreu sem incidentes aparte de uma interrup\u00e7\u00e3o em Bidoeira de Cima, Leiria, devido a uma falha de energia. A vota\u00e7\u00e3o esteve a funcionar at\u00e9 ao fecho das assembleias de voto, \u00e0s 19 horas, e foi restabelecida a tudo o que estava a funcionar. A segunda volta ocorreu em vinte freguesias e sec\u00e7\u00f5es de voto com vota\u00e7\u00e3o adiada uma semana por causa das tempestades, envolvendo cerca de 36 mil eleitores inscritos. Os atrasos verificaram-se em Alc\u00e1cer do Sal (seis freguesias), Arruda dos Vinhos (quatro freguesias) e Goleg\u00e3 (tr\u00eas freguesias), al\u00e9m de adiamentos noutras freguesias em Santar\u00e9m, Rio Maior, Cartaxo, Salvaterra de Magos e Leiria. Resultados provis\u00f3rios da Secretaria-Geral do Minist\u00e9rio da Administra\u00e7\u00e3o Interna indicam Ant\u00f3nio Jos\u00e9 Seguro presidente da Rep\u00fablica, com 66,83% dos votos expressos, contra 33,17% de Andr\u00e9 Ventura.","og_url":"https:\/\/portaltela.pt\/noticias\/2026\/02\/15\/cne-nao-regista-outros-incidentes-alem-da-interrupcao-em-bidoeira-de-cima\/","og_site_name":"Portal Tela Portugal","article_published_time":"2026-02-15T20:06:00+00:00","author":"Telinha","twitter_card":"summary_large_image","twitter_misc":{"Escrito por":"Telinha","Tempo estimado de leitura":"1 minuto"},"schema":{"@context":"https:\/\/schema.org","@graph":[{"@type":"Article","@id":"https:\/\/portaltela.pt\/noticias\/2026\/02\/15\/cne-nao-regista-outros-incidentes-alem-da-interrupcao-em-bidoeira-de-cima\/#article","isPartOf":{"@id":"https:\/\/portaltela.pt\/noticias\/2026\/02\/15\/cne-nao-regista-outros-incidentes-alem-da-interrupcao-em-bidoeira-de-cima\/"},"author":{"name":"Telinha","@id":"https:\/\/portaltela.pt\/#\/schema\/person\/c4278d4a6028830caff9ee44b42d32ed"},"headline":"CNE n\u00e3o regista outros incidentes al\u00e9m da interrup\u00e7\u00e3o em Bidoeira de Cima","datePublished":"2026-02-15T20:06:00+00:00","mainEntityOfPage":{"@id":"https:\/\/portaltela.pt\/noticias\/2026\/02\/15\/cne-nao-regista-outros-incidentes-alem-da-interrupcao-em-bidoeira-de-cima\/"},"wordCount":255,"image":{"@id":"https:\/\/portaltela.pt\/noticias\/2026\/02\/15\/cne-nao-regista-outros-incidentes-alem-da-interrupcao-em-bidoeira-de-cima\/#primaryimage"},"thumbnailUrl":"https:\/\/portaltela.pt\/s.01k8rhncp4jt1\/2026\/02\/image-1193.jpg","keywords":["Cartaxo","elei\u00e7\u00f5es","Leiria","pol\u00edtica","presidente","Santar\u00e9m"],"articleSection":["Not\u00edcias","Pol\u00edtica"],"inLanguage":"pt-PT"},{"@type":"WebPage","@id":"https:\/\/portaltela.pt\/noticias\/2026\/02\/15\/cne-nao-regista-outros-incidentes-alem-da-interrupcao-em-bidoeira-de-cima\/","url":"https:\/\/portaltela.pt\/noticias\/2026\/02\/15\/cne-nao-regista-outros-incidentes-alem-da-interrupcao-em-bidoeira-de-cima\/","name":"CNE n\u00e3o regista outros incidentes al\u00e9m da interrup\u00e7\u00e3o em Bidoeira de Cima - Portal Tela Portugal","isPartOf":{"@id":"https:\/\/portaltela.pt\/#website"},"primaryImageOfPage":{"@id":"https:\/\/portaltela.pt\/noticias\/2026\/02\/15\/cne-nao-regista-outros-incidentes-alem-da-interrupcao-em-bidoeira-de-cima\/#primaryimage"},"image":{"@id":"https:\/\/portaltela.pt\/noticias\/2026\/02\/15\/cne-nao-regista-outros-incidentes-alem-da-interrupcao-em-bidoeira-de-cima\/#primaryimage"},"thumbnailUrl":"https:\/\/portaltela.pt\/s.01k8rhncp4jt1\/2026\/02\/image-1193.jpg","datePublished":"2026-02-15T20:06:00+00:00","author":{"@id":"https:\/\/portaltela.pt\/#\/schema\/person\/c4278d4a6028830caff9ee44b42d32ed"},"breadcrumb":{"@id":"https:\/\/portaltela.pt\/noticias\/2026\/02\/15\/cne-nao-regista-outros-incidentes-alem-da-interrupcao-em-bidoeira-de-cima\/#breadcrumb"},"inLanguage":"pt-PT","potentialAction":[{"@type":"ReadAction","target":["https:\/\/portaltela.pt\/noticias\/2026\/02\/15\/cne-nao-regista-outros-incidentes-alem-da-interrupcao-em-bidoeira-de-cima\/"]}]},{"@type":"ImageObject","inLanguage":"pt-PT","@id":"https:\/\/portaltela.pt\/noticias\/2026\/02\/15\/cne-nao-regista-outros-incidentes-alem-da-interrupcao-em-bidoeira-de-cima\/#primaryimage","url":"https:\/\/portaltela.pt\/s.01k8rhncp4jt1\/2026\/02\/image-1193.jpg","contentUrl":"https:\/\/portaltela.pt\/s.01k8rhncp4jt1\/2026\/02\/image-1193.jpg","width":796,"height":448,"caption":"A vota\u00e7\u00e3o na freguesia de Bidoeira de Cima, no concelho de Leiria, esteve interrompida ap\u00f3s uma falha de energia el\u00e9trica"},{"@type":"BreadcrumbList","@id":"https:\/\/portaltela.pt\/noticias\/2026\/02\/15\/cne-nao-regista-outros-incidentes-alem-da-interrupcao-em-bidoeira-de-cima\/#breadcrumb","itemListElement":[{"@type":"ListItem","position":1,"name":"In\u00edcio","item":"https:\/\/portaltela.pt\/"},{"@type":"ListItem","position":2,"name":"CNE n\u00e3o regista outros incidentes al\u00e9m da interrup\u00e7\u00e3o em Bidoeira de Cima"}]},{"@type":"WebSite","@id":"https:\/\/portaltela.pt\/#website","url":"https:\/\/portaltela.pt\/","name":"Portal Tela Portugal","description":"","potentialAction":[{"@type":"SearchAction","target":{"@type":"EntryPoint","urlTemplate":"https:\/\/portaltela.pt\/?s={search_term_string}"},"query-input":{"@type":"PropertyValueSpecification","valueRequired":true,"valueName":"search_term_string"}}],"inLanguage":"pt-PT"},{"@type":"Person","@id":"https:\/\/portaltela.pt\/#\/schema\/person\/c4278d4a6028830caff9ee44b42d32ed","name":"Telinha","image":{"@type":"ImageObject","inLanguage":"pt-PT","@id":"https:\/\/portaltela.pt\/s.01k8rhncp4jt1\/2025\/11\/talking-bot-125x125.png","url":"https:\/\/portaltela.pt\/s.01k8rhncp4jt1\/2025\/11\/talking-bot-125x125.png","contentUrl":"https:\/\/portaltela.pt\/s.01k8rhncp4jt1\/2025\/11\/talking-bot-125x125.png","caption":"Telinha"},"sameAs":["https:\/\/portaltela.pt\/"],"url":"https:\/\/portaltela.pt\/por\/367410592786\/"}]}},"_links":{"self":[{"href":"https:\/\/portaltela.pt\/api\/wp\/v2\/posts\/213729","targetHints":{"allow":["GET"]}}],"collection":[{"href":"https:\/\/portaltela.pt\/api\/wp\/v2\/posts"}],"about":[{"href":"https:\/\/portaltela.pt\/api\/wp\/v2\/types\/post"}],"author":[{"embeddable":true,"href":"https:\/\/portaltela.pt\/api\/wp\/v2\/users\/2"}],"replies":[{"embeddable":true,"href":"https:\/\/portaltela.pt\/api\/wp\/v2\/comments?post=213729"}],"version-history":[{"count":0,"href":"https:\/\/portaltela.pt\/api\/wp\/v2\/posts\/213729\/revisions"}],"wp:featuredmedia":[{"embeddable":true,"href":"https:\/\/portaltela.pt\/api\/wp\/v2\/media\/213730"}],"wp:attachment":[{"href":"https:\/\/portaltela.pt\/api\/wp\/v2\/media?parent=213729"}],"wp:term":[{"taxonomy":"category","embeddable":true,"href":"https:\/\/portaltela.pt\/api\/wp\/v2\/categories?post=213729"},{"taxonomy":"post_tag","embeddable":true,"href":"https:\/\/portaltela.pt\/api\/wp\/v2\/tags?post=213729"}],"curies":[{"name":"wp","href":"https:\/\/api.w.org\/{rel}","templated":true}]}}