{"id":213727,"date":"2026-02-15T17:08:44","date_gmt":"2026-02-15T20:08:44","guid":{"rendered":"https:\/\/portaltela.pt\/noticias\/2026\/02\/15\/max-basing-campeao-em-vila-real-de-santo-antonio\/"},"modified":"2026-02-15T17:08:44","modified_gmt":"2026-02-15T20:08:44","slug":"max-basing-campeao-em-vila-real-de-santo-antonio","status":"publish","type":"post","link":"https:\/\/portaltela.pt\/desporto\/2026\/02\/15\/max-basing-campeao-em-vila-real-de-santo-antonio\/","title":{"rendered":"Max Basing campe\u00e3o em Vila Real de Santo Ant\u00f3nio"},"content":{"rendered":"<p>O ingl\u00eas Max Basing, de 23 anos, venceu o 7\u00ba Open Internacional de T\u00e9nis de Vila Real de Santo Ant\u00f3nio, uma prova do ITF World Tennis Tour com pr\u00e9mio de 30 mil d\u00f3lares. Basing conquistou o s\u00e9timo t\u00edtulo de singulares e o segundo do ano, ao vencer Adri\u00e0 Soriano Barrera em tr\u00eas sets.<\/p>\n<p>A final, disputada hoje no Algarve, terminou com 6-1, 2-6 e 6-4, em 2h19. O jogador, atual 4.\u00ba cabe\u00e7a de s\u00e9rie, manteve o n\u00edvel alto na fase decisiva ap\u00f3s estar atrasado no terceiro set, demonstrando resist\u00eancia f\u00edsica e esp\u00edrito competitivo.<\/p>\n<p>Basing \u00e9 apoiado pela LTA e treina no Centro Nacional de Treino em Roehampton, Londres. Do outro lado da bancada esteve Dan Evans, antigo n\u00famero 21 do ranking e campe\u00e3o da Ta\u00e7a Davis em 2015, que acompanha o atleta brit\u00e2nico.<\/p>\n<p>Nas meias-finais de ontem, Basing j\u00e1 tinha eliminado Liam Broady, ex-membro da sele\u00e7\u00e3o brit\u00e2nica. Evans acompanhou a sess\u00e3o, inserindo o encontro no contexto da promo\u00e7\u00e3o do t\u00e9nis brit\u00e2nico para o p\u00fablico local.<\/p>\n<p>No quadro de pares, a dupla neerlandesa Brian Bozemoi e Stijn Pel venceu o t\u00edtulo ao derrotar os brit\u00e2nicos Lui Maxted e Finn Murgett por 4-6, 6-3 e 10-7. Em termos individuais, foi o nono trof\u00e9u de Bozemoj e o quarto de Pel.<\/p>\n<p>A cerim\u00f3nia de entrega decorreu com a presen\u00e7a de autoridades locais, incluindo o presidente da C\u00e2mara de Vila Real de Santo Ant\u00f3nio e o diretor do complexo desportivo. O evento reuniu atletas, treinadores e f\u00e3s num dia soalheiro de fim de semana.<\/p>\n<p>Entretanto, arrancou o qualifying do 8\u00ba Open, com Guilherme Valdoleiros e Gon\u00e7alo Marques a entrar bem. Amanh\u00e3 classificam-se 10 atletas portugueses para a fase principal, entre eles Francisco Rocha e Tiago Ca\u00e7\u00e3o, cabe\u00e7as de s\u00e9rie lusos.<\/p>\n","protected":false},"excerpt":{"rendered":"<ul>\n<li>Max Basing, ingl\u00eas de 23 anos, conquistou o s\u00e9timo t\u00edtulo de singulares no ITF World Tennis Tour e o segundo do ano, no 7.\u00ba Open Internacional de T\u00e9nis de Vila Real de Santo Ant\u00f3nio (30 mil d\u00f3lares em pr\u00e9mios).<\/li>\n<li>Venceu Adri\u00e0 Soriano Barrera por 6-1, 2-6, 6-4, em 2h19, depois de estar a perder por 3-1 no terceiro set.<\/li>\n<li>O triunfo amplia o registo de vit\u00f3rias de Basing nas finais para sete, destacando a sua condi\u00e7\u00e3o f\u00edsica e esp\u00edrito de luta.<\/li>\n<li>Dan Evans, antiga refer\u00eancia brit\u00e2nica da Ta\u00e7a Davis, acompanhou a final das bancadas; Basing contou com apoio da Federa\u00e7\u00e3o Brit\u00e2nica de T\u00e9nis e treino no Centro Nacional de Treino em Roehampton.<\/li>\n<li>Na final de pares, a equipa neerlandesa Brian Bozemoj e Stijn Pel venceu os brit\u00e2nicos Lui Maxted e Finn Murgett por 4-6, 6-3 e 10-7.<\/li>\n<\/ul>\n","protected":false},"author":2,"featured_media":213728,"comment_status":"closed","ping_status":"closed","sticky":false,"template":"","format":"standard","meta":{"footnotes":""},"categories":[21],"tags":[928,5356,1014,94,2713,1665],"class_list":["post-213727","post","type-post","status-publish","format-standard","has-post-thumbnail","hentry","category-desporto","tag-algarve","tag-itf","tag-portugal","tag-tenis","tag-tenistas","tag-vila-real"],"yoast_head":"<!-- This site is optimized with the Yoast SEO plugin v27.2 - https:\/\/yoast.com\/product\/yoast-seo-wordpress\/ -->\n<title>Max Basing campe\u00e3o em Vila Real de Santo Ant\u00f3nio - Portal Tela Portugal<\/title>\n<meta name=\"robots\" content=\"index, follow, max-snippet:-1, max-image-preview:large, max-video-preview:-1\" \/>\n<meta property=\"og:locale\" content=\"pt_PT\" \/>\n<meta property=\"og:type\" content=\"article\" \/>\n<meta property=\"og:title\" content=\"Max Basing campe\u00e3o em Vila Real de Santo Ant\u00f3nio - Portal Tela Portugal\" \/>\n<meta property=\"og:description\" content=\"Max Basing, ingl\u00eas de 23 anos, conquistou o s\u00e9timo t\u00edtulo de singulares no ITF World Tennis Tour e o segundo do ano, no 7.\u00ba Open Internacional de T\u00e9nis de Vila Real de Santo Ant\u00f3nio (30 mil d\u00f3lares em pr\u00e9mios). Venceu Adri\u00e0 Soriano Barrera por 6-1, 2-6, 6-4, em 2h19, depois de estar a perder por 3-1 no terceiro set. O triunfo amplia o registo de vit\u00f3rias de Basing nas finais para sete, destacando a sua condi\u00e7\u00e3o f\u00edsica e esp\u00edrito de luta. Dan Evans, antiga refer\u00eancia brit\u00e2nica da Ta\u00e7a Davis, acompanhou a final das bancadas; Basing contou com apoio da Federa\u00e7\u00e3o Brit\u00e2nica de T\u00e9nis e treino no Centro Nacional de Treino em Roehampton. Na final de pares, a equipa neerlandesa Brian Bozemoj e Stijn Pel venceu os brit\u00e2nicos Lui Maxted e Finn Murgett por 4-6, 6-3 e 10-7.\" \/>\n<meta property=\"og:url\" content=\"https:\/\/portaltela.pt\/noticias\/2026\/02\/15\/max-basing-campeao-em-vila-real-de-santo-antonio\/\" \/>\n<meta property=\"og:site_name\" content=\"Portal Tela Portugal\" \/>\n<meta property=\"article:published_time\" content=\"2026-02-15T20:08:44+00:00\" \/>\n<meta name=\"author\" content=\"Telinha\" \/>\n<meta name=\"twitter:card\" content=\"summary_large_image\" \/>\n<meta name=\"twitter:label1\" content=\"Escrito por\" \/>\n\t<meta name=\"twitter:data1\" content=\"Telinha\" \/>\n\t<meta name=\"twitter:label2\" content=\"Tempo estimado de leitura\" \/>\n\t<meta name=\"twitter:data2\" content=\"2 minutos\" \/>\n<script type=\"application\/ld+json\" class=\"yoast-schema-graph\">{\"@context\":\"https:\/\/schema.org\",\"@graph\":[{\"@type\":\"Article\",\"@id\":\"https:\/\/portaltela.pt\/noticias\/2026\/02\/15\/max-basing-campeao-em-vila-real-de-santo-antonio\/#article\",\"isPartOf\":{\"@id\":\"https:\/\/portaltela.pt\/noticias\/2026\/02\/15\/max-basing-campeao-em-vila-real-de-santo-antonio\/\"},\"author\":{\"name\":\"Telinha\",\"@id\":\"https:\/\/portaltela.pt\/#\/schema\/person\/c4278d4a6028830caff9ee44b42d32ed\"},\"headline\":\"Max Basing campe\u00e3o em Vila Real de Santo Ant\u00f3nio\",\"datePublished\":\"2026-02-15T20:08:44+00:00\",\"mainEntityOfPage\":{\"@id\":\"https:\/\/portaltela.pt\/noticias\/2026\/02\/15\/max-basing-campeao-em-vila-real-de-santo-antonio\/\"},\"wordCount\":326,\"image\":{\"@id\":\"https:\/\/portaltela.pt\/noticias\/2026\/02\/15\/max-basing-campeao-em-vila-real-de-santo-antonio\/#primaryimage\"},\"thumbnailUrl\":\"https:\/\/portaltela.pt\/s.01k8rhncp4jt1\/2026\/02\/img_920x518uu2026-02-15-20-07-57-2421843-im-639067828904845772.jpg\",\"keywords\":[\"Algarve\",\"ITF\",\"Portugal\",\"t\u00eanis\",\"tenistas\",\"Vila Real\"],\"articleSection\":[\"Desporto\"],\"inLanguage\":\"pt-PT\"},{\"@type\":\"WebPage\",\"@id\":\"https:\/\/portaltela.pt\/noticias\/2026\/02\/15\/max-basing-campeao-em-vila-real-de-santo-antonio\/\",\"url\":\"https:\/\/portaltela.pt\/noticias\/2026\/02\/15\/max-basing-campeao-em-vila-real-de-santo-antonio\/\",\"name\":\"Max Basing campe\u00e3o em Vila Real de Santo Ant\u00f3nio - Portal Tela Portugal\",\"isPartOf\":{\"@id\":\"https:\/\/portaltela.pt\/#website\"},\"primaryImageOfPage\":{\"@id\":\"https:\/\/portaltela.pt\/noticias\/2026\/02\/15\/max-basing-campeao-em-vila-real-de-santo-antonio\/#primaryimage\"},\"image\":{\"@id\":\"https:\/\/portaltela.pt\/noticias\/2026\/02\/15\/max-basing-campeao-em-vila-real-de-santo-antonio\/#primaryimage\"},\"thumbnailUrl\":\"https:\/\/portaltela.pt\/s.01k8rhncp4jt1\/2026\/02\/img_920x518uu2026-02-15-20-07-57-2421843-im-639067828904845772.jpg\",\"datePublished\":\"2026-02-15T20:08:44+00:00\",\"author\":{\"@id\":\"https:\/\/portaltela.pt\/#\/schema\/person\/c4278d4a6028830caff9ee44b42d32ed\"},\"breadcrumb\":{\"@id\":\"https:\/\/portaltela.pt\/noticias\/2026\/02\/15\/max-basing-campeao-em-vila-real-de-santo-antonio\/#breadcrumb\"},\"inLanguage\":\"pt-PT\",\"potentialAction\":[{\"@type\":\"ReadAction\",\"target\":[\"https:\/\/portaltela.pt\/noticias\/2026\/02\/15\/max-basing-campeao-em-vila-real-de-santo-antonio\/\"]}]},{\"@type\":\"ImageObject\",\"inLanguage\":\"pt-PT\",\"@id\":\"https:\/\/portaltela.pt\/noticias\/2026\/02\/15\/max-basing-campeao-em-vila-real-de-santo-antonio\/#primaryimage\",\"url\":\"https:\/\/portaltela.pt\/s.01k8rhncp4jt1\/2026\/02\/img_920x518uu2026-02-15-20-07-57-2421843-im-639067828904845772.jpg\",\"contentUrl\":\"https:\/\/portaltela.pt\/s.01k8rhncp4jt1\/2026\/02\/img_920x518uu2026-02-15-20-07-57-2421843-im-639067828904845772.jpg\",\"width\":796,\"height\":448,\"caption\":\"Max Basing, o campe\u00e3o, e \u00c1lvaro Ara\u00fajo, o presidente da CMVRSA\"},{\"@type\":\"BreadcrumbList\",\"@id\":\"https:\/\/portaltela.pt\/noticias\/2026\/02\/15\/max-basing-campeao-em-vila-real-de-santo-antonio\/#breadcrumb\",\"itemListElement\":[{\"@type\":\"ListItem\",\"position\":1,\"name\":\"In\u00edcio\",\"item\":\"https:\/\/portaltela.pt\/\"},{\"@type\":\"ListItem\",\"position\":2,\"name\":\"Max Basing campe\u00e3o em Vila Real de Santo Ant\u00f3nio\"}]},{\"@type\":\"WebSite\",\"@id\":\"https:\/\/portaltela.pt\/#website\",\"url\":\"https:\/\/portaltela.pt\/\",\"name\":\"Portal Tela Portugal\",\"description\":\"\",\"potentialAction\":[{\"@type\":\"SearchAction\",\"target\":{\"@type\":\"EntryPoint\",\"urlTemplate\":\"https:\/\/portaltela.pt\/?s={search_term_string}\"},\"query-input\":{\"@type\":\"PropertyValueSpecification\",\"valueRequired\":true,\"valueName\":\"search_term_string\"}}],\"inLanguage\":\"pt-PT\"},{\"@type\":\"Person\",\"@id\":\"https:\/\/portaltela.pt\/#\/schema\/person\/c4278d4a6028830caff9ee44b42d32ed\",\"name\":\"Telinha\",\"image\":{\"@type\":\"ImageObject\",\"inLanguage\":\"pt-PT\",\"@id\":\"https:\/\/portaltela.pt\/s.01k8rhncp4jt1\/2025\/11\/talking-bot-125x125.png\",\"url\":\"https:\/\/portaltela.pt\/s.01k8rhncp4jt1\/2025\/11\/talking-bot-125x125.png\",\"contentUrl\":\"https:\/\/portaltela.pt\/s.01k8rhncp4jt1\/2025\/11\/talking-bot-125x125.png\",\"caption\":\"Telinha\"},\"sameAs\":[\"https:\/\/portaltela.pt\/\"],\"url\":\"https:\/\/portaltela.pt\/por\/367410592786\/\"}]}<\/script>\n<!-- \/ Yoast SEO plugin. -->","yoast_head_json":{"title":"Max Basing campe\u00e3o em Vila Real de Santo Ant\u00f3nio - Portal Tela Portugal","robots":{"index":"index","follow":"follow","max-snippet":"max-snippet:-1","max-image-preview":"max-image-preview:large","max-video-preview":"max-video-preview:-1"},"og_locale":"pt_PT","og_type":"article","og_title":"Max Basing campe\u00e3o em Vila Real de Santo Ant\u00f3nio - Portal Tela Portugal","og_description":"Max Basing, ingl\u00eas de 23 anos, conquistou o s\u00e9timo t\u00edtulo de singulares no ITF World Tennis Tour e o segundo do ano, no 7.\u00ba Open Internacional de T\u00e9nis de Vila Real de Santo Ant\u00f3nio (30 mil d\u00f3lares em pr\u00e9mios). Venceu Adri\u00e0 Soriano Barrera por 6-1, 2-6, 6-4, em 2h19, depois de estar a perder por 3-1 no terceiro set. O triunfo amplia o registo de vit\u00f3rias de Basing nas finais para sete, destacando a sua condi\u00e7\u00e3o f\u00edsica e esp\u00edrito de luta. Dan Evans, antiga refer\u00eancia brit\u00e2nica da Ta\u00e7a Davis, acompanhou a final das bancadas; Basing contou com apoio da Federa\u00e7\u00e3o Brit\u00e2nica de T\u00e9nis e treino no Centro Nacional de Treino em Roehampton. Na final de pares, a equipa neerlandesa Brian Bozemoj e Stijn Pel venceu os brit\u00e2nicos Lui Maxted e Finn Murgett por 4-6, 6-3 e 10-7.","og_url":"https:\/\/portaltela.pt\/noticias\/2026\/02\/15\/max-basing-campeao-em-vila-real-de-santo-antonio\/","og_site_name":"Portal Tela Portugal","article_published_time":"2026-02-15T20:08:44+00:00","author":"Telinha","twitter_card":"summary_large_image","twitter_misc":{"Escrito por":"Telinha","Tempo estimado de leitura":"2 minutos"},"schema":{"@context":"https:\/\/schema.org","@graph":[{"@type":"Article","@id":"https:\/\/portaltela.pt\/noticias\/2026\/02\/15\/max-basing-campeao-em-vila-real-de-santo-antonio\/#article","isPartOf":{"@id":"https:\/\/portaltela.pt\/noticias\/2026\/02\/15\/max-basing-campeao-em-vila-real-de-santo-antonio\/"},"author":{"name":"Telinha","@id":"https:\/\/portaltela.pt\/#\/schema\/person\/c4278d4a6028830caff9ee44b42d32ed"},"headline":"Max Basing campe\u00e3o em Vila Real de Santo Ant\u00f3nio","datePublished":"2026-02-15T20:08:44+00:00","mainEntityOfPage":{"@id":"https:\/\/portaltela.pt\/noticias\/2026\/02\/15\/max-basing-campeao-em-vila-real-de-santo-antonio\/"},"wordCount":326,"image":{"@id":"https:\/\/portaltela.pt\/noticias\/2026\/02\/15\/max-basing-campeao-em-vila-real-de-santo-antonio\/#primaryimage"},"thumbnailUrl":"https:\/\/portaltela.pt\/s.01k8rhncp4jt1\/2026\/02\/img_920x518uu2026-02-15-20-07-57-2421843-im-639067828904845772.jpg","keywords":["Algarve","ITF","Portugal","t\u00eanis","tenistas","Vila Real"],"articleSection":["Desporto"],"inLanguage":"pt-PT"},{"@type":"WebPage","@id":"https:\/\/portaltela.pt\/noticias\/2026\/02\/15\/max-basing-campeao-em-vila-real-de-santo-antonio\/","url":"https:\/\/portaltela.pt\/noticias\/2026\/02\/15\/max-basing-campeao-em-vila-real-de-santo-antonio\/","name":"Max Basing campe\u00e3o em Vila Real de Santo Ant\u00f3nio - Portal Tela Portugal","isPartOf":{"@id":"https:\/\/portaltela.pt\/#website"},"primaryImageOfPage":{"@id":"https:\/\/portaltela.pt\/noticias\/2026\/02\/15\/max-basing-campeao-em-vila-real-de-santo-antonio\/#primaryimage"},"image":{"@id":"https:\/\/portaltela.pt\/noticias\/2026\/02\/15\/max-basing-campeao-em-vila-real-de-santo-antonio\/#primaryimage"},"thumbnailUrl":"https:\/\/portaltela.pt\/s.01k8rhncp4jt1\/2026\/02\/img_920x518uu2026-02-15-20-07-57-2421843-im-639067828904845772.jpg","datePublished":"2026-02-15T20:08:44+00:00","author":{"@id":"https:\/\/portaltela.pt\/#\/schema\/person\/c4278d4a6028830caff9ee44b42d32ed"},"breadcrumb":{"@id":"https:\/\/portaltela.pt\/noticias\/2026\/02\/15\/max-basing-campeao-em-vila-real-de-santo-antonio\/#breadcrumb"},"inLanguage":"pt-PT","potentialAction":[{"@type":"ReadAction","target":["https:\/\/portaltela.pt\/noticias\/2026\/02\/15\/max-basing-campeao-em-vila-real-de-santo-antonio\/"]}]},{"@type":"ImageObject","inLanguage":"pt-PT","@id":"https:\/\/portaltela.pt\/noticias\/2026\/02\/15\/max-basing-campeao-em-vila-real-de-santo-antonio\/#primaryimage","url":"https:\/\/portaltela.pt\/s.01k8rhncp4jt1\/2026\/02\/img_920x518uu2026-02-15-20-07-57-2421843-im-639067828904845772.jpg","contentUrl":"https:\/\/portaltela.pt\/s.01k8rhncp4jt1\/2026\/02\/img_920x518uu2026-02-15-20-07-57-2421843-im-639067828904845772.jpg","width":796,"height":448,"caption":"Max Basing, o campe\u00e3o, e \u00c1lvaro Ara\u00fajo, o presidente da CMVRSA"},{"@type":"BreadcrumbList","@id":"https:\/\/portaltela.pt\/noticias\/2026\/02\/15\/max-basing-campeao-em-vila-real-de-santo-antonio\/#breadcrumb","itemListElement":[{"@type":"ListItem","position":1,"name":"In\u00edcio","item":"https:\/\/portaltela.pt\/"},{"@type":"ListItem","position":2,"name":"Max Basing campe\u00e3o em Vila Real de Santo Ant\u00f3nio"}]},{"@type":"WebSite","@id":"https:\/\/portaltela.pt\/#website","url":"https:\/\/portaltela.pt\/","name":"Portal Tela Portugal","description":"","potentialAction":[{"@type":"SearchAction","target":{"@type":"EntryPoint","urlTemplate":"https:\/\/portaltela.pt\/?s={search_term_string}"},"query-input":{"@type":"PropertyValueSpecification","valueRequired":true,"valueName":"search_term_string"}}],"inLanguage":"pt-PT"},{"@type":"Person","@id":"https:\/\/portaltela.pt\/#\/schema\/person\/c4278d4a6028830caff9ee44b42d32ed","name":"Telinha","image":{"@type":"ImageObject","inLanguage":"pt-PT","@id":"https:\/\/portaltela.pt\/s.01k8rhncp4jt1\/2025\/11\/talking-bot-125x125.png","url":"https:\/\/portaltela.pt\/s.01k8rhncp4jt1\/2025\/11\/talking-bot-125x125.png","contentUrl":"https:\/\/portaltela.pt\/s.01k8rhncp4jt1\/2025\/11\/talking-bot-125x125.png","caption":"Telinha"},"sameAs":["https:\/\/portaltela.pt\/"],"url":"https:\/\/portaltela.pt\/por\/367410592786\/"}]}},"_links":{"self":[{"href":"https:\/\/portaltela.pt\/api\/wp\/v2\/posts\/213727","targetHints":{"allow":["GET"]}}],"collection":[{"href":"https:\/\/portaltela.pt\/api\/wp\/v2\/posts"}],"about":[{"href":"https:\/\/portaltela.pt\/api\/wp\/v2\/types\/post"}],"author":[{"embeddable":true,"href":"https:\/\/portaltela.pt\/api\/wp\/v2\/users\/2"}],"replies":[{"embeddable":true,"href":"https:\/\/portaltela.pt\/api\/wp\/v2\/comments?post=213727"}],"version-history":[{"count":0,"href":"https:\/\/portaltela.pt\/api\/wp\/v2\/posts\/213727\/revisions"}],"wp:featuredmedia":[{"embeddable":true,"href":"https:\/\/portaltela.pt\/api\/wp\/v2\/media\/213728"}],"wp:attachment":[{"href":"https:\/\/portaltela.pt\/api\/wp\/v2\/media?parent=213727"}],"wp:term":[{"taxonomy":"category","embeddable":true,"href":"https:\/\/portaltela.pt\/api\/wp\/v2\/categories?post=213727"},{"taxonomy":"post_tag","embeddable":true,"href":"https:\/\/portaltela.pt\/api\/wp\/v2\/tags?post=213727"}],"curies":[{"name":"wp","href":"https:\/\/api.w.org\/{rel}","templated":true}]}}