{"id":213699,"date":"2026-02-15T16:41:52","date_gmt":"2026-02-15T19:41:52","guid":{"rendered":"https:\/\/portaltela.pt\/noticias\/2026\/02\/15\/selecao-feminina-de-futsal-concentra-se-esta-noite-em-lamego\/"},"modified":"2026-02-15T16:41:52","modified_gmt":"2026-02-15T19:41:52","slug":"selecao-feminina-de-futsal-concentra-se-esta-noite-em-lamego","status":"publish","type":"post","link":"https:\/\/portaltela.pt\/desporto\/futebol\/2026\/02\/15\/selecao-feminina-de-futsal-concentra-se-esta-noite-em-lamego\/","title":{"rendered":"Sele\u00e7\u00e3o feminina de futsal concentra-se esta noite em Lamego"},"content":{"rendered":"<p>A Sele\u00e7\u00e3o Nacional feminina de futsal concentra-se esta noite em Lamego para o primeiro est\u00e1gio de prepara\u00e7\u00e3o rumo \u00e0 qualifica\u00e7\u00e3o para o Europeu 2027, que se disputa na Cro\u00e1cia. A equipa de Lu\u00eds Concei\u00e7\u00e3o prepara-se com dois jogos de treino frente \u00e0 Finl\u00e2ndia no Centro Multiusos de Lamego.<\/p>\n<p>Os encontros est\u00e3o marcados para 17 de fevereiro, \u00e0s 20h00, e 18 de fevereiro, \u00e0s 20h30. Estes duelos servem de prepara\u00e7\u00e3o para a Ronda de Elite, em Portugal, que determina quem segue para o Europeu.<\/p>\n<p>A sele\u00e7\u00e3o procura fortalecer a equipa de cara \u00e0 ronda de qualifica\u00e7\u00e3o, com foco na adapta\u00e7\u00e3o t\u00e1ctica e na forma f\u00edsica antes de competir contra a Finl\u00e2ndia. A participa\u00e7\u00e3o em Lamego marca o in\u00edcio de um per\u00edodo de trabalho com objetivo de chegar pronta \u00e0 ronda decisiva.<\/p>\n<h3>Convocadas<\/h3>\n<ul>\n<li>Ana Catarina Pereira (SL Benfica)<\/li>\n<li>Alexandra Melo (SL Benfica)<\/li>\n<li>Ana Azevedo (GCR Nun&#8217;\u00c1lvares)<\/li>\n<li>Ana Catarina Ribeiro &#8220;Kika&#8221; (Le\u00f5es de Porto Salvo)<\/li>\n<li>Ana Sofia Gon\u00e7alves &#8220;Fif\u00f3&#8221; (SL Benfica)<\/li>\n<li>In\u00eas Matos (SL Benfica)<\/li>\n<li>Carolina Pedreira (Poio Pescamar)<\/li>\n<li>Helena Nunes (Futsi Navalcarnero)<\/li>\n<li>Catarina Silva &#8220;Kak\u00e1&#8221; (GCR Nun&#8217;\u00c1lvares)<\/li>\n<li>Maria Pereira (SL Benfica)<\/li>\n<li>Mariana Marques (Santa Luzia FC)<\/li>\n<li>L\u00eddia Moreira (GCR Nun&#8217;\u00c1lvares)<\/li>\n<li>Janice Silva (SL Benfica)<\/li>\n<li>Ang\u00e9lica Alves (SL Benfica)<\/li>\n<\/ul>\n","protected":false},"excerpt":{"rendered":"<ul>\n<li>A Sele\u00e7\u00e3o Nacional feminina de futsal concentra-se hoje em Lamego para um est\u00e1gio de prepara\u00e7\u00e3o para a qualifica\u00e7\u00e3o do Europeu de 2027, na Cro\u00e1cia.<\/li>\n<li>A equipa de Lu\u00eds Concei\u00e7\u00e3o joga contra a Finl\u00e2ndia em dois jogos de prepara\u00e7\u00e3o, no Centro Multiusos de Lamego, a 17 de fevereiro (20h00) e 18 de fevereiro (20h30).<\/li>\n<li>As vice-campe\u00e3s mundiais disputam a Ronda de Elite, que decorrer\u00e1 em Portugal, para assegurar o acesso ao Europeu.<\/li>\n<li>S\u00e3o 14 atletas convocadas pelo selecionador Lu\u00eds Concei\u00e7\u00e3o, incluindo as guarda-redes Ana Catarina Pereira e Alexandra Melo.<\/li>\n<li>Entre as jogadoras est\u00e1 uma mistura de posi\u00e7\u00f5es, com atletas de clubes como SL Benfica, Le\u00f5es de Porto Salvo, Futsi Navalcarnero, entre outros.<\/li>\n<\/ul>\n","protected":false},"author":2,"featured_media":213705,"comment_status":"closed","ping_status":"closed","sticky":false,"template":"","format":"standard","meta":{"footnotes":""},"categories":[21,24],"tags":[2487,1242,161,3419,1014,2057],"class_list":["post-213699","post","type-post","status-publish","format-standard","has-post-thumbnail","hentry","category-desporto","category-futebol","tag-europa","tag-feminino","tag-futsal","tag-lamego","tag-portugal","tag-selecao-nacional"],"yoast_head":"<!-- This site is optimized with the Yoast SEO plugin v27.2 - https:\/\/yoast.com\/product\/yoast-seo-wordpress\/ -->\n<title>Sele\u00e7\u00e3o feminina de futsal concentra-se esta noite em Lamego - Portal Tela Portugal<\/title>\n<meta name=\"robots\" content=\"index, follow, max-snippet:-1, max-image-preview:large, max-video-preview:-1\" \/>\n<meta property=\"og:locale\" content=\"pt_PT\" \/>\n<meta property=\"og:type\" content=\"article\" \/>\n<meta property=\"og:title\" content=\"Sele\u00e7\u00e3o feminina de futsal concentra-se esta noite em Lamego - Portal Tela Portugal\" \/>\n<meta property=\"og:description\" content=\"A Sele\u00e7\u00e3o Nacional feminina de futsal concentra-se hoje em Lamego para um est\u00e1gio de prepara\u00e7\u00e3o para a qualifica\u00e7\u00e3o do Europeu de 2027, na Cro\u00e1cia. A equipa de Lu\u00eds Concei\u00e7\u00e3o joga contra a Finl\u00e2ndia em dois jogos de prepara\u00e7\u00e3o, no Centro Multiusos de Lamego, a 17 de fevereiro (20h00) e 18 de fevereiro (20h30). As vice-campe\u00e3s mundiais disputam a Ronda de Elite, que decorrer\u00e1 em Portugal, para assegurar o acesso ao Europeu. S\u00e3o 14 atletas convocadas pelo selecionador Lu\u00eds Concei\u00e7\u00e3o, incluindo as guarda-redes Ana Catarina Pereira e Alexandra Melo. Entre as jogadoras est\u00e1 uma mistura de posi\u00e7\u00f5es, com atletas de clubes como SL Benfica, Le\u00f5es de Porto Salvo, Futsi Navalcarnero, entre outros.\" \/>\n<meta property=\"og:url\" content=\"https:\/\/portaltela.pt\/noticias\/2026\/02\/15\/selecao-feminina-de-futsal-concentra-se-esta-noite-em-lamego\/\" \/>\n<meta property=\"og:site_name\" content=\"Portal Tela Portugal\" \/>\n<meta property=\"article:published_time\" content=\"2026-02-15T19:41:52+00:00\" \/>\n<meta name=\"author\" content=\"Telinha\" \/>\n<meta name=\"twitter:card\" content=\"summary_large_image\" \/>\n<meta name=\"twitter:label1\" content=\"Escrito por\" \/>\n\t<meta name=\"twitter:data1\" content=\"Telinha\" \/>\n\t<meta name=\"twitter:label2\" content=\"Tempo estimado de leitura\" \/>\n\t<meta name=\"twitter:data2\" content=\"1 minuto\" \/>\n<script type=\"application\/ld+json\" class=\"yoast-schema-graph\">{\"@context\":\"https:\/\/schema.org\",\"@graph\":[{\"@type\":\"Article\",\"@id\":\"https:\/\/portaltela.pt\/noticias\/2026\/02\/15\/selecao-feminina-de-futsal-concentra-se-esta-noite-em-lamego\/#article\",\"isPartOf\":{\"@id\":\"https:\/\/portaltela.pt\/noticias\/2026\/02\/15\/selecao-feminina-de-futsal-concentra-se-esta-noite-em-lamego\/\"},\"author\":{\"name\":\"Telinha\",\"@id\":\"https:\/\/portaltela.pt\/#\/schema\/person\/c4278d4a6028830caff9ee44b42d32ed\"},\"headline\":\"Sele\u00e7\u00e3o feminina de futsal concentra-se esta noite em Lamego\",\"datePublished\":\"2026-02-15T19:41:52+00:00\",\"mainEntityOfPage\":{\"@id\":\"https:\/\/portaltela.pt\/noticias\/2026\/02\/15\/selecao-feminina-de-futsal-concentra-se-esta-noite-em-lamego\/\"},\"wordCount\":226,\"image\":{\"@id\":\"https:\/\/portaltela.pt\/noticias\/2026\/02\/15\/selecao-feminina-de-futsal-concentra-se-esta-noite-em-lamego\/#primaryimage\"},\"thumbnailUrl\":\"https:\/\/portaltela.pt\/s.01k8rhncp4jt1\/2026\/02\/img_920x518uu2026-01-07-17-57-13-2413359-im-639067807739488774.jpg\",\"keywords\":[\"Europa\",\"feminino\",\"futsal\",\"Lamego\",\"Portugal\",\"Sele\u00e7\u00e3o Nacional\"],\"articleSection\":[\"Desporto\",\"Futebol\"],\"inLanguage\":\"pt-PT\"},{\"@type\":\"WebPage\",\"@id\":\"https:\/\/portaltela.pt\/noticias\/2026\/02\/15\/selecao-feminina-de-futsal-concentra-se-esta-noite-em-lamego\/\",\"url\":\"https:\/\/portaltela.pt\/noticias\/2026\/02\/15\/selecao-feminina-de-futsal-concentra-se-esta-noite-em-lamego\/\",\"name\":\"Sele\u00e7\u00e3o feminina de futsal concentra-se esta noite em Lamego - Portal Tela Portugal\",\"isPartOf\":{\"@id\":\"https:\/\/portaltela.pt\/#website\"},\"primaryImageOfPage\":{\"@id\":\"https:\/\/portaltela.pt\/noticias\/2026\/02\/15\/selecao-feminina-de-futsal-concentra-se-esta-noite-em-lamego\/#primaryimage\"},\"image\":{\"@id\":\"https:\/\/portaltela.pt\/noticias\/2026\/02\/15\/selecao-feminina-de-futsal-concentra-se-esta-noite-em-lamego\/#primaryimage\"},\"thumbnailUrl\":\"https:\/\/portaltela.pt\/s.01k8rhncp4jt1\/2026\/02\/img_920x518uu2026-01-07-17-57-13-2413359-im-639067807739488774.jpg\",\"datePublished\":\"2026-02-15T19:41:52+00:00\",\"author\":{\"@id\":\"https:\/\/portaltela.pt\/#\/schema\/person\/c4278d4a6028830caff9ee44b42d32ed\"},\"breadcrumb\":{\"@id\":\"https:\/\/portaltela.pt\/noticias\/2026\/02\/15\/selecao-feminina-de-futsal-concentra-se-esta-noite-em-lamego\/#breadcrumb\"},\"inLanguage\":\"pt-PT\",\"potentialAction\":[{\"@type\":\"ReadAction\",\"target\":[\"https:\/\/portaltela.pt\/noticias\/2026\/02\/15\/selecao-feminina-de-futsal-concentra-se-esta-noite-em-lamego\/\"]}]},{\"@type\":\"ImageObject\",\"inLanguage\":\"pt-PT\",\"@id\":\"https:\/\/portaltela.pt\/noticias\/2026\/02\/15\/selecao-feminina-de-futsal-concentra-se-esta-noite-em-lamego\/#primaryimage\",\"url\":\"https:\/\/portaltela.pt\/s.01k8rhncp4jt1\/2026\/02\/img_920x518uu2026-01-07-17-57-13-2413359-im-639067807739488774.jpg\",\"contentUrl\":\"https:\/\/portaltela.pt\/s.01k8rhncp4jt1\/2026\/02\/img_920x518uu2026-01-07-17-57-13-2413359-im-639067807739488774.jpg\",\"width\":796,\"height\":448,\"caption\":\"Lu\u00eds Concei\u00e7\u00e3o \u00e9 o selecionador nacional\"},{\"@type\":\"BreadcrumbList\",\"@id\":\"https:\/\/portaltela.pt\/noticias\/2026\/02\/15\/selecao-feminina-de-futsal-concentra-se-esta-noite-em-lamego\/#breadcrumb\",\"itemListElement\":[{\"@type\":\"ListItem\",\"position\":1,\"name\":\"In\u00edcio\",\"item\":\"https:\/\/portaltela.pt\/\"},{\"@type\":\"ListItem\",\"position\":2,\"name\":\"Sele\u00e7\u00e3o feminina de futsal concentra-se esta noite em Lamego\"}]},{\"@type\":\"WebSite\",\"@id\":\"https:\/\/portaltela.pt\/#website\",\"url\":\"https:\/\/portaltela.pt\/\",\"name\":\"Portal Tela Portugal\",\"description\":\"\",\"potentialAction\":[{\"@type\":\"SearchAction\",\"target\":{\"@type\":\"EntryPoint\",\"urlTemplate\":\"https:\/\/portaltela.pt\/?s={search_term_string}\"},\"query-input\":{\"@type\":\"PropertyValueSpecification\",\"valueRequired\":true,\"valueName\":\"search_term_string\"}}],\"inLanguage\":\"pt-PT\"},{\"@type\":\"Person\",\"@id\":\"https:\/\/portaltela.pt\/#\/schema\/person\/c4278d4a6028830caff9ee44b42d32ed\",\"name\":\"Telinha\",\"image\":{\"@type\":\"ImageObject\",\"inLanguage\":\"pt-PT\",\"@id\":\"https:\/\/portaltela.pt\/s.01k8rhncp4jt1\/2025\/11\/talking-bot-125x125.png\",\"url\":\"https:\/\/portaltela.pt\/s.01k8rhncp4jt1\/2025\/11\/talking-bot-125x125.png\",\"contentUrl\":\"https:\/\/portaltela.pt\/s.01k8rhncp4jt1\/2025\/11\/talking-bot-125x125.png\",\"caption\":\"Telinha\"},\"sameAs\":[\"https:\/\/portaltela.pt\/\"],\"url\":\"https:\/\/portaltela.pt\/por\/367410592786\/\"}]}<\/script>\n<!-- \/ Yoast SEO plugin. -->","yoast_head_json":{"title":"Sele\u00e7\u00e3o feminina de futsal concentra-se esta noite em Lamego - Portal Tela Portugal","robots":{"index":"index","follow":"follow","max-snippet":"max-snippet:-1","max-image-preview":"max-image-preview:large","max-video-preview":"max-video-preview:-1"},"og_locale":"pt_PT","og_type":"article","og_title":"Sele\u00e7\u00e3o feminina de futsal concentra-se esta noite em Lamego - Portal Tela Portugal","og_description":"A Sele\u00e7\u00e3o Nacional feminina de futsal concentra-se hoje em Lamego para um est\u00e1gio de prepara\u00e7\u00e3o para a qualifica\u00e7\u00e3o do Europeu de 2027, na Cro\u00e1cia. A equipa de Lu\u00eds Concei\u00e7\u00e3o joga contra a Finl\u00e2ndia em dois jogos de prepara\u00e7\u00e3o, no Centro Multiusos de Lamego, a 17 de fevereiro (20h00) e 18 de fevereiro (20h30). As vice-campe\u00e3s mundiais disputam a Ronda de Elite, que decorrer\u00e1 em Portugal, para assegurar o acesso ao Europeu. S\u00e3o 14 atletas convocadas pelo selecionador Lu\u00eds Concei\u00e7\u00e3o, incluindo as guarda-redes Ana Catarina Pereira e Alexandra Melo. Entre as jogadoras est\u00e1 uma mistura de posi\u00e7\u00f5es, com atletas de clubes como SL Benfica, Le\u00f5es de Porto Salvo, Futsi Navalcarnero, entre outros.","og_url":"https:\/\/portaltela.pt\/noticias\/2026\/02\/15\/selecao-feminina-de-futsal-concentra-se-esta-noite-em-lamego\/","og_site_name":"Portal Tela Portugal","article_published_time":"2026-02-15T19:41:52+00:00","author":"Telinha","twitter_card":"summary_large_image","twitter_misc":{"Escrito por":"Telinha","Tempo estimado de leitura":"1 minuto"},"schema":{"@context":"https:\/\/schema.org","@graph":[{"@type":"Article","@id":"https:\/\/portaltela.pt\/noticias\/2026\/02\/15\/selecao-feminina-de-futsal-concentra-se-esta-noite-em-lamego\/#article","isPartOf":{"@id":"https:\/\/portaltela.pt\/noticias\/2026\/02\/15\/selecao-feminina-de-futsal-concentra-se-esta-noite-em-lamego\/"},"author":{"name":"Telinha","@id":"https:\/\/portaltela.pt\/#\/schema\/person\/c4278d4a6028830caff9ee44b42d32ed"},"headline":"Sele\u00e7\u00e3o feminina de futsal concentra-se esta noite em Lamego","datePublished":"2026-02-15T19:41:52+00:00","mainEntityOfPage":{"@id":"https:\/\/portaltela.pt\/noticias\/2026\/02\/15\/selecao-feminina-de-futsal-concentra-se-esta-noite-em-lamego\/"},"wordCount":226,"image":{"@id":"https:\/\/portaltela.pt\/noticias\/2026\/02\/15\/selecao-feminina-de-futsal-concentra-se-esta-noite-em-lamego\/#primaryimage"},"thumbnailUrl":"https:\/\/portaltela.pt\/s.01k8rhncp4jt1\/2026\/02\/img_920x518uu2026-01-07-17-57-13-2413359-im-639067807739488774.jpg","keywords":["Europa","feminino","futsal","Lamego","Portugal","Sele\u00e7\u00e3o Nacional"],"articleSection":["Desporto","Futebol"],"inLanguage":"pt-PT"},{"@type":"WebPage","@id":"https:\/\/portaltela.pt\/noticias\/2026\/02\/15\/selecao-feminina-de-futsal-concentra-se-esta-noite-em-lamego\/","url":"https:\/\/portaltela.pt\/noticias\/2026\/02\/15\/selecao-feminina-de-futsal-concentra-se-esta-noite-em-lamego\/","name":"Sele\u00e7\u00e3o feminina de futsal concentra-se esta noite em Lamego - Portal Tela Portugal","isPartOf":{"@id":"https:\/\/portaltela.pt\/#website"},"primaryImageOfPage":{"@id":"https:\/\/portaltela.pt\/noticias\/2026\/02\/15\/selecao-feminina-de-futsal-concentra-se-esta-noite-em-lamego\/#primaryimage"},"image":{"@id":"https:\/\/portaltela.pt\/noticias\/2026\/02\/15\/selecao-feminina-de-futsal-concentra-se-esta-noite-em-lamego\/#primaryimage"},"thumbnailUrl":"https:\/\/portaltela.pt\/s.01k8rhncp4jt1\/2026\/02\/img_920x518uu2026-01-07-17-57-13-2413359-im-639067807739488774.jpg","datePublished":"2026-02-15T19:41:52+00:00","author":{"@id":"https:\/\/portaltela.pt\/#\/schema\/person\/c4278d4a6028830caff9ee44b42d32ed"},"breadcrumb":{"@id":"https:\/\/portaltela.pt\/noticias\/2026\/02\/15\/selecao-feminina-de-futsal-concentra-se-esta-noite-em-lamego\/#breadcrumb"},"inLanguage":"pt-PT","potentialAction":[{"@type":"ReadAction","target":["https:\/\/portaltela.pt\/noticias\/2026\/02\/15\/selecao-feminina-de-futsal-concentra-se-esta-noite-em-lamego\/"]}]},{"@type":"ImageObject","inLanguage":"pt-PT","@id":"https:\/\/portaltela.pt\/noticias\/2026\/02\/15\/selecao-feminina-de-futsal-concentra-se-esta-noite-em-lamego\/#primaryimage","url":"https:\/\/portaltela.pt\/s.01k8rhncp4jt1\/2026\/02\/img_920x518uu2026-01-07-17-57-13-2413359-im-639067807739488774.jpg","contentUrl":"https:\/\/portaltela.pt\/s.01k8rhncp4jt1\/2026\/02\/img_920x518uu2026-01-07-17-57-13-2413359-im-639067807739488774.jpg","width":796,"height":448,"caption":"Lu\u00eds Concei\u00e7\u00e3o \u00e9 o selecionador nacional"},{"@type":"BreadcrumbList","@id":"https:\/\/portaltela.pt\/noticias\/2026\/02\/15\/selecao-feminina-de-futsal-concentra-se-esta-noite-em-lamego\/#breadcrumb","itemListElement":[{"@type":"ListItem","position":1,"name":"In\u00edcio","item":"https:\/\/portaltela.pt\/"},{"@type":"ListItem","position":2,"name":"Sele\u00e7\u00e3o feminina de futsal concentra-se esta noite em Lamego"}]},{"@type":"WebSite","@id":"https:\/\/portaltela.pt\/#website","url":"https:\/\/portaltela.pt\/","name":"Portal Tela Portugal","description":"","potentialAction":[{"@type":"SearchAction","target":{"@type":"EntryPoint","urlTemplate":"https:\/\/portaltela.pt\/?s={search_term_string}"},"query-input":{"@type":"PropertyValueSpecification","valueRequired":true,"valueName":"search_term_string"}}],"inLanguage":"pt-PT"},{"@type":"Person","@id":"https:\/\/portaltela.pt\/#\/schema\/person\/c4278d4a6028830caff9ee44b42d32ed","name":"Telinha","image":{"@type":"ImageObject","inLanguage":"pt-PT","@id":"https:\/\/portaltela.pt\/s.01k8rhncp4jt1\/2025\/11\/talking-bot-125x125.png","url":"https:\/\/portaltela.pt\/s.01k8rhncp4jt1\/2025\/11\/talking-bot-125x125.png","contentUrl":"https:\/\/portaltela.pt\/s.01k8rhncp4jt1\/2025\/11\/talking-bot-125x125.png","caption":"Telinha"},"sameAs":["https:\/\/portaltela.pt\/"],"url":"https:\/\/portaltela.pt\/por\/367410592786\/"}]}},"_links":{"self":[{"href":"https:\/\/portaltela.pt\/api\/wp\/v2\/posts\/213699","targetHints":{"allow":["GET"]}}],"collection":[{"href":"https:\/\/portaltela.pt\/api\/wp\/v2\/posts"}],"about":[{"href":"https:\/\/portaltela.pt\/api\/wp\/v2\/types\/post"}],"author":[{"embeddable":true,"href":"https:\/\/portaltela.pt\/api\/wp\/v2\/users\/2"}],"replies":[{"embeddable":true,"href":"https:\/\/portaltela.pt\/api\/wp\/v2\/comments?post=213699"}],"version-history":[{"count":0,"href":"https:\/\/portaltela.pt\/api\/wp\/v2\/posts\/213699\/revisions"}],"wp:featuredmedia":[{"embeddable":true,"href":"https:\/\/portaltela.pt\/api\/wp\/v2\/media\/213705"}],"wp:attachment":[{"href":"https:\/\/portaltela.pt\/api\/wp\/v2\/media?parent=213699"}],"wp:term":[{"taxonomy":"category","embeddable":true,"href":"https:\/\/portaltela.pt\/api\/wp\/v2\/categories?post=213699"},{"taxonomy":"post_tag","embeddable":true,"href":"https:\/\/portaltela.pt\/api\/wp\/v2\/tags?post=213699"}],"curies":[{"name":"wp","href":"https:\/\/api.w.org\/{rel}","templated":true}]}}