{"id":213678,"date":"2026-02-15T16:25:00","date_gmt":"2026-02-15T19:25:00","guid":{"rendered":"https:\/\/portaltela.pt\/noticias\/2026\/02\/15\/protecao-civil-regista-145-ocorrencias-hoje-por-mau-tempo-mais-de-19-mil-este-mes\/"},"modified":"2026-02-15T16:25:00","modified_gmt":"2026-02-15T19:25:00","slug":"protecao-civil-regista-145-ocorrencias-hoje-por-mau-tempo-mais-de-19-mil-este-mes","status":"publish","type":"post","link":"https:\/\/portaltela.pt\/noticias\/2026\/02\/15\/protecao-civil-regista-145-ocorrencias-hoje-por-mau-tempo-mais-de-19-mil-este-mes\/","title":{"rendered":"Prote\u00e7\u00e3o Civil regista 145 ocorr\u00eancias hoje por mau tempo, mais de 19 mil este m\u00eas"},"content":{"rendered":"<p>A Prote\u00e7\u00e3o Civil registou 145 ocorr\u00eancias hoje, em Portugal Continental, devido ao mau tempo. O balan\u00e7o \u00e9 da Autoridade Nacional de Emerg\u00eancia e Prote\u00e7\u00e3o Civil. O total desde 1 de fevereiro sobe para 19.066.<\/p>\n<p>Entre as 00h00 e as 18h00 de hoje, as ocorr\u00eancias foram 145. Coimbra, Oeste e Grande Lisboa continuam a ser as sub-regi\u00f5es mais afetadas.<\/p>\n<p>Principais ocorr\u00eancias: 5649 quedas de \u00e1rvores, 5252 inunda\u00e7\u00f5es, 3084 quedas de estruturas e 2993 movimentos de massa. Tamb\u00e9m houve 163 salvamentos aqu\u00e1ticos e 84 terrestres.<\/p>\n<p>Ao todo est\u00e3o empenhados mais de 64 mil operacionais, com o apoio de 26 mil meios, segundo o balan\u00e7o oficial.<\/p>\n<p>A Prote\u00e7\u00e3o Civil mant\u00e9m o aviso para comportamentos preventivos, sobretudo em zonas vulner\u00e1veis a cheias e deslizamentos.<\/p>\n<p>As autoridades recomendam evitar atravessar estradas alagadas e manter dist\u00e2ncia de linhas de \u00e1gua, bem como estar atento a sinais de instabilidade do terreno.<\/p>\n","protected":false},"excerpt":{"rendered":"<ul>\n<li>145 ocorr\u00eancias registadas pela Prote\u00e7\u00e3o Civil este domingo no Continente, entre as 00h00 e as 18h00, devido ao mau tempo.<\/li>\n<li>O total desde o dia 1 de fevereiro subiu para 19.066, segundo a Autoridade Nacional de Emerg\u00eancia e Prote\u00e7\u00e3o Civil.<\/li>\n<li>Coimbra, Oeste e Grande Lisboa s\u00e3o as sub-regi\u00f5es mais afetadas.<\/li>\n<li>Entre as ocorr\u00eancias, destacam-se 5.649 quedas de \u00e1rvores, 5.252 inunda\u00e7\u00f5es, 3.084 quedas de estruturas e 2.993 movimentos de massa; foram ainda registados 163 salvamentos aqu\u00e1ticos e 84 terrestres.<\/li>\n<li>Mais de 64 mil operacionais, apoiados por 26 mil meios, continuam em atua\u00e7\u00e3o; a popula\u00e7\u00e3o \u00e9 alertada para comportamentos preventivos em \u00e1reas vulner\u00e1veis.<\/li>\n<\/ul>\n","protected":false},"author":2,"featured_media":213682,"comment_status":"closed","ping_status":"closed","sticky":false,"template":"","format":"standard","meta":{"footnotes":""},"categories":[1],"tags":[3812,1070,3735,2293,1297,4304],"class_list":["post-213678","post","type-post","status-publish","format-standard","has-post-thumbnail","hentry","category-noticias","tag-alagamentos","tag-coimbra","tag-deslizamentos","tag-inundacoes","tag-quedas-de-arvores","tag-salvamento"],"yoast_head":"<!-- This site is optimized with the Yoast SEO plugin v27.2 - https:\/\/yoast.com\/product\/yoast-seo-wordpress\/ -->\n<title>Prote\u00e7\u00e3o Civil regista 145 ocorr\u00eancias hoje por mau tempo, mais de 19 mil este m\u00eas - Portal Tela Portugal<\/title>\n<meta name=\"robots\" content=\"index, follow, max-snippet:-1, max-image-preview:large, max-video-preview:-1\" \/>\n<meta property=\"og:locale\" content=\"pt_PT\" \/>\n<meta property=\"og:type\" content=\"article\" \/>\n<meta property=\"og:title\" content=\"Prote\u00e7\u00e3o Civil regista 145 ocorr\u00eancias hoje por mau tempo, mais de 19 mil este m\u00eas - Portal Tela Portugal\" \/>\n<meta property=\"og:description\" content=\"145 ocorr\u00eancias registadas pela Prote\u00e7\u00e3o Civil este domingo no Continente, entre as 00h00 e as 18h00, devido ao mau tempo. O total desde o dia 1 de fevereiro subiu para 19.066, segundo a Autoridade Nacional de Emerg\u00eancia e Prote\u00e7\u00e3o Civil. Coimbra, Oeste e Grande Lisboa s\u00e3o as sub-regi\u00f5es mais afetadas. Entre as ocorr\u00eancias, destacam-se 5.649 quedas de \u00e1rvores, 5.252 inunda\u00e7\u00f5es, 3.084 quedas de estruturas e 2.993 movimentos de massa; foram ainda registados 163 salvamentos aqu\u00e1ticos e 84 terrestres. Mais de 64 mil operacionais, apoiados por 26 mil meios, continuam em atua\u00e7\u00e3o; a popula\u00e7\u00e3o \u00e9 alertada para comportamentos preventivos em \u00e1reas vulner\u00e1veis.\" \/>\n<meta property=\"og:url\" content=\"https:\/\/portaltela.pt\/noticias\/2026\/02\/15\/protecao-civil-regista-145-ocorrencias-hoje-por-mau-tempo-mais-de-19-mil-este-mes\/\" \/>\n<meta property=\"og:site_name\" content=\"Portal Tela Portugal\" \/>\n<meta property=\"article:published_time\" content=\"2026-02-15T19:25:00+00:00\" \/>\n<meta name=\"author\" content=\"Telinha\" \/>\n<meta name=\"twitter:card\" content=\"summary_large_image\" \/>\n<meta name=\"twitter:label1\" content=\"Escrito por\" \/>\n\t<meta name=\"twitter:data1\" content=\"Telinha\" \/>\n\t<meta name=\"twitter:label2\" content=\"Tempo estimado de leitura\" \/>\n\t<meta name=\"twitter:data2\" content=\"1 minuto\" \/>\n<script type=\"application\/ld+json\" class=\"yoast-schema-graph\">{\"@context\":\"https:\/\/schema.org\",\"@graph\":[{\"@type\":\"Article\",\"@id\":\"https:\/\/portaltela.pt\/noticias\/2026\/02\/15\/protecao-civil-regista-145-ocorrencias-hoje-por-mau-tempo-mais-de-19-mil-este-mes\/#article\",\"isPartOf\":{\"@id\":\"https:\/\/portaltela.pt\/noticias\/2026\/02\/15\/protecao-civil-regista-145-ocorrencias-hoje-por-mau-tempo-mais-de-19-mil-este-mes\/\"},\"author\":{\"name\":\"Telinha\",\"@id\":\"https:\/\/portaltela.pt\/#\/schema\/person\/c4278d4a6028830caff9ee44b42d32ed\"},\"headline\":\"Prote\u00e7\u00e3o Civil regista 145 ocorr\u00eancias hoje por mau tempo, mais de 19 mil este m\u00eas\",\"datePublished\":\"2026-02-15T19:25:00+00:00\",\"mainEntityOfPage\":{\"@id\":\"https:\/\/portaltela.pt\/noticias\/2026\/02\/15\/protecao-civil-regista-145-ocorrencias-hoje-por-mau-tempo-mais-de-19-mil-este-mes\/\"},\"wordCount\":164,\"image\":{\"@id\":\"https:\/\/portaltela.pt\/noticias\/2026\/02\/15\/protecao-civil-regista-145-ocorrencias-hoje-por-mau-tempo-mais-de-19-mil-este-mes\/#primaryimage\"},\"thumbnailUrl\":\"https:\/\/portaltela.pt\/s.01k8rhncp4jt1\/2026\/02\/img_1500x1000uu2026-02-11-15-28-17-2266282-3.jpg\",\"keywords\":[\"alagamentos\",\"Coimbra\",\"deslizamentos\",\"inunda\u00e7\u00f5es\",\"quedas de \u00e1rvores\",\"salvamento\"],\"articleSection\":[\"Not\u00edcias\"],\"inLanguage\":\"pt-PT\"},{\"@type\":\"WebPage\",\"@id\":\"https:\/\/portaltela.pt\/noticias\/2026\/02\/15\/protecao-civil-regista-145-ocorrencias-hoje-por-mau-tempo-mais-de-19-mil-este-mes\/\",\"url\":\"https:\/\/portaltela.pt\/noticias\/2026\/02\/15\/protecao-civil-regista-145-ocorrencias-hoje-por-mau-tempo-mais-de-19-mil-este-mes\/\",\"name\":\"Prote\u00e7\u00e3o Civil regista 145 ocorr\u00eancias hoje por mau tempo, mais de 19 mil este m\u00eas - Portal Tela Portugal\",\"isPartOf\":{\"@id\":\"https:\/\/portaltela.pt\/#website\"},\"primaryImageOfPage\":{\"@id\":\"https:\/\/portaltela.pt\/noticias\/2026\/02\/15\/protecao-civil-regista-145-ocorrencias-hoje-por-mau-tempo-mais-de-19-mil-este-mes\/#primaryimage\"},\"image\":{\"@id\":\"https:\/\/portaltela.pt\/noticias\/2026\/02\/15\/protecao-civil-regista-145-ocorrencias-hoje-por-mau-tempo-mais-de-19-mil-este-mes\/#primaryimage\"},\"thumbnailUrl\":\"https:\/\/portaltela.pt\/s.01k8rhncp4jt1\/2026\/02\/img_1500x1000uu2026-02-11-15-28-17-2266282-3.jpg\",\"datePublished\":\"2026-02-15T19:25:00+00:00\",\"author\":{\"@id\":\"https:\/\/portaltela.pt\/#\/schema\/person\/c4278d4a6028830caff9ee44b42d32ed\"},\"breadcrumb\":{\"@id\":\"https:\/\/portaltela.pt\/noticias\/2026\/02\/15\/protecao-civil-regista-145-ocorrencias-hoje-por-mau-tempo-mais-de-19-mil-este-mes\/#breadcrumb\"},\"inLanguage\":\"pt-PT\",\"potentialAction\":[{\"@type\":\"ReadAction\",\"target\":[\"https:\/\/portaltela.pt\/noticias\/2026\/02\/15\/protecao-civil-regista-145-ocorrencias-hoje-por-mau-tempo-mais-de-19-mil-este-mes\/\"]}]},{\"@type\":\"ImageObject\",\"inLanguage\":\"pt-PT\",\"@id\":\"https:\/\/portaltela.pt\/noticias\/2026\/02\/15\/protecao-civil-regista-145-ocorrencias-hoje-por-mau-tempo-mais-de-19-mil-este-mes\/#primaryimage\",\"url\":\"https:\/\/portaltela.pt\/s.01k8rhncp4jt1\/2026\/02\/img_1500x1000uu2026-02-11-15-28-17-2266282-3.jpg\",\"contentUrl\":\"https:\/\/portaltela.pt\/s.01k8rhncp4jt1\/2026\/02\/img_1500x1000uu2026-02-11-15-28-17-2266282-3.jpg\",\"width\":796,\"height\":448,\"caption\":\"Prote\u00e7\u00e3o Civil\"},{\"@type\":\"BreadcrumbList\",\"@id\":\"https:\/\/portaltela.pt\/noticias\/2026\/02\/15\/protecao-civil-regista-145-ocorrencias-hoje-por-mau-tempo-mais-de-19-mil-este-mes\/#breadcrumb\",\"itemListElement\":[{\"@type\":\"ListItem\",\"position\":1,\"name\":\"In\u00edcio\",\"item\":\"https:\/\/portaltela.pt\/\"},{\"@type\":\"ListItem\",\"position\":2,\"name\":\"Prote\u00e7\u00e3o Civil regista 145 ocorr\u00eancias hoje por mau tempo, mais de 19 mil este m\u00eas\"}]},{\"@type\":\"WebSite\",\"@id\":\"https:\/\/portaltela.pt\/#website\",\"url\":\"https:\/\/portaltela.pt\/\",\"name\":\"Portal Tela Portugal\",\"description\":\"\",\"potentialAction\":[{\"@type\":\"SearchAction\",\"target\":{\"@type\":\"EntryPoint\",\"urlTemplate\":\"https:\/\/portaltela.pt\/?s={search_term_string}\"},\"query-input\":{\"@type\":\"PropertyValueSpecification\",\"valueRequired\":true,\"valueName\":\"search_term_string\"}}],\"inLanguage\":\"pt-PT\"},{\"@type\":\"Person\",\"@id\":\"https:\/\/portaltela.pt\/#\/schema\/person\/c4278d4a6028830caff9ee44b42d32ed\",\"name\":\"Telinha\",\"image\":{\"@type\":\"ImageObject\",\"inLanguage\":\"pt-PT\",\"@id\":\"https:\/\/portaltela.pt\/s.01k8rhncp4jt1\/2025\/11\/talking-bot-125x125.png\",\"url\":\"https:\/\/portaltela.pt\/s.01k8rhncp4jt1\/2025\/11\/talking-bot-125x125.png\",\"contentUrl\":\"https:\/\/portaltela.pt\/s.01k8rhncp4jt1\/2025\/11\/talking-bot-125x125.png\",\"caption\":\"Telinha\"},\"sameAs\":[\"https:\/\/portaltela.pt\/\"],\"url\":\"https:\/\/portaltela.pt\/por\/367410592786\/\"}]}<\/script>\n<!-- \/ Yoast SEO plugin. -->","yoast_head_json":{"title":"Prote\u00e7\u00e3o Civil regista 145 ocorr\u00eancias hoje por mau tempo, mais de 19 mil este m\u00eas - Portal Tela Portugal","robots":{"index":"index","follow":"follow","max-snippet":"max-snippet:-1","max-image-preview":"max-image-preview:large","max-video-preview":"max-video-preview:-1"},"og_locale":"pt_PT","og_type":"article","og_title":"Prote\u00e7\u00e3o Civil regista 145 ocorr\u00eancias hoje por mau tempo, mais de 19 mil este m\u00eas - Portal Tela Portugal","og_description":"145 ocorr\u00eancias registadas pela Prote\u00e7\u00e3o Civil este domingo no Continente, entre as 00h00 e as 18h00, devido ao mau tempo. O total desde o dia 1 de fevereiro subiu para 19.066, segundo a Autoridade Nacional de Emerg\u00eancia e Prote\u00e7\u00e3o Civil. Coimbra, Oeste e Grande Lisboa s\u00e3o as sub-regi\u00f5es mais afetadas. Entre as ocorr\u00eancias, destacam-se 5.649 quedas de \u00e1rvores, 5.252 inunda\u00e7\u00f5es, 3.084 quedas de estruturas e 2.993 movimentos de massa; foram ainda registados 163 salvamentos aqu\u00e1ticos e 84 terrestres. Mais de 64 mil operacionais, apoiados por 26 mil meios, continuam em atua\u00e7\u00e3o; a popula\u00e7\u00e3o \u00e9 alertada para comportamentos preventivos em \u00e1reas vulner\u00e1veis.","og_url":"https:\/\/portaltela.pt\/noticias\/2026\/02\/15\/protecao-civil-regista-145-ocorrencias-hoje-por-mau-tempo-mais-de-19-mil-este-mes\/","og_site_name":"Portal Tela Portugal","article_published_time":"2026-02-15T19:25:00+00:00","author":"Telinha","twitter_card":"summary_large_image","twitter_misc":{"Escrito por":"Telinha","Tempo estimado de leitura":"1 minuto"},"schema":{"@context":"https:\/\/schema.org","@graph":[{"@type":"Article","@id":"https:\/\/portaltela.pt\/noticias\/2026\/02\/15\/protecao-civil-regista-145-ocorrencias-hoje-por-mau-tempo-mais-de-19-mil-este-mes\/#article","isPartOf":{"@id":"https:\/\/portaltela.pt\/noticias\/2026\/02\/15\/protecao-civil-regista-145-ocorrencias-hoje-por-mau-tempo-mais-de-19-mil-este-mes\/"},"author":{"name":"Telinha","@id":"https:\/\/portaltela.pt\/#\/schema\/person\/c4278d4a6028830caff9ee44b42d32ed"},"headline":"Prote\u00e7\u00e3o Civil regista 145 ocorr\u00eancias hoje por mau tempo, mais de 19 mil este m\u00eas","datePublished":"2026-02-15T19:25:00+00:00","mainEntityOfPage":{"@id":"https:\/\/portaltela.pt\/noticias\/2026\/02\/15\/protecao-civil-regista-145-ocorrencias-hoje-por-mau-tempo-mais-de-19-mil-este-mes\/"},"wordCount":164,"image":{"@id":"https:\/\/portaltela.pt\/noticias\/2026\/02\/15\/protecao-civil-regista-145-ocorrencias-hoje-por-mau-tempo-mais-de-19-mil-este-mes\/#primaryimage"},"thumbnailUrl":"https:\/\/portaltela.pt\/s.01k8rhncp4jt1\/2026\/02\/img_1500x1000uu2026-02-11-15-28-17-2266282-3.jpg","keywords":["alagamentos","Coimbra","deslizamentos","inunda\u00e7\u00f5es","quedas de \u00e1rvores","salvamento"],"articleSection":["Not\u00edcias"],"inLanguage":"pt-PT"},{"@type":"WebPage","@id":"https:\/\/portaltela.pt\/noticias\/2026\/02\/15\/protecao-civil-regista-145-ocorrencias-hoje-por-mau-tempo-mais-de-19-mil-este-mes\/","url":"https:\/\/portaltela.pt\/noticias\/2026\/02\/15\/protecao-civil-regista-145-ocorrencias-hoje-por-mau-tempo-mais-de-19-mil-este-mes\/","name":"Prote\u00e7\u00e3o Civil regista 145 ocorr\u00eancias hoje por mau tempo, mais de 19 mil este m\u00eas - Portal Tela Portugal","isPartOf":{"@id":"https:\/\/portaltela.pt\/#website"},"primaryImageOfPage":{"@id":"https:\/\/portaltela.pt\/noticias\/2026\/02\/15\/protecao-civil-regista-145-ocorrencias-hoje-por-mau-tempo-mais-de-19-mil-este-mes\/#primaryimage"},"image":{"@id":"https:\/\/portaltela.pt\/noticias\/2026\/02\/15\/protecao-civil-regista-145-ocorrencias-hoje-por-mau-tempo-mais-de-19-mil-este-mes\/#primaryimage"},"thumbnailUrl":"https:\/\/portaltela.pt\/s.01k8rhncp4jt1\/2026\/02\/img_1500x1000uu2026-02-11-15-28-17-2266282-3.jpg","datePublished":"2026-02-15T19:25:00+00:00","author":{"@id":"https:\/\/portaltela.pt\/#\/schema\/person\/c4278d4a6028830caff9ee44b42d32ed"},"breadcrumb":{"@id":"https:\/\/portaltela.pt\/noticias\/2026\/02\/15\/protecao-civil-regista-145-ocorrencias-hoje-por-mau-tempo-mais-de-19-mil-este-mes\/#breadcrumb"},"inLanguage":"pt-PT","potentialAction":[{"@type":"ReadAction","target":["https:\/\/portaltela.pt\/noticias\/2026\/02\/15\/protecao-civil-regista-145-ocorrencias-hoje-por-mau-tempo-mais-de-19-mil-este-mes\/"]}]},{"@type":"ImageObject","inLanguage":"pt-PT","@id":"https:\/\/portaltela.pt\/noticias\/2026\/02\/15\/protecao-civil-regista-145-ocorrencias-hoje-por-mau-tempo-mais-de-19-mil-este-mes\/#primaryimage","url":"https:\/\/portaltela.pt\/s.01k8rhncp4jt1\/2026\/02\/img_1500x1000uu2026-02-11-15-28-17-2266282-3.jpg","contentUrl":"https:\/\/portaltela.pt\/s.01k8rhncp4jt1\/2026\/02\/img_1500x1000uu2026-02-11-15-28-17-2266282-3.jpg","width":796,"height":448,"caption":"Prote\u00e7\u00e3o Civil"},{"@type":"BreadcrumbList","@id":"https:\/\/portaltela.pt\/noticias\/2026\/02\/15\/protecao-civil-regista-145-ocorrencias-hoje-por-mau-tempo-mais-de-19-mil-este-mes\/#breadcrumb","itemListElement":[{"@type":"ListItem","position":1,"name":"In\u00edcio","item":"https:\/\/portaltela.pt\/"},{"@type":"ListItem","position":2,"name":"Prote\u00e7\u00e3o Civil regista 145 ocorr\u00eancias hoje por mau tempo, mais de 19 mil este m\u00eas"}]},{"@type":"WebSite","@id":"https:\/\/portaltela.pt\/#website","url":"https:\/\/portaltela.pt\/","name":"Portal Tela Portugal","description":"","potentialAction":[{"@type":"SearchAction","target":{"@type":"EntryPoint","urlTemplate":"https:\/\/portaltela.pt\/?s={search_term_string}"},"query-input":{"@type":"PropertyValueSpecification","valueRequired":true,"valueName":"search_term_string"}}],"inLanguage":"pt-PT"},{"@type":"Person","@id":"https:\/\/portaltela.pt\/#\/schema\/person\/c4278d4a6028830caff9ee44b42d32ed","name":"Telinha","image":{"@type":"ImageObject","inLanguage":"pt-PT","@id":"https:\/\/portaltela.pt\/s.01k8rhncp4jt1\/2025\/11\/talking-bot-125x125.png","url":"https:\/\/portaltela.pt\/s.01k8rhncp4jt1\/2025\/11\/talking-bot-125x125.png","contentUrl":"https:\/\/portaltela.pt\/s.01k8rhncp4jt1\/2025\/11\/talking-bot-125x125.png","caption":"Telinha"},"sameAs":["https:\/\/portaltela.pt\/"],"url":"https:\/\/portaltela.pt\/por\/367410592786\/"}]}},"_links":{"self":[{"href":"https:\/\/portaltela.pt\/api\/wp\/v2\/posts\/213678","targetHints":{"allow":["GET"]}}],"collection":[{"href":"https:\/\/portaltela.pt\/api\/wp\/v2\/posts"}],"about":[{"href":"https:\/\/portaltela.pt\/api\/wp\/v2\/types\/post"}],"author":[{"embeddable":true,"href":"https:\/\/portaltela.pt\/api\/wp\/v2\/users\/2"}],"replies":[{"embeddable":true,"href":"https:\/\/portaltela.pt\/api\/wp\/v2\/comments?post=213678"}],"version-history":[{"count":0,"href":"https:\/\/portaltela.pt\/api\/wp\/v2\/posts\/213678\/revisions"}],"wp:featuredmedia":[{"embeddable":true,"href":"https:\/\/portaltela.pt\/api\/wp\/v2\/media\/213682"}],"wp:attachment":[{"href":"https:\/\/portaltela.pt\/api\/wp\/v2\/media?parent=213678"}],"wp:term":[{"taxonomy":"category","embeddable":true,"href":"https:\/\/portaltela.pt\/api\/wp\/v2\/categories?post=213678"},{"taxonomy":"post_tag","embeddable":true,"href":"https:\/\/portaltela.pt\/api\/wp\/v2\/tags?post=213678"}],"curies":[{"name":"wp","href":"https:\/\/api.w.org\/{rel}","templated":true}]}}