{"id":213676,"date":"2026-02-15T16:26:00","date_gmt":"2026-02-15T19:26:00","guid":{"rendered":"https:\/\/portaltela.pt\/noticias\/2026\/02\/15\/feirantes-de-valenca-solicitam-isencao-de-taxas-municipais\/"},"modified":"2026-02-15T16:26:00","modified_gmt":"2026-02-15T19:26:00","slug":"feirantes-de-valenca-solicitam-isencao-de-taxas-municipais","status":"publish","type":"post","link":"https:\/\/portaltela.pt\/noticias\/2026\/02\/15\/feirantes-de-valenca-solicitam-isencao-de-taxas-municipais\/","title":{"rendered":"Feirantes de Valen\u00e7a solicitam isen\u00e7\u00e3o de taxas municipais"},"content":{"rendered":"<p>A associa\u00e7\u00e3o de feirantes de Valen\u00e7a pediu \u00e0 C\u00e2mara Municipal para isentar as taxas de ocupa\u00e7\u00e3o durante as feiras, como forma de compensar a quebra de rendimento causada pela aus\u00eancia de clientes nos \u00faltimos meses, sobretudo devido ao mau tempo. A medida j\u00e1 foi aprovada pela autarquia para duas feiras de janeiro.<\/p>\n<p>A Associa\u00e7\u00e3o Feiras e Mercados da Regi\u00e3o Norte (AFMRN) explica que a falta de p\u00fablico tem vindo a acumular-se desde o final de dezembro, per\u00edodo que coincidiu com as festas de Natal e Ano Novo. Segundo Manuel Peixoto, o impacto tem se mantido na conjuntura de janeiro e fevereiro, com previs\u00f5es de repeti\u00e7\u00e3o devido \u00e0 meteorologia.<\/p>\n<h3>Solicita\u00e7\u00e3o \u00e0 C\u00e2mara<\/h3>\n<p>A AFMRN afirma que muitos feirantes, principalmente os vindos de longe, continuam a manter as feiras mediante intemp\u00e9ries, mas registram que o fluxo de clientes n\u00e3o acompanha. A entidade destaca que a isen\u00e7\u00e3o pretendida visa atenuar a queda de rendimentos at\u00e9 ao restabelecimento da normalidade comercial.<\/p>\n","protected":false},"excerpt":{"rendered":"<ul>\n<li>Feirantes de Valen\u00e7a pedem isen\u00e7\u00e3o das taxas de ocupa\u00e7\u00e3o \u00e0 C\u00e2mara, como compensa\u00e7\u00e3o pela quebra de rendimentos causada pela queda de clientes, sobretudo devido ao mau tempo.<\/li>\n<li>A C\u00e2mara j\u00e1 aprovou isentar duas feiras em janeiro.<\/li>\n<li>A AFMRN diz que a escassez come\u00e7ou no final de dezembro, com as feiras de Natal e Ano Novo, que s\u00f3 decorreram at\u00e9 \u00e0 hora de almo\u00e7o.<\/li>\n<li>Diz ainda que as feiras de janeiro e fevereiro tamb\u00e9m enfrentaram mau tempo, com muitos comerciantes a deslocarem-se mesmo assim, mas sem garantias de clientela.<\/li>\n<\/ul>\n","protected":false},"author":2,"featured_media":213683,"comment_status":"closed","ping_status":"closed","sticky":false,"template":"","format":"standard","meta":{"footnotes":""},"categories":[1],"tags":[679,28,4364,156,1632,3222],"class_list":["post-213676","post","type-post","status-publish","format-standard","has-post-thumbnail","hentry","category-noticias","tag-associacoes","tag-economia","tag-meteorologia","tag-rendimentos","tag-taxas","tag-valenca"],"yoast_head":"<!-- This site is optimized with the Yoast SEO plugin v27.2 - https:\/\/yoast.com\/product\/yoast-seo-wordpress\/ -->\n<title>Feirantes de Valen\u00e7a solicitam isen\u00e7\u00e3o de taxas municipais - Portal Tela Portugal<\/title>\n<meta name=\"robots\" content=\"index, follow, max-snippet:-1, max-image-preview:large, max-video-preview:-1\" \/>\n<meta property=\"og:locale\" content=\"pt_PT\" \/>\n<meta property=\"og:type\" content=\"article\" \/>\n<meta property=\"og:title\" content=\"Feirantes de Valen\u00e7a solicitam isen\u00e7\u00e3o de taxas municipais - Portal Tela Portugal\" \/>\n<meta property=\"og:description\" content=\"Feirantes de Valen\u00e7a pedem isen\u00e7\u00e3o das taxas de ocupa\u00e7\u00e3o \u00e0 C\u00e2mara, como compensa\u00e7\u00e3o pela quebra de rendimentos causada pela queda de clientes, sobretudo devido ao mau tempo. A C\u00e2mara j\u00e1 aprovou isentar duas feiras em janeiro. A AFMRN diz que a escassez come\u00e7ou no final de dezembro, com as feiras de Natal e Ano Novo, que s\u00f3 decorreram at\u00e9 \u00e0 hora de almo\u00e7o. Diz ainda que as feiras de janeiro e fevereiro tamb\u00e9m enfrentaram mau tempo, com muitos comerciantes a deslocarem-se mesmo assim, mas sem garantias de clientela.\" \/>\n<meta property=\"og:url\" content=\"https:\/\/portaltela.pt\/noticias\/2026\/02\/15\/feirantes-de-valenca-solicitam-isencao-de-taxas-municipais\/\" \/>\n<meta property=\"og:site_name\" content=\"Portal Tela Portugal\" \/>\n<meta property=\"article:published_time\" content=\"2026-02-15T19:26:00+00:00\" \/>\n<meta name=\"author\" content=\"Telinha\" \/>\n<meta name=\"twitter:card\" content=\"summary_large_image\" \/>\n<meta name=\"twitter:label1\" content=\"Escrito por\" \/>\n\t<meta name=\"twitter:data1\" content=\"Telinha\" \/>\n\t<meta name=\"twitter:label2\" content=\"Tempo estimado de leitura\" \/>\n\t<meta name=\"twitter:data2\" content=\"1 minuto\" \/>\n<script type=\"application\/ld+json\" class=\"yoast-schema-graph\">{\"@context\":\"https:\/\/schema.org\",\"@graph\":[{\"@type\":\"Article\",\"@id\":\"https:\/\/portaltela.pt\/noticias\/2026\/02\/15\/feirantes-de-valenca-solicitam-isencao-de-taxas-municipais\/#article\",\"isPartOf\":{\"@id\":\"https:\/\/portaltela.pt\/noticias\/2026\/02\/15\/feirantes-de-valenca-solicitam-isencao-de-taxas-municipais\/\"},\"author\":{\"name\":\"Telinha\",\"@id\":\"https:\/\/portaltela.pt\/#\/schema\/person\/c4278d4a6028830caff9ee44b42d32ed\"},\"headline\":\"Feirantes de Valen\u00e7a solicitam isen\u00e7\u00e3o de taxas municipais\",\"datePublished\":\"2026-02-15T19:26:00+00:00\",\"mainEntityOfPage\":{\"@id\":\"https:\/\/portaltela.pt\/noticias\/2026\/02\/15\/feirantes-de-valenca-solicitam-isencao-de-taxas-municipais\/\"},\"wordCount\":180,\"image\":{\"@id\":\"https:\/\/portaltela.pt\/noticias\/2026\/02\/15\/feirantes-de-valenca-solicitam-isencao-de-taxas-municipais\/#primaryimage\"},\"thumbnailUrl\":\"https:\/\/portaltela.pt\/s.01k8rhncp4jt1\/2026\/02\/image-1187.jpg\",\"keywords\":[\"associa\u00e7\u00f5es\",\"economia\",\"meteorologia\",\"rendimentos\",\"taxas\",\"Valen\u00e7a\"],\"articleSection\":[\"Not\u00edcias\"],\"inLanguage\":\"pt-PT\"},{\"@type\":\"WebPage\",\"@id\":\"https:\/\/portaltela.pt\/noticias\/2026\/02\/15\/feirantes-de-valenca-solicitam-isencao-de-taxas-municipais\/\",\"url\":\"https:\/\/portaltela.pt\/noticias\/2026\/02\/15\/feirantes-de-valenca-solicitam-isencao-de-taxas-municipais\/\",\"name\":\"Feirantes de Valen\u00e7a solicitam isen\u00e7\u00e3o de taxas municipais - Portal Tela Portugal\",\"isPartOf\":{\"@id\":\"https:\/\/portaltela.pt\/#website\"},\"primaryImageOfPage\":{\"@id\":\"https:\/\/portaltela.pt\/noticias\/2026\/02\/15\/feirantes-de-valenca-solicitam-isencao-de-taxas-municipais\/#primaryimage\"},\"image\":{\"@id\":\"https:\/\/portaltela.pt\/noticias\/2026\/02\/15\/feirantes-de-valenca-solicitam-isencao-de-taxas-municipais\/#primaryimage\"},\"thumbnailUrl\":\"https:\/\/portaltela.pt\/s.01k8rhncp4jt1\/2026\/02\/image-1187.jpg\",\"datePublished\":\"2026-02-15T19:26:00+00:00\",\"author\":{\"@id\":\"https:\/\/portaltela.pt\/#\/schema\/person\/c4278d4a6028830caff9ee44b42d32ed\"},\"breadcrumb\":{\"@id\":\"https:\/\/portaltela.pt\/noticias\/2026\/02\/15\/feirantes-de-valenca-solicitam-isencao-de-taxas-municipais\/#breadcrumb\"},\"inLanguage\":\"pt-PT\",\"potentialAction\":[{\"@type\":\"ReadAction\",\"target\":[\"https:\/\/portaltela.pt\/noticias\/2026\/02\/15\/feirantes-de-valenca-solicitam-isencao-de-taxas-municipais\/\"]}]},{\"@type\":\"ImageObject\",\"inLanguage\":\"pt-PT\",\"@id\":\"https:\/\/portaltela.pt\/noticias\/2026\/02\/15\/feirantes-de-valenca-solicitam-isencao-de-taxas-municipais\/#primaryimage\",\"url\":\"https:\/\/portaltela.pt\/s.01k8rhncp4jt1\/2026\/02\/image-1187.jpg\",\"contentUrl\":\"https:\/\/portaltela.pt\/s.01k8rhncp4jt1\/2026\/02\/image-1187.jpg\",\"width\":796,\"height\":448,\"caption\":\"Quest\u00f5es de calend\u00e1rio e mau tempo entre os motivos das perdas alegadas pelos feirantes\"},{\"@type\":\"BreadcrumbList\",\"@id\":\"https:\/\/portaltela.pt\/noticias\/2026\/02\/15\/feirantes-de-valenca-solicitam-isencao-de-taxas-municipais\/#breadcrumb\",\"itemListElement\":[{\"@type\":\"ListItem\",\"position\":1,\"name\":\"In\u00edcio\",\"item\":\"https:\/\/portaltela.pt\/\"},{\"@type\":\"ListItem\",\"position\":2,\"name\":\"Feirantes de Valen\u00e7a solicitam isen\u00e7\u00e3o de taxas municipais\"}]},{\"@type\":\"WebSite\",\"@id\":\"https:\/\/portaltela.pt\/#website\",\"url\":\"https:\/\/portaltela.pt\/\",\"name\":\"Portal Tela Portugal\",\"description\":\"\",\"potentialAction\":[{\"@type\":\"SearchAction\",\"target\":{\"@type\":\"EntryPoint\",\"urlTemplate\":\"https:\/\/portaltela.pt\/?s={search_term_string}\"},\"query-input\":{\"@type\":\"PropertyValueSpecification\",\"valueRequired\":true,\"valueName\":\"search_term_string\"}}],\"inLanguage\":\"pt-PT\"},{\"@type\":\"Person\",\"@id\":\"https:\/\/portaltela.pt\/#\/schema\/person\/c4278d4a6028830caff9ee44b42d32ed\",\"name\":\"Telinha\",\"image\":{\"@type\":\"ImageObject\",\"inLanguage\":\"pt-PT\",\"@id\":\"https:\/\/portaltela.pt\/s.01k8rhncp4jt1\/2025\/11\/talking-bot-125x125.png\",\"url\":\"https:\/\/portaltela.pt\/s.01k8rhncp4jt1\/2025\/11\/talking-bot-125x125.png\",\"contentUrl\":\"https:\/\/portaltela.pt\/s.01k8rhncp4jt1\/2025\/11\/talking-bot-125x125.png\",\"caption\":\"Telinha\"},\"sameAs\":[\"https:\/\/portaltela.pt\/\"],\"url\":\"https:\/\/portaltela.pt\/por\/367410592786\/\"}]}<\/script>\n<!-- \/ Yoast SEO plugin. -->","yoast_head_json":{"title":"Feirantes de Valen\u00e7a solicitam isen\u00e7\u00e3o de taxas municipais - Portal Tela Portugal","robots":{"index":"index","follow":"follow","max-snippet":"max-snippet:-1","max-image-preview":"max-image-preview:large","max-video-preview":"max-video-preview:-1"},"og_locale":"pt_PT","og_type":"article","og_title":"Feirantes de Valen\u00e7a solicitam isen\u00e7\u00e3o de taxas municipais - Portal Tela Portugal","og_description":"Feirantes de Valen\u00e7a pedem isen\u00e7\u00e3o das taxas de ocupa\u00e7\u00e3o \u00e0 C\u00e2mara, como compensa\u00e7\u00e3o pela quebra de rendimentos causada pela queda de clientes, sobretudo devido ao mau tempo. A C\u00e2mara j\u00e1 aprovou isentar duas feiras em janeiro. A AFMRN diz que a escassez come\u00e7ou no final de dezembro, com as feiras de Natal e Ano Novo, que s\u00f3 decorreram at\u00e9 \u00e0 hora de almo\u00e7o. Diz ainda que as feiras de janeiro e fevereiro tamb\u00e9m enfrentaram mau tempo, com muitos comerciantes a deslocarem-se mesmo assim, mas sem garantias de clientela.","og_url":"https:\/\/portaltela.pt\/noticias\/2026\/02\/15\/feirantes-de-valenca-solicitam-isencao-de-taxas-municipais\/","og_site_name":"Portal Tela Portugal","article_published_time":"2026-02-15T19:26:00+00:00","author":"Telinha","twitter_card":"summary_large_image","twitter_misc":{"Escrito por":"Telinha","Tempo estimado de leitura":"1 minuto"},"schema":{"@context":"https:\/\/schema.org","@graph":[{"@type":"Article","@id":"https:\/\/portaltela.pt\/noticias\/2026\/02\/15\/feirantes-de-valenca-solicitam-isencao-de-taxas-municipais\/#article","isPartOf":{"@id":"https:\/\/portaltela.pt\/noticias\/2026\/02\/15\/feirantes-de-valenca-solicitam-isencao-de-taxas-municipais\/"},"author":{"name":"Telinha","@id":"https:\/\/portaltela.pt\/#\/schema\/person\/c4278d4a6028830caff9ee44b42d32ed"},"headline":"Feirantes de Valen\u00e7a solicitam isen\u00e7\u00e3o de taxas municipais","datePublished":"2026-02-15T19:26:00+00:00","mainEntityOfPage":{"@id":"https:\/\/portaltela.pt\/noticias\/2026\/02\/15\/feirantes-de-valenca-solicitam-isencao-de-taxas-municipais\/"},"wordCount":180,"image":{"@id":"https:\/\/portaltela.pt\/noticias\/2026\/02\/15\/feirantes-de-valenca-solicitam-isencao-de-taxas-municipais\/#primaryimage"},"thumbnailUrl":"https:\/\/portaltela.pt\/s.01k8rhncp4jt1\/2026\/02\/image-1187.jpg","keywords":["associa\u00e7\u00f5es","economia","meteorologia","rendimentos","taxas","Valen\u00e7a"],"articleSection":["Not\u00edcias"],"inLanguage":"pt-PT"},{"@type":"WebPage","@id":"https:\/\/portaltela.pt\/noticias\/2026\/02\/15\/feirantes-de-valenca-solicitam-isencao-de-taxas-municipais\/","url":"https:\/\/portaltela.pt\/noticias\/2026\/02\/15\/feirantes-de-valenca-solicitam-isencao-de-taxas-municipais\/","name":"Feirantes de Valen\u00e7a solicitam isen\u00e7\u00e3o de taxas municipais - Portal Tela Portugal","isPartOf":{"@id":"https:\/\/portaltela.pt\/#website"},"primaryImageOfPage":{"@id":"https:\/\/portaltela.pt\/noticias\/2026\/02\/15\/feirantes-de-valenca-solicitam-isencao-de-taxas-municipais\/#primaryimage"},"image":{"@id":"https:\/\/portaltela.pt\/noticias\/2026\/02\/15\/feirantes-de-valenca-solicitam-isencao-de-taxas-municipais\/#primaryimage"},"thumbnailUrl":"https:\/\/portaltela.pt\/s.01k8rhncp4jt1\/2026\/02\/image-1187.jpg","datePublished":"2026-02-15T19:26:00+00:00","author":{"@id":"https:\/\/portaltela.pt\/#\/schema\/person\/c4278d4a6028830caff9ee44b42d32ed"},"breadcrumb":{"@id":"https:\/\/portaltela.pt\/noticias\/2026\/02\/15\/feirantes-de-valenca-solicitam-isencao-de-taxas-municipais\/#breadcrumb"},"inLanguage":"pt-PT","potentialAction":[{"@type":"ReadAction","target":["https:\/\/portaltela.pt\/noticias\/2026\/02\/15\/feirantes-de-valenca-solicitam-isencao-de-taxas-municipais\/"]}]},{"@type":"ImageObject","inLanguage":"pt-PT","@id":"https:\/\/portaltela.pt\/noticias\/2026\/02\/15\/feirantes-de-valenca-solicitam-isencao-de-taxas-municipais\/#primaryimage","url":"https:\/\/portaltela.pt\/s.01k8rhncp4jt1\/2026\/02\/image-1187.jpg","contentUrl":"https:\/\/portaltela.pt\/s.01k8rhncp4jt1\/2026\/02\/image-1187.jpg","width":796,"height":448,"caption":"Quest\u00f5es de calend\u00e1rio e mau tempo entre os motivos das perdas alegadas pelos feirantes"},{"@type":"BreadcrumbList","@id":"https:\/\/portaltela.pt\/noticias\/2026\/02\/15\/feirantes-de-valenca-solicitam-isencao-de-taxas-municipais\/#breadcrumb","itemListElement":[{"@type":"ListItem","position":1,"name":"In\u00edcio","item":"https:\/\/portaltela.pt\/"},{"@type":"ListItem","position":2,"name":"Feirantes de Valen\u00e7a solicitam isen\u00e7\u00e3o de taxas municipais"}]},{"@type":"WebSite","@id":"https:\/\/portaltela.pt\/#website","url":"https:\/\/portaltela.pt\/","name":"Portal Tela Portugal","description":"","potentialAction":[{"@type":"SearchAction","target":{"@type":"EntryPoint","urlTemplate":"https:\/\/portaltela.pt\/?s={search_term_string}"},"query-input":{"@type":"PropertyValueSpecification","valueRequired":true,"valueName":"search_term_string"}}],"inLanguage":"pt-PT"},{"@type":"Person","@id":"https:\/\/portaltela.pt\/#\/schema\/person\/c4278d4a6028830caff9ee44b42d32ed","name":"Telinha","image":{"@type":"ImageObject","inLanguage":"pt-PT","@id":"https:\/\/portaltela.pt\/s.01k8rhncp4jt1\/2025\/11\/talking-bot-125x125.png","url":"https:\/\/portaltela.pt\/s.01k8rhncp4jt1\/2025\/11\/talking-bot-125x125.png","contentUrl":"https:\/\/portaltela.pt\/s.01k8rhncp4jt1\/2025\/11\/talking-bot-125x125.png","caption":"Telinha"},"sameAs":["https:\/\/portaltela.pt\/"],"url":"https:\/\/portaltela.pt\/por\/367410592786\/"}]}},"_links":{"self":[{"href":"https:\/\/portaltela.pt\/api\/wp\/v2\/posts\/213676","targetHints":{"allow":["GET"]}}],"collection":[{"href":"https:\/\/portaltela.pt\/api\/wp\/v2\/posts"}],"about":[{"href":"https:\/\/portaltela.pt\/api\/wp\/v2\/types\/post"}],"author":[{"embeddable":true,"href":"https:\/\/portaltela.pt\/api\/wp\/v2\/users\/2"}],"replies":[{"embeddable":true,"href":"https:\/\/portaltela.pt\/api\/wp\/v2\/comments?post=213676"}],"version-history":[{"count":0,"href":"https:\/\/portaltela.pt\/api\/wp\/v2\/posts\/213676\/revisions"}],"wp:featuredmedia":[{"embeddable":true,"href":"https:\/\/portaltela.pt\/api\/wp\/v2\/media\/213683"}],"wp:attachment":[{"href":"https:\/\/portaltela.pt\/api\/wp\/v2\/media?parent=213676"}],"wp:term":[{"taxonomy":"category","embeddable":true,"href":"https:\/\/portaltela.pt\/api\/wp\/v2\/categories?post=213676"},{"taxonomy":"post_tag","embeddable":true,"href":"https:\/\/portaltela.pt\/api\/wp\/v2\/tags?post=213676"}],"curies":[{"name":"wp","href":"https:\/\/api.w.org\/{rel}","templated":true}]}}