{"id":213650,"date":"2026-02-15T16:05:21","date_gmt":"2026-02-15T19:05:21","guid":{"rendered":"https:\/\/portaltela.pt\/noticias\/2026\/02\/15\/paulo-moreira-iguala-o-seu-melhor-registo-da-carreira\/"},"modified":"2026-02-15T16:05:21","modified_gmt":"2026-02-15T19:05:21","slug":"paulo-moreira-iguala-o-seu-melhor-registo-da-carreira","status":"publish","type":"post","link":"https:\/\/portaltela.pt\/desporto\/futebol\/2026\/02\/15\/paulo-moreira-iguala-o-seu-melhor-registo-da-carreira\/","title":{"rendered":"Paulo Moreira iguala o seu melhor registo da carreira"},"content":{"rendered":"<p>Paulo Moreira igualou o melhor registo da sua carreira ao marcar ao Vitoria de Guimar\u00e3es, somando assim 3 golos nesta \u00e9poca pelo Estrela da Amadora. S\u00e3o os mesmos que j\u00e1 fez ao Varzim em 2023\/24.<\/p>\n<p>O m\u00e9dio portugu\u00eas, de 25 anos, chegou aos poveiros no ver\u00e3o de 2024 e veste de n\u00famero 19. Tem sido um dos eleitos por [treinador\/club], mantendo-se como refer\u00eancia no plantel desde a chegada.<\/p>\n<p>Em 2025\/26 totaliza 1.771 minutos em campo, ficando apenas atr\u00e1s de Luan Patrick (2.033) e de Renan Ribeiro (1.980) em tempo de utiliza\u00e7\u00e3o. O jogador destacou-se pela regularidade e perman\u00eancia na equipa titular.<\/p>\n","protected":false},"excerpt":{"rendered":"<ul>\n<li>Paulo Moreira igualou o melhor registo da carreira ao marcar o terceiro golo desta \u00e9poca pelo Estrela da Amadora.<\/li>\n<li>O m\u00e9dio de 25 anos chegou aos tr\u00eas tentos nesta temporada, igualando os n\u00fameros que somou em 2023\/24 pelo Varzim.<\/li>\n<li>Foi contratado aos poveiros no ver\u00e3o de 2024 e \u00e9 um dos jogadores mais utilizados desde ent\u00e3o.<\/li>\n<li>Em 2025\/26 soma 1.771 minutos, apenas atr\u00e1s de Luan Patrick (2.033) e de Renan Ribeiro (1.980).<\/li>\n<\/ul>\n","protected":false},"author":2,"featured_media":213651,"comment_status":"closed","ping_status":"closed","sticky":false,"template":"","format":"standard","meta":{"footnotes":""},"categories":[21,24],"tags":[4143,1489,32,242,3398,1500],"class_list":["post-213650","post","type-post","status-publish","format-standard","has-post-thumbnail","hentry","category-desporto","category-futebol","tag-1-liga","tag-estrela-da-amadora","tag-futebol","tag-jogadores","tag-varzim","tag-vitoria-de-guimaraes"],"yoast_head":"<!-- This site is optimized with the Yoast SEO plugin v27.2 - https:\/\/yoast.com\/product\/yoast-seo-wordpress\/ -->\n<title>Paulo Moreira iguala o seu melhor registo da carreira - Portal Tela Portugal<\/title>\n<meta name=\"robots\" content=\"index, follow, max-snippet:-1, max-image-preview:large, max-video-preview:-1\" \/>\n<meta property=\"og:locale\" content=\"pt_PT\" \/>\n<meta property=\"og:type\" content=\"article\" \/>\n<meta property=\"og:title\" content=\"Paulo Moreira iguala o seu melhor registo da carreira - Portal Tela Portugal\" \/>\n<meta property=\"og:description\" content=\"Paulo Moreira igualou o melhor registo da carreira ao marcar o terceiro golo desta \u00e9poca pelo Estrela da Amadora. O m\u00e9dio de 25 anos chegou aos tr\u00eas tentos nesta temporada, igualando os n\u00fameros que somou em 2023\/24 pelo Varzim. Foi contratado aos poveiros no ver\u00e3o de 2024 e \u00e9 um dos jogadores mais utilizados desde ent\u00e3o. Em 2025\/26 soma 1.771 minutos, apenas atr\u00e1s de Luan Patrick (2.033) e de Renan Ribeiro (1.980).\" \/>\n<meta property=\"og:url\" content=\"https:\/\/portaltela.pt\/noticias\/2026\/02\/15\/paulo-moreira-iguala-o-seu-melhor-registo-da-carreira\/\" \/>\n<meta property=\"og:site_name\" content=\"Portal Tela Portugal\" \/>\n<meta property=\"article:published_time\" content=\"2026-02-15T19:05:21+00:00\" \/>\n<meta name=\"author\" content=\"Telinha\" \/>\n<meta name=\"twitter:card\" content=\"summary_large_image\" \/>\n<meta name=\"twitter:label1\" content=\"Escrito por\" \/>\n\t<meta name=\"twitter:data1\" content=\"Telinha\" \/>\n\t<meta name=\"twitter:label2\" content=\"Tempo estimado de leitura\" \/>\n\t<meta name=\"twitter:data2\" content=\"1 minuto\" \/>\n<script type=\"application\/ld+json\" class=\"yoast-schema-graph\">{\"@context\":\"https:\/\/schema.org\",\"@graph\":[{\"@type\":\"Article\",\"@id\":\"https:\/\/portaltela.pt\/noticias\/2026\/02\/15\/paulo-moreira-iguala-o-seu-melhor-registo-da-carreira\/#article\",\"isPartOf\":{\"@id\":\"https:\/\/portaltela.pt\/noticias\/2026\/02\/15\/paulo-moreira-iguala-o-seu-melhor-registo-da-carreira\/\"},\"author\":{\"name\":\"Telinha\",\"@id\":\"https:\/\/portaltela.pt\/#\/schema\/person\/c4278d4a6028830caff9ee44b42d32ed\"},\"headline\":\"Paulo Moreira iguala o seu melhor registo da carreira\",\"datePublished\":\"2026-02-15T19:05:21+00:00\",\"mainEntityOfPage\":{\"@id\":\"https:\/\/portaltela.pt\/noticias\/2026\/02\/15\/paulo-moreira-iguala-o-seu-melhor-registo-da-carreira\/\"},\"wordCount\":112,\"image\":{\"@id\":\"https:\/\/portaltela.pt\/noticias\/2026\/02\/15\/paulo-moreira-iguala-o-seu-melhor-registo-da-carreira\/#primaryimage\"},\"thumbnailUrl\":\"https:\/\/portaltela.pt\/s.01k8rhncp4jt1\/2026\/02\/img_1200x721uu2026-02-15-19-03-42-2421829-im-639067790396292129.jpg\",\"keywords\":[\"1. Liga\",\"Estrela da Amadora\",\"futebol\",\"jogadores\",\"Varzim\",\"Vit\u00f3ria de Guimar\u00e3es\"],\"articleSection\":[\"Desporto\",\"Futebol\"],\"inLanguage\":\"pt-PT\"},{\"@type\":\"WebPage\",\"@id\":\"https:\/\/portaltela.pt\/noticias\/2026\/02\/15\/paulo-moreira-iguala-o-seu-melhor-registo-da-carreira\/\",\"url\":\"https:\/\/portaltela.pt\/noticias\/2026\/02\/15\/paulo-moreira-iguala-o-seu-melhor-registo-da-carreira\/\",\"name\":\"Paulo Moreira iguala o seu melhor registo da carreira - Portal Tela Portugal\",\"isPartOf\":{\"@id\":\"https:\/\/portaltela.pt\/#website\"},\"primaryImageOfPage\":{\"@id\":\"https:\/\/portaltela.pt\/noticias\/2026\/02\/15\/paulo-moreira-iguala-o-seu-melhor-registo-da-carreira\/#primaryimage\"},\"image\":{\"@id\":\"https:\/\/portaltela.pt\/noticias\/2026\/02\/15\/paulo-moreira-iguala-o-seu-melhor-registo-da-carreira\/#primaryimage\"},\"thumbnailUrl\":\"https:\/\/portaltela.pt\/s.01k8rhncp4jt1\/2026\/02\/img_1200x721uu2026-02-15-19-03-42-2421829-im-639067790396292129.jpg\",\"datePublished\":\"2026-02-15T19:05:21+00:00\",\"author\":{\"@id\":\"https:\/\/portaltela.pt\/#\/schema\/person\/c4278d4a6028830caff9ee44b42d32ed\"},\"breadcrumb\":{\"@id\":\"https:\/\/portaltela.pt\/noticias\/2026\/02\/15\/paulo-moreira-iguala-o-seu-melhor-registo-da-carreira\/#breadcrumb\"},\"inLanguage\":\"pt-PT\",\"potentialAction\":[{\"@type\":\"ReadAction\",\"target\":[\"https:\/\/portaltela.pt\/noticias\/2026\/02\/15\/paulo-moreira-iguala-o-seu-melhor-registo-da-carreira\/\"]}]},{\"@type\":\"ImageObject\",\"inLanguage\":\"pt-PT\",\"@id\":\"https:\/\/portaltela.pt\/noticias\/2026\/02\/15\/paulo-moreira-iguala-o-seu-melhor-registo-da-carreira\/#primaryimage\",\"url\":\"https:\/\/portaltela.pt\/s.01k8rhncp4jt1\/2026\/02\/img_1200x721uu2026-02-15-19-03-42-2421829-im-639067790396292129.jpg\",\"contentUrl\":\"https:\/\/portaltela.pt\/s.01k8rhncp4jt1\/2026\/02\/img_1200x721uu2026-02-15-19-03-42-2421829-im-639067790396292129.jpg\",\"width\":796,\"height\":448,\"caption\":\"Paulo Moreira em a\u00e7\u00e3o pelo E. Amadora\"},{\"@type\":\"BreadcrumbList\",\"@id\":\"https:\/\/portaltela.pt\/noticias\/2026\/02\/15\/paulo-moreira-iguala-o-seu-melhor-registo-da-carreira\/#breadcrumb\",\"itemListElement\":[{\"@type\":\"ListItem\",\"position\":1,\"name\":\"In\u00edcio\",\"item\":\"https:\/\/portaltela.pt\/\"},{\"@type\":\"ListItem\",\"position\":2,\"name\":\"Paulo Moreira iguala o seu melhor registo da carreira\"}]},{\"@type\":\"WebSite\",\"@id\":\"https:\/\/portaltela.pt\/#website\",\"url\":\"https:\/\/portaltela.pt\/\",\"name\":\"Portal Tela Portugal\",\"description\":\"\",\"potentialAction\":[{\"@type\":\"SearchAction\",\"target\":{\"@type\":\"EntryPoint\",\"urlTemplate\":\"https:\/\/portaltela.pt\/?s={search_term_string}\"},\"query-input\":{\"@type\":\"PropertyValueSpecification\",\"valueRequired\":true,\"valueName\":\"search_term_string\"}}],\"inLanguage\":\"pt-PT\"},{\"@type\":\"Person\",\"@id\":\"https:\/\/portaltela.pt\/#\/schema\/person\/c4278d4a6028830caff9ee44b42d32ed\",\"name\":\"Telinha\",\"image\":{\"@type\":\"ImageObject\",\"inLanguage\":\"pt-PT\",\"@id\":\"https:\/\/portaltela.pt\/s.01k8rhncp4jt1\/2025\/11\/talking-bot-125x125.png\",\"url\":\"https:\/\/portaltela.pt\/s.01k8rhncp4jt1\/2025\/11\/talking-bot-125x125.png\",\"contentUrl\":\"https:\/\/portaltela.pt\/s.01k8rhncp4jt1\/2025\/11\/talking-bot-125x125.png\",\"caption\":\"Telinha\"},\"sameAs\":[\"https:\/\/portaltela.pt\/\"],\"url\":\"https:\/\/portaltela.pt\/por\/367410592786\/\"}]}<\/script>\n<!-- \/ Yoast SEO plugin. -->","yoast_head_json":{"title":"Paulo Moreira iguala o seu melhor registo da carreira - Portal Tela Portugal","robots":{"index":"index","follow":"follow","max-snippet":"max-snippet:-1","max-image-preview":"max-image-preview:large","max-video-preview":"max-video-preview:-1"},"og_locale":"pt_PT","og_type":"article","og_title":"Paulo Moreira iguala o seu melhor registo da carreira - Portal Tela Portugal","og_description":"Paulo Moreira igualou o melhor registo da carreira ao marcar o terceiro golo desta \u00e9poca pelo Estrela da Amadora. O m\u00e9dio de 25 anos chegou aos tr\u00eas tentos nesta temporada, igualando os n\u00fameros que somou em 2023\/24 pelo Varzim. Foi contratado aos poveiros no ver\u00e3o de 2024 e \u00e9 um dos jogadores mais utilizados desde ent\u00e3o. Em 2025\/26 soma 1.771 minutos, apenas atr\u00e1s de Luan Patrick (2.033) e de Renan Ribeiro (1.980).","og_url":"https:\/\/portaltela.pt\/noticias\/2026\/02\/15\/paulo-moreira-iguala-o-seu-melhor-registo-da-carreira\/","og_site_name":"Portal Tela Portugal","article_published_time":"2026-02-15T19:05:21+00:00","author":"Telinha","twitter_card":"summary_large_image","twitter_misc":{"Escrito por":"Telinha","Tempo estimado de leitura":"1 minuto"},"schema":{"@context":"https:\/\/schema.org","@graph":[{"@type":"Article","@id":"https:\/\/portaltela.pt\/noticias\/2026\/02\/15\/paulo-moreira-iguala-o-seu-melhor-registo-da-carreira\/#article","isPartOf":{"@id":"https:\/\/portaltela.pt\/noticias\/2026\/02\/15\/paulo-moreira-iguala-o-seu-melhor-registo-da-carreira\/"},"author":{"name":"Telinha","@id":"https:\/\/portaltela.pt\/#\/schema\/person\/c4278d4a6028830caff9ee44b42d32ed"},"headline":"Paulo Moreira iguala o seu melhor registo da carreira","datePublished":"2026-02-15T19:05:21+00:00","mainEntityOfPage":{"@id":"https:\/\/portaltela.pt\/noticias\/2026\/02\/15\/paulo-moreira-iguala-o-seu-melhor-registo-da-carreira\/"},"wordCount":112,"image":{"@id":"https:\/\/portaltela.pt\/noticias\/2026\/02\/15\/paulo-moreira-iguala-o-seu-melhor-registo-da-carreira\/#primaryimage"},"thumbnailUrl":"https:\/\/portaltela.pt\/s.01k8rhncp4jt1\/2026\/02\/img_1200x721uu2026-02-15-19-03-42-2421829-im-639067790396292129.jpg","keywords":["1. Liga","Estrela da Amadora","futebol","jogadores","Varzim","Vit\u00f3ria de Guimar\u00e3es"],"articleSection":["Desporto","Futebol"],"inLanguage":"pt-PT"},{"@type":"WebPage","@id":"https:\/\/portaltela.pt\/noticias\/2026\/02\/15\/paulo-moreira-iguala-o-seu-melhor-registo-da-carreira\/","url":"https:\/\/portaltela.pt\/noticias\/2026\/02\/15\/paulo-moreira-iguala-o-seu-melhor-registo-da-carreira\/","name":"Paulo Moreira iguala o seu melhor registo da carreira - Portal Tela Portugal","isPartOf":{"@id":"https:\/\/portaltela.pt\/#website"},"primaryImageOfPage":{"@id":"https:\/\/portaltela.pt\/noticias\/2026\/02\/15\/paulo-moreira-iguala-o-seu-melhor-registo-da-carreira\/#primaryimage"},"image":{"@id":"https:\/\/portaltela.pt\/noticias\/2026\/02\/15\/paulo-moreira-iguala-o-seu-melhor-registo-da-carreira\/#primaryimage"},"thumbnailUrl":"https:\/\/portaltela.pt\/s.01k8rhncp4jt1\/2026\/02\/img_1200x721uu2026-02-15-19-03-42-2421829-im-639067790396292129.jpg","datePublished":"2026-02-15T19:05:21+00:00","author":{"@id":"https:\/\/portaltela.pt\/#\/schema\/person\/c4278d4a6028830caff9ee44b42d32ed"},"breadcrumb":{"@id":"https:\/\/portaltela.pt\/noticias\/2026\/02\/15\/paulo-moreira-iguala-o-seu-melhor-registo-da-carreira\/#breadcrumb"},"inLanguage":"pt-PT","potentialAction":[{"@type":"ReadAction","target":["https:\/\/portaltela.pt\/noticias\/2026\/02\/15\/paulo-moreira-iguala-o-seu-melhor-registo-da-carreira\/"]}]},{"@type":"ImageObject","inLanguage":"pt-PT","@id":"https:\/\/portaltela.pt\/noticias\/2026\/02\/15\/paulo-moreira-iguala-o-seu-melhor-registo-da-carreira\/#primaryimage","url":"https:\/\/portaltela.pt\/s.01k8rhncp4jt1\/2026\/02\/img_1200x721uu2026-02-15-19-03-42-2421829-im-639067790396292129.jpg","contentUrl":"https:\/\/portaltela.pt\/s.01k8rhncp4jt1\/2026\/02\/img_1200x721uu2026-02-15-19-03-42-2421829-im-639067790396292129.jpg","width":796,"height":448,"caption":"Paulo Moreira em a\u00e7\u00e3o pelo E. Amadora"},{"@type":"BreadcrumbList","@id":"https:\/\/portaltela.pt\/noticias\/2026\/02\/15\/paulo-moreira-iguala-o-seu-melhor-registo-da-carreira\/#breadcrumb","itemListElement":[{"@type":"ListItem","position":1,"name":"In\u00edcio","item":"https:\/\/portaltela.pt\/"},{"@type":"ListItem","position":2,"name":"Paulo Moreira iguala o seu melhor registo da carreira"}]},{"@type":"WebSite","@id":"https:\/\/portaltela.pt\/#website","url":"https:\/\/portaltela.pt\/","name":"Portal Tela Portugal","description":"","potentialAction":[{"@type":"SearchAction","target":{"@type":"EntryPoint","urlTemplate":"https:\/\/portaltela.pt\/?s={search_term_string}"},"query-input":{"@type":"PropertyValueSpecification","valueRequired":true,"valueName":"search_term_string"}}],"inLanguage":"pt-PT"},{"@type":"Person","@id":"https:\/\/portaltela.pt\/#\/schema\/person\/c4278d4a6028830caff9ee44b42d32ed","name":"Telinha","image":{"@type":"ImageObject","inLanguage":"pt-PT","@id":"https:\/\/portaltela.pt\/s.01k8rhncp4jt1\/2025\/11\/talking-bot-125x125.png","url":"https:\/\/portaltela.pt\/s.01k8rhncp4jt1\/2025\/11\/talking-bot-125x125.png","contentUrl":"https:\/\/portaltela.pt\/s.01k8rhncp4jt1\/2025\/11\/talking-bot-125x125.png","caption":"Telinha"},"sameAs":["https:\/\/portaltela.pt\/"],"url":"https:\/\/portaltela.pt\/por\/367410592786\/"}]}},"_links":{"self":[{"href":"https:\/\/portaltela.pt\/api\/wp\/v2\/posts\/213650","targetHints":{"allow":["GET"]}}],"collection":[{"href":"https:\/\/portaltela.pt\/api\/wp\/v2\/posts"}],"about":[{"href":"https:\/\/portaltela.pt\/api\/wp\/v2\/types\/post"}],"author":[{"embeddable":true,"href":"https:\/\/portaltela.pt\/api\/wp\/v2\/users\/2"}],"replies":[{"embeddable":true,"href":"https:\/\/portaltela.pt\/api\/wp\/v2\/comments?post=213650"}],"version-history":[{"count":0,"href":"https:\/\/portaltela.pt\/api\/wp\/v2\/posts\/213650\/revisions"}],"wp:featuredmedia":[{"embeddable":true,"href":"https:\/\/portaltela.pt\/api\/wp\/v2\/media\/213651"}],"wp:attachment":[{"href":"https:\/\/portaltela.pt\/api\/wp\/v2\/media?parent=213650"}],"wp:term":[{"taxonomy":"category","embeddable":true,"href":"https:\/\/portaltela.pt\/api\/wp\/v2\/categories?post=213650"},{"taxonomy":"post_tag","embeddable":true,"href":"https:\/\/portaltela.pt\/api\/wp\/v2\/tags?post=213650"}],"curies":[{"name":"wp","href":"https:\/\/api.w.org\/{rel}","templated":true}]}}