{"id":213623,"date":"2026-02-15T15:40:00","date_gmt":"2026-02-15T18:40:00","guid":{"rendered":"https:\/\/portaltela.pt\/noticias\/2026\/02\/15\/entrudo-dos-caretos-de-podence-o-maior-e-mais-tradicional-carnaval-do-norte\/"},"modified":"2026-02-15T15:40:00","modified_gmt":"2026-02-15T18:40:00","slug":"entrudo-dos-caretos-de-podence-o-maior-e-mais-tradicional-carnaval-do-norte","status":"publish","type":"post","link":"https:\/\/portaltela.pt\/noticias\/2026\/02\/15\/entrudo-dos-caretos-de-podence-o-maior-e-mais-tradicional-carnaval-do-norte\/","title":{"rendered":"Entrudo dos Caretos de Podence: o maior e mais tradicional Carnaval do Norte"},"content":{"rendered":"<p>O Entrudo Chocalheiro-Carnaval de Podence, classificado pela UNESCO como Patrim\u00f3nio Cultural Imaterial, atraiu este Domingo Gordo milhares de visitantes \u00e0 aldeia de Podence, no concelho de Macedo de Cavaleiros. A festa re\u00fane caretos, desfiles e tradi\u00e7\u00e3o, em ambiente festivo.<\/p>\n<p>Segundo Ant\u00f3nio Carneiro, presidente da Associa\u00e7\u00e3o do Caretos de Podence, o afluxo \u00e9 enorme, com ruas cheias e muitos autom\u00f3veis estacionados. V\u00eam pessoas de todo o mundo, incluindo Espanha, EUA e Reino Unido, para ver os caretos coloridos.<\/p>\n<p>Sete anos ap\u00f3s a classifica\u00e7\u00e3o da UNESCO, o Entrudo \u00e9 descrito como o maior e mais tradicional Carnaval do Norte de Portugal, destacando-se pela participa\u00e7\u00e3o de v\u00e1rias gera\u00e7\u00f5es e pela preserva\u00e7\u00e3o de rituais locais.<\/p>\n","protected":false},"excerpt":{"rendered":"<ul>\n<li>O Entrudo Chocalheiro-Carnaval de Podence foi classificado pela UNESCO como Patrim\u00f3nio Cultural Imaterial da Humanidade h\u00e1 sete anos, e a localidade \u00e9 descrita como o maior e mais tradicional Carnaval do Norte de Portugal.<\/li>\n<li>No Domingo Gordo, a aldeia de Podence, no concelho de Macedo de Cavaleiros, recebeu milhares de visitantes, com ruas cheias e muitos autom\u00f3veis estacionados.<\/li>\n<li>Ant\u00f3nio Carneiro, presidente da Associa\u00e7\u00e3o do Caretos de Podence, afirmou que n\u00e3o \u00e9 poss\u00edvel contabilizar o n\u00famero de pessoas, mas a aflu\u00eancia \u00e9 elevada.<\/li>\n<li>O evento atrai visitantes de todo o Mundo, incluindo espanh\u00f3is, americanos e ingleses.<\/li>\n<li>Carneiro refor\u00e7ou que o Entrudo Chocalheiro \u00e9 considerado pelo grupo como o maior e mais tradicional Carnaval da regi\u00e3o.<\/li>\n<\/ul>\n","protected":false},"author":2,"featured_media":213628,"comment_status":"closed","ping_status":"closed","sticky":false,"template":"","format":"standard","meta":{"footnotes":""},"categories":[1],"tags":[145,4919,5896,2765,1175,1014],"class_list":["post-213623","post","type-post","status-publish","format-standard","has-post-thumbnail","hentry","category-noticias","tag-cultura","tag-festas","tag-macedo-de-cavaleiros","tag-norte","tag-patrimonio-cultural","tag-portugal"],"yoast_head":"<!-- This site is optimized with the Yoast SEO plugin v27.2 - https:\/\/yoast.com\/product\/yoast-seo-wordpress\/ -->\n<title>Entrudo dos Caretos de Podence: o maior e mais tradicional Carnaval do Norte - Portal Tela Portugal<\/title>\n<meta name=\"robots\" content=\"index, follow, max-snippet:-1, max-image-preview:large, max-video-preview:-1\" \/>\n<meta property=\"og:locale\" content=\"pt_PT\" \/>\n<meta property=\"og:type\" content=\"article\" \/>\n<meta property=\"og:title\" content=\"Entrudo dos Caretos de Podence: o maior e mais tradicional Carnaval do Norte - Portal Tela Portugal\" \/>\n<meta property=\"og:description\" content=\"O Entrudo Chocalheiro-Carnaval de Podence foi classificado pela UNESCO como Patrim\u00f3nio Cultural Imaterial da Humanidade h\u00e1 sete anos, e a localidade \u00e9 descrita como o maior e mais tradicional Carnaval do Norte de Portugal. No Domingo Gordo, a aldeia de Podence, no concelho de Macedo de Cavaleiros, recebeu milhares de visitantes, com ruas cheias e muitos autom\u00f3veis estacionados. Ant\u00f3nio Carneiro, presidente da Associa\u00e7\u00e3o do Caretos de Podence, afirmou que n\u00e3o \u00e9 poss\u00edvel contabilizar o n\u00famero de pessoas, mas a aflu\u00eancia \u00e9 elevada. O evento atrai visitantes de todo o Mundo, incluindo espanh\u00f3is, americanos e ingleses. Carneiro refor\u00e7ou que o Entrudo Chocalheiro \u00e9 considerado pelo grupo como o maior e mais tradicional Carnaval da regi\u00e3o.\" \/>\n<meta property=\"og:url\" content=\"https:\/\/portaltela.pt\/noticias\/2026\/02\/15\/entrudo-dos-caretos-de-podence-o-maior-e-mais-tradicional-carnaval-do-norte\/\" \/>\n<meta property=\"og:site_name\" content=\"Portal Tela Portugal\" \/>\n<meta property=\"article:published_time\" content=\"2026-02-15T18:40:00+00:00\" \/>\n<meta name=\"author\" content=\"Telinha\" \/>\n<meta name=\"twitter:card\" content=\"summary_large_image\" \/>\n<meta name=\"twitter:label1\" content=\"Escrito por\" \/>\n\t<meta name=\"twitter:data1\" content=\"Telinha\" \/>\n\t<meta name=\"twitter:label2\" content=\"Tempo estimado de leitura\" \/>\n\t<meta name=\"twitter:data2\" content=\"1 minuto\" \/>\n<script type=\"application\/ld+json\" class=\"yoast-schema-graph\">{\"@context\":\"https:\/\/schema.org\",\"@graph\":[{\"@type\":\"Article\",\"@id\":\"https:\/\/portaltela.pt\/noticias\/2026\/02\/15\/entrudo-dos-caretos-de-podence-o-maior-e-mais-tradicional-carnaval-do-norte\/#article\",\"isPartOf\":{\"@id\":\"https:\/\/portaltela.pt\/noticias\/2026\/02\/15\/entrudo-dos-caretos-de-podence-o-maior-e-mais-tradicional-carnaval-do-norte\/\"},\"author\":{\"name\":\"Telinha\",\"@id\":\"https:\/\/portaltela.pt\/#\/schema\/person\/c4278d4a6028830caff9ee44b42d32ed\"},\"headline\":\"Entrudo dos Caretos de Podence: o maior e mais tradicional Carnaval do Norte\",\"datePublished\":\"2026-02-15T18:40:00+00:00\",\"mainEntityOfPage\":{\"@id\":\"https:\/\/portaltela.pt\/noticias\/2026\/02\/15\/entrudo-dos-caretos-de-podence-o-maior-e-mais-tradicional-carnaval-do-norte\/\"},\"wordCount\":134,\"image\":{\"@id\":\"https:\/\/portaltela.pt\/noticias\/2026\/02\/15\/entrudo-dos-caretos-de-podence-o-maior-e-mais-tradicional-carnaval-do-norte\/#primaryimage\"},\"thumbnailUrl\":\"https:\/\/portaltela.pt\/s.01k8rhncp4jt1\/2026\/02\/image-1185.jpg\",\"keywords\":[\"cultura\",\"festas\",\"MACEDO DE CAVALEIROS\",\"Norte\",\"Patrim\u00f3nio Cultural\",\"Portugal\"],\"articleSection\":[\"Not\u00edcias\"],\"inLanguage\":\"pt-PT\"},{\"@type\":\"WebPage\",\"@id\":\"https:\/\/portaltela.pt\/noticias\/2026\/02\/15\/entrudo-dos-caretos-de-podence-o-maior-e-mais-tradicional-carnaval-do-norte\/\",\"url\":\"https:\/\/portaltela.pt\/noticias\/2026\/02\/15\/entrudo-dos-caretos-de-podence-o-maior-e-mais-tradicional-carnaval-do-norte\/\",\"name\":\"Entrudo dos Caretos de Podence: o maior e mais tradicional Carnaval do Norte - Portal Tela Portugal\",\"isPartOf\":{\"@id\":\"https:\/\/portaltela.pt\/#website\"},\"primaryImageOfPage\":{\"@id\":\"https:\/\/portaltela.pt\/noticias\/2026\/02\/15\/entrudo-dos-caretos-de-podence-o-maior-e-mais-tradicional-carnaval-do-norte\/#primaryimage\"},\"image\":{\"@id\":\"https:\/\/portaltela.pt\/noticias\/2026\/02\/15\/entrudo-dos-caretos-de-podence-o-maior-e-mais-tradicional-carnaval-do-norte\/#primaryimage\"},\"thumbnailUrl\":\"https:\/\/portaltela.pt\/s.01k8rhncp4jt1\/2026\/02\/image-1185.jpg\",\"datePublished\":\"2026-02-15T18:40:00+00:00\",\"author\":{\"@id\":\"https:\/\/portaltela.pt\/#\/schema\/person\/c4278d4a6028830caff9ee44b42d32ed\"},\"breadcrumb\":{\"@id\":\"https:\/\/portaltela.pt\/noticias\/2026\/02\/15\/entrudo-dos-caretos-de-podence-o-maior-e-mais-tradicional-carnaval-do-norte\/#breadcrumb\"},\"inLanguage\":\"pt-PT\",\"potentialAction\":[{\"@type\":\"ReadAction\",\"target\":[\"https:\/\/portaltela.pt\/noticias\/2026\/02\/15\/entrudo-dos-caretos-de-podence-o-maior-e-mais-tradicional-carnaval-do-norte\/\"]}]},{\"@type\":\"ImageObject\",\"inLanguage\":\"pt-PT\",\"@id\":\"https:\/\/portaltela.pt\/noticias\/2026\/02\/15\/entrudo-dos-caretos-de-podence-o-maior-e-mais-tradicional-carnaval-do-norte\/#primaryimage\",\"url\":\"https:\/\/portaltela.pt\/s.01k8rhncp4jt1\/2026\/02\/image-1185.jpg\",\"contentUrl\":\"https:\/\/portaltela.pt\/s.01k8rhncp4jt1\/2026\/02\/image-1185.jpg\",\"width\":796,\"height\":448,\"caption\":\"O Carnaval de Podence \u00e9 um dos mais tradicionais do pa\u00eds\"},{\"@type\":\"BreadcrumbList\",\"@id\":\"https:\/\/portaltela.pt\/noticias\/2026\/02\/15\/entrudo-dos-caretos-de-podence-o-maior-e-mais-tradicional-carnaval-do-norte\/#breadcrumb\",\"itemListElement\":[{\"@type\":\"ListItem\",\"position\":1,\"name\":\"In\u00edcio\",\"item\":\"https:\/\/portaltela.pt\/\"},{\"@type\":\"ListItem\",\"position\":2,\"name\":\"Entrudo dos Caretos de Podence: o maior e mais tradicional Carnaval do Norte\"}]},{\"@type\":\"WebSite\",\"@id\":\"https:\/\/portaltela.pt\/#website\",\"url\":\"https:\/\/portaltela.pt\/\",\"name\":\"Portal Tela Portugal\",\"description\":\"\",\"potentialAction\":[{\"@type\":\"SearchAction\",\"target\":{\"@type\":\"EntryPoint\",\"urlTemplate\":\"https:\/\/portaltela.pt\/?s={search_term_string}\"},\"query-input\":{\"@type\":\"PropertyValueSpecification\",\"valueRequired\":true,\"valueName\":\"search_term_string\"}}],\"inLanguage\":\"pt-PT\"},{\"@type\":\"Person\",\"@id\":\"https:\/\/portaltela.pt\/#\/schema\/person\/c4278d4a6028830caff9ee44b42d32ed\",\"name\":\"Telinha\",\"image\":{\"@type\":\"ImageObject\",\"inLanguage\":\"pt-PT\",\"@id\":\"https:\/\/portaltela.pt\/s.01k8rhncp4jt1\/2025\/11\/talking-bot-125x125.png\",\"url\":\"https:\/\/portaltela.pt\/s.01k8rhncp4jt1\/2025\/11\/talking-bot-125x125.png\",\"contentUrl\":\"https:\/\/portaltela.pt\/s.01k8rhncp4jt1\/2025\/11\/talking-bot-125x125.png\",\"caption\":\"Telinha\"},\"sameAs\":[\"https:\/\/portaltela.pt\/\"],\"url\":\"https:\/\/portaltela.pt\/por\/367410592786\/\"}]}<\/script>\n<!-- \/ Yoast SEO plugin. -->","yoast_head_json":{"title":"Entrudo dos Caretos de Podence: o maior e mais tradicional Carnaval do Norte - Portal Tela Portugal","robots":{"index":"index","follow":"follow","max-snippet":"max-snippet:-1","max-image-preview":"max-image-preview:large","max-video-preview":"max-video-preview:-1"},"og_locale":"pt_PT","og_type":"article","og_title":"Entrudo dos Caretos de Podence: o maior e mais tradicional Carnaval do Norte - Portal Tela Portugal","og_description":"O Entrudo Chocalheiro-Carnaval de Podence foi classificado pela UNESCO como Patrim\u00f3nio Cultural Imaterial da Humanidade h\u00e1 sete anos, e a localidade \u00e9 descrita como o maior e mais tradicional Carnaval do Norte de Portugal. No Domingo Gordo, a aldeia de Podence, no concelho de Macedo de Cavaleiros, recebeu milhares de visitantes, com ruas cheias e muitos autom\u00f3veis estacionados. Ant\u00f3nio Carneiro, presidente da Associa\u00e7\u00e3o do Caretos de Podence, afirmou que n\u00e3o \u00e9 poss\u00edvel contabilizar o n\u00famero de pessoas, mas a aflu\u00eancia \u00e9 elevada. O evento atrai visitantes de todo o Mundo, incluindo espanh\u00f3is, americanos e ingleses. Carneiro refor\u00e7ou que o Entrudo Chocalheiro \u00e9 considerado pelo grupo como o maior e mais tradicional Carnaval da regi\u00e3o.","og_url":"https:\/\/portaltela.pt\/noticias\/2026\/02\/15\/entrudo-dos-caretos-de-podence-o-maior-e-mais-tradicional-carnaval-do-norte\/","og_site_name":"Portal Tela Portugal","article_published_time":"2026-02-15T18:40:00+00:00","author":"Telinha","twitter_card":"summary_large_image","twitter_misc":{"Escrito por":"Telinha","Tempo estimado de leitura":"1 minuto"},"schema":{"@context":"https:\/\/schema.org","@graph":[{"@type":"Article","@id":"https:\/\/portaltela.pt\/noticias\/2026\/02\/15\/entrudo-dos-caretos-de-podence-o-maior-e-mais-tradicional-carnaval-do-norte\/#article","isPartOf":{"@id":"https:\/\/portaltela.pt\/noticias\/2026\/02\/15\/entrudo-dos-caretos-de-podence-o-maior-e-mais-tradicional-carnaval-do-norte\/"},"author":{"name":"Telinha","@id":"https:\/\/portaltela.pt\/#\/schema\/person\/c4278d4a6028830caff9ee44b42d32ed"},"headline":"Entrudo dos Caretos de Podence: o maior e mais tradicional Carnaval do Norte","datePublished":"2026-02-15T18:40:00+00:00","mainEntityOfPage":{"@id":"https:\/\/portaltela.pt\/noticias\/2026\/02\/15\/entrudo-dos-caretos-de-podence-o-maior-e-mais-tradicional-carnaval-do-norte\/"},"wordCount":134,"image":{"@id":"https:\/\/portaltela.pt\/noticias\/2026\/02\/15\/entrudo-dos-caretos-de-podence-o-maior-e-mais-tradicional-carnaval-do-norte\/#primaryimage"},"thumbnailUrl":"https:\/\/portaltela.pt\/s.01k8rhncp4jt1\/2026\/02\/image-1185.jpg","keywords":["cultura","festas","MACEDO DE CAVALEIROS","Norte","Patrim\u00f3nio Cultural","Portugal"],"articleSection":["Not\u00edcias"],"inLanguage":"pt-PT"},{"@type":"WebPage","@id":"https:\/\/portaltela.pt\/noticias\/2026\/02\/15\/entrudo-dos-caretos-de-podence-o-maior-e-mais-tradicional-carnaval-do-norte\/","url":"https:\/\/portaltela.pt\/noticias\/2026\/02\/15\/entrudo-dos-caretos-de-podence-o-maior-e-mais-tradicional-carnaval-do-norte\/","name":"Entrudo dos Caretos de Podence: o maior e mais tradicional Carnaval do Norte - Portal Tela Portugal","isPartOf":{"@id":"https:\/\/portaltela.pt\/#website"},"primaryImageOfPage":{"@id":"https:\/\/portaltela.pt\/noticias\/2026\/02\/15\/entrudo-dos-caretos-de-podence-o-maior-e-mais-tradicional-carnaval-do-norte\/#primaryimage"},"image":{"@id":"https:\/\/portaltela.pt\/noticias\/2026\/02\/15\/entrudo-dos-caretos-de-podence-o-maior-e-mais-tradicional-carnaval-do-norte\/#primaryimage"},"thumbnailUrl":"https:\/\/portaltela.pt\/s.01k8rhncp4jt1\/2026\/02\/image-1185.jpg","datePublished":"2026-02-15T18:40:00+00:00","author":{"@id":"https:\/\/portaltela.pt\/#\/schema\/person\/c4278d4a6028830caff9ee44b42d32ed"},"breadcrumb":{"@id":"https:\/\/portaltela.pt\/noticias\/2026\/02\/15\/entrudo-dos-caretos-de-podence-o-maior-e-mais-tradicional-carnaval-do-norte\/#breadcrumb"},"inLanguage":"pt-PT","potentialAction":[{"@type":"ReadAction","target":["https:\/\/portaltela.pt\/noticias\/2026\/02\/15\/entrudo-dos-caretos-de-podence-o-maior-e-mais-tradicional-carnaval-do-norte\/"]}]},{"@type":"ImageObject","inLanguage":"pt-PT","@id":"https:\/\/portaltela.pt\/noticias\/2026\/02\/15\/entrudo-dos-caretos-de-podence-o-maior-e-mais-tradicional-carnaval-do-norte\/#primaryimage","url":"https:\/\/portaltela.pt\/s.01k8rhncp4jt1\/2026\/02\/image-1185.jpg","contentUrl":"https:\/\/portaltela.pt\/s.01k8rhncp4jt1\/2026\/02\/image-1185.jpg","width":796,"height":448,"caption":"O Carnaval de Podence \u00e9 um dos mais tradicionais do pa\u00eds"},{"@type":"BreadcrumbList","@id":"https:\/\/portaltela.pt\/noticias\/2026\/02\/15\/entrudo-dos-caretos-de-podence-o-maior-e-mais-tradicional-carnaval-do-norte\/#breadcrumb","itemListElement":[{"@type":"ListItem","position":1,"name":"In\u00edcio","item":"https:\/\/portaltela.pt\/"},{"@type":"ListItem","position":2,"name":"Entrudo dos Caretos de Podence: o maior e mais tradicional Carnaval do Norte"}]},{"@type":"WebSite","@id":"https:\/\/portaltela.pt\/#website","url":"https:\/\/portaltela.pt\/","name":"Portal Tela Portugal","description":"","potentialAction":[{"@type":"SearchAction","target":{"@type":"EntryPoint","urlTemplate":"https:\/\/portaltela.pt\/?s={search_term_string}"},"query-input":{"@type":"PropertyValueSpecification","valueRequired":true,"valueName":"search_term_string"}}],"inLanguage":"pt-PT"},{"@type":"Person","@id":"https:\/\/portaltela.pt\/#\/schema\/person\/c4278d4a6028830caff9ee44b42d32ed","name":"Telinha","image":{"@type":"ImageObject","inLanguage":"pt-PT","@id":"https:\/\/portaltela.pt\/s.01k8rhncp4jt1\/2025\/11\/talking-bot-125x125.png","url":"https:\/\/portaltela.pt\/s.01k8rhncp4jt1\/2025\/11\/talking-bot-125x125.png","contentUrl":"https:\/\/portaltela.pt\/s.01k8rhncp4jt1\/2025\/11\/talking-bot-125x125.png","caption":"Telinha"},"sameAs":["https:\/\/portaltela.pt\/"],"url":"https:\/\/portaltela.pt\/por\/367410592786\/"}]}},"_links":{"self":[{"href":"https:\/\/portaltela.pt\/api\/wp\/v2\/posts\/213623","targetHints":{"allow":["GET"]}}],"collection":[{"href":"https:\/\/portaltela.pt\/api\/wp\/v2\/posts"}],"about":[{"href":"https:\/\/portaltela.pt\/api\/wp\/v2\/types\/post"}],"author":[{"embeddable":true,"href":"https:\/\/portaltela.pt\/api\/wp\/v2\/users\/2"}],"replies":[{"embeddable":true,"href":"https:\/\/portaltela.pt\/api\/wp\/v2\/comments?post=213623"}],"version-history":[{"count":0,"href":"https:\/\/portaltela.pt\/api\/wp\/v2\/posts\/213623\/revisions"}],"wp:featuredmedia":[{"embeddable":true,"href":"https:\/\/portaltela.pt\/api\/wp\/v2\/media\/213628"}],"wp:attachment":[{"href":"https:\/\/portaltela.pt\/api\/wp\/v2\/media?parent=213623"}],"wp:term":[{"taxonomy":"category","embeddable":true,"href":"https:\/\/portaltela.pt\/api\/wp\/v2\/categories?post=213623"},{"taxonomy":"post_tag","embeddable":true,"href":"https:\/\/portaltela.pt\/api\/wp\/v2\/tags?post=213623"}],"curies":[{"name":"wp","href":"https:\/\/api.w.org\/{rel}","templated":true}]}}