{"id":213621,"date":"2026-02-15T15:41:42","date_gmt":"2026-02-15T18:41:42","guid":{"rendered":"https:\/\/portaltela.pt\/noticias\/2026\/02\/15\/desfile-de-carnaval-da-mealhada-adiado-por-chuva\/"},"modified":"2026-02-15T15:41:42","modified_gmt":"2026-02-15T18:41:42","slug":"desfile-de-carnaval-da-mealhada-adiado-por-chuva","status":"publish","type":"post","link":"https:\/\/portaltela.pt\/noticias\/2026\/02\/15\/desfile-de-carnaval-da-mealhada-adiado-por-chuva\/","title":{"rendered":"Desfile de Carnaval da Mealhada adiado por chuva"},"content":{"rendered":"<p>O Desfile de Carnaval da Mealhada foi adiado devido ao mau tempo, anunciou a Associa\u00e7\u00e3o do Carnaval da Bairrada. A decis\u00e3o envolve a suspens\u00e3o do desfile previsto para a cidade da Mealhada e aplica-se aos espetadores.<\/p>\n<p>A organiza\u00e7\u00e3o indica que os bilhetes podem ser devolvidos nas bilheteiras ou guardados para uma das pr\u00f3ximas datas do evento. A data de reconfirma\u00e7\u00e3o ainda n\u00e3o foi anunciada.<\/p>\n<p>A decis\u00e3o foi tomada em conjunto com as autoridades locais, com base nas previs\u00f5es de chuva intensa e condi\u00e7\u00f5es adversas para a realiza\u00e7\u00e3o do desfile. A prioridade \u00e9 a seguran\u00e7a de participantes e p\u00fablico.<\/p>\n<p>A Mealhada caracteriza-se pelo Carnaval tradicional, com desfiles de carros aleg\u00f3ricos e fantasias, atraindo visitantes de v\u00e1rias regi\u00f5es. A associa\u00e7\u00e3o refor\u00e7a o compromisso de manter a celebra\u00e7\u00e3o com seguran\u00e7a e entusiasmo.<\/p>\n","protected":false},"excerpt":{"rendered":"<ul>\n<li>O Desfile de Carnaval da Mealhada foi adiado devido ao mau tempo, anunciou a Associa\u00e7\u00e3o do Carnaval da Bairrada.<\/li>\n<li>Os espetadores podem devolver os bilhetes nas bilheteiras ou guard\u00e1-los para um dos outros dois dias do evento.<\/li>\n<li>Ainda n\u00e3o h\u00e1 data nova confirmada para o desfile.<\/li>\n<li>A decis\u00e3o foi tomada em conformidade com as recomenda\u00e7\u00f5es de seguran\u00e7a e com as autoridades locais, priorizando a seguran\u00e7a de participantes e p\u00fablico.<\/li>\n<li>A Mealhada \u00e9 conhecida pelo seu Carnaval tradicional e pela atratividade tur\u00edstica da regi\u00e3o, com a organiza\u00e7\u00e3o a agradecer a compreens\u00e3o.<\/li>\n<\/ul>\n","protected":false},"author":2,"featured_media":213625,"comment_status":"closed","ping_status":"closed","sticky":false,"template":"","format":"standard","meta":{"footnotes":""},"categories":[1],"tags":[2522,5329,5224,5468,4919,1316],"class_list":["post-213621","post","type-post","status-publish","format-standard","has-post-thumbnail","hentry","category-noticias","tag-bairrada","tag-chuva","tag-clima","tag-festa","tag-festas","tag-mealhada"],"yoast_head":"<!-- This site is optimized with the Yoast SEO plugin v27.2 - https:\/\/yoast.com\/product\/yoast-seo-wordpress\/ -->\n<title>Desfile de Carnaval da Mealhada adiado por chuva - Portal Tela Portugal<\/title>\n<meta name=\"robots\" content=\"index, follow, max-snippet:-1, max-image-preview:large, max-video-preview:-1\" \/>\n<meta property=\"og:locale\" content=\"pt_PT\" \/>\n<meta property=\"og:type\" content=\"article\" \/>\n<meta property=\"og:title\" content=\"Desfile de Carnaval da Mealhada adiado por chuva - Portal Tela Portugal\" \/>\n<meta property=\"og:description\" content=\"O Desfile de Carnaval da Mealhada foi adiado devido ao mau tempo, anunciou a Associa\u00e7\u00e3o do Carnaval da Bairrada. Os espetadores podem devolver os bilhetes nas bilheteiras ou guard\u00e1-los para um dos outros dois dias do evento. Ainda n\u00e3o h\u00e1 data nova confirmada para o desfile. A decis\u00e3o foi tomada em conformidade com as recomenda\u00e7\u00f5es de seguran\u00e7a e com as autoridades locais, priorizando a seguran\u00e7a de participantes e p\u00fablico. A Mealhada \u00e9 conhecida pelo seu Carnaval tradicional e pela atratividade tur\u00edstica da regi\u00e3o, com a organiza\u00e7\u00e3o a agradecer a compreens\u00e3o.\" \/>\n<meta property=\"og:url\" content=\"https:\/\/portaltela.pt\/noticias\/2026\/02\/15\/desfile-de-carnaval-da-mealhada-adiado-por-chuva\/\" \/>\n<meta property=\"og:site_name\" content=\"Portal Tela Portugal\" \/>\n<meta property=\"article:published_time\" content=\"2026-02-15T18:41:42+00:00\" \/>\n<meta name=\"author\" content=\"Telinha\" \/>\n<meta name=\"twitter:card\" content=\"summary_large_image\" \/>\n<meta name=\"twitter:label1\" content=\"Escrito por\" \/>\n\t<meta name=\"twitter:data1\" content=\"Telinha\" \/>\n\t<meta name=\"twitter:label2\" content=\"Tempo estimado de leitura\" \/>\n\t<meta name=\"twitter:data2\" content=\"1 minuto\" \/>\n<script type=\"application\/ld+json\" class=\"yoast-schema-graph\">{\"@context\":\"https:\/\/schema.org\",\"@graph\":[{\"@type\":\"Article\",\"@id\":\"https:\/\/portaltela.pt\/noticias\/2026\/02\/15\/desfile-de-carnaval-da-mealhada-adiado-por-chuva\/#article\",\"isPartOf\":{\"@id\":\"https:\/\/portaltela.pt\/noticias\/2026\/02\/15\/desfile-de-carnaval-da-mealhada-adiado-por-chuva\/\"},\"author\":{\"name\":\"Telinha\",\"@id\":\"https:\/\/portaltela.pt\/#\/schema\/person\/c4278d4a6028830caff9ee44b42d32ed\"},\"headline\":\"Desfile de Carnaval da Mealhada adiado por chuva\",\"datePublished\":\"2026-02-15T18:41:42+00:00\",\"mainEntityOfPage\":{\"@id\":\"https:\/\/portaltela.pt\/noticias\/2026\/02\/15\/desfile-de-carnaval-da-mealhada-adiado-por-chuva\/\"},\"wordCount\":156,\"image\":{\"@id\":\"https:\/\/portaltela.pt\/noticias\/2026\/02\/15\/desfile-de-carnaval-da-mealhada-adiado-por-chuva\/#primaryimage\"},\"thumbnailUrl\":\"https:\/\/portaltela.pt\/s.01k8rhncp4jt1\/2026\/02\/img_1280x722uu2026-02-15-18-40-20-2267045.jpg\",\"keywords\":[\"Bairrada\",\"chuva\",\"clima\",\"festa\",\"festas\",\"Mealhada\"],\"articleSection\":[\"Not\u00edcias\"],\"inLanguage\":\"pt-PT\"},{\"@type\":\"WebPage\",\"@id\":\"https:\/\/portaltela.pt\/noticias\/2026\/02\/15\/desfile-de-carnaval-da-mealhada-adiado-por-chuva\/\",\"url\":\"https:\/\/portaltela.pt\/noticias\/2026\/02\/15\/desfile-de-carnaval-da-mealhada-adiado-por-chuva\/\",\"name\":\"Desfile de Carnaval da Mealhada adiado por chuva - Portal Tela Portugal\",\"isPartOf\":{\"@id\":\"https:\/\/portaltela.pt\/#website\"},\"primaryImageOfPage\":{\"@id\":\"https:\/\/portaltela.pt\/noticias\/2026\/02\/15\/desfile-de-carnaval-da-mealhada-adiado-por-chuva\/#primaryimage\"},\"image\":{\"@id\":\"https:\/\/portaltela.pt\/noticias\/2026\/02\/15\/desfile-de-carnaval-da-mealhada-adiado-por-chuva\/#primaryimage\"},\"thumbnailUrl\":\"https:\/\/portaltela.pt\/s.01k8rhncp4jt1\/2026\/02\/img_1280x722uu2026-02-15-18-40-20-2267045.jpg\",\"datePublished\":\"2026-02-15T18:41:42+00:00\",\"author\":{\"@id\":\"https:\/\/portaltela.pt\/#\/schema\/person\/c4278d4a6028830caff9ee44b42d32ed\"},\"breadcrumb\":{\"@id\":\"https:\/\/portaltela.pt\/noticias\/2026\/02\/15\/desfile-de-carnaval-da-mealhada-adiado-por-chuva\/#breadcrumb\"},\"inLanguage\":\"pt-PT\",\"potentialAction\":[{\"@type\":\"ReadAction\",\"target\":[\"https:\/\/portaltela.pt\/noticias\/2026\/02\/15\/desfile-de-carnaval-da-mealhada-adiado-por-chuva\/\"]}]},{\"@type\":\"ImageObject\",\"inLanguage\":\"pt-PT\",\"@id\":\"https:\/\/portaltela.pt\/noticias\/2026\/02\/15\/desfile-de-carnaval-da-mealhada-adiado-por-chuva\/#primaryimage\",\"url\":\"https:\/\/portaltela.pt\/s.01k8rhncp4jt1\/2026\/02\/img_1280x722uu2026-02-15-18-40-20-2267045.jpg\",\"contentUrl\":\"https:\/\/portaltela.pt\/s.01k8rhncp4jt1\/2026\/02\/img_1280x722uu2026-02-15-18-40-20-2267045.jpg\",\"width\":796,\"height\":448,\"caption\":\"Desfile de Carnaval da Mealhada adiado devido ao mau tempo\"},{\"@type\":\"BreadcrumbList\",\"@id\":\"https:\/\/portaltela.pt\/noticias\/2026\/02\/15\/desfile-de-carnaval-da-mealhada-adiado-por-chuva\/#breadcrumb\",\"itemListElement\":[{\"@type\":\"ListItem\",\"position\":1,\"name\":\"In\u00edcio\",\"item\":\"https:\/\/portaltela.pt\/\"},{\"@type\":\"ListItem\",\"position\":2,\"name\":\"Desfile de Carnaval da Mealhada adiado por chuva\"}]},{\"@type\":\"WebSite\",\"@id\":\"https:\/\/portaltela.pt\/#website\",\"url\":\"https:\/\/portaltela.pt\/\",\"name\":\"Portal Tela Portugal\",\"description\":\"\",\"potentialAction\":[{\"@type\":\"SearchAction\",\"target\":{\"@type\":\"EntryPoint\",\"urlTemplate\":\"https:\/\/portaltela.pt\/?s={search_term_string}\"},\"query-input\":{\"@type\":\"PropertyValueSpecification\",\"valueRequired\":true,\"valueName\":\"search_term_string\"}}],\"inLanguage\":\"pt-PT\"},{\"@type\":\"Person\",\"@id\":\"https:\/\/portaltela.pt\/#\/schema\/person\/c4278d4a6028830caff9ee44b42d32ed\",\"name\":\"Telinha\",\"image\":{\"@type\":\"ImageObject\",\"inLanguage\":\"pt-PT\",\"@id\":\"https:\/\/portaltela.pt\/s.01k8rhncp4jt1\/2025\/11\/talking-bot-125x125.png\",\"url\":\"https:\/\/portaltela.pt\/s.01k8rhncp4jt1\/2025\/11\/talking-bot-125x125.png\",\"contentUrl\":\"https:\/\/portaltela.pt\/s.01k8rhncp4jt1\/2025\/11\/talking-bot-125x125.png\",\"caption\":\"Telinha\"},\"sameAs\":[\"https:\/\/portaltela.pt\/\"],\"url\":\"https:\/\/portaltela.pt\/por\/367410592786\/\"}]}<\/script>\n<!-- \/ Yoast SEO plugin. -->","yoast_head_json":{"title":"Desfile de Carnaval da Mealhada adiado por chuva - Portal Tela Portugal","robots":{"index":"index","follow":"follow","max-snippet":"max-snippet:-1","max-image-preview":"max-image-preview:large","max-video-preview":"max-video-preview:-1"},"og_locale":"pt_PT","og_type":"article","og_title":"Desfile de Carnaval da Mealhada adiado por chuva - Portal Tela Portugal","og_description":"O Desfile de Carnaval da Mealhada foi adiado devido ao mau tempo, anunciou a Associa\u00e7\u00e3o do Carnaval da Bairrada. Os espetadores podem devolver os bilhetes nas bilheteiras ou guard\u00e1-los para um dos outros dois dias do evento. Ainda n\u00e3o h\u00e1 data nova confirmada para o desfile. A decis\u00e3o foi tomada em conformidade com as recomenda\u00e7\u00f5es de seguran\u00e7a e com as autoridades locais, priorizando a seguran\u00e7a de participantes e p\u00fablico. A Mealhada \u00e9 conhecida pelo seu Carnaval tradicional e pela atratividade tur\u00edstica da regi\u00e3o, com a organiza\u00e7\u00e3o a agradecer a compreens\u00e3o.","og_url":"https:\/\/portaltela.pt\/noticias\/2026\/02\/15\/desfile-de-carnaval-da-mealhada-adiado-por-chuva\/","og_site_name":"Portal Tela Portugal","article_published_time":"2026-02-15T18:41:42+00:00","author":"Telinha","twitter_card":"summary_large_image","twitter_misc":{"Escrito por":"Telinha","Tempo estimado de leitura":"1 minuto"},"schema":{"@context":"https:\/\/schema.org","@graph":[{"@type":"Article","@id":"https:\/\/portaltela.pt\/noticias\/2026\/02\/15\/desfile-de-carnaval-da-mealhada-adiado-por-chuva\/#article","isPartOf":{"@id":"https:\/\/portaltela.pt\/noticias\/2026\/02\/15\/desfile-de-carnaval-da-mealhada-adiado-por-chuva\/"},"author":{"name":"Telinha","@id":"https:\/\/portaltela.pt\/#\/schema\/person\/c4278d4a6028830caff9ee44b42d32ed"},"headline":"Desfile de Carnaval da Mealhada adiado por chuva","datePublished":"2026-02-15T18:41:42+00:00","mainEntityOfPage":{"@id":"https:\/\/portaltela.pt\/noticias\/2026\/02\/15\/desfile-de-carnaval-da-mealhada-adiado-por-chuva\/"},"wordCount":156,"image":{"@id":"https:\/\/portaltela.pt\/noticias\/2026\/02\/15\/desfile-de-carnaval-da-mealhada-adiado-por-chuva\/#primaryimage"},"thumbnailUrl":"https:\/\/portaltela.pt\/s.01k8rhncp4jt1\/2026\/02\/img_1280x722uu2026-02-15-18-40-20-2267045.jpg","keywords":["Bairrada","chuva","clima","festa","festas","Mealhada"],"articleSection":["Not\u00edcias"],"inLanguage":"pt-PT"},{"@type":"WebPage","@id":"https:\/\/portaltela.pt\/noticias\/2026\/02\/15\/desfile-de-carnaval-da-mealhada-adiado-por-chuva\/","url":"https:\/\/portaltela.pt\/noticias\/2026\/02\/15\/desfile-de-carnaval-da-mealhada-adiado-por-chuva\/","name":"Desfile de Carnaval da Mealhada adiado por chuva - Portal Tela Portugal","isPartOf":{"@id":"https:\/\/portaltela.pt\/#website"},"primaryImageOfPage":{"@id":"https:\/\/portaltela.pt\/noticias\/2026\/02\/15\/desfile-de-carnaval-da-mealhada-adiado-por-chuva\/#primaryimage"},"image":{"@id":"https:\/\/portaltela.pt\/noticias\/2026\/02\/15\/desfile-de-carnaval-da-mealhada-adiado-por-chuva\/#primaryimage"},"thumbnailUrl":"https:\/\/portaltela.pt\/s.01k8rhncp4jt1\/2026\/02\/img_1280x722uu2026-02-15-18-40-20-2267045.jpg","datePublished":"2026-02-15T18:41:42+00:00","author":{"@id":"https:\/\/portaltela.pt\/#\/schema\/person\/c4278d4a6028830caff9ee44b42d32ed"},"breadcrumb":{"@id":"https:\/\/portaltela.pt\/noticias\/2026\/02\/15\/desfile-de-carnaval-da-mealhada-adiado-por-chuva\/#breadcrumb"},"inLanguage":"pt-PT","potentialAction":[{"@type":"ReadAction","target":["https:\/\/portaltela.pt\/noticias\/2026\/02\/15\/desfile-de-carnaval-da-mealhada-adiado-por-chuva\/"]}]},{"@type":"ImageObject","inLanguage":"pt-PT","@id":"https:\/\/portaltela.pt\/noticias\/2026\/02\/15\/desfile-de-carnaval-da-mealhada-adiado-por-chuva\/#primaryimage","url":"https:\/\/portaltela.pt\/s.01k8rhncp4jt1\/2026\/02\/img_1280x722uu2026-02-15-18-40-20-2267045.jpg","contentUrl":"https:\/\/portaltela.pt\/s.01k8rhncp4jt1\/2026\/02\/img_1280x722uu2026-02-15-18-40-20-2267045.jpg","width":796,"height":448,"caption":"Desfile de Carnaval da Mealhada adiado devido ao mau tempo"},{"@type":"BreadcrumbList","@id":"https:\/\/portaltela.pt\/noticias\/2026\/02\/15\/desfile-de-carnaval-da-mealhada-adiado-por-chuva\/#breadcrumb","itemListElement":[{"@type":"ListItem","position":1,"name":"In\u00edcio","item":"https:\/\/portaltela.pt\/"},{"@type":"ListItem","position":2,"name":"Desfile de Carnaval da Mealhada adiado por chuva"}]},{"@type":"WebSite","@id":"https:\/\/portaltela.pt\/#website","url":"https:\/\/portaltela.pt\/","name":"Portal Tela Portugal","description":"","potentialAction":[{"@type":"SearchAction","target":{"@type":"EntryPoint","urlTemplate":"https:\/\/portaltela.pt\/?s={search_term_string}"},"query-input":{"@type":"PropertyValueSpecification","valueRequired":true,"valueName":"search_term_string"}}],"inLanguage":"pt-PT"},{"@type":"Person","@id":"https:\/\/portaltela.pt\/#\/schema\/person\/c4278d4a6028830caff9ee44b42d32ed","name":"Telinha","image":{"@type":"ImageObject","inLanguage":"pt-PT","@id":"https:\/\/portaltela.pt\/s.01k8rhncp4jt1\/2025\/11\/talking-bot-125x125.png","url":"https:\/\/portaltela.pt\/s.01k8rhncp4jt1\/2025\/11\/talking-bot-125x125.png","contentUrl":"https:\/\/portaltela.pt\/s.01k8rhncp4jt1\/2025\/11\/talking-bot-125x125.png","caption":"Telinha"},"sameAs":["https:\/\/portaltela.pt\/"],"url":"https:\/\/portaltela.pt\/por\/367410592786\/"}]}},"_links":{"self":[{"href":"https:\/\/portaltela.pt\/api\/wp\/v2\/posts\/213621","targetHints":{"allow":["GET"]}}],"collection":[{"href":"https:\/\/portaltela.pt\/api\/wp\/v2\/posts"}],"about":[{"href":"https:\/\/portaltela.pt\/api\/wp\/v2\/types\/post"}],"author":[{"embeddable":true,"href":"https:\/\/portaltela.pt\/api\/wp\/v2\/users\/2"}],"replies":[{"embeddable":true,"href":"https:\/\/portaltela.pt\/api\/wp\/v2\/comments?post=213621"}],"version-history":[{"count":0,"href":"https:\/\/portaltela.pt\/api\/wp\/v2\/posts\/213621\/revisions"}],"wp:featuredmedia":[{"embeddable":true,"href":"https:\/\/portaltela.pt\/api\/wp\/v2\/media\/213625"}],"wp:attachment":[{"href":"https:\/\/portaltela.pt\/api\/wp\/v2\/media?parent=213621"}],"wp:term":[{"taxonomy":"category","embeddable":true,"href":"https:\/\/portaltela.pt\/api\/wp\/v2\/categories?post=213621"},{"taxonomy":"post_tag","embeddable":true,"href":"https:\/\/portaltela.pt\/api\/wp\/v2\/tags?post=213621"}],"curies":[{"name":"wp","href":"https:\/\/api.w.org\/{rel}","templated":true}]}}