{"id":213615,"date":"2026-02-15T15:28:00","date_gmt":"2026-02-15T18:28:00","guid":{"rendered":"https:\/\/portaltela.pt\/noticias\/2026\/02\/15\/mealhada-cancela-desfile-de-carnaval-devido-a-chuva\/"},"modified":"2026-02-15T15:28:00","modified_gmt":"2026-02-15T18:28:00","slug":"mealhada-cancela-desfile-de-carnaval-devido-a-chuva","status":"publish","type":"post","link":"https:\/\/portaltela.pt\/noticias\/2026\/02\/15\/mealhada-cancela-desfile-de-carnaval-devido-a-chuva\/","title":{"rendered":"Mealhada cancela desfile de Carnaval devido \u00e0 chuva"},"content":{"rendered":"<p>O desfile do Carnaval da Mealhada foi cancelado neste domingo \u00e0 tarde devido ao mau tempo. A poucos minutos do in\u00edcio, centenas de pessoas j\u00e1 se encontravam no recinto para o corso, e a decis\u00e3o foi tomada para proteger carros aleg\u00f3ricos e figurantes.<\/p>\n<p>O evento decorria na Mealhada, no distrito de Aveiro, e estava previsto para decorrer ao ar livre, conforme a meteorologia apontava condi\u00e7\u00f5es adversas.<\/p>\n<p>A organiza\u00e7\u00e3o ainda n\u00e3o revelou nova data para o desfile. Garantiu, no entanto, que vai acompanhar a evolu\u00e7\u00e3o do tempo para decidir sobre desdobramentos futuros.<\/p>\n","protected":false},"excerpt":{"rendered":"<ul>\n<li>O desfile de Carnaval da Mealhada foi cancelado este domingo \u00e0 tarde devido ao mau tempo.<\/li>\n<li>A decis\u00e3o ocorreu minutos antes de come\u00e7ar o evento.<\/li>\n<li>Centenas de pessoas j\u00e1 estavam no recinto para assistir ao corso carnavalesco quando foi anunciada a suspens\u00e3o.<\/li>\n<li>A organiza\u00e7\u00e3o justificou o cancelamento para evitar danos nos carros aleg\u00f3ricos e nas roupas dos figurantes.<\/li>\n<li>Mant\u00eam-se os desfiles para futuras ocasi\u00f5es, conforme planeado pela organiza\u00e7\u00e3o.<\/li>\n<\/ul>\n","protected":false},"author":2,"featured_media":213617,"comment_status":"closed","ping_status":"closed","sticky":false,"template":"","format":"standard","meta":{"footnotes":""},"categories":[1],"tags":[1059,5329,5224,3731,4919,1316],"class_list":["post-213615","post","type-post","status-publish","format-standard","has-post-thumbnail","hentry","category-noticias","tag-aveiro","tag-chuva","tag-clima","tag-eventos","tag-festas","tag-mealhada"],"yoast_head":"<!-- This site is optimized with the Yoast SEO plugin v27.2 - https:\/\/yoast.com\/product\/yoast-seo-wordpress\/ -->\n<title>Mealhada cancela desfile de Carnaval devido \u00e0 chuva - Portal Tela Portugal<\/title>\n<meta name=\"robots\" content=\"index, follow, max-snippet:-1, max-image-preview:large, max-video-preview:-1\" \/>\n<meta property=\"og:locale\" content=\"pt_PT\" \/>\n<meta property=\"og:type\" content=\"article\" \/>\n<meta property=\"og:title\" content=\"Mealhada cancela desfile de Carnaval devido \u00e0 chuva - Portal Tela Portugal\" \/>\n<meta property=\"og:description\" content=\"O desfile de Carnaval da Mealhada foi cancelado este domingo \u00e0 tarde devido ao mau tempo. A decis\u00e3o ocorreu minutos antes de come\u00e7ar o evento. Centenas de pessoas j\u00e1 estavam no recinto para assistir ao corso carnavalesco quando foi anunciada a suspens\u00e3o. A organiza\u00e7\u00e3o justificou o cancelamento para evitar danos nos carros aleg\u00f3ricos e nas roupas dos figurantes. Mant\u00eam-se os desfiles para futuras ocasi\u00f5es, conforme planeado pela organiza\u00e7\u00e3o.\" \/>\n<meta property=\"og:url\" content=\"https:\/\/portaltela.pt\/noticias\/2026\/02\/15\/mealhada-cancela-desfile-de-carnaval-devido-a-chuva\/\" \/>\n<meta property=\"og:site_name\" content=\"Portal Tela Portugal\" \/>\n<meta property=\"article:published_time\" content=\"2026-02-15T18:28:00+00:00\" \/>\n<meta name=\"author\" content=\"Telinha\" \/>\n<meta name=\"twitter:card\" content=\"summary_large_image\" \/>\n<meta name=\"twitter:label1\" content=\"Escrito por\" \/>\n\t<meta name=\"twitter:data1\" content=\"Telinha\" \/>\n<script type=\"application\/ld+json\" class=\"yoast-schema-graph\">{\"@context\":\"https:\/\/schema.org\",\"@graph\":[{\"@type\":\"Article\",\"@id\":\"https:\/\/portaltela.pt\/noticias\/2026\/02\/15\/mealhada-cancela-desfile-de-carnaval-devido-a-chuva\/#article\",\"isPartOf\":{\"@id\":\"https:\/\/portaltela.pt\/noticias\/2026\/02\/15\/mealhada-cancela-desfile-de-carnaval-devido-a-chuva\/\"},\"author\":{\"name\":\"Telinha\",\"@id\":\"https:\/\/portaltela.pt\/#\/schema\/person\/c4278d4a6028830caff9ee44b42d32ed\"},\"headline\":\"Mealhada cancela desfile de Carnaval devido \u00e0 chuva\",\"datePublished\":\"2026-02-15T18:28:00+00:00\",\"mainEntityOfPage\":{\"@id\":\"https:\/\/portaltela.pt\/noticias\/2026\/02\/15\/mealhada-cancela-desfile-de-carnaval-devido-a-chuva\/\"},\"wordCount\":104,\"image\":{\"@id\":\"https:\/\/portaltela.pt\/noticias\/2026\/02\/15\/mealhada-cancela-desfile-de-carnaval-devido-a-chuva\/#primaryimage\"},\"thumbnailUrl\":\"https:\/\/portaltela.pt\/s.01k8rhncp4jt1\/2026\/02\/aaa51d96-e8b2-4a83-a8bf-169da0d974e5_1200x675.jpg\",\"keywords\":[\"Aveiro\",\"chuva\",\"clima\",\"eventos\",\"festas\",\"Mealhada\"],\"articleSection\":[\"Not\u00edcias\"],\"inLanguage\":\"pt-PT\"},{\"@type\":\"WebPage\",\"@id\":\"https:\/\/portaltela.pt\/noticias\/2026\/02\/15\/mealhada-cancela-desfile-de-carnaval-devido-a-chuva\/\",\"url\":\"https:\/\/portaltela.pt\/noticias\/2026\/02\/15\/mealhada-cancela-desfile-de-carnaval-devido-a-chuva\/\",\"name\":\"Mealhada cancela desfile de Carnaval devido \u00e0 chuva - Portal Tela Portugal\",\"isPartOf\":{\"@id\":\"https:\/\/portaltela.pt\/#website\"},\"primaryImageOfPage\":{\"@id\":\"https:\/\/portaltela.pt\/noticias\/2026\/02\/15\/mealhada-cancela-desfile-de-carnaval-devido-a-chuva\/#primaryimage\"},\"image\":{\"@id\":\"https:\/\/portaltela.pt\/noticias\/2026\/02\/15\/mealhada-cancela-desfile-de-carnaval-devido-a-chuva\/#primaryimage\"},\"thumbnailUrl\":\"https:\/\/portaltela.pt\/s.01k8rhncp4jt1\/2026\/02\/aaa51d96-e8b2-4a83-a8bf-169da0d974e5_1200x675.jpg\",\"datePublished\":\"2026-02-15T18:28:00+00:00\",\"author\":{\"@id\":\"https:\/\/portaltela.pt\/#\/schema\/person\/c4278d4a6028830caff9ee44b42d32ed\"},\"breadcrumb\":{\"@id\":\"https:\/\/portaltela.pt\/noticias\/2026\/02\/15\/mealhada-cancela-desfile-de-carnaval-devido-a-chuva\/#breadcrumb\"},\"inLanguage\":\"pt-PT\",\"potentialAction\":[{\"@type\":\"ReadAction\",\"target\":[\"https:\/\/portaltela.pt\/noticias\/2026\/02\/15\/mealhada-cancela-desfile-de-carnaval-devido-a-chuva\/\"]}]},{\"@type\":\"ImageObject\",\"inLanguage\":\"pt-PT\",\"@id\":\"https:\/\/portaltela.pt\/noticias\/2026\/02\/15\/mealhada-cancela-desfile-de-carnaval-devido-a-chuva\/#primaryimage\",\"url\":\"https:\/\/portaltela.pt\/s.01k8rhncp4jt1\/2026\/02\/aaa51d96-e8b2-4a83-a8bf-169da0d974e5_1200x675.jpg\",\"contentUrl\":\"https:\/\/portaltela.pt\/s.01k8rhncp4jt1\/2026\/02\/aaa51d96-e8b2-4a83-a8bf-169da0d974e5_1200x675.jpg\",\"width\":796,\"height\":448,\"caption\":\"Photo\"},{\"@type\":\"BreadcrumbList\",\"@id\":\"https:\/\/portaltela.pt\/noticias\/2026\/02\/15\/mealhada-cancela-desfile-de-carnaval-devido-a-chuva\/#breadcrumb\",\"itemListElement\":[{\"@type\":\"ListItem\",\"position\":1,\"name\":\"In\u00edcio\",\"item\":\"https:\/\/portaltela.pt\/\"},{\"@type\":\"ListItem\",\"position\":2,\"name\":\"Mealhada cancela desfile de Carnaval devido \u00e0 chuva\"}]},{\"@type\":\"WebSite\",\"@id\":\"https:\/\/portaltela.pt\/#website\",\"url\":\"https:\/\/portaltela.pt\/\",\"name\":\"Portal Tela Portugal\",\"description\":\"\",\"potentialAction\":[{\"@type\":\"SearchAction\",\"target\":{\"@type\":\"EntryPoint\",\"urlTemplate\":\"https:\/\/portaltela.pt\/?s={search_term_string}\"},\"query-input\":{\"@type\":\"PropertyValueSpecification\",\"valueRequired\":true,\"valueName\":\"search_term_string\"}}],\"inLanguage\":\"pt-PT\"},{\"@type\":\"Person\",\"@id\":\"https:\/\/portaltela.pt\/#\/schema\/person\/c4278d4a6028830caff9ee44b42d32ed\",\"name\":\"Telinha\",\"image\":{\"@type\":\"ImageObject\",\"inLanguage\":\"pt-PT\",\"@id\":\"https:\/\/portaltela.pt\/s.01k8rhncp4jt1\/2025\/11\/talking-bot-125x125.png\",\"url\":\"https:\/\/portaltela.pt\/s.01k8rhncp4jt1\/2025\/11\/talking-bot-125x125.png\",\"contentUrl\":\"https:\/\/portaltela.pt\/s.01k8rhncp4jt1\/2025\/11\/talking-bot-125x125.png\",\"caption\":\"Telinha\"},\"sameAs\":[\"https:\/\/portaltela.pt\/\"],\"url\":\"https:\/\/portaltela.pt\/por\/367410592786\/\"}]}<\/script>\n<!-- \/ Yoast SEO plugin. -->","yoast_head_json":{"title":"Mealhada cancela desfile de Carnaval devido \u00e0 chuva - Portal Tela Portugal","robots":{"index":"index","follow":"follow","max-snippet":"max-snippet:-1","max-image-preview":"max-image-preview:large","max-video-preview":"max-video-preview:-1"},"og_locale":"pt_PT","og_type":"article","og_title":"Mealhada cancela desfile de Carnaval devido \u00e0 chuva - Portal Tela Portugal","og_description":"O desfile de Carnaval da Mealhada foi cancelado este domingo \u00e0 tarde devido ao mau tempo. A decis\u00e3o ocorreu minutos antes de come\u00e7ar o evento. Centenas de pessoas j\u00e1 estavam no recinto para assistir ao corso carnavalesco quando foi anunciada a suspens\u00e3o. A organiza\u00e7\u00e3o justificou o cancelamento para evitar danos nos carros aleg\u00f3ricos e nas roupas dos figurantes. Mant\u00eam-se os desfiles para futuras ocasi\u00f5es, conforme planeado pela organiza\u00e7\u00e3o.","og_url":"https:\/\/portaltela.pt\/noticias\/2026\/02\/15\/mealhada-cancela-desfile-de-carnaval-devido-a-chuva\/","og_site_name":"Portal Tela Portugal","article_published_time":"2026-02-15T18:28:00+00:00","author":"Telinha","twitter_card":"summary_large_image","twitter_misc":{"Escrito por":"Telinha"},"schema":{"@context":"https:\/\/schema.org","@graph":[{"@type":"Article","@id":"https:\/\/portaltela.pt\/noticias\/2026\/02\/15\/mealhada-cancela-desfile-de-carnaval-devido-a-chuva\/#article","isPartOf":{"@id":"https:\/\/portaltela.pt\/noticias\/2026\/02\/15\/mealhada-cancela-desfile-de-carnaval-devido-a-chuva\/"},"author":{"name":"Telinha","@id":"https:\/\/portaltela.pt\/#\/schema\/person\/c4278d4a6028830caff9ee44b42d32ed"},"headline":"Mealhada cancela desfile de Carnaval devido \u00e0 chuva","datePublished":"2026-02-15T18:28:00+00:00","mainEntityOfPage":{"@id":"https:\/\/portaltela.pt\/noticias\/2026\/02\/15\/mealhada-cancela-desfile-de-carnaval-devido-a-chuva\/"},"wordCount":104,"image":{"@id":"https:\/\/portaltela.pt\/noticias\/2026\/02\/15\/mealhada-cancela-desfile-de-carnaval-devido-a-chuva\/#primaryimage"},"thumbnailUrl":"https:\/\/portaltela.pt\/s.01k8rhncp4jt1\/2026\/02\/aaa51d96-e8b2-4a83-a8bf-169da0d974e5_1200x675.jpg","keywords":["Aveiro","chuva","clima","eventos","festas","Mealhada"],"articleSection":["Not\u00edcias"],"inLanguage":"pt-PT"},{"@type":"WebPage","@id":"https:\/\/portaltela.pt\/noticias\/2026\/02\/15\/mealhada-cancela-desfile-de-carnaval-devido-a-chuva\/","url":"https:\/\/portaltela.pt\/noticias\/2026\/02\/15\/mealhada-cancela-desfile-de-carnaval-devido-a-chuva\/","name":"Mealhada cancela desfile de Carnaval devido \u00e0 chuva - Portal Tela Portugal","isPartOf":{"@id":"https:\/\/portaltela.pt\/#website"},"primaryImageOfPage":{"@id":"https:\/\/portaltela.pt\/noticias\/2026\/02\/15\/mealhada-cancela-desfile-de-carnaval-devido-a-chuva\/#primaryimage"},"image":{"@id":"https:\/\/portaltela.pt\/noticias\/2026\/02\/15\/mealhada-cancela-desfile-de-carnaval-devido-a-chuva\/#primaryimage"},"thumbnailUrl":"https:\/\/portaltela.pt\/s.01k8rhncp4jt1\/2026\/02\/aaa51d96-e8b2-4a83-a8bf-169da0d974e5_1200x675.jpg","datePublished":"2026-02-15T18:28:00+00:00","author":{"@id":"https:\/\/portaltela.pt\/#\/schema\/person\/c4278d4a6028830caff9ee44b42d32ed"},"breadcrumb":{"@id":"https:\/\/portaltela.pt\/noticias\/2026\/02\/15\/mealhada-cancela-desfile-de-carnaval-devido-a-chuva\/#breadcrumb"},"inLanguage":"pt-PT","potentialAction":[{"@type":"ReadAction","target":["https:\/\/portaltela.pt\/noticias\/2026\/02\/15\/mealhada-cancela-desfile-de-carnaval-devido-a-chuva\/"]}]},{"@type":"ImageObject","inLanguage":"pt-PT","@id":"https:\/\/portaltela.pt\/noticias\/2026\/02\/15\/mealhada-cancela-desfile-de-carnaval-devido-a-chuva\/#primaryimage","url":"https:\/\/portaltela.pt\/s.01k8rhncp4jt1\/2026\/02\/aaa51d96-e8b2-4a83-a8bf-169da0d974e5_1200x675.jpg","contentUrl":"https:\/\/portaltela.pt\/s.01k8rhncp4jt1\/2026\/02\/aaa51d96-e8b2-4a83-a8bf-169da0d974e5_1200x675.jpg","width":796,"height":448,"caption":"Photo"},{"@type":"BreadcrumbList","@id":"https:\/\/portaltela.pt\/noticias\/2026\/02\/15\/mealhada-cancela-desfile-de-carnaval-devido-a-chuva\/#breadcrumb","itemListElement":[{"@type":"ListItem","position":1,"name":"In\u00edcio","item":"https:\/\/portaltela.pt\/"},{"@type":"ListItem","position":2,"name":"Mealhada cancela desfile de Carnaval devido \u00e0 chuva"}]},{"@type":"WebSite","@id":"https:\/\/portaltela.pt\/#website","url":"https:\/\/portaltela.pt\/","name":"Portal Tela Portugal","description":"","potentialAction":[{"@type":"SearchAction","target":{"@type":"EntryPoint","urlTemplate":"https:\/\/portaltela.pt\/?s={search_term_string}"},"query-input":{"@type":"PropertyValueSpecification","valueRequired":true,"valueName":"search_term_string"}}],"inLanguage":"pt-PT"},{"@type":"Person","@id":"https:\/\/portaltela.pt\/#\/schema\/person\/c4278d4a6028830caff9ee44b42d32ed","name":"Telinha","image":{"@type":"ImageObject","inLanguage":"pt-PT","@id":"https:\/\/portaltela.pt\/s.01k8rhncp4jt1\/2025\/11\/talking-bot-125x125.png","url":"https:\/\/portaltela.pt\/s.01k8rhncp4jt1\/2025\/11\/talking-bot-125x125.png","contentUrl":"https:\/\/portaltela.pt\/s.01k8rhncp4jt1\/2025\/11\/talking-bot-125x125.png","caption":"Telinha"},"sameAs":["https:\/\/portaltela.pt\/"],"url":"https:\/\/portaltela.pt\/por\/367410592786\/"}]}},"_links":{"self":[{"href":"https:\/\/portaltela.pt\/api\/wp\/v2\/posts\/213615","targetHints":{"allow":["GET"]}}],"collection":[{"href":"https:\/\/portaltela.pt\/api\/wp\/v2\/posts"}],"about":[{"href":"https:\/\/portaltela.pt\/api\/wp\/v2\/types\/post"}],"author":[{"embeddable":true,"href":"https:\/\/portaltela.pt\/api\/wp\/v2\/users\/2"}],"replies":[{"embeddable":true,"href":"https:\/\/portaltela.pt\/api\/wp\/v2\/comments?post=213615"}],"version-history":[{"count":0,"href":"https:\/\/portaltela.pt\/api\/wp\/v2\/posts\/213615\/revisions"}],"wp:featuredmedia":[{"embeddable":true,"href":"https:\/\/portaltela.pt\/api\/wp\/v2\/media\/213617"}],"wp:attachment":[{"href":"https:\/\/portaltela.pt\/api\/wp\/v2\/media?parent=213615"}],"wp:term":[{"taxonomy":"category","embeddable":true,"href":"https:\/\/portaltela.pt\/api\/wp\/v2\/categories?post=213615"},{"taxonomy":"post_tag","embeddable":true,"href":"https:\/\/portaltela.pt\/api\/wp\/v2\/tags?post=213615"}],"curies":[{"name":"wp","href":"https:\/\/api.w.org\/{rel}","templated":true}]}}