{"id":213608,"date":"2026-02-15T15:24:00","date_gmt":"2026-02-15T18:24:00","guid":{"rendered":"https:\/\/portaltela.pt\/noticias\/2026\/02\/15\/concursos-de-mascaras-no-palco-de-a-bela-e-o-monstro-e-pocahontas\/"},"modified":"2026-02-15T15:24:00","modified_gmt":"2026-02-15T18:24:00","slug":"concursos-de-mascaras-no-palco-de-a-bela-e-o-monstro-e-pocahontas","status":"publish","type":"post","link":"https:\/\/portaltela.pt\/noticias\/2026\/02\/15\/concursos-de-mascaras-no-palco-de-a-bela-e-o-monstro-e-pocahontas\/","title":{"rendered":"Concursos de m\u00e1scaras no palco de A Bela e o Monstro e Pocahontas"},"content":{"rendered":"<p>O Carnaval chega aos palcos da Yellow Star Company, com os espet\u00e1culos A Bela e o Monstro e Pocahontas. No dia 17 de fevereiro, ter\u00e7a-feira de Carnaval, acontece um Desfile de Carnaval.<\/p>\n<p>Crian\u00e7as e fam\u00edlias s\u00e3o convidadas a vestir disfarce, levar a imagina\u00e7\u00e3o e participar, com surpresas para todos e pr\u00e9mios para os tr\u00eas melhores disfarces.<\/p>\n<p>A Bela e o Monstro decorre no Centro Cultural Malaposta, em Odivelas, \u00e0s 15h; Pocahontas realiza-se no Audit\u00f3rio Taguspark, em Oeiras, \u00e0s 15h30.<\/p>\n<h3>Desfile de Carnaval<\/h3>\n<p>H\u00e1 pr\u00e9-inscri\u00e7\u00e3o dispon\u00edvel atrav\u00e9s de um formul\u00e1rio, para indicar a participa\u00e7\u00e3o e a escolha do espet\u00e1culo.<\/p>\n<p>A iniciativa promete uma tarde de magia, fantasia e divers\u00e3o para mi\u00fados e gra\u00fados, com uma experi\u00eancia l\u00fadica ligada aos dois musicais em cena.<\/p>\n","protected":false},"excerpt":{"rendered":"<ul>\n<li>Concursos de m\u00e1scaras v\u00e3o ocorrer nos espet\u00e1culos de \u201cA Bela e o Monstro\u201d e \u201cPocahontas\u201d pela Yellow Star Company.<\/li>\n<li>No dia 17 de fevereiro, ter\u00e7a-feira de Carnaval, haver\u00e1 um Desfile de Carnaval com surpresas e pr\u00e9mios para os tr\u00eas melhores disfarces.<\/li>\n<li>Op\u00e7\u00f5es de sess\u00e3o: \u201cA Bela e o Monstro\u201d \u00e0s 15h no Centro Cultural Malaposta, Odivelas; ou \u201cPocahontas\u201d \u00e0s 15h30 no Audit\u00f3rio Taguspark, Oeiras.<\/li>\n<li>A iniciativa convida mi\u00fados e gra\u00fados a vestir disfarce, levar a imagina\u00e7\u00e3o e participar no desfile.<\/li>\n<li>A participa\u00e7\u00e3o requer pr\u00e9-inscri\u00e7\u00e3o, dispon\u00edvel via formul\u00e1rio online.<\/li>\n<\/ul>\n","protected":false},"author":2,"featured_media":213613,"comment_status":"closed","ping_status":"closed","sticky":false,"template":"","format":"standard","meta":{"footnotes":""},"categories":[1],"tags":[1975,3953,148,1281,1198,119],"class_list":["post-213608","post","type-post","status-publish","format-standard","has-post-thumbnail","hentry","category-noticias","tag-arte-teatro-concertos","tag-criancas","tag-familias","tag-odivelas","tag-oeiras","tag-teatro"],"yoast_head":"<!-- This site is optimized with the Yoast SEO plugin v27.2 - https:\/\/yoast.com\/product\/yoast-seo-wordpress\/ -->\n<title>Concursos de m\u00e1scaras no palco de A Bela e o Monstro e Pocahontas - Portal Tela Portugal<\/title>\n<meta name=\"robots\" content=\"index, follow, max-snippet:-1, max-image-preview:large, max-video-preview:-1\" \/>\n<meta property=\"og:locale\" content=\"pt_PT\" \/>\n<meta property=\"og:type\" content=\"article\" \/>\n<meta property=\"og:title\" content=\"Concursos de m\u00e1scaras no palco de A Bela e o Monstro e Pocahontas - Portal Tela Portugal\" \/>\n<meta property=\"og:description\" content=\"Concursos de m\u00e1scaras v\u00e3o ocorrer nos espet\u00e1culos de \u201cA Bela e o Monstro\u201d e \u201cPocahontas\u201d pela Yellow Star Company. No dia 17 de fevereiro, ter\u00e7a-feira de Carnaval, haver\u00e1 um Desfile de Carnaval com surpresas e pr\u00e9mios para os tr\u00eas melhores disfarces. Op\u00e7\u00f5es de sess\u00e3o: \u201cA Bela e o Monstro\u201d \u00e0s 15h no Centro Cultural Malaposta, Odivelas; ou \u201cPocahontas\u201d \u00e0s 15h30 no Audit\u00f3rio Taguspark, Oeiras. A iniciativa convida mi\u00fados e gra\u00fados a vestir disfarce, levar a imagina\u00e7\u00e3o e participar no desfile. A participa\u00e7\u00e3o requer pr\u00e9-inscri\u00e7\u00e3o, dispon\u00edvel via formul\u00e1rio online.\" \/>\n<meta property=\"og:url\" content=\"https:\/\/portaltela.pt\/noticias\/2026\/02\/15\/concursos-de-mascaras-no-palco-de-a-bela-e-o-monstro-e-pocahontas\/\" \/>\n<meta property=\"og:site_name\" content=\"Portal Tela Portugal\" \/>\n<meta property=\"article:published_time\" content=\"2026-02-15T18:24:00+00:00\" \/>\n<meta name=\"author\" content=\"Telinha\" \/>\n<meta name=\"twitter:card\" content=\"summary_large_image\" \/>\n<meta name=\"twitter:label1\" content=\"Escrito por\" \/>\n\t<meta name=\"twitter:data1\" content=\"Telinha\" \/>\n\t<meta name=\"twitter:label2\" content=\"Tempo estimado de leitura\" \/>\n\t<meta name=\"twitter:data2\" content=\"1 minuto\" \/>\n<script type=\"application\/ld+json\" class=\"yoast-schema-graph\">{\"@context\":\"https:\/\/schema.org\",\"@graph\":[{\"@type\":\"Article\",\"@id\":\"https:\/\/portaltela.pt\/noticias\/2026\/02\/15\/concursos-de-mascaras-no-palco-de-a-bela-e-o-monstro-e-pocahontas\/#article\",\"isPartOf\":{\"@id\":\"https:\/\/portaltela.pt\/noticias\/2026\/02\/15\/concursos-de-mascaras-no-palco-de-a-bela-e-o-monstro-e-pocahontas\/\"},\"author\":{\"name\":\"Telinha\",\"@id\":\"https:\/\/portaltela.pt\/#\/schema\/person\/c4278d4a6028830caff9ee44b42d32ed\"},\"headline\":\"Concursos de m\u00e1scaras no palco de A Bela e o Monstro e Pocahontas\",\"datePublished\":\"2026-02-15T18:24:00+00:00\",\"mainEntityOfPage\":{\"@id\":\"https:\/\/portaltela.pt\/noticias\/2026\/02\/15\/concursos-de-mascaras-no-palco-de-a-bela-e-o-monstro-e-pocahontas\/\"},\"wordCount\":156,\"image\":{\"@id\":\"https:\/\/portaltela.pt\/noticias\/2026\/02\/15\/concursos-de-mascaras-no-palco-de-a-bela-e-o-monstro-e-pocahontas\/#primaryimage\"},\"thumbnailUrl\":\"https:\/\/portaltela.pt\/s.01k8rhncp4jt1\/2026\/02\/image-1182.jpg\",\"keywords\":[\"arte\/teatro\/concertos\",\"crian\u00e7as\",\"fam\u00edlias\",\"Odivelas\",\"Oeiras\",\"teatro\"],\"articleSection\":[\"Not\u00edcias\"],\"inLanguage\":\"pt-PT\"},{\"@type\":\"WebPage\",\"@id\":\"https:\/\/portaltela.pt\/noticias\/2026\/02\/15\/concursos-de-mascaras-no-palco-de-a-bela-e-o-monstro-e-pocahontas\/\",\"url\":\"https:\/\/portaltela.pt\/noticias\/2026\/02\/15\/concursos-de-mascaras-no-palco-de-a-bela-e-o-monstro-e-pocahontas\/\",\"name\":\"Concursos de m\u00e1scaras no palco de A Bela e o Monstro e Pocahontas - Portal Tela Portugal\",\"isPartOf\":{\"@id\":\"https:\/\/portaltela.pt\/#website\"},\"primaryImageOfPage\":{\"@id\":\"https:\/\/portaltela.pt\/noticias\/2026\/02\/15\/concursos-de-mascaras-no-palco-de-a-bela-e-o-monstro-e-pocahontas\/#primaryimage\"},\"image\":{\"@id\":\"https:\/\/portaltela.pt\/noticias\/2026\/02\/15\/concursos-de-mascaras-no-palco-de-a-bela-e-o-monstro-e-pocahontas\/#primaryimage\"},\"thumbnailUrl\":\"https:\/\/portaltela.pt\/s.01k8rhncp4jt1\/2026\/02\/image-1182.jpg\",\"datePublished\":\"2026-02-15T18:24:00+00:00\",\"author\":{\"@id\":\"https:\/\/portaltela.pt\/#\/schema\/person\/c4278d4a6028830caff9ee44b42d32ed\"},\"breadcrumb\":{\"@id\":\"https:\/\/portaltela.pt\/noticias\/2026\/02\/15\/concursos-de-mascaras-no-palco-de-a-bela-e-o-monstro-e-pocahontas\/#breadcrumb\"},\"inLanguage\":\"pt-PT\",\"potentialAction\":[{\"@type\":\"ReadAction\",\"target\":[\"https:\/\/portaltela.pt\/noticias\/2026\/02\/15\/concursos-de-mascaras-no-palco-de-a-bela-e-o-monstro-e-pocahontas\/\"]}]},{\"@type\":\"ImageObject\",\"inLanguage\":\"pt-PT\",\"@id\":\"https:\/\/portaltela.pt\/noticias\/2026\/02\/15\/concursos-de-mascaras-no-palco-de-a-bela-e-o-monstro-e-pocahontas\/#primaryimage\",\"url\":\"https:\/\/portaltela.pt\/s.01k8rhncp4jt1\/2026\/02\/image-1182.jpg\",\"contentUrl\":\"https:\/\/portaltela.pt\/s.01k8rhncp4jt1\/2026\/02\/image-1182.jpg\",\"width\":796,\"height\":448,\"caption\":\"Ir ao teatro mascarado e participar num desfile em palco\"},{\"@type\":\"BreadcrumbList\",\"@id\":\"https:\/\/portaltela.pt\/noticias\/2026\/02\/15\/concursos-de-mascaras-no-palco-de-a-bela-e-o-monstro-e-pocahontas\/#breadcrumb\",\"itemListElement\":[{\"@type\":\"ListItem\",\"position\":1,\"name\":\"In\u00edcio\",\"item\":\"https:\/\/portaltela.pt\/\"},{\"@type\":\"ListItem\",\"position\":2,\"name\":\"Concursos de m\u00e1scaras no palco de A Bela e o Monstro e Pocahontas\"}]},{\"@type\":\"WebSite\",\"@id\":\"https:\/\/portaltela.pt\/#website\",\"url\":\"https:\/\/portaltela.pt\/\",\"name\":\"Portal Tela Portugal\",\"description\":\"\",\"potentialAction\":[{\"@type\":\"SearchAction\",\"target\":{\"@type\":\"EntryPoint\",\"urlTemplate\":\"https:\/\/portaltela.pt\/?s={search_term_string}\"},\"query-input\":{\"@type\":\"PropertyValueSpecification\",\"valueRequired\":true,\"valueName\":\"search_term_string\"}}],\"inLanguage\":\"pt-PT\"},{\"@type\":\"Person\",\"@id\":\"https:\/\/portaltela.pt\/#\/schema\/person\/c4278d4a6028830caff9ee44b42d32ed\",\"name\":\"Telinha\",\"image\":{\"@type\":\"ImageObject\",\"inLanguage\":\"pt-PT\",\"@id\":\"https:\/\/portaltela.pt\/s.01k8rhncp4jt1\/2025\/11\/talking-bot-125x125.png\",\"url\":\"https:\/\/portaltela.pt\/s.01k8rhncp4jt1\/2025\/11\/talking-bot-125x125.png\",\"contentUrl\":\"https:\/\/portaltela.pt\/s.01k8rhncp4jt1\/2025\/11\/talking-bot-125x125.png\",\"caption\":\"Telinha\"},\"sameAs\":[\"https:\/\/portaltela.pt\/\"],\"url\":\"https:\/\/portaltela.pt\/por\/367410592786\/\"}]}<\/script>\n<!-- \/ Yoast SEO plugin. -->","yoast_head_json":{"title":"Concursos de m\u00e1scaras no palco de A Bela e o Monstro e Pocahontas - Portal Tela Portugal","robots":{"index":"index","follow":"follow","max-snippet":"max-snippet:-1","max-image-preview":"max-image-preview:large","max-video-preview":"max-video-preview:-1"},"og_locale":"pt_PT","og_type":"article","og_title":"Concursos de m\u00e1scaras no palco de A Bela e o Monstro e Pocahontas - Portal Tela Portugal","og_description":"Concursos de m\u00e1scaras v\u00e3o ocorrer nos espet\u00e1culos de \u201cA Bela e o Monstro\u201d e \u201cPocahontas\u201d pela Yellow Star Company. No dia 17 de fevereiro, ter\u00e7a-feira de Carnaval, haver\u00e1 um Desfile de Carnaval com surpresas e pr\u00e9mios para os tr\u00eas melhores disfarces. Op\u00e7\u00f5es de sess\u00e3o: \u201cA Bela e o Monstro\u201d \u00e0s 15h no Centro Cultural Malaposta, Odivelas; ou \u201cPocahontas\u201d \u00e0s 15h30 no Audit\u00f3rio Taguspark, Oeiras. A iniciativa convida mi\u00fados e gra\u00fados a vestir disfarce, levar a imagina\u00e7\u00e3o e participar no desfile. A participa\u00e7\u00e3o requer pr\u00e9-inscri\u00e7\u00e3o, dispon\u00edvel via formul\u00e1rio online.","og_url":"https:\/\/portaltela.pt\/noticias\/2026\/02\/15\/concursos-de-mascaras-no-palco-de-a-bela-e-o-monstro-e-pocahontas\/","og_site_name":"Portal Tela Portugal","article_published_time":"2026-02-15T18:24:00+00:00","author":"Telinha","twitter_card":"summary_large_image","twitter_misc":{"Escrito por":"Telinha","Tempo estimado de leitura":"1 minuto"},"schema":{"@context":"https:\/\/schema.org","@graph":[{"@type":"Article","@id":"https:\/\/portaltela.pt\/noticias\/2026\/02\/15\/concursos-de-mascaras-no-palco-de-a-bela-e-o-monstro-e-pocahontas\/#article","isPartOf":{"@id":"https:\/\/portaltela.pt\/noticias\/2026\/02\/15\/concursos-de-mascaras-no-palco-de-a-bela-e-o-monstro-e-pocahontas\/"},"author":{"name":"Telinha","@id":"https:\/\/portaltela.pt\/#\/schema\/person\/c4278d4a6028830caff9ee44b42d32ed"},"headline":"Concursos de m\u00e1scaras no palco de A Bela e o Monstro e Pocahontas","datePublished":"2026-02-15T18:24:00+00:00","mainEntityOfPage":{"@id":"https:\/\/portaltela.pt\/noticias\/2026\/02\/15\/concursos-de-mascaras-no-palco-de-a-bela-e-o-monstro-e-pocahontas\/"},"wordCount":156,"image":{"@id":"https:\/\/portaltela.pt\/noticias\/2026\/02\/15\/concursos-de-mascaras-no-palco-de-a-bela-e-o-monstro-e-pocahontas\/#primaryimage"},"thumbnailUrl":"https:\/\/portaltela.pt\/s.01k8rhncp4jt1\/2026\/02\/image-1182.jpg","keywords":["arte\/teatro\/concertos","crian\u00e7as","fam\u00edlias","Odivelas","Oeiras","teatro"],"articleSection":["Not\u00edcias"],"inLanguage":"pt-PT"},{"@type":"WebPage","@id":"https:\/\/portaltela.pt\/noticias\/2026\/02\/15\/concursos-de-mascaras-no-palco-de-a-bela-e-o-monstro-e-pocahontas\/","url":"https:\/\/portaltela.pt\/noticias\/2026\/02\/15\/concursos-de-mascaras-no-palco-de-a-bela-e-o-monstro-e-pocahontas\/","name":"Concursos de m\u00e1scaras no palco de A Bela e o Monstro e Pocahontas - Portal Tela Portugal","isPartOf":{"@id":"https:\/\/portaltela.pt\/#website"},"primaryImageOfPage":{"@id":"https:\/\/portaltela.pt\/noticias\/2026\/02\/15\/concursos-de-mascaras-no-palco-de-a-bela-e-o-monstro-e-pocahontas\/#primaryimage"},"image":{"@id":"https:\/\/portaltela.pt\/noticias\/2026\/02\/15\/concursos-de-mascaras-no-palco-de-a-bela-e-o-monstro-e-pocahontas\/#primaryimage"},"thumbnailUrl":"https:\/\/portaltela.pt\/s.01k8rhncp4jt1\/2026\/02\/image-1182.jpg","datePublished":"2026-02-15T18:24:00+00:00","author":{"@id":"https:\/\/portaltela.pt\/#\/schema\/person\/c4278d4a6028830caff9ee44b42d32ed"},"breadcrumb":{"@id":"https:\/\/portaltela.pt\/noticias\/2026\/02\/15\/concursos-de-mascaras-no-palco-de-a-bela-e-o-monstro-e-pocahontas\/#breadcrumb"},"inLanguage":"pt-PT","potentialAction":[{"@type":"ReadAction","target":["https:\/\/portaltela.pt\/noticias\/2026\/02\/15\/concursos-de-mascaras-no-palco-de-a-bela-e-o-monstro-e-pocahontas\/"]}]},{"@type":"ImageObject","inLanguage":"pt-PT","@id":"https:\/\/portaltela.pt\/noticias\/2026\/02\/15\/concursos-de-mascaras-no-palco-de-a-bela-e-o-monstro-e-pocahontas\/#primaryimage","url":"https:\/\/portaltela.pt\/s.01k8rhncp4jt1\/2026\/02\/image-1182.jpg","contentUrl":"https:\/\/portaltela.pt\/s.01k8rhncp4jt1\/2026\/02\/image-1182.jpg","width":796,"height":448,"caption":"Ir ao teatro mascarado e participar num desfile em palco"},{"@type":"BreadcrumbList","@id":"https:\/\/portaltela.pt\/noticias\/2026\/02\/15\/concursos-de-mascaras-no-palco-de-a-bela-e-o-monstro-e-pocahontas\/#breadcrumb","itemListElement":[{"@type":"ListItem","position":1,"name":"In\u00edcio","item":"https:\/\/portaltela.pt\/"},{"@type":"ListItem","position":2,"name":"Concursos de m\u00e1scaras no palco de A Bela e o Monstro e Pocahontas"}]},{"@type":"WebSite","@id":"https:\/\/portaltela.pt\/#website","url":"https:\/\/portaltela.pt\/","name":"Portal Tela Portugal","description":"","potentialAction":[{"@type":"SearchAction","target":{"@type":"EntryPoint","urlTemplate":"https:\/\/portaltela.pt\/?s={search_term_string}"},"query-input":{"@type":"PropertyValueSpecification","valueRequired":true,"valueName":"search_term_string"}}],"inLanguage":"pt-PT"},{"@type":"Person","@id":"https:\/\/portaltela.pt\/#\/schema\/person\/c4278d4a6028830caff9ee44b42d32ed","name":"Telinha","image":{"@type":"ImageObject","inLanguage":"pt-PT","@id":"https:\/\/portaltela.pt\/s.01k8rhncp4jt1\/2025\/11\/talking-bot-125x125.png","url":"https:\/\/portaltela.pt\/s.01k8rhncp4jt1\/2025\/11\/talking-bot-125x125.png","contentUrl":"https:\/\/portaltela.pt\/s.01k8rhncp4jt1\/2025\/11\/talking-bot-125x125.png","caption":"Telinha"},"sameAs":["https:\/\/portaltela.pt\/"],"url":"https:\/\/portaltela.pt\/por\/367410592786\/"}]}},"_links":{"self":[{"href":"https:\/\/portaltela.pt\/api\/wp\/v2\/posts\/213608","targetHints":{"allow":["GET"]}}],"collection":[{"href":"https:\/\/portaltela.pt\/api\/wp\/v2\/posts"}],"about":[{"href":"https:\/\/portaltela.pt\/api\/wp\/v2\/types\/post"}],"author":[{"embeddable":true,"href":"https:\/\/portaltela.pt\/api\/wp\/v2\/users\/2"}],"replies":[{"embeddable":true,"href":"https:\/\/portaltela.pt\/api\/wp\/v2\/comments?post=213608"}],"version-history":[{"count":0,"href":"https:\/\/portaltela.pt\/api\/wp\/v2\/posts\/213608\/revisions"}],"wp:featuredmedia":[{"embeddable":true,"href":"https:\/\/portaltela.pt\/api\/wp\/v2\/media\/213613"}],"wp:attachment":[{"href":"https:\/\/portaltela.pt\/api\/wp\/v2\/media?parent=213608"}],"wp:term":[{"taxonomy":"category","embeddable":true,"href":"https:\/\/portaltela.pt\/api\/wp\/v2\/categories?post=213608"},{"taxonomy":"post_tag","embeddable":true,"href":"https:\/\/portaltela.pt\/api\/wp\/v2\/tags?post=213608"}],"curies":[{"name":"wp","href":"https:\/\/api.w.org\/{rel}","templated":true}]}}