{"id":213606,"date":"2026-02-15T15:16:51","date_gmt":"2026-02-15T18:16:51","guid":{"rendered":"https:\/\/portaltela.pt\/noticias\/2026\/02\/15\/bednarek-dedica-golo-a-samu-durante-momento-dificil\/"},"modified":"2026-02-15T15:16:51","modified_gmt":"2026-02-15T18:16:51","slug":"bednarek-dedica-golo-a-samu-durante-momento-dificil","status":"publish","type":"post","link":"https:\/\/portaltela.pt\/desporto\/futebol\/2026\/02\/15\/bednarek-dedica-golo-a-samu-durante-momento-dificil\/","title":{"rendered":"Bednarek dedica golo a Samu durante momento dif\u00edcil"},"content":{"rendered":"<p>O FC Porto venceu o Nacional por 1-0, com o golo solit\u00e1rio de Jan Bednarek aos 60 minutos. O defesa central dos drag\u00f5es festejou dedicando o tento a Samu, jogador afastado por les\u00e3o, que recebeu ainda men\u00e7\u00e3o na flash interview da Sport TV.<\/p>\n<p>O encontro ficou marcado por um campo mole e condi\u00e7\u00f5es adversas, tornando a vit\u00f3ria essencial para o Porto ap\u00f3s dois jogos sem triunfo. A equipa criou menos oportunidades na primeira parte, mas acabou por chegar ao golo decisivo na segunda metade.<\/p>\n<p>Gabri Veiga assistiu ao primeiro toque na bola e destacou o trabalho de equipa, especialmente dos m\u00e9dios defensivos e dos menos experientes a assumirem responsabilidades. O Porto refor\u00e7ou a presen\u00e7a no meio-campo com escolhas que deram mais lideran\u00e7a em campo, incluindo o jovem Oskar.<\/p>\n<h3>Desempenho e leituras do jogo<\/h3>\n<p>A equipa manteve a posse e procurou ampliar o controlo, mesmo com as mudan\u00e7as na forma\u00e7\u00e3o. Bednarek apontou que o triunfo era fundamental para regressar a casa com pontos, e o grupo mostrou uni\u00e3o para ultrapassar o momento f\u00edsico de Samu.<\/p>\n","protected":false},"excerpt":{"rendered":"<ul>\n<li>O FC Porto venceu o Nacional por 1-0, golo de Jan Bednarek aos 60 minutos.<\/li>\n<li>Bednarek dedicou o tento a Samu, que est\u00e1 lesionado e afastado dos relvados, conforme disse na flash interview \u00e0 Sport TV.<\/li>\n<li>O defesa explicou que o jogo foi dif\u00edcil num campo mole e com condi\u00e7\u00f5es adversas, destacando a necessidade de vencer e regressar a casa.<\/li>\n<li>Gabri Veiga assistiu ao primeiro toque na bola; o plantel elogiou o trabalho de Lucho, Lino e do jovem Oskar pela coragem e responsabilidade em campo.<\/li>\n<li>A vit\u00f3ria surge depois de dois jogos sem triunfo; houve reconhecimento da import\u00e2ncia de l\u00edderes em campo, independentemente da idade.<\/li>\n<\/ul>\n","protected":false},"author":2,"featured_media":213610,"comment_status":"closed","ping_status":"closed","sticky":false,"template":"","format":"standard","meta":{"footnotes":""},"categories":[21,24],"tags":[3160,2028,32,1319,982,2570],"class_list":["post-213606","post","type-post","status-publish","format-standard","has-post-thumbnail","hentry","category-desporto","category-futebol","tag-bednarek","tag-fc-porto","tag-futebol","tag-nacional","tag-porto","tag-samu"],"yoast_head":"<!-- This site is optimized with the Yoast SEO plugin v27.2 - https:\/\/yoast.com\/product\/yoast-seo-wordpress\/ -->\n<title>Bednarek dedica golo a Samu durante momento dif\u00edcil - Portal Tela Portugal<\/title>\n<meta name=\"robots\" content=\"index, follow, max-snippet:-1, max-image-preview:large, max-video-preview:-1\" \/>\n<meta property=\"og:locale\" content=\"pt_PT\" \/>\n<meta property=\"og:type\" content=\"article\" \/>\n<meta property=\"og:title\" content=\"Bednarek dedica golo a Samu durante momento dif\u00edcil - Portal Tela Portugal\" \/>\n<meta property=\"og:description\" content=\"O FC Porto venceu o Nacional por 1-0, golo de Jan Bednarek aos 60 minutos. Bednarek dedicou o tento a Samu, que est\u00e1 lesionado e afastado dos relvados, conforme disse na flash interview \u00e0 Sport TV. O defesa explicou que o jogo foi dif\u00edcil num campo mole e com condi\u00e7\u00f5es adversas, destacando a necessidade de vencer e regressar a casa. Gabri Veiga assistiu ao primeiro toque na bola; o plantel elogiou o trabalho de Lucho, Lino e do jovem Oskar pela coragem e responsabilidade em campo. A vit\u00f3ria surge depois de dois jogos sem triunfo; houve reconhecimento da import\u00e2ncia de l\u00edderes em campo, independentemente da idade.\" \/>\n<meta property=\"og:url\" content=\"https:\/\/portaltela.pt\/noticias\/2026\/02\/15\/bednarek-dedica-golo-a-samu-durante-momento-dificil\/\" \/>\n<meta property=\"og:site_name\" content=\"Portal Tela Portugal\" \/>\n<meta property=\"article:published_time\" content=\"2026-02-15T18:16:51+00:00\" \/>\n<meta name=\"author\" content=\"Telinha\" \/>\n<meta name=\"twitter:card\" content=\"summary_large_image\" \/>\n<meta name=\"twitter:label1\" content=\"Escrito por\" \/>\n\t<meta name=\"twitter:data1\" content=\"Telinha\" \/>\n\t<meta name=\"twitter:label2\" content=\"Tempo estimado de leitura\" \/>\n\t<meta name=\"twitter:data2\" content=\"1 minuto\" \/>\n<script type=\"application\/ld+json\" class=\"yoast-schema-graph\">{\"@context\":\"https:\/\/schema.org\",\"@graph\":[{\"@type\":\"Article\",\"@id\":\"https:\/\/portaltela.pt\/noticias\/2026\/02\/15\/bednarek-dedica-golo-a-samu-durante-momento-dificil\/#article\",\"isPartOf\":{\"@id\":\"https:\/\/portaltela.pt\/noticias\/2026\/02\/15\/bednarek-dedica-golo-a-samu-durante-momento-dificil\/\"},\"author\":{\"name\":\"Telinha\",\"@id\":\"https:\/\/portaltela.pt\/#\/schema\/person\/c4278d4a6028830caff9ee44b42d32ed\"},\"headline\":\"Bednarek dedica golo a Samu durante momento dif\u00edcil\",\"datePublished\":\"2026-02-15T18:16:51+00:00\",\"mainEntityOfPage\":{\"@id\":\"https:\/\/portaltela.pt\/noticias\/2026\/02\/15\/bednarek-dedica-golo-a-samu-durante-momento-dificil\/\"},\"wordCount\":197,\"image\":{\"@id\":\"https:\/\/portaltela.pt\/noticias\/2026\/02\/15\/bednarek-dedica-golo-a-samu-durante-momento-dificil\/#primaryimage\"},\"thumbnailUrl\":\"https:\/\/portaltela.pt\/s.01k8rhncp4jt1\/2026\/02\/img_920x518uu2026-02-15-18-15-41-2421818.jpg\",\"keywords\":[\"Bednarek\",\"FC Porto\",\"futebol\",\"Nacional\",\"Porto\",\"Samu\"],\"articleSection\":[\"Desporto\",\"Futebol\"],\"inLanguage\":\"pt-PT\"},{\"@type\":\"WebPage\",\"@id\":\"https:\/\/portaltela.pt\/noticias\/2026\/02\/15\/bednarek-dedica-golo-a-samu-durante-momento-dificil\/\",\"url\":\"https:\/\/portaltela.pt\/noticias\/2026\/02\/15\/bednarek-dedica-golo-a-samu-durante-momento-dificil\/\",\"name\":\"Bednarek dedica golo a Samu durante momento dif\u00edcil - Portal Tela Portugal\",\"isPartOf\":{\"@id\":\"https:\/\/portaltela.pt\/#website\"},\"primaryImageOfPage\":{\"@id\":\"https:\/\/portaltela.pt\/noticias\/2026\/02\/15\/bednarek-dedica-golo-a-samu-durante-momento-dificil\/#primaryimage\"},\"image\":{\"@id\":\"https:\/\/portaltela.pt\/noticias\/2026\/02\/15\/bednarek-dedica-golo-a-samu-durante-momento-dificil\/#primaryimage\"},\"thumbnailUrl\":\"https:\/\/portaltela.pt\/s.01k8rhncp4jt1\/2026\/02\/img_920x518uu2026-02-15-18-15-41-2421818.jpg\",\"datePublished\":\"2026-02-15T18:16:51+00:00\",\"author\":{\"@id\":\"https:\/\/portaltela.pt\/#\/schema\/person\/c4278d4a6028830caff9ee44b42d32ed\"},\"breadcrumb\":{\"@id\":\"https:\/\/portaltela.pt\/noticias\/2026\/02\/15\/bednarek-dedica-golo-a-samu-durante-momento-dificil\/#breadcrumb\"},\"inLanguage\":\"pt-PT\",\"potentialAction\":[{\"@type\":\"ReadAction\",\"target\":[\"https:\/\/portaltela.pt\/noticias\/2026\/02\/15\/bednarek-dedica-golo-a-samu-durante-momento-dificil\/\"]}]},{\"@type\":\"ImageObject\",\"inLanguage\":\"pt-PT\",\"@id\":\"https:\/\/portaltela.pt\/noticias\/2026\/02\/15\/bednarek-dedica-golo-a-samu-durante-momento-dificil\/#primaryimage\",\"url\":\"https:\/\/portaltela.pt\/s.01k8rhncp4jt1\/2026\/02\/img_920x518uu2026-02-15-18-15-41-2421818.jpg\",\"contentUrl\":\"https:\/\/portaltela.pt\/s.01k8rhncp4jt1\/2026\/02\/img_920x518uu2026-02-15-18-15-41-2421818.jpg\",\"width\":796,\"height\":448,\"caption\":\"Jan Bednarek dedica golo a Samu\"},{\"@type\":\"BreadcrumbList\",\"@id\":\"https:\/\/portaltela.pt\/noticias\/2026\/02\/15\/bednarek-dedica-golo-a-samu-durante-momento-dificil\/#breadcrumb\",\"itemListElement\":[{\"@type\":\"ListItem\",\"position\":1,\"name\":\"In\u00edcio\",\"item\":\"https:\/\/portaltela.pt\/\"},{\"@type\":\"ListItem\",\"position\":2,\"name\":\"Bednarek dedica golo a Samu durante momento dif\u00edcil\"}]},{\"@type\":\"WebSite\",\"@id\":\"https:\/\/portaltela.pt\/#website\",\"url\":\"https:\/\/portaltela.pt\/\",\"name\":\"Portal Tela Portugal\",\"description\":\"\",\"potentialAction\":[{\"@type\":\"SearchAction\",\"target\":{\"@type\":\"EntryPoint\",\"urlTemplate\":\"https:\/\/portaltela.pt\/?s={search_term_string}\"},\"query-input\":{\"@type\":\"PropertyValueSpecification\",\"valueRequired\":true,\"valueName\":\"search_term_string\"}}],\"inLanguage\":\"pt-PT\"},{\"@type\":\"Person\",\"@id\":\"https:\/\/portaltela.pt\/#\/schema\/person\/c4278d4a6028830caff9ee44b42d32ed\",\"name\":\"Telinha\",\"image\":{\"@type\":\"ImageObject\",\"inLanguage\":\"pt-PT\",\"@id\":\"https:\/\/portaltela.pt\/s.01k8rhncp4jt1\/2025\/11\/talking-bot-125x125.png\",\"url\":\"https:\/\/portaltela.pt\/s.01k8rhncp4jt1\/2025\/11\/talking-bot-125x125.png\",\"contentUrl\":\"https:\/\/portaltela.pt\/s.01k8rhncp4jt1\/2025\/11\/talking-bot-125x125.png\",\"caption\":\"Telinha\"},\"sameAs\":[\"https:\/\/portaltela.pt\/\"],\"url\":\"https:\/\/portaltela.pt\/por\/367410592786\/\"}]}<\/script>\n<!-- \/ Yoast SEO plugin. -->","yoast_head_json":{"title":"Bednarek dedica golo a Samu durante momento dif\u00edcil - Portal Tela Portugal","robots":{"index":"index","follow":"follow","max-snippet":"max-snippet:-1","max-image-preview":"max-image-preview:large","max-video-preview":"max-video-preview:-1"},"og_locale":"pt_PT","og_type":"article","og_title":"Bednarek dedica golo a Samu durante momento dif\u00edcil - Portal Tela Portugal","og_description":"O FC Porto venceu o Nacional por 1-0, golo de Jan Bednarek aos 60 minutos. Bednarek dedicou o tento a Samu, que est\u00e1 lesionado e afastado dos relvados, conforme disse na flash interview \u00e0 Sport TV. O defesa explicou que o jogo foi dif\u00edcil num campo mole e com condi\u00e7\u00f5es adversas, destacando a necessidade de vencer e regressar a casa. Gabri Veiga assistiu ao primeiro toque na bola; o plantel elogiou o trabalho de Lucho, Lino e do jovem Oskar pela coragem e responsabilidade em campo. A vit\u00f3ria surge depois de dois jogos sem triunfo; houve reconhecimento da import\u00e2ncia de l\u00edderes em campo, independentemente da idade.","og_url":"https:\/\/portaltela.pt\/noticias\/2026\/02\/15\/bednarek-dedica-golo-a-samu-durante-momento-dificil\/","og_site_name":"Portal Tela Portugal","article_published_time":"2026-02-15T18:16:51+00:00","author":"Telinha","twitter_card":"summary_large_image","twitter_misc":{"Escrito por":"Telinha","Tempo estimado de leitura":"1 minuto"},"schema":{"@context":"https:\/\/schema.org","@graph":[{"@type":"Article","@id":"https:\/\/portaltela.pt\/noticias\/2026\/02\/15\/bednarek-dedica-golo-a-samu-durante-momento-dificil\/#article","isPartOf":{"@id":"https:\/\/portaltela.pt\/noticias\/2026\/02\/15\/bednarek-dedica-golo-a-samu-durante-momento-dificil\/"},"author":{"name":"Telinha","@id":"https:\/\/portaltela.pt\/#\/schema\/person\/c4278d4a6028830caff9ee44b42d32ed"},"headline":"Bednarek dedica golo a Samu durante momento dif\u00edcil","datePublished":"2026-02-15T18:16:51+00:00","mainEntityOfPage":{"@id":"https:\/\/portaltela.pt\/noticias\/2026\/02\/15\/bednarek-dedica-golo-a-samu-durante-momento-dificil\/"},"wordCount":197,"image":{"@id":"https:\/\/portaltela.pt\/noticias\/2026\/02\/15\/bednarek-dedica-golo-a-samu-durante-momento-dificil\/#primaryimage"},"thumbnailUrl":"https:\/\/portaltela.pt\/s.01k8rhncp4jt1\/2026\/02\/img_920x518uu2026-02-15-18-15-41-2421818.jpg","keywords":["Bednarek","FC Porto","futebol","Nacional","Porto","Samu"],"articleSection":["Desporto","Futebol"],"inLanguage":"pt-PT"},{"@type":"WebPage","@id":"https:\/\/portaltela.pt\/noticias\/2026\/02\/15\/bednarek-dedica-golo-a-samu-durante-momento-dificil\/","url":"https:\/\/portaltela.pt\/noticias\/2026\/02\/15\/bednarek-dedica-golo-a-samu-durante-momento-dificil\/","name":"Bednarek dedica golo a Samu durante momento dif\u00edcil - Portal Tela Portugal","isPartOf":{"@id":"https:\/\/portaltela.pt\/#website"},"primaryImageOfPage":{"@id":"https:\/\/portaltela.pt\/noticias\/2026\/02\/15\/bednarek-dedica-golo-a-samu-durante-momento-dificil\/#primaryimage"},"image":{"@id":"https:\/\/portaltela.pt\/noticias\/2026\/02\/15\/bednarek-dedica-golo-a-samu-durante-momento-dificil\/#primaryimage"},"thumbnailUrl":"https:\/\/portaltela.pt\/s.01k8rhncp4jt1\/2026\/02\/img_920x518uu2026-02-15-18-15-41-2421818.jpg","datePublished":"2026-02-15T18:16:51+00:00","author":{"@id":"https:\/\/portaltela.pt\/#\/schema\/person\/c4278d4a6028830caff9ee44b42d32ed"},"breadcrumb":{"@id":"https:\/\/portaltela.pt\/noticias\/2026\/02\/15\/bednarek-dedica-golo-a-samu-durante-momento-dificil\/#breadcrumb"},"inLanguage":"pt-PT","potentialAction":[{"@type":"ReadAction","target":["https:\/\/portaltela.pt\/noticias\/2026\/02\/15\/bednarek-dedica-golo-a-samu-durante-momento-dificil\/"]}]},{"@type":"ImageObject","inLanguage":"pt-PT","@id":"https:\/\/portaltela.pt\/noticias\/2026\/02\/15\/bednarek-dedica-golo-a-samu-durante-momento-dificil\/#primaryimage","url":"https:\/\/portaltela.pt\/s.01k8rhncp4jt1\/2026\/02\/img_920x518uu2026-02-15-18-15-41-2421818.jpg","contentUrl":"https:\/\/portaltela.pt\/s.01k8rhncp4jt1\/2026\/02\/img_920x518uu2026-02-15-18-15-41-2421818.jpg","width":796,"height":448,"caption":"Jan Bednarek dedica golo a Samu"},{"@type":"BreadcrumbList","@id":"https:\/\/portaltela.pt\/noticias\/2026\/02\/15\/bednarek-dedica-golo-a-samu-durante-momento-dificil\/#breadcrumb","itemListElement":[{"@type":"ListItem","position":1,"name":"In\u00edcio","item":"https:\/\/portaltela.pt\/"},{"@type":"ListItem","position":2,"name":"Bednarek dedica golo a Samu durante momento dif\u00edcil"}]},{"@type":"WebSite","@id":"https:\/\/portaltela.pt\/#website","url":"https:\/\/portaltela.pt\/","name":"Portal Tela Portugal","description":"","potentialAction":[{"@type":"SearchAction","target":{"@type":"EntryPoint","urlTemplate":"https:\/\/portaltela.pt\/?s={search_term_string}"},"query-input":{"@type":"PropertyValueSpecification","valueRequired":true,"valueName":"search_term_string"}}],"inLanguage":"pt-PT"},{"@type":"Person","@id":"https:\/\/portaltela.pt\/#\/schema\/person\/c4278d4a6028830caff9ee44b42d32ed","name":"Telinha","image":{"@type":"ImageObject","inLanguage":"pt-PT","@id":"https:\/\/portaltela.pt\/s.01k8rhncp4jt1\/2025\/11\/talking-bot-125x125.png","url":"https:\/\/portaltela.pt\/s.01k8rhncp4jt1\/2025\/11\/talking-bot-125x125.png","contentUrl":"https:\/\/portaltela.pt\/s.01k8rhncp4jt1\/2025\/11\/talking-bot-125x125.png","caption":"Telinha"},"sameAs":["https:\/\/portaltela.pt\/"],"url":"https:\/\/portaltela.pt\/por\/367410592786\/"}]}},"_links":{"self":[{"href":"https:\/\/portaltela.pt\/api\/wp\/v2\/posts\/213606","targetHints":{"allow":["GET"]}}],"collection":[{"href":"https:\/\/portaltela.pt\/api\/wp\/v2\/posts"}],"about":[{"href":"https:\/\/portaltela.pt\/api\/wp\/v2\/types\/post"}],"author":[{"embeddable":true,"href":"https:\/\/portaltela.pt\/api\/wp\/v2\/users\/2"}],"replies":[{"embeddable":true,"href":"https:\/\/portaltela.pt\/api\/wp\/v2\/comments?post=213606"}],"version-history":[{"count":0,"href":"https:\/\/portaltela.pt\/api\/wp\/v2\/posts\/213606\/revisions"}],"wp:featuredmedia":[{"embeddable":true,"href":"https:\/\/portaltela.pt\/api\/wp\/v2\/media\/213610"}],"wp:attachment":[{"href":"https:\/\/portaltela.pt\/api\/wp\/v2\/media?parent=213606"}],"wp:term":[{"taxonomy":"category","embeddable":true,"href":"https:\/\/portaltela.pt\/api\/wp\/v2\/categories?post=213606"},{"taxonomy":"post_tag","embeddable":true,"href":"https:\/\/portaltela.pt\/api\/wp\/v2\/tags?post=213606"}],"curies":[{"name":"wp","href":"https:\/\/api.w.org\/{rel}","templated":true}]}}