{"id":213601,"date":"2026-02-15T15:03:00","date_gmt":"2026-02-15T18:03:00","guid":{"rendered":"https:\/\/portaltela.pt\/noticias\/2026\/02\/15\/farioli-diz-vitoria-merecida-que-honra-legado-do-antigo-presidente\/"},"modified":"2026-02-15T15:03:00","modified_gmt":"2026-02-15T18:03:00","slug":"farioli-diz-vitoria-merecida-que-honra-legado-do-antigo-presidente","status":"publish","type":"post","link":"https:\/\/portaltela.pt\/desporto\/futebol\/2026\/02\/15\/farioli-diz-vitoria-merecida-que-honra-legado-do-antigo-presidente\/","title":{"rendered":"Farioli diz vit\u00f3ria merecida que honra legado do antigo presidente"},"content":{"rendered":"<p>O FC Porto venceu o Nacional por 1-0 na Choupana, mantendo-se na lideran\u00e7a do campeonato com dist\u00e2ncia para o rival. A vit\u00f3ria foi dedicada ao legado de Pinto da Costa, segundo disse o treinador Francesco Farioli.<\/p>\n<p>A equipa portista respondeu bem ap\u00f3s a segunda parte, num encontro marcado por muitas mexidas devido a les\u00f5es. Zaidu cumpriu toda a partida e o plantel mostrou capacidade de adapta\u00e7\u00e3o.<\/p>\n<p>Na reta final, Gabri Veiga entrou para marcar presen\u00e7a e oferecer uma assist\u00eancia espetacular, culminando no cabeceamento certeiro de Jan. Farioli real\u00e7ou a import\u00e2ncia da vit\u00f3ria para agradecer ao antigo presidente e manter o ritmo.<\/p>\n<p>A forma\u00e7\u00e3o azule-escura ficou sem vencer dois jogos consecutivos apenas pela primeira vez esta \u00e9poca, mas manteve-se no topo com uma vantagem modesta sobre os perseguidores. O t\u00e9cnico indicou que h\u00e1 mais por desenvolver.<\/p>\n<p>Existiram bastantes lesionados ao longo da semana, incluindo Samu, o que obrigou a reconstruir a equipa para um jogo de grande import\u00e2ncia. O treinador apontou que a recupera\u00e7\u00e3o de todo o plantel ser\u00e1 prioridade nos pr\u00f3ximos dias.<\/p>\n<p>O Nacional vendeu cara a sua pele e mostrou ser competitivo em casa, exigindo concentra\u00e7\u00e3o m\u00e1xima dos portistas. O campeonato segue com ainda muitos encontros por disputar e vit\u00f3rias a conquistar.<\/p>\n","protected":false},"excerpt":{"rendered":"<ul>\n<li>O FC Porto venceu o Nacional por 1-0 na Choupana e mant\u00e9m a lideran\u00e7a com alguma dist\u00e2ncia.<\/li>\n<li>Francesco Farioli afirmou que a vit\u00f3ria foi merecida e uma forma de honrar o legado de Pinto da Costa.<\/li>\n<li>A equipa respondeu bem apesar das v\u00e1rias baixas, com Zaidu a regressar ap\u00f3s longo per\u00edodo sem jogar completo e Samu a estar indispon\u00edvel, sendo necess\u00e1rio reconstruir o plantel.<\/li>\n<li>A substitui\u00e7\u00e3o antes do lance do canto envolveu Gabri Veiga; Farioli explicou que n\u00e3o foi uma jogada mestre, mas elogiou a assist\u00eancia dele e o cabeceamento de Jan, dedicando a vit\u00f3ria ao Samu.<\/li>\n<li>O treinador sublinhou a continuidade de ritmo, assinalando que n\u00e3o se pode reproduzir a express\u00e3o da 1.\u00aa volta e que falta melhorar em v\u00e1rias \u00e1reas, com o Nacional a ter jogado de forma muito competitiva; h\u00e1 ainda jogadores a recuperar nos pr\u00f3ximos dias.<\/li>\n<\/ul>\n","protected":false},"author":2,"featured_media":213604,"comment_status":"closed","ping_status":"closed","sticky":false,"template":"","format":"standard","meta":{"footnotes":""},"categories":[21,24],"tags":[4143,2028,32,3154,982,2570],"class_list":["post-213601","post","type-post","status-publish","format-standard","has-post-thumbnail","hentry","category-desporto","category-futebol","tag-1-liga","tag-fc-porto","tag-futebol","tag-gabri-veiga","tag-porto","tag-samu"],"yoast_head":"<!-- This site is optimized with the Yoast SEO plugin v27.2 - https:\/\/yoast.com\/product\/yoast-seo-wordpress\/ -->\n<title>Farioli diz vit\u00f3ria merecida que honra legado do antigo presidente - Portal Tela Portugal<\/title>\n<meta name=\"robots\" content=\"index, follow, max-snippet:-1, max-image-preview:large, max-video-preview:-1\" \/>\n<meta property=\"og:locale\" content=\"pt_PT\" \/>\n<meta property=\"og:type\" content=\"article\" \/>\n<meta property=\"og:title\" content=\"Farioli diz vit\u00f3ria merecida que honra legado do antigo presidente - Portal Tela Portugal\" \/>\n<meta property=\"og:description\" content=\"O FC Porto venceu o Nacional por 1-0 na Choupana e mant\u00e9m a lideran\u00e7a com alguma dist\u00e2ncia. Francesco Farioli afirmou que a vit\u00f3ria foi merecida e uma forma de honrar o legado de Pinto da Costa. A equipa respondeu bem apesar das v\u00e1rias baixas, com Zaidu a regressar ap\u00f3s longo per\u00edodo sem jogar completo e Samu a estar indispon\u00edvel, sendo necess\u00e1rio reconstruir o plantel. A substitui\u00e7\u00e3o antes do lance do canto envolveu Gabri Veiga; Farioli explicou que n\u00e3o foi uma jogada mestre, mas elogiou a assist\u00eancia dele e o cabeceamento de Jan, dedicando a vit\u00f3ria ao Samu. O treinador sublinhou a continuidade de ritmo, assinalando que n\u00e3o se pode reproduzir a express\u00e3o da 1.\u00aa volta e que falta melhorar em v\u00e1rias \u00e1reas, com o Nacional a ter jogado de forma muito competitiva; h\u00e1 ainda jogadores a recuperar nos pr\u00f3ximos dias.\" \/>\n<meta property=\"og:url\" content=\"https:\/\/portaltela.pt\/noticias\/2026\/02\/15\/farioli-diz-vitoria-merecida-que-honra-legado-do-antigo-presidente\/\" \/>\n<meta property=\"og:site_name\" content=\"Portal Tela Portugal\" \/>\n<meta property=\"article:published_time\" content=\"2026-02-15T18:03:00+00:00\" \/>\n<meta name=\"author\" content=\"Telinha\" \/>\n<meta name=\"twitter:card\" content=\"summary_large_image\" \/>\n<meta name=\"twitter:label1\" content=\"Escrito por\" \/>\n\t<meta name=\"twitter:data1\" content=\"Telinha\" \/>\n\t<meta name=\"twitter:label2\" content=\"Tempo estimado de leitura\" \/>\n\t<meta name=\"twitter:data2\" content=\"1 minuto\" \/>\n<script type=\"application\/ld+json\" class=\"yoast-schema-graph\">{\"@context\":\"https:\/\/schema.org\",\"@graph\":[{\"@type\":\"Article\",\"@id\":\"https:\/\/portaltela.pt\/noticias\/2026\/02\/15\/farioli-diz-vitoria-merecida-que-honra-legado-do-antigo-presidente\/#article\",\"isPartOf\":{\"@id\":\"https:\/\/portaltela.pt\/noticias\/2026\/02\/15\/farioli-diz-vitoria-merecida-que-honra-legado-do-antigo-presidente\/\"},\"author\":{\"name\":\"Telinha\",\"@id\":\"https:\/\/portaltela.pt\/#\/schema\/person\/c4278d4a6028830caff9ee44b42d32ed\"},\"headline\":\"Farioli diz vit\u00f3ria merecida que honra legado do antigo presidente\",\"datePublished\":\"2026-02-15T18:03:00+00:00\",\"mainEntityOfPage\":{\"@id\":\"https:\/\/portaltela.pt\/noticias\/2026\/02\/15\/farioli-diz-vitoria-merecida-que-honra-legado-do-antigo-presidente\/\"},\"wordCount\":233,\"image\":{\"@id\":\"https:\/\/portaltela.pt\/noticias\/2026\/02\/15\/farioli-diz-vitoria-merecida-que-honra-legado-do-antigo-presidente\/#primaryimage\"},\"thumbnailUrl\":\"https:\/\/portaltela.pt\/s.01k8rhncp4jt1\/2026\/02\/img_293x165uu2026-02-15-17-37-09-2421810.jpg\",\"keywords\":[\"1. Liga\",\"FC Porto\",\"futebol\",\"Gabri Veiga\",\"Porto\",\"Samu\"],\"articleSection\":[\"Desporto\",\"Futebol\"],\"inLanguage\":\"pt-PT\"},{\"@type\":\"WebPage\",\"@id\":\"https:\/\/portaltela.pt\/noticias\/2026\/02\/15\/farioli-diz-vitoria-merecida-que-honra-legado-do-antigo-presidente\/\",\"url\":\"https:\/\/portaltela.pt\/noticias\/2026\/02\/15\/farioli-diz-vitoria-merecida-que-honra-legado-do-antigo-presidente\/\",\"name\":\"Farioli diz vit\u00f3ria merecida que honra legado do antigo presidente - Portal Tela Portugal\",\"isPartOf\":{\"@id\":\"https:\/\/portaltela.pt\/#website\"},\"primaryImageOfPage\":{\"@id\":\"https:\/\/portaltela.pt\/noticias\/2026\/02\/15\/farioli-diz-vitoria-merecida-que-honra-legado-do-antigo-presidente\/#primaryimage\"},\"image\":{\"@id\":\"https:\/\/portaltela.pt\/noticias\/2026\/02\/15\/farioli-diz-vitoria-merecida-que-honra-legado-do-antigo-presidente\/#primaryimage\"},\"thumbnailUrl\":\"https:\/\/portaltela.pt\/s.01k8rhncp4jt1\/2026\/02\/img_293x165uu2026-02-15-17-37-09-2421810.jpg\",\"datePublished\":\"2026-02-15T18:03:00+00:00\",\"author\":{\"@id\":\"https:\/\/portaltela.pt\/#\/schema\/person\/c4278d4a6028830caff9ee44b42d32ed\"},\"breadcrumb\":{\"@id\":\"https:\/\/portaltela.pt\/noticias\/2026\/02\/15\/farioli-diz-vitoria-merecida-que-honra-legado-do-antigo-presidente\/#breadcrumb\"},\"inLanguage\":\"pt-PT\",\"potentialAction\":[{\"@type\":\"ReadAction\",\"target\":[\"https:\/\/portaltela.pt\/noticias\/2026\/02\/15\/farioli-diz-vitoria-merecida-que-honra-legado-do-antigo-presidente\/\"]}]},{\"@type\":\"ImageObject\",\"inLanguage\":\"pt-PT\",\"@id\":\"https:\/\/portaltela.pt\/noticias\/2026\/02\/15\/farioli-diz-vitoria-merecida-que-honra-legado-do-antigo-presidente\/#primaryimage\",\"url\":\"https:\/\/portaltela.pt\/s.01k8rhncp4jt1\/2026\/02\/img_293x165uu2026-02-15-17-37-09-2421810.jpg\",\"contentUrl\":\"https:\/\/portaltela.pt\/s.01k8rhncp4jt1\/2026\/02\/img_293x165uu2026-02-15-17-37-09-2421810.jpg\",\"width\":796,\"height\":448,\"caption\":\"Francesco Farioli no banco do FC Porto na Choupana\"},{\"@type\":\"BreadcrumbList\",\"@id\":\"https:\/\/portaltela.pt\/noticias\/2026\/02\/15\/farioli-diz-vitoria-merecida-que-honra-legado-do-antigo-presidente\/#breadcrumb\",\"itemListElement\":[{\"@type\":\"ListItem\",\"position\":1,\"name\":\"In\u00edcio\",\"item\":\"https:\/\/portaltela.pt\/\"},{\"@type\":\"ListItem\",\"position\":2,\"name\":\"Farioli diz vit\u00f3ria merecida que honra legado do antigo presidente\"}]},{\"@type\":\"WebSite\",\"@id\":\"https:\/\/portaltela.pt\/#website\",\"url\":\"https:\/\/portaltela.pt\/\",\"name\":\"Portal Tela Portugal\",\"description\":\"\",\"potentialAction\":[{\"@type\":\"SearchAction\",\"target\":{\"@type\":\"EntryPoint\",\"urlTemplate\":\"https:\/\/portaltela.pt\/?s={search_term_string}\"},\"query-input\":{\"@type\":\"PropertyValueSpecification\",\"valueRequired\":true,\"valueName\":\"search_term_string\"}}],\"inLanguage\":\"pt-PT\"},{\"@type\":\"Person\",\"@id\":\"https:\/\/portaltela.pt\/#\/schema\/person\/c4278d4a6028830caff9ee44b42d32ed\",\"name\":\"Telinha\",\"image\":{\"@type\":\"ImageObject\",\"inLanguage\":\"pt-PT\",\"@id\":\"https:\/\/portaltela.pt\/s.01k8rhncp4jt1\/2025\/11\/talking-bot-125x125.png\",\"url\":\"https:\/\/portaltela.pt\/s.01k8rhncp4jt1\/2025\/11\/talking-bot-125x125.png\",\"contentUrl\":\"https:\/\/portaltela.pt\/s.01k8rhncp4jt1\/2025\/11\/talking-bot-125x125.png\",\"caption\":\"Telinha\"},\"sameAs\":[\"https:\/\/portaltela.pt\/\"],\"url\":\"https:\/\/portaltela.pt\/por\/367410592786\/\"}]}<\/script>\n<!-- \/ Yoast SEO plugin. -->","yoast_head_json":{"title":"Farioli diz vit\u00f3ria merecida que honra legado do antigo presidente - Portal Tela Portugal","robots":{"index":"index","follow":"follow","max-snippet":"max-snippet:-1","max-image-preview":"max-image-preview:large","max-video-preview":"max-video-preview:-1"},"og_locale":"pt_PT","og_type":"article","og_title":"Farioli diz vit\u00f3ria merecida que honra legado do antigo presidente - Portal Tela Portugal","og_description":"O FC Porto venceu o Nacional por 1-0 na Choupana e mant\u00e9m a lideran\u00e7a com alguma dist\u00e2ncia. Francesco Farioli afirmou que a vit\u00f3ria foi merecida e uma forma de honrar o legado de Pinto da Costa. A equipa respondeu bem apesar das v\u00e1rias baixas, com Zaidu a regressar ap\u00f3s longo per\u00edodo sem jogar completo e Samu a estar indispon\u00edvel, sendo necess\u00e1rio reconstruir o plantel. A substitui\u00e7\u00e3o antes do lance do canto envolveu Gabri Veiga; Farioli explicou que n\u00e3o foi uma jogada mestre, mas elogiou a assist\u00eancia dele e o cabeceamento de Jan, dedicando a vit\u00f3ria ao Samu. O treinador sublinhou a continuidade de ritmo, assinalando que n\u00e3o se pode reproduzir a express\u00e3o da 1.\u00aa volta e que falta melhorar em v\u00e1rias \u00e1reas, com o Nacional a ter jogado de forma muito competitiva; h\u00e1 ainda jogadores a recuperar nos pr\u00f3ximos dias.","og_url":"https:\/\/portaltela.pt\/noticias\/2026\/02\/15\/farioli-diz-vitoria-merecida-que-honra-legado-do-antigo-presidente\/","og_site_name":"Portal Tela Portugal","article_published_time":"2026-02-15T18:03:00+00:00","author":"Telinha","twitter_card":"summary_large_image","twitter_misc":{"Escrito por":"Telinha","Tempo estimado de leitura":"1 minuto"},"schema":{"@context":"https:\/\/schema.org","@graph":[{"@type":"Article","@id":"https:\/\/portaltela.pt\/noticias\/2026\/02\/15\/farioli-diz-vitoria-merecida-que-honra-legado-do-antigo-presidente\/#article","isPartOf":{"@id":"https:\/\/portaltela.pt\/noticias\/2026\/02\/15\/farioli-diz-vitoria-merecida-que-honra-legado-do-antigo-presidente\/"},"author":{"name":"Telinha","@id":"https:\/\/portaltela.pt\/#\/schema\/person\/c4278d4a6028830caff9ee44b42d32ed"},"headline":"Farioli diz vit\u00f3ria merecida que honra legado do antigo presidente","datePublished":"2026-02-15T18:03:00+00:00","mainEntityOfPage":{"@id":"https:\/\/portaltela.pt\/noticias\/2026\/02\/15\/farioli-diz-vitoria-merecida-que-honra-legado-do-antigo-presidente\/"},"wordCount":233,"image":{"@id":"https:\/\/portaltela.pt\/noticias\/2026\/02\/15\/farioli-diz-vitoria-merecida-que-honra-legado-do-antigo-presidente\/#primaryimage"},"thumbnailUrl":"https:\/\/portaltela.pt\/s.01k8rhncp4jt1\/2026\/02\/img_293x165uu2026-02-15-17-37-09-2421810.jpg","keywords":["1. Liga","FC Porto","futebol","Gabri Veiga","Porto","Samu"],"articleSection":["Desporto","Futebol"],"inLanguage":"pt-PT"},{"@type":"WebPage","@id":"https:\/\/portaltela.pt\/noticias\/2026\/02\/15\/farioli-diz-vitoria-merecida-que-honra-legado-do-antigo-presidente\/","url":"https:\/\/portaltela.pt\/noticias\/2026\/02\/15\/farioli-diz-vitoria-merecida-que-honra-legado-do-antigo-presidente\/","name":"Farioli diz vit\u00f3ria merecida que honra legado do antigo presidente - Portal Tela Portugal","isPartOf":{"@id":"https:\/\/portaltela.pt\/#website"},"primaryImageOfPage":{"@id":"https:\/\/portaltela.pt\/noticias\/2026\/02\/15\/farioli-diz-vitoria-merecida-que-honra-legado-do-antigo-presidente\/#primaryimage"},"image":{"@id":"https:\/\/portaltela.pt\/noticias\/2026\/02\/15\/farioli-diz-vitoria-merecida-que-honra-legado-do-antigo-presidente\/#primaryimage"},"thumbnailUrl":"https:\/\/portaltela.pt\/s.01k8rhncp4jt1\/2026\/02\/img_293x165uu2026-02-15-17-37-09-2421810.jpg","datePublished":"2026-02-15T18:03:00+00:00","author":{"@id":"https:\/\/portaltela.pt\/#\/schema\/person\/c4278d4a6028830caff9ee44b42d32ed"},"breadcrumb":{"@id":"https:\/\/portaltela.pt\/noticias\/2026\/02\/15\/farioli-diz-vitoria-merecida-que-honra-legado-do-antigo-presidente\/#breadcrumb"},"inLanguage":"pt-PT","potentialAction":[{"@type":"ReadAction","target":["https:\/\/portaltela.pt\/noticias\/2026\/02\/15\/farioli-diz-vitoria-merecida-que-honra-legado-do-antigo-presidente\/"]}]},{"@type":"ImageObject","inLanguage":"pt-PT","@id":"https:\/\/portaltela.pt\/noticias\/2026\/02\/15\/farioli-diz-vitoria-merecida-que-honra-legado-do-antigo-presidente\/#primaryimage","url":"https:\/\/portaltela.pt\/s.01k8rhncp4jt1\/2026\/02\/img_293x165uu2026-02-15-17-37-09-2421810.jpg","contentUrl":"https:\/\/portaltela.pt\/s.01k8rhncp4jt1\/2026\/02\/img_293x165uu2026-02-15-17-37-09-2421810.jpg","width":796,"height":448,"caption":"Francesco Farioli no banco do FC Porto na Choupana"},{"@type":"BreadcrumbList","@id":"https:\/\/portaltela.pt\/noticias\/2026\/02\/15\/farioli-diz-vitoria-merecida-que-honra-legado-do-antigo-presidente\/#breadcrumb","itemListElement":[{"@type":"ListItem","position":1,"name":"In\u00edcio","item":"https:\/\/portaltela.pt\/"},{"@type":"ListItem","position":2,"name":"Farioli diz vit\u00f3ria merecida que honra legado do antigo presidente"}]},{"@type":"WebSite","@id":"https:\/\/portaltela.pt\/#website","url":"https:\/\/portaltela.pt\/","name":"Portal Tela Portugal","description":"","potentialAction":[{"@type":"SearchAction","target":{"@type":"EntryPoint","urlTemplate":"https:\/\/portaltela.pt\/?s={search_term_string}"},"query-input":{"@type":"PropertyValueSpecification","valueRequired":true,"valueName":"search_term_string"}}],"inLanguage":"pt-PT"},{"@type":"Person","@id":"https:\/\/portaltela.pt\/#\/schema\/person\/c4278d4a6028830caff9ee44b42d32ed","name":"Telinha","image":{"@type":"ImageObject","inLanguage":"pt-PT","@id":"https:\/\/portaltela.pt\/s.01k8rhncp4jt1\/2025\/11\/talking-bot-125x125.png","url":"https:\/\/portaltela.pt\/s.01k8rhncp4jt1\/2025\/11\/talking-bot-125x125.png","contentUrl":"https:\/\/portaltela.pt\/s.01k8rhncp4jt1\/2025\/11\/talking-bot-125x125.png","caption":"Telinha"},"sameAs":["https:\/\/portaltela.pt\/"],"url":"https:\/\/portaltela.pt\/por\/367410592786\/"}]}},"_links":{"self":[{"href":"https:\/\/portaltela.pt\/api\/wp\/v2\/posts\/213601","targetHints":{"allow":["GET"]}}],"collection":[{"href":"https:\/\/portaltela.pt\/api\/wp\/v2\/posts"}],"about":[{"href":"https:\/\/portaltela.pt\/api\/wp\/v2\/types\/post"}],"author":[{"embeddable":true,"href":"https:\/\/portaltela.pt\/api\/wp\/v2\/users\/2"}],"replies":[{"embeddable":true,"href":"https:\/\/portaltela.pt\/api\/wp\/v2\/comments?post=213601"}],"version-history":[{"count":0,"href":"https:\/\/portaltela.pt\/api\/wp\/v2\/posts\/213601\/revisions"}],"wp:featuredmedia":[{"embeddable":true,"href":"https:\/\/portaltela.pt\/api\/wp\/v2\/media\/213604"}],"wp:attachment":[{"href":"https:\/\/portaltela.pt\/api\/wp\/v2\/media?parent=213601"}],"wp:term":[{"taxonomy":"category","embeddable":true,"href":"https:\/\/portaltela.pt\/api\/wp\/v2\/categories?post=213601"},{"taxonomy":"post_tag","embeddable":true,"href":"https:\/\/portaltela.pt\/api\/wp\/v2\/tags?post=213601"}],"curies":[{"name":"wp","href":"https:\/\/api.w.org\/{rel}","templated":true}]}}