{"id":213590,"date":"2026-02-15T15:02:30","date_gmt":"2026-02-15T18:02:30","guid":{"rendered":"https:\/\/portaltela.pt\/noticias\/2026\/02\/15\/rubio-diz-que-washington-precisa-de-parceiros-fortes-nao-de-vassalos-a-europa\/"},"modified":"2026-02-15T15:02:30","modified_gmt":"2026-02-15T18:02:30","slug":"rubio-diz-que-washington-precisa-de-parceiros-fortes-nao-de-vassalos-a-europa","status":"publish","type":"post","link":"https:\/\/portaltela.pt\/noticias\/internacional\/2026\/02\/15\/rubio-diz-que-washington-precisa-de-parceiros-fortes-nao-de-vassalos-a-europa\/","title":{"rendered":"Rubio diz que Washington precisa de parceiros fortes, n\u00e3o de vassalos, \u00e0 Europa"},"content":{"rendered":"<p>O secret\u00e1rio de Estado dos EUA, Marco Rubio, afirmou em Bratislava que Washington procura parceiros europeus mais fortes, n\u00e3o vassalos, com maior responsabilidade. A declara\u00e7\u00e3o foi feita na confer\u00eancia de imprensa conjunta com o primeiro-ministro da Eslov\u00e1quia, Robert Fico, ap\u00f3s reuni\u00f5es pol\u00edticas.<\/p>\n<p>Rubio revelou que a visita \u00e0 Europa Central inclui desloca\u00e7\u00f5es planeadas \u00e0 Hungria, para encontro com Viktor Orb\u00e1n, com foco em rela\u00e7\u00f5es bilaterais e na coopera\u00e7\u00e3o com aliados de Washington na regi\u00e3o. A Miss\u00e3o destaca a import\u00e2ncia estrat\u00e9gica da \u00e1rea para a pr\u00f3xima presid\u00eancia dos EUA.<\/p>\n<p>O governante eslovaco criticou a forma como a UE apoia a Ucr\u00e2nia, e reiterou reservas sobre o pacote financeiro aprovado pela UE. Fico enfatizou a necessidade de equil\u00edbrio entre apoio a Kiev e impactos econ\u00f3micos na regi\u00e3o, incluindo a transi\u00e7\u00e3o energ\u00e9tica.<\/p>\n<p>Durante a visita, Rubio salientou a inten\u00e7\u00e3o de fortalecer a coopera\u00e7\u00e3o nuclear e militar na regi\u00e3o, bem como a coordena\u00e7\u00e3o em quest\u00f5es de paz ligados ao conflito na Ucr\u00e2nia, que se arrasta h\u00e1 quatro anos. A reuni\u00e3o tamb\u00e9m abordou a evolu\u00e7\u00e3o das pol\u00edticas migrat\u00f3rias.<\/p>\n<p>Fico e Rubio discutiram a posi\u00e7\u00e3o de Washington e de Bruxelas sobre a R\u00fassia, e a coopera\u00e7\u00e3o com a Hungria em mat\u00e9ria energ\u00e9tica. O primeiro-ministro eslovaco advertiu que a UE deve considerar impactos da transi\u00e7\u00e3o energ\u00e9tica na regi\u00e3o, incluindo a disponibilidade de infraestruturas de g\u00e1s natural.<\/p>\n<p>Acometido pelas conversas, Rubio prosseguiu para a Hungria, onde se reunir\u00e1 com Orb\u00e1n para debater o processo de paz global e a parceria energ\u00e9tica entre os dois pa\u00edses. A agenda inclui a avalia\u00e7\u00e3o de instrumentos para refor\u00e7ar a presen\u00e7a norte-americana na Europa.<\/p>\n","protected":false},"excerpt":{"rendered":"<ul>\n<li>O secret\u00e1rio de Estado dos EUA, Marco Rubio, afirmou em Bratislava que Washington quer aliados europeus mais fortes e menos dependentes dos EUA, evitando que sejam vistos como vassalos.<\/li>\n<li>Rubio reuniu-se com o primeiro-ministro eslovaco, Robert Fico, numa visita \u00e0 Europa Central que come\u00e7a pela Eslov\u00e1quia, seguindo para a Hungria.<\/li>\n<li>Em Budapeste, Rubio vai manter contactos com o primeiro-ministro Viktor Orb\u00e1n para discutir rela\u00e7\u00f5es bilaterais, coopera\u00e7\u00e3o energ\u00e9tica e a influ\u00eancia da regi\u00e3o.<\/li>\n<li>Fico criticou o apoio da UE a Kiev, referindo-se ao pacote de quarenta e nove mil milh\u00f5es de euros (noventa mil milh\u00f5es de euros no total, com parte destinada a armamento), dizendo que pode prolongar a guerra e causar mais mortes; tamb\u00e9m questionou a transi\u00e7\u00e3o energ\u00e9tica da UE.<\/li>\n<li>Rubio e Orb\u00e1n devem ainda abordar o processo de paz global e a parceria estrat\u00e9gica entre os EUA e a Hungria, mantendo a \u00eanfase dos EUA em uma Europa Central mais est\u00e1vel e fortalecida dentro da NATO.<\/li>\n<\/ul>\n","protected":false},"author":2,"featured_media":213593,"comment_status":"closed","ping_status":"closed","sticky":false,"template":"","format":"standard","meta":{"footnotes":""},"categories":[4,1],"tags":[2198,1600,3319,2579,1456,2055],"class_list":["post-213590","post","type-post","status-publish","format-standard","has-post-thumbnail","hentry","category-internacional","category-noticias","tag-conflitos-internacionais","tag-estados-unidos","tag-europa-central","tag-hungria","tag-migracao","tag-uniao-europeia"],"yoast_head":"<!-- This site is optimized with the Yoast SEO plugin v27.2 - https:\/\/yoast.com\/product\/yoast-seo-wordpress\/ -->\n<title>Rubio diz que Washington precisa de parceiros fortes, n\u00e3o de vassalos, \u00e0 Europa - Portal Tela Portugal<\/title>\n<meta name=\"robots\" content=\"index, follow, max-snippet:-1, max-image-preview:large, max-video-preview:-1\" \/>\n<meta property=\"og:locale\" content=\"pt_PT\" \/>\n<meta property=\"og:type\" content=\"article\" \/>\n<meta property=\"og:title\" content=\"Rubio diz que Washington precisa de parceiros fortes, n\u00e3o de vassalos, \u00e0 Europa - Portal Tela Portugal\" \/>\n<meta property=\"og:description\" content=\"O secret\u00e1rio de Estado dos EUA, Marco Rubio, afirmou em Bratislava que Washington quer aliados europeus mais fortes e menos dependentes dos EUA, evitando que sejam vistos como vassalos. Rubio reuniu-se com o primeiro-ministro eslovaco, Robert Fico, numa visita \u00e0 Europa Central que come\u00e7a pela Eslov\u00e1quia, seguindo para a Hungria. Em Budapeste, Rubio vai manter contactos com o primeiro-ministro Viktor Orb\u00e1n para discutir rela\u00e7\u00f5es bilaterais, coopera\u00e7\u00e3o energ\u00e9tica e a influ\u00eancia da regi\u00e3o. Fico criticou o apoio da UE a Kiev, referindo-se ao pacote de quarenta e nove mil milh\u00f5es de euros (noventa mil milh\u00f5es de euros no total, com parte destinada a armamento), dizendo que pode prolongar a guerra e causar mais mortes; tamb\u00e9m questionou a transi\u00e7\u00e3o energ\u00e9tica da UE. Rubio e Orb\u00e1n devem ainda abordar o processo de paz global e a parceria estrat\u00e9gica entre os EUA e a Hungria, mantendo a \u00eanfase dos EUA em uma Europa Central mais est\u00e1vel e fortalecida dentro da NATO.\" \/>\n<meta property=\"og:url\" content=\"https:\/\/portaltela.pt\/noticias\/2026\/02\/15\/rubio-diz-que-washington-precisa-de-parceiros-fortes-nao-de-vassalos-a-europa\/\" \/>\n<meta property=\"og:site_name\" content=\"Portal Tela Portugal\" \/>\n<meta property=\"article:published_time\" content=\"2026-02-15T18:02:30+00:00\" \/>\n<meta name=\"author\" content=\"Telinha\" \/>\n<meta name=\"twitter:card\" content=\"summary_large_image\" \/>\n<meta name=\"twitter:label1\" content=\"Escrito por\" \/>\n\t<meta name=\"twitter:data1\" content=\"Telinha\" \/>\n\t<meta name=\"twitter:label2\" content=\"Tempo estimado de leitura\" \/>\n\t<meta name=\"twitter:data2\" content=\"2 minutos\" \/>\n<script type=\"application\/ld+json\" class=\"yoast-schema-graph\">{\"@context\":\"https:\/\/schema.org\",\"@graph\":[{\"@type\":\"Article\",\"@id\":\"https:\/\/portaltela.pt\/noticias\/2026\/02\/15\/rubio-diz-que-washington-precisa-de-parceiros-fortes-nao-de-vassalos-a-europa\/#article\",\"isPartOf\":{\"@id\":\"https:\/\/portaltela.pt\/noticias\/2026\/02\/15\/rubio-diz-que-washington-precisa-de-parceiros-fortes-nao-de-vassalos-a-europa\/\"},\"author\":{\"name\":\"Telinha\",\"@id\":\"https:\/\/portaltela.pt\/#\/schema\/person\/c4278d4a6028830caff9ee44b42d32ed\"},\"headline\":\"Rubio diz que Washington precisa de parceiros fortes, n\u00e3o de vassalos, \u00e0 Europa\",\"datePublished\":\"2026-02-15T18:02:30+00:00\",\"mainEntityOfPage\":{\"@id\":\"https:\/\/portaltela.pt\/noticias\/2026\/02\/15\/rubio-diz-que-washington-precisa-de-parceiros-fortes-nao-de-vassalos-a-europa\/\"},\"wordCount\":322,\"image\":{\"@id\":\"https:\/\/portaltela.pt\/noticias\/2026\/02\/15\/rubio-diz-que-washington-precisa-de-parceiros-fortes-nao-de-vassalos-a-europa\/#primaryimage\"},\"thumbnailUrl\":\"https:\/\/portaltela.pt\/s.01k8rhncp4jt1\/2026\/02\/1536x864_cmsv2_79c1029d-d579-52ad-b092-12380a045457-9651853.jpg\",\"keywords\":[\"conflitos internacionais\",\"Estados Unidos\",\"Europa Central\",\"Hungria\",\"migra\u00e7\u00e3o\",\"Uni\u00e3o Europeia\"],\"articleSection\":[\"Internacional\",\"Not\u00edcias\"],\"inLanguage\":\"pt-PT\"},{\"@type\":\"WebPage\",\"@id\":\"https:\/\/portaltela.pt\/noticias\/2026\/02\/15\/rubio-diz-que-washington-precisa-de-parceiros-fortes-nao-de-vassalos-a-europa\/\",\"url\":\"https:\/\/portaltela.pt\/noticias\/2026\/02\/15\/rubio-diz-que-washington-precisa-de-parceiros-fortes-nao-de-vassalos-a-europa\/\",\"name\":\"Rubio diz que Washington precisa de parceiros fortes, n\u00e3o de vassalos, \u00e0 Europa - Portal Tela Portugal\",\"isPartOf\":{\"@id\":\"https:\/\/portaltela.pt\/#website\"},\"primaryImageOfPage\":{\"@id\":\"https:\/\/portaltela.pt\/noticias\/2026\/02\/15\/rubio-diz-que-washington-precisa-de-parceiros-fortes-nao-de-vassalos-a-europa\/#primaryimage\"},\"image\":{\"@id\":\"https:\/\/portaltela.pt\/noticias\/2026\/02\/15\/rubio-diz-que-washington-precisa-de-parceiros-fortes-nao-de-vassalos-a-europa\/#primaryimage\"},\"thumbnailUrl\":\"https:\/\/portaltela.pt\/s.01k8rhncp4jt1\/2026\/02\/1536x864_cmsv2_79c1029d-d579-52ad-b092-12380a045457-9651853.jpg\",\"datePublished\":\"2026-02-15T18:02:30+00:00\",\"author\":{\"@id\":\"https:\/\/portaltela.pt\/#\/schema\/person\/c4278d4a6028830caff9ee44b42d32ed\"},\"breadcrumb\":{\"@id\":\"https:\/\/portaltela.pt\/noticias\/2026\/02\/15\/rubio-diz-que-washington-precisa-de-parceiros-fortes-nao-de-vassalos-a-europa\/#breadcrumb\"},\"inLanguage\":\"pt-PT\",\"potentialAction\":[{\"@type\":\"ReadAction\",\"target\":[\"https:\/\/portaltela.pt\/noticias\/2026\/02\/15\/rubio-diz-que-washington-precisa-de-parceiros-fortes-nao-de-vassalos-a-europa\/\"]}]},{\"@type\":\"ImageObject\",\"inLanguage\":\"pt-PT\",\"@id\":\"https:\/\/portaltela.pt\/noticias\/2026\/02\/15\/rubio-diz-que-washington-precisa-de-parceiros-fortes-nao-de-vassalos-a-europa\/#primaryimage\",\"url\":\"https:\/\/portaltela.pt\/s.01k8rhncp4jt1\/2026\/02\/1536x864_cmsv2_79c1029d-d579-52ad-b092-12380a045457-9651853.jpg\",\"contentUrl\":\"https:\/\/portaltela.pt\/s.01k8rhncp4jt1\/2026\/02\/1536x864_cmsv2_79c1029d-d579-52ad-b092-12380a045457-9651853.jpg\",\"width\":796,\"height\":448,\"caption\":\"O Secret\u00e1rio de Estado dos EUA, Marco Rubio, \u00e0 esquerda, sai com o Primeiro-Ministro da Eslov\u00e1quia, Robert Fico, ap\u00f3s uma confer\u00eancia de imprensa conjunta em Bratislava, Eslov\u00e1quia, no domingo, 15 de fevereiro de 2026.\"},{\"@type\":\"BreadcrumbList\",\"@id\":\"https:\/\/portaltela.pt\/noticias\/2026\/02\/15\/rubio-diz-que-washington-precisa-de-parceiros-fortes-nao-de-vassalos-a-europa\/#breadcrumb\",\"itemListElement\":[{\"@type\":\"ListItem\",\"position\":1,\"name\":\"In\u00edcio\",\"item\":\"https:\/\/portaltela.pt\/\"},{\"@type\":\"ListItem\",\"position\":2,\"name\":\"Rubio diz que Washington precisa de parceiros fortes, n\u00e3o de vassalos, \u00e0 Europa\"}]},{\"@type\":\"WebSite\",\"@id\":\"https:\/\/portaltela.pt\/#website\",\"url\":\"https:\/\/portaltela.pt\/\",\"name\":\"Portal Tela Portugal\",\"description\":\"\",\"potentialAction\":[{\"@type\":\"SearchAction\",\"target\":{\"@type\":\"EntryPoint\",\"urlTemplate\":\"https:\/\/portaltela.pt\/?s={search_term_string}\"},\"query-input\":{\"@type\":\"PropertyValueSpecification\",\"valueRequired\":true,\"valueName\":\"search_term_string\"}}],\"inLanguage\":\"pt-PT\"},{\"@type\":\"Person\",\"@id\":\"https:\/\/portaltela.pt\/#\/schema\/person\/c4278d4a6028830caff9ee44b42d32ed\",\"name\":\"Telinha\",\"image\":{\"@type\":\"ImageObject\",\"inLanguage\":\"pt-PT\",\"@id\":\"https:\/\/portaltela.pt\/s.01k8rhncp4jt1\/2025\/11\/talking-bot-125x125.png\",\"url\":\"https:\/\/portaltela.pt\/s.01k8rhncp4jt1\/2025\/11\/talking-bot-125x125.png\",\"contentUrl\":\"https:\/\/portaltela.pt\/s.01k8rhncp4jt1\/2025\/11\/talking-bot-125x125.png\",\"caption\":\"Telinha\"},\"sameAs\":[\"https:\/\/portaltela.pt\/\"],\"url\":\"https:\/\/portaltela.pt\/por\/367410592786\/\"}]}<\/script>\n<!-- \/ Yoast SEO plugin. -->","yoast_head_json":{"title":"Rubio diz que Washington precisa de parceiros fortes, n\u00e3o de vassalos, \u00e0 Europa - Portal Tela Portugal","robots":{"index":"index","follow":"follow","max-snippet":"max-snippet:-1","max-image-preview":"max-image-preview:large","max-video-preview":"max-video-preview:-1"},"og_locale":"pt_PT","og_type":"article","og_title":"Rubio diz que Washington precisa de parceiros fortes, n\u00e3o de vassalos, \u00e0 Europa - Portal Tela Portugal","og_description":"O secret\u00e1rio de Estado dos EUA, Marco Rubio, afirmou em Bratislava que Washington quer aliados europeus mais fortes e menos dependentes dos EUA, evitando que sejam vistos como vassalos. Rubio reuniu-se com o primeiro-ministro eslovaco, Robert Fico, numa visita \u00e0 Europa Central que come\u00e7a pela Eslov\u00e1quia, seguindo para a Hungria. Em Budapeste, Rubio vai manter contactos com o primeiro-ministro Viktor Orb\u00e1n para discutir rela\u00e7\u00f5es bilaterais, coopera\u00e7\u00e3o energ\u00e9tica e a influ\u00eancia da regi\u00e3o. Fico criticou o apoio da UE a Kiev, referindo-se ao pacote de quarenta e nove mil milh\u00f5es de euros (noventa mil milh\u00f5es de euros no total, com parte destinada a armamento), dizendo que pode prolongar a guerra e causar mais mortes; tamb\u00e9m questionou a transi\u00e7\u00e3o energ\u00e9tica da UE. Rubio e Orb\u00e1n devem ainda abordar o processo de paz global e a parceria estrat\u00e9gica entre os EUA e a Hungria, mantendo a \u00eanfase dos EUA em uma Europa Central mais est\u00e1vel e fortalecida dentro da NATO.","og_url":"https:\/\/portaltela.pt\/noticias\/2026\/02\/15\/rubio-diz-que-washington-precisa-de-parceiros-fortes-nao-de-vassalos-a-europa\/","og_site_name":"Portal Tela Portugal","article_published_time":"2026-02-15T18:02:30+00:00","author":"Telinha","twitter_card":"summary_large_image","twitter_misc":{"Escrito por":"Telinha","Tempo estimado de leitura":"2 minutos"},"schema":{"@context":"https:\/\/schema.org","@graph":[{"@type":"Article","@id":"https:\/\/portaltela.pt\/noticias\/2026\/02\/15\/rubio-diz-que-washington-precisa-de-parceiros-fortes-nao-de-vassalos-a-europa\/#article","isPartOf":{"@id":"https:\/\/portaltela.pt\/noticias\/2026\/02\/15\/rubio-diz-que-washington-precisa-de-parceiros-fortes-nao-de-vassalos-a-europa\/"},"author":{"name":"Telinha","@id":"https:\/\/portaltela.pt\/#\/schema\/person\/c4278d4a6028830caff9ee44b42d32ed"},"headline":"Rubio diz que Washington precisa de parceiros fortes, n\u00e3o de vassalos, \u00e0 Europa","datePublished":"2026-02-15T18:02:30+00:00","mainEntityOfPage":{"@id":"https:\/\/portaltela.pt\/noticias\/2026\/02\/15\/rubio-diz-que-washington-precisa-de-parceiros-fortes-nao-de-vassalos-a-europa\/"},"wordCount":322,"image":{"@id":"https:\/\/portaltela.pt\/noticias\/2026\/02\/15\/rubio-diz-que-washington-precisa-de-parceiros-fortes-nao-de-vassalos-a-europa\/#primaryimage"},"thumbnailUrl":"https:\/\/portaltela.pt\/s.01k8rhncp4jt1\/2026\/02\/1536x864_cmsv2_79c1029d-d579-52ad-b092-12380a045457-9651853.jpg","keywords":["conflitos internacionais","Estados Unidos","Europa Central","Hungria","migra\u00e7\u00e3o","Uni\u00e3o Europeia"],"articleSection":["Internacional","Not\u00edcias"],"inLanguage":"pt-PT"},{"@type":"WebPage","@id":"https:\/\/portaltela.pt\/noticias\/2026\/02\/15\/rubio-diz-que-washington-precisa-de-parceiros-fortes-nao-de-vassalos-a-europa\/","url":"https:\/\/portaltela.pt\/noticias\/2026\/02\/15\/rubio-diz-que-washington-precisa-de-parceiros-fortes-nao-de-vassalos-a-europa\/","name":"Rubio diz que Washington precisa de parceiros fortes, n\u00e3o de vassalos, \u00e0 Europa - Portal Tela Portugal","isPartOf":{"@id":"https:\/\/portaltela.pt\/#website"},"primaryImageOfPage":{"@id":"https:\/\/portaltela.pt\/noticias\/2026\/02\/15\/rubio-diz-que-washington-precisa-de-parceiros-fortes-nao-de-vassalos-a-europa\/#primaryimage"},"image":{"@id":"https:\/\/portaltela.pt\/noticias\/2026\/02\/15\/rubio-diz-que-washington-precisa-de-parceiros-fortes-nao-de-vassalos-a-europa\/#primaryimage"},"thumbnailUrl":"https:\/\/portaltela.pt\/s.01k8rhncp4jt1\/2026\/02\/1536x864_cmsv2_79c1029d-d579-52ad-b092-12380a045457-9651853.jpg","datePublished":"2026-02-15T18:02:30+00:00","author":{"@id":"https:\/\/portaltela.pt\/#\/schema\/person\/c4278d4a6028830caff9ee44b42d32ed"},"breadcrumb":{"@id":"https:\/\/portaltela.pt\/noticias\/2026\/02\/15\/rubio-diz-que-washington-precisa-de-parceiros-fortes-nao-de-vassalos-a-europa\/#breadcrumb"},"inLanguage":"pt-PT","potentialAction":[{"@type":"ReadAction","target":["https:\/\/portaltela.pt\/noticias\/2026\/02\/15\/rubio-diz-que-washington-precisa-de-parceiros-fortes-nao-de-vassalos-a-europa\/"]}]},{"@type":"ImageObject","inLanguage":"pt-PT","@id":"https:\/\/portaltela.pt\/noticias\/2026\/02\/15\/rubio-diz-que-washington-precisa-de-parceiros-fortes-nao-de-vassalos-a-europa\/#primaryimage","url":"https:\/\/portaltela.pt\/s.01k8rhncp4jt1\/2026\/02\/1536x864_cmsv2_79c1029d-d579-52ad-b092-12380a045457-9651853.jpg","contentUrl":"https:\/\/portaltela.pt\/s.01k8rhncp4jt1\/2026\/02\/1536x864_cmsv2_79c1029d-d579-52ad-b092-12380a045457-9651853.jpg","width":796,"height":448,"caption":"O Secret\u00e1rio de Estado dos EUA, Marco Rubio, \u00e0 esquerda, sai com o Primeiro-Ministro da Eslov\u00e1quia, Robert Fico, ap\u00f3s uma confer\u00eancia de imprensa conjunta em Bratislava, Eslov\u00e1quia, no domingo, 15 de fevereiro de 2026."},{"@type":"BreadcrumbList","@id":"https:\/\/portaltela.pt\/noticias\/2026\/02\/15\/rubio-diz-que-washington-precisa-de-parceiros-fortes-nao-de-vassalos-a-europa\/#breadcrumb","itemListElement":[{"@type":"ListItem","position":1,"name":"In\u00edcio","item":"https:\/\/portaltela.pt\/"},{"@type":"ListItem","position":2,"name":"Rubio diz que Washington precisa de parceiros fortes, n\u00e3o de vassalos, \u00e0 Europa"}]},{"@type":"WebSite","@id":"https:\/\/portaltela.pt\/#website","url":"https:\/\/portaltela.pt\/","name":"Portal Tela Portugal","description":"","potentialAction":[{"@type":"SearchAction","target":{"@type":"EntryPoint","urlTemplate":"https:\/\/portaltela.pt\/?s={search_term_string}"},"query-input":{"@type":"PropertyValueSpecification","valueRequired":true,"valueName":"search_term_string"}}],"inLanguage":"pt-PT"},{"@type":"Person","@id":"https:\/\/portaltela.pt\/#\/schema\/person\/c4278d4a6028830caff9ee44b42d32ed","name":"Telinha","image":{"@type":"ImageObject","inLanguage":"pt-PT","@id":"https:\/\/portaltela.pt\/s.01k8rhncp4jt1\/2025\/11\/talking-bot-125x125.png","url":"https:\/\/portaltela.pt\/s.01k8rhncp4jt1\/2025\/11\/talking-bot-125x125.png","contentUrl":"https:\/\/portaltela.pt\/s.01k8rhncp4jt1\/2025\/11\/talking-bot-125x125.png","caption":"Telinha"},"sameAs":["https:\/\/portaltela.pt\/"],"url":"https:\/\/portaltela.pt\/por\/367410592786\/"}]}},"_links":{"self":[{"href":"https:\/\/portaltela.pt\/api\/wp\/v2\/posts\/213590","targetHints":{"allow":["GET"]}}],"collection":[{"href":"https:\/\/portaltela.pt\/api\/wp\/v2\/posts"}],"about":[{"href":"https:\/\/portaltela.pt\/api\/wp\/v2\/types\/post"}],"author":[{"embeddable":true,"href":"https:\/\/portaltela.pt\/api\/wp\/v2\/users\/2"}],"replies":[{"embeddable":true,"href":"https:\/\/portaltela.pt\/api\/wp\/v2\/comments?post=213590"}],"version-history":[{"count":0,"href":"https:\/\/portaltela.pt\/api\/wp\/v2\/posts\/213590\/revisions"}],"wp:featuredmedia":[{"embeddable":true,"href":"https:\/\/portaltela.pt\/api\/wp\/v2\/media\/213593"}],"wp:attachment":[{"href":"https:\/\/portaltela.pt\/api\/wp\/v2\/media?parent=213590"}],"wp:term":[{"taxonomy":"category","embeddable":true,"href":"https:\/\/portaltela.pt\/api\/wp\/v2\/categories?post=213590"},{"taxonomy":"post_tag","embeddable":true,"href":"https:\/\/portaltela.pt\/api\/wp\/v2\/tags?post=213590"}],"curies":[{"name":"wp","href":"https:\/\/api.w.org\/{rel}","templated":true}]}}