{"id":213563,"date":"2026-02-15T14:34:00","date_gmt":"2026-02-15T17:34:00","guid":{"rendered":"https:\/\/portaltela.pt\/noticias\/2026\/02\/15\/autoridades-portuguesas-apoiam-buscas-por-frances-desaparecido-no-guadiana\/"},"modified":"2026-02-15T14:34:00","modified_gmt":"2026-02-15T17:34:00","slug":"autoridades-portuguesas-apoiam-buscas-por-frances-desaparecido-no-guadiana","status":"publish","type":"post","link":"https:\/\/portaltela.pt\/noticias\/2026\/02\/15\/autoridades-portuguesas-apoiam-buscas-por-frances-desaparecido-no-guadiana\/","title":{"rendered":"Autoridades portuguesas apoiam buscas por franc\u00eas desaparecido no Guadiana"},"content":{"rendered":"<p>O objetivo das opera\u00e7\u00f5es \u00e9 localizar um cidad\u00e3o franc\u00eas que caiu ao Guadiana, na margem espanhola, ao final da tarde de s\u00e1bado. As autoridades portuguesas est\u00e3o a colaborar com as espanholas na opera\u00e7\u00e3o de busca e resgate.<\/p>\n<p>O pedido de colabora\u00e7\u00e3o chegou por volta das 19h, do Centro de Coordena\u00e7\u00e3o de Salvamento Mar\u00edtimo de Madrid, segundo o comandante dos Bombeiros Volunt\u00e1rios de Alcoutim, Jos\u00e9 Ribeiros, e o capit\u00e3o do Porto, S\u00e9rgio de Deus Pardal. A esposa do homem alertou as autoridades.<\/p>\n<p>O incidente ocorreu junto \u00e0 margem espanhola do rio, a sul do Puerto de La Laja, cerca de quatro quil\u00f3metros a norte de Alcoutim. O casal seguia num bote menor quando o homem caiu ao \u00e1gua, enquanto se deslocavam para um veleiro.<\/p>\n<h3>Opera\u00e7\u00e3o de buscas<\/h3>\n<p>As buscas foram interrompidas por volta das 3h devido a condi\u00e7\u00f5es de navega\u00e7\u00e3o e visibilidade, e retomaram-se pela manh\u00e3 de domingo. Participam na opera\u00e7\u00e3o uma embarca\u00e7\u00e3o da Pol\u00edcia Mar\u00edtima, outra do ISN e barcos espanh\u00f3is, com varreduras de norte para sul, especialmente nas zonas de prov\u00e1vel deriva.<\/p>\n<p>Segundo o capit\u00e3o Pardal, a AMN continuar\u00e1 a patrulhar a zona durante o per\u00edodo diurno. O caudal do Guadiana permanece acima do normal, influenciado por intemp\u00e9ries e descargas das barragens a montante. O foco permanece na \u00e1rea entre Alcoutim e a margem espanhola.<\/p>\n","protected":false},"excerpt":{"rendered":"<ul>\n<li>Autoridades portuguesas apoiam buscas no Guadiana por um cidad\u00e3o franc\u00eas que caiu ao rio, pr\u00f3ximo da margem espanhola, a sul do Puerto de La Laja, cerca de quatro quil\u00f3metros a norte de Alcoutim, na regi\u00e3o de fronteira com Espanha.<\/li>\n<li>O pedido de colabora\u00e7\u00e3o foi recebido pela Autoridade Mar\u00edtima Nacional (AMN) por volta das 19h de s\u00e1bado, a pedido do Centro de Coordena\u00e7\u00e3o de Salvamento Mar\u00edtimo de Madrid.<\/li>\n<li>O alerta foi dado pela esposa do homem, que seguia com ele numa embarca\u00e7\u00e3o at\u00e9 ao veleiro, com a queda a ter ocorrido no final da tarde.<\/li>\n<li>As buscas foram interrompidas por volta das tr\u00eas horas de madrugada devido a m\u00e1s condi\u00e7\u00f5es de navega\u00e7\u00e3o e visibilidade, sendo retomadas na manh\u00e3 de domingo com barcos da Pol\u00edcia Mar\u00edtima, do Instituto de Socorros a N\u00e1ufragos (ISN) e de embarca\u00e7\u00f5es espanholas.<\/li>\n<li>A AMN dever\u00e1 continuar a patrulhar a \u00e1rea durante o per\u00edodo diurno; o caudal do Guadiana permanece acima do normal, devido \u00e0s intemp\u00e9ries e \u00e0s descargas das barragens a montante.<\/li>\n<\/ul>\n","protected":false},"author":2,"featured_media":213564,"comment_status":"closed","ping_status":"closed","sticky":false,"template":"","format":"standard","meta":{"footnotes":""},"categories":[1],"tags":[971,256,1856,185,1014,1007],"class_list":["post-213563","post","type-post","status-publish","format-standard","has-post-thumbnail","hentry","category-noticias","tag-bombeiros","tag-cooperacao-internacional","tag-franca","tag-policia-maritima","tag-portugal","tag-resgate-maritimo"],"yoast_head":"<!-- This site is optimized with the Yoast SEO plugin v27.2 - https:\/\/yoast.com\/product\/yoast-seo-wordpress\/ -->\n<title>Autoridades portuguesas apoiam buscas por franc\u00eas desaparecido no Guadiana - Portal Tela Portugal<\/title>\n<meta name=\"robots\" content=\"index, follow, max-snippet:-1, max-image-preview:large, max-video-preview:-1\" \/>\n<meta property=\"og:locale\" content=\"pt_PT\" \/>\n<meta property=\"og:type\" content=\"article\" \/>\n<meta property=\"og:title\" content=\"Autoridades portuguesas apoiam buscas por franc\u00eas desaparecido no Guadiana - Portal Tela Portugal\" \/>\n<meta property=\"og:description\" content=\"Autoridades portuguesas apoiam buscas no Guadiana por um cidad\u00e3o franc\u00eas que caiu ao rio, pr\u00f3ximo da margem espanhola, a sul do Puerto de La Laja, cerca de quatro quil\u00f3metros a norte de Alcoutim, na regi\u00e3o de fronteira com Espanha. O pedido de colabora\u00e7\u00e3o foi recebido pela Autoridade Mar\u00edtima Nacional (AMN) por volta das 19h de s\u00e1bado, a pedido do Centro de Coordena\u00e7\u00e3o de Salvamento Mar\u00edtimo de Madrid. O alerta foi dado pela esposa do homem, que seguia com ele numa embarca\u00e7\u00e3o at\u00e9 ao veleiro, com a queda a ter ocorrido no final da tarde. As buscas foram interrompidas por volta das tr\u00eas horas de madrugada devido a m\u00e1s condi\u00e7\u00f5es de navega\u00e7\u00e3o e visibilidade, sendo retomadas na manh\u00e3 de domingo com barcos da Pol\u00edcia Mar\u00edtima, do Instituto de Socorros a N\u00e1ufragos (ISN) e de embarca\u00e7\u00f5es espanholas. A AMN dever\u00e1 continuar a patrulhar a \u00e1rea durante o per\u00edodo diurno; o caudal do Guadiana permanece acima do normal, devido \u00e0s intemp\u00e9ries e \u00e0s descargas das barragens a montante.\" \/>\n<meta property=\"og:url\" content=\"https:\/\/portaltela.pt\/noticias\/2026\/02\/15\/autoridades-portuguesas-apoiam-buscas-por-frances-desaparecido-no-guadiana\/\" \/>\n<meta property=\"og:site_name\" content=\"Portal Tela Portugal\" \/>\n<meta property=\"article:published_time\" content=\"2026-02-15T17:34:00+00:00\" \/>\n<meta name=\"author\" content=\"Telinha\" \/>\n<meta name=\"twitter:card\" content=\"summary_large_image\" \/>\n<meta name=\"twitter:label1\" content=\"Escrito por\" \/>\n\t<meta name=\"twitter:data1\" content=\"Telinha\" \/>\n\t<meta name=\"twitter:label2\" content=\"Tempo estimado de leitura\" \/>\n\t<meta name=\"twitter:data2\" content=\"1 minuto\" \/>\n<script type=\"application\/ld+json\" class=\"yoast-schema-graph\">{\"@context\":\"https:\/\/schema.org\",\"@graph\":[{\"@type\":\"Article\",\"@id\":\"https:\/\/portaltela.pt\/noticias\/2026\/02\/15\/autoridades-portuguesas-apoiam-buscas-por-frances-desaparecido-no-guadiana\/#article\",\"isPartOf\":{\"@id\":\"https:\/\/portaltela.pt\/noticias\/2026\/02\/15\/autoridades-portuguesas-apoiam-buscas-por-frances-desaparecido-no-guadiana\/\"},\"author\":{\"name\":\"Telinha\",\"@id\":\"https:\/\/portaltela.pt\/#\/schema\/person\/c4278d4a6028830caff9ee44b42d32ed\"},\"headline\":\"Autoridades portuguesas apoiam buscas por franc\u00eas desaparecido no Guadiana\",\"datePublished\":\"2026-02-15T17:34:00+00:00\",\"mainEntityOfPage\":{\"@id\":\"https:\/\/portaltela.pt\/noticias\/2026\/02\/15\/autoridades-portuguesas-apoiam-buscas-por-frances-desaparecido-no-guadiana\/\"},\"wordCount\":249,\"image\":{\"@id\":\"https:\/\/portaltela.pt\/noticias\/2026\/02\/15\/autoridades-portuguesas-apoiam-buscas-por-frances-desaparecido-no-guadiana\/#primaryimage\"},\"thumbnailUrl\":\"https:\/\/portaltela.pt\/s.01k8rhncp4jt1\/2026\/02\/2067469.jpg\",\"keywords\":[\"bombeiros\",\"coopera\u00e7\u00e3o internacional\",\"Fran\u00e7a\",\"pol\u00edcia mar\u00edtima\",\"Portugal\",\"Resgate Mar\u00edtimo\"],\"articleSection\":[\"Not\u00edcias\"],\"inLanguage\":\"pt-PT\"},{\"@type\":\"WebPage\",\"@id\":\"https:\/\/portaltela.pt\/noticias\/2026\/02\/15\/autoridades-portuguesas-apoiam-buscas-por-frances-desaparecido-no-guadiana\/\",\"url\":\"https:\/\/portaltela.pt\/noticias\/2026\/02\/15\/autoridades-portuguesas-apoiam-buscas-por-frances-desaparecido-no-guadiana\/\",\"name\":\"Autoridades portuguesas apoiam buscas por franc\u00eas desaparecido no Guadiana - Portal Tela Portugal\",\"isPartOf\":{\"@id\":\"https:\/\/portaltela.pt\/#website\"},\"primaryImageOfPage\":{\"@id\":\"https:\/\/portaltela.pt\/noticias\/2026\/02\/15\/autoridades-portuguesas-apoiam-buscas-por-frances-desaparecido-no-guadiana\/#primaryimage\"},\"image\":{\"@id\":\"https:\/\/portaltela.pt\/noticias\/2026\/02\/15\/autoridades-portuguesas-apoiam-buscas-por-frances-desaparecido-no-guadiana\/#primaryimage\"},\"thumbnailUrl\":\"https:\/\/portaltela.pt\/s.01k8rhncp4jt1\/2026\/02\/2067469.jpg\",\"datePublished\":\"2026-02-15T17:34:00+00:00\",\"author\":{\"@id\":\"https:\/\/portaltela.pt\/#\/schema\/person\/c4278d4a6028830caff9ee44b42d32ed\"},\"breadcrumb\":{\"@id\":\"https:\/\/portaltela.pt\/noticias\/2026\/02\/15\/autoridades-portuguesas-apoiam-buscas-por-frances-desaparecido-no-guadiana\/#breadcrumb\"},\"inLanguage\":\"pt-PT\",\"potentialAction\":[{\"@type\":\"ReadAction\",\"target\":[\"https:\/\/portaltela.pt\/noticias\/2026\/02\/15\/autoridades-portuguesas-apoiam-buscas-por-frances-desaparecido-no-guadiana\/\"]}]},{\"@type\":\"ImageObject\",\"inLanguage\":\"pt-PT\",\"@id\":\"https:\/\/portaltela.pt\/noticias\/2026\/02\/15\/autoridades-portuguesas-apoiam-buscas-por-frances-desaparecido-no-guadiana\/#primaryimage\",\"url\":\"https:\/\/portaltela.pt\/s.01k8rhncp4jt1\/2026\/02\/2067469.jpg\",\"contentUrl\":\"https:\/\/portaltela.pt\/s.01k8rhncp4jt1\/2026\/02\/2067469.jpg\",\"width\":796,\"height\":448,\"caption\":\"Buscas decorrem a sul do local da queda no rio Guadiana, perto de Alcoutim\"},{\"@type\":\"BreadcrumbList\",\"@id\":\"https:\/\/portaltela.pt\/noticias\/2026\/02\/15\/autoridades-portuguesas-apoiam-buscas-por-frances-desaparecido-no-guadiana\/#breadcrumb\",\"itemListElement\":[{\"@type\":\"ListItem\",\"position\":1,\"name\":\"In\u00edcio\",\"item\":\"https:\/\/portaltela.pt\/\"},{\"@type\":\"ListItem\",\"position\":2,\"name\":\"Autoridades portuguesas apoiam buscas por franc\u00eas desaparecido no Guadiana\"}]},{\"@type\":\"WebSite\",\"@id\":\"https:\/\/portaltela.pt\/#website\",\"url\":\"https:\/\/portaltela.pt\/\",\"name\":\"Portal Tela Portugal\",\"description\":\"\",\"potentialAction\":[{\"@type\":\"SearchAction\",\"target\":{\"@type\":\"EntryPoint\",\"urlTemplate\":\"https:\/\/portaltela.pt\/?s={search_term_string}\"},\"query-input\":{\"@type\":\"PropertyValueSpecification\",\"valueRequired\":true,\"valueName\":\"search_term_string\"}}],\"inLanguage\":\"pt-PT\"},{\"@type\":\"Person\",\"@id\":\"https:\/\/portaltela.pt\/#\/schema\/person\/c4278d4a6028830caff9ee44b42d32ed\",\"name\":\"Telinha\",\"image\":{\"@type\":\"ImageObject\",\"inLanguage\":\"pt-PT\",\"@id\":\"https:\/\/portaltela.pt\/s.01k8rhncp4jt1\/2025\/11\/talking-bot-125x125.png\",\"url\":\"https:\/\/portaltela.pt\/s.01k8rhncp4jt1\/2025\/11\/talking-bot-125x125.png\",\"contentUrl\":\"https:\/\/portaltela.pt\/s.01k8rhncp4jt1\/2025\/11\/talking-bot-125x125.png\",\"caption\":\"Telinha\"},\"sameAs\":[\"https:\/\/portaltela.pt\/\"],\"url\":\"https:\/\/portaltela.pt\/por\/367410592786\/\"}]}<\/script>\n<!-- \/ Yoast SEO plugin. -->","yoast_head_json":{"title":"Autoridades portuguesas apoiam buscas por franc\u00eas desaparecido no Guadiana - Portal Tela Portugal","robots":{"index":"index","follow":"follow","max-snippet":"max-snippet:-1","max-image-preview":"max-image-preview:large","max-video-preview":"max-video-preview:-1"},"og_locale":"pt_PT","og_type":"article","og_title":"Autoridades portuguesas apoiam buscas por franc\u00eas desaparecido no Guadiana - Portal Tela Portugal","og_description":"Autoridades portuguesas apoiam buscas no Guadiana por um cidad\u00e3o franc\u00eas que caiu ao rio, pr\u00f3ximo da margem espanhola, a sul do Puerto de La Laja, cerca de quatro quil\u00f3metros a norte de Alcoutim, na regi\u00e3o de fronteira com Espanha. O pedido de colabora\u00e7\u00e3o foi recebido pela Autoridade Mar\u00edtima Nacional (AMN) por volta das 19h de s\u00e1bado, a pedido do Centro de Coordena\u00e7\u00e3o de Salvamento Mar\u00edtimo de Madrid. O alerta foi dado pela esposa do homem, que seguia com ele numa embarca\u00e7\u00e3o at\u00e9 ao veleiro, com a queda a ter ocorrido no final da tarde. As buscas foram interrompidas por volta das tr\u00eas horas de madrugada devido a m\u00e1s condi\u00e7\u00f5es de navega\u00e7\u00e3o e visibilidade, sendo retomadas na manh\u00e3 de domingo com barcos da Pol\u00edcia Mar\u00edtima, do Instituto de Socorros a N\u00e1ufragos (ISN) e de embarca\u00e7\u00f5es espanholas. A AMN dever\u00e1 continuar a patrulhar a \u00e1rea durante o per\u00edodo diurno; o caudal do Guadiana permanece acima do normal, devido \u00e0s intemp\u00e9ries e \u00e0s descargas das barragens a montante.","og_url":"https:\/\/portaltela.pt\/noticias\/2026\/02\/15\/autoridades-portuguesas-apoiam-buscas-por-frances-desaparecido-no-guadiana\/","og_site_name":"Portal Tela Portugal","article_published_time":"2026-02-15T17:34:00+00:00","author":"Telinha","twitter_card":"summary_large_image","twitter_misc":{"Escrito por":"Telinha","Tempo estimado de leitura":"1 minuto"},"schema":{"@context":"https:\/\/schema.org","@graph":[{"@type":"Article","@id":"https:\/\/portaltela.pt\/noticias\/2026\/02\/15\/autoridades-portuguesas-apoiam-buscas-por-frances-desaparecido-no-guadiana\/#article","isPartOf":{"@id":"https:\/\/portaltela.pt\/noticias\/2026\/02\/15\/autoridades-portuguesas-apoiam-buscas-por-frances-desaparecido-no-guadiana\/"},"author":{"name":"Telinha","@id":"https:\/\/portaltela.pt\/#\/schema\/person\/c4278d4a6028830caff9ee44b42d32ed"},"headline":"Autoridades portuguesas apoiam buscas por franc\u00eas desaparecido no Guadiana","datePublished":"2026-02-15T17:34:00+00:00","mainEntityOfPage":{"@id":"https:\/\/portaltela.pt\/noticias\/2026\/02\/15\/autoridades-portuguesas-apoiam-buscas-por-frances-desaparecido-no-guadiana\/"},"wordCount":249,"image":{"@id":"https:\/\/portaltela.pt\/noticias\/2026\/02\/15\/autoridades-portuguesas-apoiam-buscas-por-frances-desaparecido-no-guadiana\/#primaryimage"},"thumbnailUrl":"https:\/\/portaltela.pt\/s.01k8rhncp4jt1\/2026\/02\/2067469.jpg","keywords":["bombeiros","coopera\u00e7\u00e3o internacional","Fran\u00e7a","pol\u00edcia mar\u00edtima","Portugal","Resgate Mar\u00edtimo"],"articleSection":["Not\u00edcias"],"inLanguage":"pt-PT"},{"@type":"WebPage","@id":"https:\/\/portaltela.pt\/noticias\/2026\/02\/15\/autoridades-portuguesas-apoiam-buscas-por-frances-desaparecido-no-guadiana\/","url":"https:\/\/portaltela.pt\/noticias\/2026\/02\/15\/autoridades-portuguesas-apoiam-buscas-por-frances-desaparecido-no-guadiana\/","name":"Autoridades portuguesas apoiam buscas por franc\u00eas desaparecido no Guadiana - Portal Tela Portugal","isPartOf":{"@id":"https:\/\/portaltela.pt\/#website"},"primaryImageOfPage":{"@id":"https:\/\/portaltela.pt\/noticias\/2026\/02\/15\/autoridades-portuguesas-apoiam-buscas-por-frances-desaparecido-no-guadiana\/#primaryimage"},"image":{"@id":"https:\/\/portaltela.pt\/noticias\/2026\/02\/15\/autoridades-portuguesas-apoiam-buscas-por-frances-desaparecido-no-guadiana\/#primaryimage"},"thumbnailUrl":"https:\/\/portaltela.pt\/s.01k8rhncp4jt1\/2026\/02\/2067469.jpg","datePublished":"2026-02-15T17:34:00+00:00","author":{"@id":"https:\/\/portaltela.pt\/#\/schema\/person\/c4278d4a6028830caff9ee44b42d32ed"},"breadcrumb":{"@id":"https:\/\/portaltela.pt\/noticias\/2026\/02\/15\/autoridades-portuguesas-apoiam-buscas-por-frances-desaparecido-no-guadiana\/#breadcrumb"},"inLanguage":"pt-PT","potentialAction":[{"@type":"ReadAction","target":["https:\/\/portaltela.pt\/noticias\/2026\/02\/15\/autoridades-portuguesas-apoiam-buscas-por-frances-desaparecido-no-guadiana\/"]}]},{"@type":"ImageObject","inLanguage":"pt-PT","@id":"https:\/\/portaltela.pt\/noticias\/2026\/02\/15\/autoridades-portuguesas-apoiam-buscas-por-frances-desaparecido-no-guadiana\/#primaryimage","url":"https:\/\/portaltela.pt\/s.01k8rhncp4jt1\/2026\/02\/2067469.jpg","contentUrl":"https:\/\/portaltela.pt\/s.01k8rhncp4jt1\/2026\/02\/2067469.jpg","width":796,"height":448,"caption":"Buscas decorrem a sul do local da queda no rio Guadiana, perto de Alcoutim"},{"@type":"BreadcrumbList","@id":"https:\/\/portaltela.pt\/noticias\/2026\/02\/15\/autoridades-portuguesas-apoiam-buscas-por-frances-desaparecido-no-guadiana\/#breadcrumb","itemListElement":[{"@type":"ListItem","position":1,"name":"In\u00edcio","item":"https:\/\/portaltela.pt\/"},{"@type":"ListItem","position":2,"name":"Autoridades portuguesas apoiam buscas por franc\u00eas desaparecido no Guadiana"}]},{"@type":"WebSite","@id":"https:\/\/portaltela.pt\/#website","url":"https:\/\/portaltela.pt\/","name":"Portal Tela Portugal","description":"","potentialAction":[{"@type":"SearchAction","target":{"@type":"EntryPoint","urlTemplate":"https:\/\/portaltela.pt\/?s={search_term_string}"},"query-input":{"@type":"PropertyValueSpecification","valueRequired":true,"valueName":"search_term_string"}}],"inLanguage":"pt-PT"},{"@type":"Person","@id":"https:\/\/portaltela.pt\/#\/schema\/person\/c4278d4a6028830caff9ee44b42d32ed","name":"Telinha","image":{"@type":"ImageObject","inLanguage":"pt-PT","@id":"https:\/\/portaltela.pt\/s.01k8rhncp4jt1\/2025\/11\/talking-bot-125x125.png","url":"https:\/\/portaltela.pt\/s.01k8rhncp4jt1\/2025\/11\/talking-bot-125x125.png","contentUrl":"https:\/\/portaltela.pt\/s.01k8rhncp4jt1\/2025\/11\/talking-bot-125x125.png","caption":"Telinha"},"sameAs":["https:\/\/portaltela.pt\/"],"url":"https:\/\/portaltela.pt\/por\/367410592786\/"}]}},"_links":{"self":[{"href":"https:\/\/portaltela.pt\/api\/wp\/v2\/posts\/213563","targetHints":{"allow":["GET"]}}],"collection":[{"href":"https:\/\/portaltela.pt\/api\/wp\/v2\/posts"}],"about":[{"href":"https:\/\/portaltela.pt\/api\/wp\/v2\/types\/post"}],"author":[{"embeddable":true,"href":"https:\/\/portaltela.pt\/api\/wp\/v2\/users\/2"}],"replies":[{"embeddable":true,"href":"https:\/\/portaltela.pt\/api\/wp\/v2\/comments?post=213563"}],"version-history":[{"count":0,"href":"https:\/\/portaltela.pt\/api\/wp\/v2\/posts\/213563\/revisions"}],"wp:featuredmedia":[{"embeddable":true,"href":"https:\/\/portaltela.pt\/api\/wp\/v2\/media\/213564"}],"wp:attachment":[{"href":"https:\/\/portaltela.pt\/api\/wp\/v2\/media?parent=213563"}],"wp:term":[{"taxonomy":"category","embeddable":true,"href":"https:\/\/portaltela.pt\/api\/wp\/v2\/categories?post=213563"},{"taxonomy":"post_tag","embeddable":true,"href":"https:\/\/portaltela.pt\/api\/wp\/v2\/tags?post=213563"}],"curies":[{"name":"wp","href":"https:\/\/api.w.org\/{rel}","templated":true}]}}