{"id":213537,"date":"2026-02-15T14:16:54","date_gmt":"2026-02-15T17:16:54","guid":{"rendered":"https:\/\/portaltela.pt\/noticias\/2026\/02\/15\/rayo-vallecano-recebe-atletico-de-madrid-em-direto\/"},"modified":"2026-02-15T14:16:54","modified_gmt":"2026-02-15T17:16:54","slug":"rayo-vallecano-recebe-atletico-de-madrid-em-direto","status":"publish","type":"post","link":"https:\/\/portaltela.pt\/desporto\/futebol\/2026\/02\/15\/rayo-vallecano-recebe-atletico-de-madrid-em-direto\/","title":{"rendered":"Rayo Vallecano recebe Atl\u00e9tico de Madrid em direto"},"content":{"rendered":"<p>O Atl\u00e9tico Madrid venceu o Rayo Vallecano por 2-1, na 23.\u00aa jornada da La Liga, no Est\u00e1dio de Vallecas, em Madrid. A derrota mant\u00e9m a equipa da casa perto da zona intermedi\u00e1ria da tabela.<\/p>\n<p>O Rayo adiantou-se aos 16 minutos, com golo de Isi Palaz\u00f3n. O Atl\u00e9tico empatou aos 45+2 minutos, por intermedio de Antoine Griezmann. A vit\u00f3ria dos colchoneros ficou consumada aos 78, por Jo\u00e3o F\u00e9lix.<\/p>\n<p>Com este resultado, o Atl\u00e9tico soma 45 pontos, mantendo-se na segunda posi\u00e7\u00e3o. O Rayo Vallecano fica com 29 pontos, na oitava posi\u00e7\u00e3o, ap\u00f3s a derrota.<\/p>\n<h3>Desfecho e Classifica\u00e7\u00e3o<\/h3>\n<p>A vit\u00f3ria coloca o Atl\u00e9tico num lugar de duas jornadas sem desfecho negativo, mantendo a dist\u00e2ncia para o l\u00edder. O Rayo permanece com perspetivas de luta por uma posi\u00e7\u00e3o europeia.<\/p>\n","protected":false},"excerpt":{"rendered":"<ul>\n<li>O Atl\u00e9tico Madrid venceu o Rayo Vallecano por 2-1, em jogo da 23.\u00aa jornada da La Liga, no Est\u00e1dio de Vallecas, em Madrid.<\/li>\n<li>O Rayo Vallecano abriu o marcador aos 16 minutos, com golo de Isi Palaz\u00f3n.<\/li>\n<li>O Atl\u00e9tico Madrid empatou aos 45+2 minutos, atrav\u00e9s de Antoine Griezmann.<\/li>\n<li>Jo\u00e3o F\u00e9lix garantiu a vit\u00f3ria aos 78 minutos.<\/li>\n<li>Com o resultado, o Atl\u00e9tico soma 45 pontos, na segunda posi\u00e7\u00e3o, enquanto o Rayo fica com 29 pontos, na oitava posi\u00e7\u00e3o.<\/li>\n<\/ul>\n","protected":false},"author":2,"featured_media":213540,"comment_status":"closed","ping_status":"closed","sticky":false,"template":"","format":"standard","meta":{"footnotes":""},"categories":[21,24],"tags":[3341,2031,32,3338,1789,5009],"class_list":["post-213537","post","type-post","status-publish","format-standard","has-post-thumbnail","hentry","category-desporto","category-futebol","tag-atletico-madrid","tag-espanha","tag-futebol","tag-futebol-internacional","tag-la-liga","tag-rayo-vallecano"],"yoast_head":"<!-- This site is optimized with the Yoast SEO plugin v27.2 - https:\/\/yoast.com\/product\/yoast-seo-wordpress\/ -->\n<title>Rayo Vallecano recebe Atl\u00e9tico de Madrid em direto - Portal Tela Portugal<\/title>\n<meta name=\"robots\" content=\"index, follow, max-snippet:-1, max-image-preview:large, max-video-preview:-1\" \/>\n<meta property=\"og:locale\" content=\"pt_PT\" \/>\n<meta property=\"og:type\" content=\"article\" \/>\n<meta property=\"og:title\" content=\"Rayo Vallecano recebe Atl\u00e9tico de Madrid em direto - Portal Tela Portugal\" \/>\n<meta property=\"og:description\" content=\"O Atl\u00e9tico Madrid venceu o Rayo Vallecano por 2-1, em jogo da 23.\u00aa jornada da La Liga, no Est\u00e1dio de Vallecas, em Madrid. O Rayo Vallecano abriu o marcador aos 16 minutos, com golo de Isi Palaz\u00f3n. O Atl\u00e9tico Madrid empatou aos 45+2 minutos, atrav\u00e9s de Antoine Griezmann. Jo\u00e3o F\u00e9lix garantiu a vit\u00f3ria aos 78 minutos. Com o resultado, o Atl\u00e9tico soma 45 pontos, na segunda posi\u00e7\u00e3o, enquanto o Rayo fica com 29 pontos, na oitava posi\u00e7\u00e3o.\" \/>\n<meta property=\"og:url\" content=\"https:\/\/portaltela.pt\/noticias\/2026\/02\/15\/rayo-vallecano-recebe-atletico-de-madrid-em-direto\/\" \/>\n<meta property=\"og:site_name\" content=\"Portal Tela Portugal\" \/>\n<meta property=\"article:published_time\" content=\"2026-02-15T17:16:54+00:00\" \/>\n<meta name=\"author\" content=\"Telinha\" \/>\n<meta name=\"twitter:card\" content=\"summary_large_image\" \/>\n<meta name=\"twitter:label1\" content=\"Escrito por\" \/>\n\t<meta name=\"twitter:data1\" content=\"Telinha\" \/>\n\t<meta name=\"twitter:label2\" content=\"Tempo estimado de leitura\" \/>\n\t<meta name=\"twitter:data2\" content=\"1 minuto\" \/>\n<script type=\"application\/ld+json\" class=\"yoast-schema-graph\">{\"@context\":\"https:\/\/schema.org\",\"@graph\":[{\"@type\":\"Article\",\"@id\":\"https:\/\/portaltela.pt\/noticias\/2026\/02\/15\/rayo-vallecano-recebe-atletico-de-madrid-em-direto\/#article\",\"isPartOf\":{\"@id\":\"https:\/\/portaltela.pt\/noticias\/2026\/02\/15\/rayo-vallecano-recebe-atletico-de-madrid-em-direto\/\"},\"author\":{\"name\":\"Telinha\",\"@id\":\"https:\/\/portaltela.pt\/#\/schema\/person\/c4278d4a6028830caff9ee44b42d32ed\"},\"headline\":\"Rayo Vallecano recebe Atl\u00e9tico de Madrid em direto\",\"datePublished\":\"2026-02-15T17:16:54+00:00\",\"mainEntityOfPage\":{\"@id\":\"https:\/\/portaltela.pt\/noticias\/2026\/02\/15\/rayo-vallecano-recebe-atletico-de-madrid-em-direto\/\"},\"wordCount\":147,\"image\":{\"@id\":\"https:\/\/portaltela.pt\/noticias\/2026\/02\/15\/rayo-vallecano-recebe-atletico-de-madrid-em-direto\/#primaryimage\"},\"thumbnailUrl\":\"https:\/\/portaltela.pt\/s.01k8rhncp4jt1\/2026\/02\/imagemDefaultJED_jogodireto-9.jpg\",\"keywords\":[\"Atl\u00e9tico Madrid\",\"Espanha\",\"futebol\",\"futebol internacional\",\"La Liga\",\"Rayo Vallecano\"],\"articleSection\":[\"Desporto\",\"Futebol\"],\"inLanguage\":\"pt-PT\"},{\"@type\":\"WebPage\",\"@id\":\"https:\/\/portaltela.pt\/noticias\/2026\/02\/15\/rayo-vallecano-recebe-atletico-de-madrid-em-direto\/\",\"url\":\"https:\/\/portaltela.pt\/noticias\/2026\/02\/15\/rayo-vallecano-recebe-atletico-de-madrid-em-direto\/\",\"name\":\"Rayo Vallecano recebe Atl\u00e9tico de Madrid em direto - Portal Tela Portugal\",\"isPartOf\":{\"@id\":\"https:\/\/portaltela.pt\/#website\"},\"primaryImageOfPage\":{\"@id\":\"https:\/\/portaltela.pt\/noticias\/2026\/02\/15\/rayo-vallecano-recebe-atletico-de-madrid-em-direto\/#primaryimage\"},\"image\":{\"@id\":\"https:\/\/portaltela.pt\/noticias\/2026\/02\/15\/rayo-vallecano-recebe-atletico-de-madrid-em-direto\/#primaryimage\"},\"thumbnailUrl\":\"https:\/\/portaltela.pt\/s.01k8rhncp4jt1\/2026\/02\/imagemDefaultJED_jogodireto-9.jpg\",\"datePublished\":\"2026-02-15T17:16:54+00:00\",\"author\":{\"@id\":\"https:\/\/portaltela.pt\/#\/schema\/person\/c4278d4a6028830caff9ee44b42d32ed\"},\"breadcrumb\":{\"@id\":\"https:\/\/portaltela.pt\/noticias\/2026\/02\/15\/rayo-vallecano-recebe-atletico-de-madrid-em-direto\/#breadcrumb\"},\"inLanguage\":\"pt-PT\",\"potentialAction\":[{\"@type\":\"ReadAction\",\"target\":[\"https:\/\/portaltela.pt\/noticias\/2026\/02\/15\/rayo-vallecano-recebe-atletico-de-madrid-em-direto\/\"]}]},{\"@type\":\"ImageObject\",\"inLanguage\":\"pt-PT\",\"@id\":\"https:\/\/portaltela.pt\/noticias\/2026\/02\/15\/rayo-vallecano-recebe-atletico-de-madrid-em-direto\/#primaryimage\",\"url\":\"https:\/\/portaltela.pt\/s.01k8rhncp4jt1\/2026\/02\/imagemDefaultJED_jogodireto-9.jpg\",\"contentUrl\":\"https:\/\/portaltela.pt\/s.01k8rhncp4jt1\/2026\/02\/imagemDefaultJED_jogodireto-9.jpg\",\"width\":796,\"height\":448,\"caption\":\"Photo\"},{\"@type\":\"BreadcrumbList\",\"@id\":\"https:\/\/portaltela.pt\/noticias\/2026\/02\/15\/rayo-vallecano-recebe-atletico-de-madrid-em-direto\/#breadcrumb\",\"itemListElement\":[{\"@type\":\"ListItem\",\"position\":1,\"name\":\"In\u00edcio\",\"item\":\"https:\/\/portaltela.pt\/\"},{\"@type\":\"ListItem\",\"position\":2,\"name\":\"Rayo Vallecano recebe Atl\u00e9tico de Madrid em direto\"}]},{\"@type\":\"WebSite\",\"@id\":\"https:\/\/portaltela.pt\/#website\",\"url\":\"https:\/\/portaltela.pt\/\",\"name\":\"Portal Tela Portugal\",\"description\":\"\",\"potentialAction\":[{\"@type\":\"SearchAction\",\"target\":{\"@type\":\"EntryPoint\",\"urlTemplate\":\"https:\/\/portaltela.pt\/?s={search_term_string}\"},\"query-input\":{\"@type\":\"PropertyValueSpecification\",\"valueRequired\":true,\"valueName\":\"search_term_string\"}}],\"inLanguage\":\"pt-PT\"},{\"@type\":\"Person\",\"@id\":\"https:\/\/portaltela.pt\/#\/schema\/person\/c4278d4a6028830caff9ee44b42d32ed\",\"name\":\"Telinha\",\"image\":{\"@type\":\"ImageObject\",\"inLanguage\":\"pt-PT\",\"@id\":\"https:\/\/portaltela.pt\/s.01k8rhncp4jt1\/2025\/11\/talking-bot-125x125.png\",\"url\":\"https:\/\/portaltela.pt\/s.01k8rhncp4jt1\/2025\/11\/talking-bot-125x125.png\",\"contentUrl\":\"https:\/\/portaltela.pt\/s.01k8rhncp4jt1\/2025\/11\/talking-bot-125x125.png\",\"caption\":\"Telinha\"},\"sameAs\":[\"https:\/\/portaltela.pt\/\"],\"url\":\"https:\/\/portaltela.pt\/por\/367410592786\/\"}]}<\/script>\n<!-- \/ Yoast SEO plugin. -->","yoast_head_json":{"title":"Rayo Vallecano recebe Atl\u00e9tico de Madrid em direto - Portal Tela Portugal","robots":{"index":"index","follow":"follow","max-snippet":"max-snippet:-1","max-image-preview":"max-image-preview:large","max-video-preview":"max-video-preview:-1"},"og_locale":"pt_PT","og_type":"article","og_title":"Rayo Vallecano recebe Atl\u00e9tico de Madrid em direto - Portal Tela Portugal","og_description":"O Atl\u00e9tico Madrid venceu o Rayo Vallecano por 2-1, em jogo da 23.\u00aa jornada da La Liga, no Est\u00e1dio de Vallecas, em Madrid. O Rayo Vallecano abriu o marcador aos 16 minutos, com golo de Isi Palaz\u00f3n. O Atl\u00e9tico Madrid empatou aos 45+2 minutos, atrav\u00e9s de Antoine Griezmann. Jo\u00e3o F\u00e9lix garantiu a vit\u00f3ria aos 78 minutos. Com o resultado, o Atl\u00e9tico soma 45 pontos, na segunda posi\u00e7\u00e3o, enquanto o Rayo fica com 29 pontos, na oitava posi\u00e7\u00e3o.","og_url":"https:\/\/portaltela.pt\/noticias\/2026\/02\/15\/rayo-vallecano-recebe-atletico-de-madrid-em-direto\/","og_site_name":"Portal Tela Portugal","article_published_time":"2026-02-15T17:16:54+00:00","author":"Telinha","twitter_card":"summary_large_image","twitter_misc":{"Escrito por":"Telinha","Tempo estimado de leitura":"1 minuto"},"schema":{"@context":"https:\/\/schema.org","@graph":[{"@type":"Article","@id":"https:\/\/portaltela.pt\/noticias\/2026\/02\/15\/rayo-vallecano-recebe-atletico-de-madrid-em-direto\/#article","isPartOf":{"@id":"https:\/\/portaltela.pt\/noticias\/2026\/02\/15\/rayo-vallecano-recebe-atletico-de-madrid-em-direto\/"},"author":{"name":"Telinha","@id":"https:\/\/portaltela.pt\/#\/schema\/person\/c4278d4a6028830caff9ee44b42d32ed"},"headline":"Rayo Vallecano recebe Atl\u00e9tico de Madrid em direto","datePublished":"2026-02-15T17:16:54+00:00","mainEntityOfPage":{"@id":"https:\/\/portaltela.pt\/noticias\/2026\/02\/15\/rayo-vallecano-recebe-atletico-de-madrid-em-direto\/"},"wordCount":147,"image":{"@id":"https:\/\/portaltela.pt\/noticias\/2026\/02\/15\/rayo-vallecano-recebe-atletico-de-madrid-em-direto\/#primaryimage"},"thumbnailUrl":"https:\/\/portaltela.pt\/s.01k8rhncp4jt1\/2026\/02\/imagemDefaultJED_jogodireto-9.jpg","keywords":["Atl\u00e9tico Madrid","Espanha","futebol","futebol internacional","La Liga","Rayo Vallecano"],"articleSection":["Desporto","Futebol"],"inLanguage":"pt-PT"},{"@type":"WebPage","@id":"https:\/\/portaltela.pt\/noticias\/2026\/02\/15\/rayo-vallecano-recebe-atletico-de-madrid-em-direto\/","url":"https:\/\/portaltela.pt\/noticias\/2026\/02\/15\/rayo-vallecano-recebe-atletico-de-madrid-em-direto\/","name":"Rayo Vallecano recebe Atl\u00e9tico de Madrid em direto - Portal Tela Portugal","isPartOf":{"@id":"https:\/\/portaltela.pt\/#website"},"primaryImageOfPage":{"@id":"https:\/\/portaltela.pt\/noticias\/2026\/02\/15\/rayo-vallecano-recebe-atletico-de-madrid-em-direto\/#primaryimage"},"image":{"@id":"https:\/\/portaltela.pt\/noticias\/2026\/02\/15\/rayo-vallecano-recebe-atletico-de-madrid-em-direto\/#primaryimage"},"thumbnailUrl":"https:\/\/portaltela.pt\/s.01k8rhncp4jt1\/2026\/02\/imagemDefaultJED_jogodireto-9.jpg","datePublished":"2026-02-15T17:16:54+00:00","author":{"@id":"https:\/\/portaltela.pt\/#\/schema\/person\/c4278d4a6028830caff9ee44b42d32ed"},"breadcrumb":{"@id":"https:\/\/portaltela.pt\/noticias\/2026\/02\/15\/rayo-vallecano-recebe-atletico-de-madrid-em-direto\/#breadcrumb"},"inLanguage":"pt-PT","potentialAction":[{"@type":"ReadAction","target":["https:\/\/portaltela.pt\/noticias\/2026\/02\/15\/rayo-vallecano-recebe-atletico-de-madrid-em-direto\/"]}]},{"@type":"ImageObject","inLanguage":"pt-PT","@id":"https:\/\/portaltela.pt\/noticias\/2026\/02\/15\/rayo-vallecano-recebe-atletico-de-madrid-em-direto\/#primaryimage","url":"https:\/\/portaltela.pt\/s.01k8rhncp4jt1\/2026\/02\/imagemDefaultJED_jogodireto-9.jpg","contentUrl":"https:\/\/portaltela.pt\/s.01k8rhncp4jt1\/2026\/02\/imagemDefaultJED_jogodireto-9.jpg","width":796,"height":448,"caption":"Photo"},{"@type":"BreadcrumbList","@id":"https:\/\/portaltela.pt\/noticias\/2026\/02\/15\/rayo-vallecano-recebe-atletico-de-madrid-em-direto\/#breadcrumb","itemListElement":[{"@type":"ListItem","position":1,"name":"In\u00edcio","item":"https:\/\/portaltela.pt\/"},{"@type":"ListItem","position":2,"name":"Rayo Vallecano recebe Atl\u00e9tico de Madrid em direto"}]},{"@type":"WebSite","@id":"https:\/\/portaltela.pt\/#website","url":"https:\/\/portaltela.pt\/","name":"Portal Tela Portugal","description":"","potentialAction":[{"@type":"SearchAction","target":{"@type":"EntryPoint","urlTemplate":"https:\/\/portaltela.pt\/?s={search_term_string}"},"query-input":{"@type":"PropertyValueSpecification","valueRequired":true,"valueName":"search_term_string"}}],"inLanguage":"pt-PT"},{"@type":"Person","@id":"https:\/\/portaltela.pt\/#\/schema\/person\/c4278d4a6028830caff9ee44b42d32ed","name":"Telinha","image":{"@type":"ImageObject","inLanguage":"pt-PT","@id":"https:\/\/portaltela.pt\/s.01k8rhncp4jt1\/2025\/11\/talking-bot-125x125.png","url":"https:\/\/portaltela.pt\/s.01k8rhncp4jt1\/2025\/11\/talking-bot-125x125.png","contentUrl":"https:\/\/portaltela.pt\/s.01k8rhncp4jt1\/2025\/11\/talking-bot-125x125.png","caption":"Telinha"},"sameAs":["https:\/\/portaltela.pt\/"],"url":"https:\/\/portaltela.pt\/por\/367410592786\/"}]}},"_links":{"self":[{"href":"https:\/\/portaltela.pt\/api\/wp\/v2\/posts\/213537","targetHints":{"allow":["GET"]}}],"collection":[{"href":"https:\/\/portaltela.pt\/api\/wp\/v2\/posts"}],"about":[{"href":"https:\/\/portaltela.pt\/api\/wp\/v2\/types\/post"}],"author":[{"embeddable":true,"href":"https:\/\/portaltela.pt\/api\/wp\/v2\/users\/2"}],"replies":[{"embeddable":true,"href":"https:\/\/portaltela.pt\/api\/wp\/v2\/comments?post=213537"}],"version-history":[{"count":0,"href":"https:\/\/portaltela.pt\/api\/wp\/v2\/posts\/213537\/revisions"}],"wp:featuredmedia":[{"embeddable":true,"href":"https:\/\/portaltela.pt\/api\/wp\/v2\/media\/213540"}],"wp:attachment":[{"href":"https:\/\/portaltela.pt\/api\/wp\/v2\/media?parent=213537"}],"wp:term":[{"taxonomy":"category","embeddable":true,"href":"https:\/\/portaltela.pt\/api\/wp\/v2\/categories?post=213537"},{"taxonomy":"post_tag","embeddable":true,"href":"https:\/\/portaltela.pt\/api\/wp\/v2\/tags?post=213537"}],"curies":[{"name":"wp","href":"https:\/\/api.w.org\/{rel}","templated":true}]}}