{"id":213484,"date":"2026-02-15T12:37:00","date_gmt":"2026-02-15T15:37:00","guid":{"rendered":"https:\/\/portaltela.pt\/noticias\/2026\/02\/15\/klaebo-conquista-nove-medalhas-de-ouro-recorde\/"},"modified":"2026-02-15T12:37:00","modified_gmt":"2026-02-15T15:37:00","slug":"klaebo-conquista-nove-medalhas-de-ouro-recorde","status":"publish","type":"post","link":"https:\/\/portaltela.pt\/desporto\/2026\/02\/15\/klaebo-conquista-nove-medalhas-de-ouro-recorde\/","title":{"rendered":"Klaebo conquista nove medalhas de ouro, recorde"},"content":{"rendered":"<p>O esquiador de fundo noruegu\u00eas Johannes Klaebo venceu a estafeta de 4&#215;7,5 km em Mil\u00e3o-Cortina, fixando um recorde de nove t\u00edtulos ol\u00edmpicos no Inverno. A prova decorreu na pista de cross country de Tesero, com a Noruega a confirmar a vit\u00f3ria.<\/p>\n<p>Klaebo fechou o quarteto noruegu\u00eas, composto por Emil Iversen, Martin Loewstroem e Einar Hedegaard, em 1h04m24,5s. A Fran\u00e7a ficou em prata, a 22,2 segundos, e a It\u00e1lia conquistou o bronze, a 47,9s.<\/p>\n<p>Com este ouro, Klaebo soma quatro t\u00edtulos em Mil\u00e3o-Cortina (sprint, estafeta, skyatlo e 10 km estilo livre) e chega a nove no total em Olimp\u00edadas de Inverno, superando marcas anteriores de Bj\u00f8rgen, D\u00e6hli e Bjorndalen.<\/p>\n<p>O atleta, de 29 anos, continua pela frente duas provas em It\u00e1lia: o sprint por equipas e a prova de 50 quil\u00f3metros em Val di Fiemme, onde \u00e9 favorito. Caso conquiste mais dois ouros, pode alcan\u00e7ar um Grand Slam ol\u00edmpico in\u00e9dito.<\/p>\n","protected":false},"excerpt":{"rendered":"<ul>\n<li>Johannes Klaebo venceu a estafeta de 4&#215;7,5 km e igualou o recorde de nove t\u00edtulos ol\u00edmpicos de Inverno, ao defender a Noruega em Mil\u00e3o-Cortina.<\/li>\n<li>A vit\u00f3ria na estafeta garantiu a Klaebo o quarto ouro nesta edi\u00e7\u00e3o, elevando para oito os ouros j\u00e1 conquistados em Mil\u00e3o-Cortina? (Corrigir: ele tem quatro em Mil\u00e3o-Cortina e cinco em edi\u00e7\u00f5es anteriores; totaliza nove)<\/li>\n<li>A Noruega venceu com Emil Iversen, Martin Loewstroem e Einar Hedegart, num tempo de 1h04m24,5s; Fran\u00e7a ficou em segundo e It\u00e1lia em terceiro.<\/li>\n<li>Com quatro ouros em Mil\u00e3o-Cortina, Klaebo soma nove no total ol\u00edmpico, aproximando-se de marcas hist\u00f3ricas em provas de esqui de fundo.<\/li>\n<li>Restam-lhe ainda duas provas em It\u00e1lia: sprint por equipas e a prova de 50 quil\u00f3metros, onde \u00e9 favorito, mantendo a hip\u00f3tese de um Grand Slam ol\u00edmpico.<\/li>\n<\/ul>\n","protected":false},"author":2,"featured_media":213487,"comment_status":"closed","ping_status":"closed","sticky":false,"template":"","format":"standard","meta":{"footnotes":""},"categories":[21],"tags":[5008,1856,1857,2125,84],"class_list":["post-213484","post","type-post","status-publish","format-standard","has-post-thumbnail","hentry","category-desporto","tag-esqui-de-fundo","tag-franca","tag-italia","tag-noruega","tag-olimpiadas"],"yoast_head":"<!-- This site is optimized with the Yoast SEO plugin v27.2 - https:\/\/yoast.com\/product\/yoast-seo-wordpress\/ -->\n<title>Klaebo conquista nove medalhas de ouro, recorde - Portal Tela Portugal<\/title>\n<meta name=\"robots\" content=\"index, follow, max-snippet:-1, max-image-preview:large, max-video-preview:-1\" \/>\n<meta property=\"og:locale\" content=\"pt_PT\" \/>\n<meta property=\"og:type\" content=\"article\" \/>\n<meta property=\"og:title\" content=\"Klaebo conquista nove medalhas de ouro, recorde - Portal Tela Portugal\" \/>\n<meta property=\"og:description\" content=\"Johannes Klaebo venceu a estafeta de 4x7,5 km e igualou o recorde de nove t\u00edtulos ol\u00edmpicos de Inverno, ao defender a Noruega em Mil\u00e3o-Cortina. A vit\u00f3ria na estafeta garantiu a Klaebo o quarto ouro nesta edi\u00e7\u00e3o, elevando para oito os ouros j\u00e1 conquistados em Mil\u00e3o-Cortina? (Corrigir: ele tem quatro em Mil\u00e3o-Cortina e cinco em edi\u00e7\u00f5es anteriores; totaliza nove) A Noruega venceu com Emil Iversen, Martin Loewstroem e Einar Hedegart, num tempo de 1h04m24,5s; Fran\u00e7a ficou em segundo e It\u00e1lia em terceiro. Com quatro ouros em Mil\u00e3o-Cortina, Klaebo soma nove no total ol\u00edmpico, aproximando-se de marcas hist\u00f3ricas em provas de esqui de fundo. Restam-lhe ainda duas provas em It\u00e1lia: sprint por equipas e a prova de 50 quil\u00f3metros, onde \u00e9 favorito, mantendo a hip\u00f3tese de um Grand Slam ol\u00edmpico.\" \/>\n<meta property=\"og:url\" content=\"https:\/\/portaltela.pt\/noticias\/2026\/02\/15\/klaebo-conquista-nove-medalhas-de-ouro-recorde\/\" \/>\n<meta property=\"og:site_name\" content=\"Portal Tela Portugal\" \/>\n<meta property=\"article:published_time\" content=\"2026-02-15T15:37:00+00:00\" \/>\n<meta name=\"author\" content=\"Telinha\" \/>\n<meta name=\"twitter:card\" content=\"summary_large_image\" \/>\n<meta name=\"twitter:label1\" content=\"Escrito por\" \/>\n\t<meta name=\"twitter:data1\" content=\"Telinha\" \/>\n\t<meta name=\"twitter:label2\" content=\"Tempo estimado de leitura\" \/>\n\t<meta name=\"twitter:data2\" content=\"1 minuto\" \/>\n<script type=\"application\/ld+json\" class=\"yoast-schema-graph\">{\"@context\":\"https:\/\/schema.org\",\"@graph\":[{\"@type\":\"Article\",\"@id\":\"https:\/\/portaltela.pt\/noticias\/2026\/02\/15\/klaebo-conquista-nove-medalhas-de-ouro-recorde\/#article\",\"isPartOf\":{\"@id\":\"https:\/\/portaltela.pt\/noticias\/2026\/02\/15\/klaebo-conquista-nove-medalhas-de-ouro-recorde\/\"},\"author\":{\"name\":\"Telinha\",\"@id\":\"https:\/\/portaltela.pt\/#\/schema\/person\/c4278d4a6028830caff9ee44b42d32ed\"},\"headline\":\"Klaebo conquista nove medalhas de ouro, recorde\",\"datePublished\":\"2026-02-15T15:37:00+00:00\",\"mainEntityOfPage\":{\"@id\":\"https:\/\/portaltela.pt\/noticias\/2026\/02\/15\/klaebo-conquista-nove-medalhas-de-ouro-recorde\/\"},\"wordCount\":171,\"image\":{\"@id\":\"https:\/\/portaltela.pt\/noticias\/2026\/02\/15\/klaebo-conquista-nove-medalhas-de-ouro-recorde\/#primaryimage\"},\"thumbnailUrl\":\"https:\/\/portaltela.pt\/s.01k8rhncp4jt1\/2026\/02\/2067449.jpg\",\"keywords\":[\"esqui de fundo\",\"Fran\u00e7a\",\"It\u00e1lia\",\"Noruega\",\"olimp\u00edadas\"],\"articleSection\":[\"Desporto\"],\"inLanguage\":\"pt-PT\"},{\"@type\":\"WebPage\",\"@id\":\"https:\/\/portaltela.pt\/noticias\/2026\/02\/15\/klaebo-conquista-nove-medalhas-de-ouro-recorde\/\",\"url\":\"https:\/\/portaltela.pt\/noticias\/2026\/02\/15\/klaebo-conquista-nove-medalhas-de-ouro-recorde\/\",\"name\":\"Klaebo conquista nove medalhas de ouro, recorde - Portal Tela Portugal\",\"isPartOf\":{\"@id\":\"https:\/\/portaltela.pt\/#website\"},\"primaryImageOfPage\":{\"@id\":\"https:\/\/portaltela.pt\/noticias\/2026\/02\/15\/klaebo-conquista-nove-medalhas-de-ouro-recorde\/#primaryimage\"},\"image\":{\"@id\":\"https:\/\/portaltela.pt\/noticias\/2026\/02\/15\/klaebo-conquista-nove-medalhas-de-ouro-recorde\/#primaryimage\"},\"thumbnailUrl\":\"https:\/\/portaltela.pt\/s.01k8rhncp4jt1\/2026\/02\/2067449.jpg\",\"datePublished\":\"2026-02-15T15:37:00+00:00\",\"author\":{\"@id\":\"https:\/\/portaltela.pt\/#\/schema\/person\/c4278d4a6028830caff9ee44b42d32ed\"},\"breadcrumb\":{\"@id\":\"https:\/\/portaltela.pt\/noticias\/2026\/02\/15\/klaebo-conquista-nove-medalhas-de-ouro-recorde\/#breadcrumb\"},\"inLanguage\":\"pt-PT\",\"potentialAction\":[{\"@type\":\"ReadAction\",\"target\":[\"https:\/\/portaltela.pt\/noticias\/2026\/02\/15\/klaebo-conquista-nove-medalhas-de-ouro-recorde\/\"]}]},{\"@type\":\"ImageObject\",\"inLanguage\":\"pt-PT\",\"@id\":\"https:\/\/portaltela.pt\/noticias\/2026\/02\/15\/klaebo-conquista-nove-medalhas-de-ouro-recorde\/#primaryimage\",\"url\":\"https:\/\/portaltela.pt\/s.01k8rhncp4jt1\/2026\/02\/2067449.jpg\",\"contentUrl\":\"https:\/\/portaltela.pt\/s.01k8rhncp4jt1\/2026\/02\/2067449.jpg\",\"width\":796,\"height\":448,\"caption\":\"Mais uma medalha de ouro para a colec\u00e7\u00e3o de Klaebo\"},{\"@type\":\"BreadcrumbList\",\"@id\":\"https:\/\/portaltela.pt\/noticias\/2026\/02\/15\/klaebo-conquista-nove-medalhas-de-ouro-recorde\/#breadcrumb\",\"itemListElement\":[{\"@type\":\"ListItem\",\"position\":1,\"name\":\"In\u00edcio\",\"item\":\"https:\/\/portaltela.pt\/\"},{\"@type\":\"ListItem\",\"position\":2,\"name\":\"Klaebo conquista nove medalhas de ouro, recorde\"}]},{\"@type\":\"WebSite\",\"@id\":\"https:\/\/portaltela.pt\/#website\",\"url\":\"https:\/\/portaltela.pt\/\",\"name\":\"Portal Tela Portugal\",\"description\":\"\",\"potentialAction\":[{\"@type\":\"SearchAction\",\"target\":{\"@type\":\"EntryPoint\",\"urlTemplate\":\"https:\/\/portaltela.pt\/?s={search_term_string}\"},\"query-input\":{\"@type\":\"PropertyValueSpecification\",\"valueRequired\":true,\"valueName\":\"search_term_string\"}}],\"inLanguage\":\"pt-PT\"},{\"@type\":\"Person\",\"@id\":\"https:\/\/portaltela.pt\/#\/schema\/person\/c4278d4a6028830caff9ee44b42d32ed\",\"name\":\"Telinha\",\"image\":{\"@type\":\"ImageObject\",\"inLanguage\":\"pt-PT\",\"@id\":\"https:\/\/portaltela.pt\/s.01k8rhncp4jt1\/2025\/11\/talking-bot-125x125.png\",\"url\":\"https:\/\/portaltela.pt\/s.01k8rhncp4jt1\/2025\/11\/talking-bot-125x125.png\",\"contentUrl\":\"https:\/\/portaltela.pt\/s.01k8rhncp4jt1\/2025\/11\/talking-bot-125x125.png\",\"caption\":\"Telinha\"},\"sameAs\":[\"https:\/\/portaltela.pt\/\"],\"url\":\"https:\/\/portaltela.pt\/por\/367410592786\/\"}]}<\/script>\n<!-- \/ Yoast SEO plugin. -->","yoast_head_json":{"title":"Klaebo conquista nove medalhas de ouro, recorde - Portal Tela Portugal","robots":{"index":"index","follow":"follow","max-snippet":"max-snippet:-1","max-image-preview":"max-image-preview:large","max-video-preview":"max-video-preview:-1"},"og_locale":"pt_PT","og_type":"article","og_title":"Klaebo conquista nove medalhas de ouro, recorde - Portal Tela Portugal","og_description":"Johannes Klaebo venceu a estafeta de 4x7,5 km e igualou o recorde de nove t\u00edtulos ol\u00edmpicos de Inverno, ao defender a Noruega em Mil\u00e3o-Cortina. A vit\u00f3ria na estafeta garantiu a Klaebo o quarto ouro nesta edi\u00e7\u00e3o, elevando para oito os ouros j\u00e1 conquistados em Mil\u00e3o-Cortina? (Corrigir: ele tem quatro em Mil\u00e3o-Cortina e cinco em edi\u00e7\u00f5es anteriores; totaliza nove) A Noruega venceu com Emil Iversen, Martin Loewstroem e Einar Hedegart, num tempo de 1h04m24,5s; Fran\u00e7a ficou em segundo e It\u00e1lia em terceiro. Com quatro ouros em Mil\u00e3o-Cortina, Klaebo soma nove no total ol\u00edmpico, aproximando-se de marcas hist\u00f3ricas em provas de esqui de fundo. Restam-lhe ainda duas provas em It\u00e1lia: sprint por equipas e a prova de 50 quil\u00f3metros, onde \u00e9 favorito, mantendo a hip\u00f3tese de um Grand Slam ol\u00edmpico.","og_url":"https:\/\/portaltela.pt\/noticias\/2026\/02\/15\/klaebo-conquista-nove-medalhas-de-ouro-recorde\/","og_site_name":"Portal Tela Portugal","article_published_time":"2026-02-15T15:37:00+00:00","author":"Telinha","twitter_card":"summary_large_image","twitter_misc":{"Escrito por":"Telinha","Tempo estimado de leitura":"1 minuto"},"schema":{"@context":"https:\/\/schema.org","@graph":[{"@type":"Article","@id":"https:\/\/portaltela.pt\/noticias\/2026\/02\/15\/klaebo-conquista-nove-medalhas-de-ouro-recorde\/#article","isPartOf":{"@id":"https:\/\/portaltela.pt\/noticias\/2026\/02\/15\/klaebo-conquista-nove-medalhas-de-ouro-recorde\/"},"author":{"name":"Telinha","@id":"https:\/\/portaltela.pt\/#\/schema\/person\/c4278d4a6028830caff9ee44b42d32ed"},"headline":"Klaebo conquista nove medalhas de ouro, recorde","datePublished":"2026-02-15T15:37:00+00:00","mainEntityOfPage":{"@id":"https:\/\/portaltela.pt\/noticias\/2026\/02\/15\/klaebo-conquista-nove-medalhas-de-ouro-recorde\/"},"wordCount":171,"image":{"@id":"https:\/\/portaltela.pt\/noticias\/2026\/02\/15\/klaebo-conquista-nove-medalhas-de-ouro-recorde\/#primaryimage"},"thumbnailUrl":"https:\/\/portaltela.pt\/s.01k8rhncp4jt1\/2026\/02\/2067449.jpg","keywords":["esqui de fundo","Fran\u00e7a","It\u00e1lia","Noruega","olimp\u00edadas"],"articleSection":["Desporto"],"inLanguage":"pt-PT"},{"@type":"WebPage","@id":"https:\/\/portaltela.pt\/noticias\/2026\/02\/15\/klaebo-conquista-nove-medalhas-de-ouro-recorde\/","url":"https:\/\/portaltela.pt\/noticias\/2026\/02\/15\/klaebo-conquista-nove-medalhas-de-ouro-recorde\/","name":"Klaebo conquista nove medalhas de ouro, recorde - Portal Tela Portugal","isPartOf":{"@id":"https:\/\/portaltela.pt\/#website"},"primaryImageOfPage":{"@id":"https:\/\/portaltela.pt\/noticias\/2026\/02\/15\/klaebo-conquista-nove-medalhas-de-ouro-recorde\/#primaryimage"},"image":{"@id":"https:\/\/portaltela.pt\/noticias\/2026\/02\/15\/klaebo-conquista-nove-medalhas-de-ouro-recorde\/#primaryimage"},"thumbnailUrl":"https:\/\/portaltela.pt\/s.01k8rhncp4jt1\/2026\/02\/2067449.jpg","datePublished":"2026-02-15T15:37:00+00:00","author":{"@id":"https:\/\/portaltela.pt\/#\/schema\/person\/c4278d4a6028830caff9ee44b42d32ed"},"breadcrumb":{"@id":"https:\/\/portaltela.pt\/noticias\/2026\/02\/15\/klaebo-conquista-nove-medalhas-de-ouro-recorde\/#breadcrumb"},"inLanguage":"pt-PT","potentialAction":[{"@type":"ReadAction","target":["https:\/\/portaltela.pt\/noticias\/2026\/02\/15\/klaebo-conquista-nove-medalhas-de-ouro-recorde\/"]}]},{"@type":"ImageObject","inLanguage":"pt-PT","@id":"https:\/\/portaltela.pt\/noticias\/2026\/02\/15\/klaebo-conquista-nove-medalhas-de-ouro-recorde\/#primaryimage","url":"https:\/\/portaltela.pt\/s.01k8rhncp4jt1\/2026\/02\/2067449.jpg","contentUrl":"https:\/\/portaltela.pt\/s.01k8rhncp4jt1\/2026\/02\/2067449.jpg","width":796,"height":448,"caption":"Mais uma medalha de ouro para a colec\u00e7\u00e3o de Klaebo"},{"@type":"BreadcrumbList","@id":"https:\/\/portaltela.pt\/noticias\/2026\/02\/15\/klaebo-conquista-nove-medalhas-de-ouro-recorde\/#breadcrumb","itemListElement":[{"@type":"ListItem","position":1,"name":"In\u00edcio","item":"https:\/\/portaltela.pt\/"},{"@type":"ListItem","position":2,"name":"Klaebo conquista nove medalhas de ouro, recorde"}]},{"@type":"WebSite","@id":"https:\/\/portaltela.pt\/#website","url":"https:\/\/portaltela.pt\/","name":"Portal Tela Portugal","description":"","potentialAction":[{"@type":"SearchAction","target":{"@type":"EntryPoint","urlTemplate":"https:\/\/portaltela.pt\/?s={search_term_string}"},"query-input":{"@type":"PropertyValueSpecification","valueRequired":true,"valueName":"search_term_string"}}],"inLanguage":"pt-PT"},{"@type":"Person","@id":"https:\/\/portaltela.pt\/#\/schema\/person\/c4278d4a6028830caff9ee44b42d32ed","name":"Telinha","image":{"@type":"ImageObject","inLanguage":"pt-PT","@id":"https:\/\/portaltela.pt\/s.01k8rhncp4jt1\/2025\/11\/talking-bot-125x125.png","url":"https:\/\/portaltela.pt\/s.01k8rhncp4jt1\/2025\/11\/talking-bot-125x125.png","contentUrl":"https:\/\/portaltela.pt\/s.01k8rhncp4jt1\/2025\/11\/talking-bot-125x125.png","caption":"Telinha"},"sameAs":["https:\/\/portaltela.pt\/"],"url":"https:\/\/portaltela.pt\/por\/367410592786\/"}]}},"_links":{"self":[{"href":"https:\/\/portaltela.pt\/api\/wp\/v2\/posts\/213484","targetHints":{"allow":["GET"]}}],"collection":[{"href":"https:\/\/portaltela.pt\/api\/wp\/v2\/posts"}],"about":[{"href":"https:\/\/portaltela.pt\/api\/wp\/v2\/types\/post"}],"author":[{"embeddable":true,"href":"https:\/\/portaltela.pt\/api\/wp\/v2\/users\/2"}],"replies":[{"embeddable":true,"href":"https:\/\/portaltela.pt\/api\/wp\/v2\/comments?post=213484"}],"version-history":[{"count":0,"href":"https:\/\/portaltela.pt\/api\/wp\/v2\/posts\/213484\/revisions"}],"wp:featuredmedia":[{"embeddable":true,"href":"https:\/\/portaltela.pt\/api\/wp\/v2\/media\/213487"}],"wp:attachment":[{"href":"https:\/\/portaltela.pt\/api\/wp\/v2\/media?parent=213484"}],"wp:term":[{"taxonomy":"category","embeddable":true,"href":"https:\/\/portaltela.pt\/api\/wp\/v2\/categories?post=213484"},{"taxonomy":"post_tag","embeddable":true,"href":"https:\/\/portaltela.pt\/api\/wp\/v2\/tags?post=213484"}],"curies":[{"name":"wp","href":"https:\/\/api.w.org\/{rel}","templated":true}]}}