{"id":213467,"date":"2026-02-15T12:59:04","date_gmt":"2026-02-15T15:59:04","guid":{"rendered":"https:\/\/portaltela.pt\/noticias\/2026\/02\/15\/indisposicao-impede-barisic-de-atuar-no-jogo-em-barcelos\/"},"modified":"2026-02-15T12:59:04","modified_gmt":"2026-02-15T15:59:04","slug":"indisposicao-impede-barisic-de-atuar-no-jogo-em-barcelos","status":"publish","type":"post","link":"https:\/\/portaltela.pt\/desporto\/futebol\/2026\/02\/15\/indisposicao-impede-barisic-de-atuar-no-jogo-em-barcelos\/","title":{"rendered":"Indisposi\u00e7\u00e3o impede Barisic de atuar no jogo em Barcelos"},"content":{"rendered":"<p>O duelo entre Gil Vicente e Braga, em Barcelos, terminou com uma derrota dos arsenalistas por 2-1. A partida registou uma substitui\u00e7\u00e3o aos 73 minutos, quando Adrian Barisic saiu para dar lugar a Paulo Oliveira. O jogo j\u00e1 se encontrava empatado a uma bola.<\/p>\n<p>Segundo informa\u00e7\u00f5es recolhidas, Barisic, internacional bosn\u00edaco e refor\u00e7o de inverno de Braga, sofreu uma indisposi\u00e7\u00e3o que o vinha a afetar nos dias anteriores. Essa condi\u00e7\u00e3o impediu a continuidade do jogador no encontro.<\/p>\n<p>A substitui\u00e7\u00e3o foi efetuada no momento em que o resultado aindapenderia entre as duas equipas, e Paulo Oliveira entrou para ocupar o lugar de Barisic. A equipa visitante procurou manter o equil\u00edbrio ap\u00f3s o recuo for\u00e7ado.<\/p>\n","protected":false},"excerpt":{"rendered":"<ul>\n<li>No jogo frente ao Gil Vicente, a derrota por 2-1 levou Barisic a sair aos 73 minutos, entrando Paulo Oliveira para o seu lugar.<\/li>\n<li>O encontro encontrava-se empatado a uma bola antes da substitui\u00e7\u00e3o.<\/li>\n<li>Barisic, internacional b\u00f3snio e refor\u00e7o de inverno dos arsenalistas, foi travado por uma indisposi\u00e7\u00e3o que o vinha a afectar nos dias anteriores.<\/li>\n<li>A indisposi\u00e7\u00e3o impediu a continuidade do jogador no duelo de Barcelos.<\/li>\n<li>O atleta chegou ao clube no mercado de inverno como refor\u00e7o da equipa.<\/li>\n<\/ul>\n","protected":false},"author":2,"featured_media":213468,"comment_status":"closed","ping_status":"closed","sticky":false,"template":"","format":"standard","meta":{"footnotes":""},"categories":[21,24],"tags":[1027,1207,5339,152,32,5709],"class_list":["post-213467","post","type-post","status-publish","format-standard","has-post-thumbnail","hentry","category-desporto","category-futebol","tag-barcelos","tag-braga","tag-derrotas","tag-desporto","tag-futebol","tag-substituicoes"],"yoast_head":"<!-- This site is optimized with the Yoast SEO plugin v27.2 - https:\/\/yoast.com\/product\/yoast-seo-wordpress\/ -->\n<title>Indisposi\u00e7\u00e3o impede Barisic de atuar no jogo em Barcelos - Portal Tela Portugal<\/title>\n<meta name=\"robots\" content=\"index, follow, max-snippet:-1, max-image-preview:large, max-video-preview:-1\" \/>\n<meta property=\"og:locale\" content=\"pt_PT\" \/>\n<meta property=\"og:type\" content=\"article\" \/>\n<meta property=\"og:title\" content=\"Indisposi\u00e7\u00e3o impede Barisic de atuar no jogo em Barcelos - Portal Tela Portugal\" \/>\n<meta property=\"og:description\" content=\"No jogo frente ao Gil Vicente, a derrota por 2-1 levou Barisic a sair aos 73 minutos, entrando Paulo Oliveira para o seu lugar. O encontro encontrava-se empatado a uma bola antes da substitui\u00e7\u00e3o. Barisic, internacional b\u00f3snio e refor\u00e7o de inverno dos arsenalistas, foi travado por uma indisposi\u00e7\u00e3o que o vinha a afectar nos dias anteriores. A indisposi\u00e7\u00e3o impediu a continuidade do jogador no duelo de Barcelos. O atleta chegou ao clube no mercado de inverno como refor\u00e7o da equipa.\" \/>\n<meta property=\"og:url\" content=\"https:\/\/portaltela.pt\/noticias\/2026\/02\/15\/indisposicao-impede-barisic-de-atuar-no-jogo-em-barcelos\/\" \/>\n<meta property=\"og:site_name\" content=\"Portal Tela Portugal\" \/>\n<meta property=\"article:published_time\" content=\"2026-02-15T15:59:04+00:00\" \/>\n<meta name=\"author\" content=\"Telinha\" \/>\n<meta name=\"twitter:card\" content=\"summary_large_image\" \/>\n<meta name=\"twitter:label1\" content=\"Escrito por\" \/>\n\t<meta name=\"twitter:data1\" content=\"Telinha\" \/>\n\t<meta name=\"twitter:label2\" content=\"Tempo estimado de leitura\" \/>\n\t<meta name=\"twitter:data2\" content=\"1 minuto\" \/>\n<script type=\"application\/ld+json\" class=\"yoast-schema-graph\">{\"@context\":\"https:\/\/schema.org\",\"@graph\":[{\"@type\":\"Article\",\"@id\":\"https:\/\/portaltela.pt\/noticias\/2026\/02\/15\/indisposicao-impede-barisic-de-atuar-no-jogo-em-barcelos\/#article\",\"isPartOf\":{\"@id\":\"https:\/\/portaltela.pt\/noticias\/2026\/02\/15\/indisposicao-impede-barisic-de-atuar-no-jogo-em-barcelos\/\"},\"author\":{\"name\":\"Telinha\",\"@id\":\"https:\/\/portaltela.pt\/#\/schema\/person\/c4278d4a6028830caff9ee44b42d32ed\"},\"headline\":\"Indisposi\u00e7\u00e3o impede Barisic de atuar no jogo em Barcelos\",\"datePublished\":\"2026-02-15T15:59:04+00:00\",\"mainEntityOfPage\":{\"@id\":\"https:\/\/portaltela.pt\/noticias\/2026\/02\/15\/indisposicao-impede-barisic-de-atuar-no-jogo-em-barcelos\/\"},\"wordCount\":131,\"image\":{\"@id\":\"https:\/\/portaltela.pt\/noticias\/2026\/02\/15\/indisposicao-impede-barisic-de-atuar-no-jogo-em-barcelos\/#primaryimage\"},\"thumbnailUrl\":\"https:\/\/portaltela.pt\/s.01k8rhncp4jt1\/2026\/02\/img_920x518uu2026-02-15-15-57-31-2421786-im-639067678675125021.jpg\",\"keywords\":[\"Barcelos\",\"Braga\",\"derrotas\",\"desporto\",\"futebol\",\"substitui\u00e7\u00f5es\"],\"articleSection\":[\"Desporto\",\"Futebol\"],\"inLanguage\":\"pt-PT\"},{\"@type\":\"WebPage\",\"@id\":\"https:\/\/portaltela.pt\/noticias\/2026\/02\/15\/indisposicao-impede-barisic-de-atuar-no-jogo-em-barcelos\/\",\"url\":\"https:\/\/portaltela.pt\/noticias\/2026\/02\/15\/indisposicao-impede-barisic-de-atuar-no-jogo-em-barcelos\/\",\"name\":\"Indisposi\u00e7\u00e3o impede Barisic de atuar no jogo em Barcelos - Portal Tela Portugal\",\"isPartOf\":{\"@id\":\"https:\/\/portaltela.pt\/#website\"},\"primaryImageOfPage\":{\"@id\":\"https:\/\/portaltela.pt\/noticias\/2026\/02\/15\/indisposicao-impede-barisic-de-atuar-no-jogo-em-barcelos\/#primaryimage\"},\"image\":{\"@id\":\"https:\/\/portaltela.pt\/noticias\/2026\/02\/15\/indisposicao-impede-barisic-de-atuar-no-jogo-em-barcelos\/#primaryimage\"},\"thumbnailUrl\":\"https:\/\/portaltela.pt\/s.01k8rhncp4jt1\/2026\/02\/img_920x518uu2026-02-15-15-57-31-2421786-im-639067678675125021.jpg\",\"datePublished\":\"2026-02-15T15:59:04+00:00\",\"author\":{\"@id\":\"https:\/\/portaltela.pt\/#\/schema\/person\/c4278d4a6028830caff9ee44b42d32ed\"},\"breadcrumb\":{\"@id\":\"https:\/\/portaltela.pt\/noticias\/2026\/02\/15\/indisposicao-impede-barisic-de-atuar-no-jogo-em-barcelos\/#breadcrumb\"},\"inLanguage\":\"pt-PT\",\"potentialAction\":[{\"@type\":\"ReadAction\",\"target\":[\"https:\/\/portaltela.pt\/noticias\/2026\/02\/15\/indisposicao-impede-barisic-de-atuar-no-jogo-em-barcelos\/\"]}]},{\"@type\":\"ImageObject\",\"inLanguage\":\"pt-PT\",\"@id\":\"https:\/\/portaltela.pt\/noticias\/2026\/02\/15\/indisposicao-impede-barisic-de-atuar-no-jogo-em-barcelos\/#primaryimage\",\"url\":\"https:\/\/portaltela.pt\/s.01k8rhncp4jt1\/2026\/02\/img_920x518uu2026-02-15-15-57-31-2421786-im-639067678675125021.jpg\",\"contentUrl\":\"https:\/\/portaltela.pt\/s.01k8rhncp4jt1\/2026\/02\/img_920x518uu2026-02-15-15-57-31-2421786-im-639067678675125021.jpg\",\"width\":796,\"height\":448,\"caption\":\"Barisic\"},{\"@type\":\"BreadcrumbList\",\"@id\":\"https:\/\/portaltela.pt\/noticias\/2026\/02\/15\/indisposicao-impede-barisic-de-atuar-no-jogo-em-barcelos\/#breadcrumb\",\"itemListElement\":[{\"@type\":\"ListItem\",\"position\":1,\"name\":\"In\u00edcio\",\"item\":\"https:\/\/portaltela.pt\/\"},{\"@type\":\"ListItem\",\"position\":2,\"name\":\"Indisposi\u00e7\u00e3o impede Barisic de atuar no jogo em Barcelos\"}]},{\"@type\":\"WebSite\",\"@id\":\"https:\/\/portaltela.pt\/#website\",\"url\":\"https:\/\/portaltela.pt\/\",\"name\":\"Portal Tela Portugal\",\"description\":\"\",\"potentialAction\":[{\"@type\":\"SearchAction\",\"target\":{\"@type\":\"EntryPoint\",\"urlTemplate\":\"https:\/\/portaltela.pt\/?s={search_term_string}\"},\"query-input\":{\"@type\":\"PropertyValueSpecification\",\"valueRequired\":true,\"valueName\":\"search_term_string\"}}],\"inLanguage\":\"pt-PT\"},{\"@type\":\"Person\",\"@id\":\"https:\/\/portaltela.pt\/#\/schema\/person\/c4278d4a6028830caff9ee44b42d32ed\",\"name\":\"Telinha\",\"image\":{\"@type\":\"ImageObject\",\"inLanguage\":\"pt-PT\",\"@id\":\"https:\/\/portaltela.pt\/s.01k8rhncp4jt1\/2025\/11\/talking-bot-125x125.png\",\"url\":\"https:\/\/portaltela.pt\/s.01k8rhncp4jt1\/2025\/11\/talking-bot-125x125.png\",\"contentUrl\":\"https:\/\/portaltela.pt\/s.01k8rhncp4jt1\/2025\/11\/talking-bot-125x125.png\",\"caption\":\"Telinha\"},\"sameAs\":[\"https:\/\/portaltela.pt\/\"],\"url\":\"https:\/\/portaltela.pt\/por\/367410592786\/\"}]}<\/script>\n<!-- \/ Yoast SEO plugin. -->","yoast_head_json":{"title":"Indisposi\u00e7\u00e3o impede Barisic de atuar no jogo em Barcelos - Portal Tela Portugal","robots":{"index":"index","follow":"follow","max-snippet":"max-snippet:-1","max-image-preview":"max-image-preview:large","max-video-preview":"max-video-preview:-1"},"og_locale":"pt_PT","og_type":"article","og_title":"Indisposi\u00e7\u00e3o impede Barisic de atuar no jogo em Barcelos - Portal Tela Portugal","og_description":"No jogo frente ao Gil Vicente, a derrota por 2-1 levou Barisic a sair aos 73 minutos, entrando Paulo Oliveira para o seu lugar. O encontro encontrava-se empatado a uma bola antes da substitui\u00e7\u00e3o. Barisic, internacional b\u00f3snio e refor\u00e7o de inverno dos arsenalistas, foi travado por uma indisposi\u00e7\u00e3o que o vinha a afectar nos dias anteriores. A indisposi\u00e7\u00e3o impediu a continuidade do jogador no duelo de Barcelos. O atleta chegou ao clube no mercado de inverno como refor\u00e7o da equipa.","og_url":"https:\/\/portaltela.pt\/noticias\/2026\/02\/15\/indisposicao-impede-barisic-de-atuar-no-jogo-em-barcelos\/","og_site_name":"Portal Tela Portugal","article_published_time":"2026-02-15T15:59:04+00:00","author":"Telinha","twitter_card":"summary_large_image","twitter_misc":{"Escrito por":"Telinha","Tempo estimado de leitura":"1 minuto"},"schema":{"@context":"https:\/\/schema.org","@graph":[{"@type":"Article","@id":"https:\/\/portaltela.pt\/noticias\/2026\/02\/15\/indisposicao-impede-barisic-de-atuar-no-jogo-em-barcelos\/#article","isPartOf":{"@id":"https:\/\/portaltela.pt\/noticias\/2026\/02\/15\/indisposicao-impede-barisic-de-atuar-no-jogo-em-barcelos\/"},"author":{"name":"Telinha","@id":"https:\/\/portaltela.pt\/#\/schema\/person\/c4278d4a6028830caff9ee44b42d32ed"},"headline":"Indisposi\u00e7\u00e3o impede Barisic de atuar no jogo em Barcelos","datePublished":"2026-02-15T15:59:04+00:00","mainEntityOfPage":{"@id":"https:\/\/portaltela.pt\/noticias\/2026\/02\/15\/indisposicao-impede-barisic-de-atuar-no-jogo-em-barcelos\/"},"wordCount":131,"image":{"@id":"https:\/\/portaltela.pt\/noticias\/2026\/02\/15\/indisposicao-impede-barisic-de-atuar-no-jogo-em-barcelos\/#primaryimage"},"thumbnailUrl":"https:\/\/portaltela.pt\/s.01k8rhncp4jt1\/2026\/02\/img_920x518uu2026-02-15-15-57-31-2421786-im-639067678675125021.jpg","keywords":["Barcelos","Braga","derrotas","desporto","futebol","substitui\u00e7\u00f5es"],"articleSection":["Desporto","Futebol"],"inLanguage":"pt-PT"},{"@type":"WebPage","@id":"https:\/\/portaltela.pt\/noticias\/2026\/02\/15\/indisposicao-impede-barisic-de-atuar-no-jogo-em-barcelos\/","url":"https:\/\/portaltela.pt\/noticias\/2026\/02\/15\/indisposicao-impede-barisic-de-atuar-no-jogo-em-barcelos\/","name":"Indisposi\u00e7\u00e3o impede Barisic de atuar no jogo em Barcelos - Portal Tela Portugal","isPartOf":{"@id":"https:\/\/portaltela.pt\/#website"},"primaryImageOfPage":{"@id":"https:\/\/portaltela.pt\/noticias\/2026\/02\/15\/indisposicao-impede-barisic-de-atuar-no-jogo-em-barcelos\/#primaryimage"},"image":{"@id":"https:\/\/portaltela.pt\/noticias\/2026\/02\/15\/indisposicao-impede-barisic-de-atuar-no-jogo-em-barcelos\/#primaryimage"},"thumbnailUrl":"https:\/\/portaltela.pt\/s.01k8rhncp4jt1\/2026\/02\/img_920x518uu2026-02-15-15-57-31-2421786-im-639067678675125021.jpg","datePublished":"2026-02-15T15:59:04+00:00","author":{"@id":"https:\/\/portaltela.pt\/#\/schema\/person\/c4278d4a6028830caff9ee44b42d32ed"},"breadcrumb":{"@id":"https:\/\/portaltela.pt\/noticias\/2026\/02\/15\/indisposicao-impede-barisic-de-atuar-no-jogo-em-barcelos\/#breadcrumb"},"inLanguage":"pt-PT","potentialAction":[{"@type":"ReadAction","target":["https:\/\/portaltela.pt\/noticias\/2026\/02\/15\/indisposicao-impede-barisic-de-atuar-no-jogo-em-barcelos\/"]}]},{"@type":"ImageObject","inLanguage":"pt-PT","@id":"https:\/\/portaltela.pt\/noticias\/2026\/02\/15\/indisposicao-impede-barisic-de-atuar-no-jogo-em-barcelos\/#primaryimage","url":"https:\/\/portaltela.pt\/s.01k8rhncp4jt1\/2026\/02\/img_920x518uu2026-02-15-15-57-31-2421786-im-639067678675125021.jpg","contentUrl":"https:\/\/portaltela.pt\/s.01k8rhncp4jt1\/2026\/02\/img_920x518uu2026-02-15-15-57-31-2421786-im-639067678675125021.jpg","width":796,"height":448,"caption":"Barisic"},{"@type":"BreadcrumbList","@id":"https:\/\/portaltela.pt\/noticias\/2026\/02\/15\/indisposicao-impede-barisic-de-atuar-no-jogo-em-barcelos\/#breadcrumb","itemListElement":[{"@type":"ListItem","position":1,"name":"In\u00edcio","item":"https:\/\/portaltela.pt\/"},{"@type":"ListItem","position":2,"name":"Indisposi\u00e7\u00e3o impede Barisic de atuar no jogo em Barcelos"}]},{"@type":"WebSite","@id":"https:\/\/portaltela.pt\/#website","url":"https:\/\/portaltela.pt\/","name":"Portal Tela Portugal","description":"","potentialAction":[{"@type":"SearchAction","target":{"@type":"EntryPoint","urlTemplate":"https:\/\/portaltela.pt\/?s={search_term_string}"},"query-input":{"@type":"PropertyValueSpecification","valueRequired":true,"valueName":"search_term_string"}}],"inLanguage":"pt-PT"},{"@type":"Person","@id":"https:\/\/portaltela.pt\/#\/schema\/person\/c4278d4a6028830caff9ee44b42d32ed","name":"Telinha","image":{"@type":"ImageObject","inLanguage":"pt-PT","@id":"https:\/\/portaltela.pt\/s.01k8rhncp4jt1\/2025\/11\/talking-bot-125x125.png","url":"https:\/\/portaltela.pt\/s.01k8rhncp4jt1\/2025\/11\/talking-bot-125x125.png","contentUrl":"https:\/\/portaltela.pt\/s.01k8rhncp4jt1\/2025\/11\/talking-bot-125x125.png","caption":"Telinha"},"sameAs":["https:\/\/portaltela.pt\/"],"url":"https:\/\/portaltela.pt\/por\/367410592786\/"}]}},"_links":{"self":[{"href":"https:\/\/portaltela.pt\/api\/wp\/v2\/posts\/213467","targetHints":{"allow":["GET"]}}],"collection":[{"href":"https:\/\/portaltela.pt\/api\/wp\/v2\/posts"}],"about":[{"href":"https:\/\/portaltela.pt\/api\/wp\/v2\/types\/post"}],"author":[{"embeddable":true,"href":"https:\/\/portaltela.pt\/api\/wp\/v2\/users\/2"}],"replies":[{"embeddable":true,"href":"https:\/\/portaltela.pt\/api\/wp\/v2\/comments?post=213467"}],"version-history":[{"count":0,"href":"https:\/\/portaltela.pt\/api\/wp\/v2\/posts\/213467\/revisions"}],"wp:featuredmedia":[{"embeddable":true,"href":"https:\/\/portaltela.pt\/api\/wp\/v2\/media\/213468"}],"wp:attachment":[{"href":"https:\/\/portaltela.pt\/api\/wp\/v2\/media?parent=213467"}],"wp:term":[{"taxonomy":"category","embeddable":true,"href":"https:\/\/portaltela.pt\/api\/wp\/v2\/categories?post=213467"},{"taxonomy":"post_tag","embeddable":true,"href":"https:\/\/portaltela.pt\/api\/wp\/v2\/tags?post=213467"}],"curies":[{"name":"wp","href":"https:\/\/api.w.org\/{rel}","templated":true}]}}