{"id":213458,"date":"2026-02-15T12:46:56","date_gmt":"2026-02-15T15:46:56","guid":{"rendered":"https:\/\/portaltela.pt\/noticias\/2026\/02\/15\/mural-de-maria-callas-em-kalamata-e-considerado-o-melhor-do-mundo\/"},"modified":"2026-02-15T12:46:56","modified_gmt":"2026-02-15T15:46:56","slug":"mural-de-maria-callas-em-kalamata-e-considerado-o-melhor-do-mundo","status":"publish","type":"post","link":"https:\/\/portaltela.pt\/noticias\/2026\/02\/15\/mural-de-maria-callas-em-kalamata-e-considerado-o-melhor-do-mundo\/","title":{"rendered":"Mural de Maria Callas em Kalamata \u00e9 considerado o melhor do mundo"},"content":{"rendered":"<p>Kalamata, no Peloponeso, abra\u00e7a uma nova atra\u00e7\u00e3o p\u00fablica com o mural gigante que ficou conhecido como o melhor do mundo em 2025. A obra presta homenagem a Maria Callas, cuja fam\u00edlia tem ra\u00edzes na regi\u00e3o, e simboliza simultaneamente a cidade atrav\u00e9s de uma figura humana.<\/p>\n<p>O autor Cleomenis Kostopoulos explicou que escolheu Callas para encarnar Kalamata por transmitir uma imagem mais pr\u00f3xima e natural da cidade. Segundo o artista, o mural n\u00e3o se chama Maria Callas, mas Kalamata, com o objetivo de representar a cidade de forma aleg\u00f3rica.<\/p>\n<p>A execu\u00e7\u00e3o exigiu cerca de duas semanas de trabalho num m\u00eas marcado pelo mau tempo. Foram usados pinc\u00e9is, sprays e uma grua para cobrir todo o mural, que integra elementos como ramos, p\u00e1ssaros e s\u00edmbolos agr\u00edcolas ligados \u00e0 terra.<\/p>\n<h3>Significado e impacto<\/h3>\n<p>O vice-presidente da C\u00e2mara Municipal, respons\u00e1vel pelo Planeamento Estrat\u00e9gico e pela Neutralidade Clim\u00e1tica, destacou a import\u00e2ncia do projeto como novo marco da cidade. O mural tem atra\u00eddo visitantes e gerado partilha intensa nas redes sociais, com as hashtags associadas a Kalamata e Maria Callas em alta.<\/p>\n<p>Promovido como um elo entre tradi\u00e7\u00e3o, arte e identidade cultural, o projeto tamb\u00e9m se alinha com o objetivo de Kalamata de alcan\u00e7ar neutralidade clim\u00e1tica at\u00e9 2030, oferecendo uma ponte visual entre o passado e a ind\u00fastria agr\u00edcola da regi\u00e3o.<\/p>\n","protected":false},"excerpt":{"rendered":"<ul>\n<li>Kalamata, na Gr\u00e9cia, tem um mural gigante considerado o melhor do mundo em 2025, homenagem a Maria Callas e \u00e0 cidade.<\/li>\n<li>O artista Cleomenis Kostopoulos diz que a obra encarna Kalamata de forma humana, com Callas a representar a cidade.<\/li>\n<li>O mural levou cerca de duas semanas de trabalho num m\u00eas, com pinc\u00e9is, sprays e uma grua, dificultado pelo mau tempo.<\/li>\n<li>O vestido de Callas simboliza o florescimento, a abund\u00e2ncia e a terra aben\u00e7oada da regi\u00e3o, com ramos, p\u00e1ssaros e produtos agr\u00edcolas na composi\u00e7\u00e3o.<\/li>\n<li>O projeto pretende promover Kalamata como destino tur\u00edstico e apoiar a meta de neutralidade clim\u00e1tica at\u00e9 2030, com as hashtags #Kalamata e #MariaCallas a ganhar divulga\u00e7\u00e3o.<\/li>\n<\/ul>\n","protected":false},"author":2,"featured_media":213460,"comment_status":"closed","ping_status":"closed","sticky":false,"template":"","format":"standard","meta":{"footnotes":""},"categories":[1],"tags":[70,145,3137,1843,1175,169],"class_list":["post-213458","post","type-post","status-publish","format-standard","has-post-thumbnail","hentry","category-noticias","tag-arte","tag-cultura","tag-grecia","tag-neutralidade-carbonica","tag-patrimonio-cultural","tag-turismo"],"yoast_head":"<!-- This site is optimized with the Yoast SEO plugin v27.2 - https:\/\/yoast.com\/product\/yoast-seo-wordpress\/ -->\n<title>Mural de Maria Callas em Kalamata \u00e9 considerado o melhor do mundo - Portal Tela Portugal<\/title>\n<meta name=\"robots\" content=\"index, follow, max-snippet:-1, max-image-preview:large, max-video-preview:-1\" \/>\n<meta property=\"og:locale\" content=\"pt_PT\" \/>\n<meta property=\"og:type\" content=\"article\" \/>\n<meta property=\"og:title\" content=\"Mural de Maria Callas em Kalamata \u00e9 considerado o melhor do mundo - Portal Tela Portugal\" \/>\n<meta property=\"og:description\" content=\"Kalamata, na Gr\u00e9cia, tem um mural gigante considerado o melhor do mundo em 2025, homenagem a Maria Callas e \u00e0 cidade. O artista Cleomenis Kostopoulos diz que a obra encarna Kalamata de forma humana, com Callas a representar a cidade. O mural levou cerca de duas semanas de trabalho num m\u00eas, com pinc\u00e9is, sprays e uma grua, dificultado pelo mau tempo. O vestido de Callas simboliza o florescimento, a abund\u00e2ncia e a terra aben\u00e7oada da regi\u00e3o, com ramos, p\u00e1ssaros e produtos agr\u00edcolas na composi\u00e7\u00e3o. O projeto pretende promover Kalamata como destino tur\u00edstico e apoiar a meta de neutralidade clim\u00e1tica at\u00e9 2030, com as hashtags #Kalamata e #MariaCallas a ganhar divulga\u00e7\u00e3o.\" \/>\n<meta property=\"og:url\" content=\"https:\/\/portaltela.pt\/noticias\/2026\/02\/15\/mural-de-maria-callas-em-kalamata-e-considerado-o-melhor-do-mundo\/\" \/>\n<meta property=\"og:site_name\" content=\"Portal Tela Portugal\" \/>\n<meta property=\"article:published_time\" content=\"2026-02-15T15:46:56+00:00\" \/>\n<meta name=\"author\" content=\"Telinha\" \/>\n<meta name=\"twitter:card\" content=\"summary_large_image\" \/>\n<meta name=\"twitter:label1\" content=\"Escrito por\" \/>\n\t<meta name=\"twitter:data1\" content=\"Telinha\" \/>\n\t<meta name=\"twitter:label2\" content=\"Tempo estimado de leitura\" \/>\n\t<meta name=\"twitter:data2\" content=\"1 minuto\" \/>\n<script type=\"application\/ld+json\" class=\"yoast-schema-graph\">{\"@context\":\"https:\/\/schema.org\",\"@graph\":[{\"@type\":\"Article\",\"@id\":\"https:\/\/portaltela.pt\/noticias\/2026\/02\/15\/mural-de-maria-callas-em-kalamata-e-considerado-o-melhor-do-mundo\/#article\",\"isPartOf\":{\"@id\":\"https:\/\/portaltela.pt\/noticias\/2026\/02\/15\/mural-de-maria-callas-em-kalamata-e-considerado-o-melhor-do-mundo\/\"},\"author\":{\"name\":\"Telinha\",\"@id\":\"https:\/\/portaltela.pt\/#\/schema\/person\/c4278d4a6028830caff9ee44b42d32ed\"},\"headline\":\"Mural de Maria Callas em Kalamata \u00e9 considerado o melhor do mundo\",\"datePublished\":\"2026-02-15T15:46:56+00:00\",\"mainEntityOfPage\":{\"@id\":\"https:\/\/portaltela.pt\/noticias\/2026\/02\/15\/mural-de-maria-callas-em-kalamata-e-considerado-o-melhor-do-mundo\/\"},\"wordCount\":252,\"image\":{\"@id\":\"https:\/\/portaltela.pt\/noticias\/2026\/02\/15\/mural-de-maria-callas-em-kalamata-e-considerado-o-melhor-do-mundo\/#primaryimage\"},\"thumbnailUrl\":\"https:\/\/portaltela.pt\/s.01k8rhncp4jt1\/2026\/02\/1536x864_cmsv2_d227a070-acf0-53c9-a702-d2f67c4412b2-9651042.jpg\",\"keywords\":[\"arte\",\"cultura\",\"Gr\u00e9cia\",\"neutralidade carb\u00f3nica\",\"Patrim\u00f3nio Cultural\",\"turismo\"],\"articleSection\":[\"Not\u00edcias\"],\"inLanguage\":\"pt-PT\"},{\"@type\":\"WebPage\",\"@id\":\"https:\/\/portaltela.pt\/noticias\/2026\/02\/15\/mural-de-maria-callas-em-kalamata-e-considerado-o-melhor-do-mundo\/\",\"url\":\"https:\/\/portaltela.pt\/noticias\/2026\/02\/15\/mural-de-maria-callas-em-kalamata-e-considerado-o-melhor-do-mundo\/\",\"name\":\"Mural de Maria Callas em Kalamata \u00e9 considerado o melhor do mundo - Portal Tela Portugal\",\"isPartOf\":{\"@id\":\"https:\/\/portaltela.pt\/#website\"},\"primaryImageOfPage\":{\"@id\":\"https:\/\/portaltela.pt\/noticias\/2026\/02\/15\/mural-de-maria-callas-em-kalamata-e-considerado-o-melhor-do-mundo\/#primaryimage\"},\"image\":{\"@id\":\"https:\/\/portaltela.pt\/noticias\/2026\/02\/15\/mural-de-maria-callas-em-kalamata-e-considerado-o-melhor-do-mundo\/#primaryimage\"},\"thumbnailUrl\":\"https:\/\/portaltela.pt\/s.01k8rhncp4jt1\/2026\/02\/1536x864_cmsv2_d227a070-acf0-53c9-a702-d2f67c4412b2-9651042.jpg\",\"datePublished\":\"2026-02-15T15:46:56+00:00\",\"author\":{\"@id\":\"https:\/\/portaltela.pt\/#\/schema\/person\/c4278d4a6028830caff9ee44b42d32ed\"},\"breadcrumb\":{\"@id\":\"https:\/\/portaltela.pt\/noticias\/2026\/02\/15\/mural-de-maria-callas-em-kalamata-e-considerado-o-melhor-do-mundo\/#breadcrumb\"},\"inLanguage\":\"pt-PT\",\"potentialAction\":[{\"@type\":\"ReadAction\",\"target\":[\"https:\/\/portaltela.pt\/noticias\/2026\/02\/15\/mural-de-maria-callas-em-kalamata-e-considerado-o-melhor-do-mundo\/\"]}]},{\"@type\":\"ImageObject\",\"inLanguage\":\"pt-PT\",\"@id\":\"https:\/\/portaltela.pt\/noticias\/2026\/02\/15\/mural-de-maria-callas-em-kalamata-e-considerado-o-melhor-do-mundo\/#primaryimage\",\"url\":\"https:\/\/portaltela.pt\/s.01k8rhncp4jt1\/2026\/02\/1536x864_cmsv2_d227a070-acf0-53c9-a702-d2f67c4412b2-9651042.jpg\",\"contentUrl\":\"https:\/\/portaltela.pt\/s.01k8rhncp4jt1\/2026\/02\/1536x864_cmsv2_d227a070-acf0-53c9-a702-d2f67c4412b2-9651042.jpg\",\"width\":796,\"height\":448,\"caption\":\"Maria Callas\"},{\"@type\":\"BreadcrumbList\",\"@id\":\"https:\/\/portaltela.pt\/noticias\/2026\/02\/15\/mural-de-maria-callas-em-kalamata-e-considerado-o-melhor-do-mundo\/#breadcrumb\",\"itemListElement\":[{\"@type\":\"ListItem\",\"position\":1,\"name\":\"In\u00edcio\",\"item\":\"https:\/\/portaltela.pt\/\"},{\"@type\":\"ListItem\",\"position\":2,\"name\":\"Mural de Maria Callas em Kalamata \u00e9 considerado o melhor do mundo\"}]},{\"@type\":\"WebSite\",\"@id\":\"https:\/\/portaltela.pt\/#website\",\"url\":\"https:\/\/portaltela.pt\/\",\"name\":\"Portal Tela Portugal\",\"description\":\"\",\"potentialAction\":[{\"@type\":\"SearchAction\",\"target\":{\"@type\":\"EntryPoint\",\"urlTemplate\":\"https:\/\/portaltela.pt\/?s={search_term_string}\"},\"query-input\":{\"@type\":\"PropertyValueSpecification\",\"valueRequired\":true,\"valueName\":\"search_term_string\"}}],\"inLanguage\":\"pt-PT\"},{\"@type\":\"Person\",\"@id\":\"https:\/\/portaltela.pt\/#\/schema\/person\/c4278d4a6028830caff9ee44b42d32ed\",\"name\":\"Telinha\",\"image\":{\"@type\":\"ImageObject\",\"inLanguage\":\"pt-PT\",\"@id\":\"https:\/\/portaltela.pt\/s.01k8rhncp4jt1\/2025\/11\/talking-bot-125x125.png\",\"url\":\"https:\/\/portaltela.pt\/s.01k8rhncp4jt1\/2025\/11\/talking-bot-125x125.png\",\"contentUrl\":\"https:\/\/portaltela.pt\/s.01k8rhncp4jt1\/2025\/11\/talking-bot-125x125.png\",\"caption\":\"Telinha\"},\"sameAs\":[\"https:\/\/portaltela.pt\/\"],\"url\":\"https:\/\/portaltela.pt\/por\/367410592786\/\"}]}<\/script>\n<!-- \/ Yoast SEO plugin. -->","yoast_head_json":{"title":"Mural de Maria Callas em Kalamata \u00e9 considerado o melhor do mundo - Portal Tela Portugal","robots":{"index":"index","follow":"follow","max-snippet":"max-snippet:-1","max-image-preview":"max-image-preview:large","max-video-preview":"max-video-preview:-1"},"og_locale":"pt_PT","og_type":"article","og_title":"Mural de Maria Callas em Kalamata \u00e9 considerado o melhor do mundo - Portal Tela Portugal","og_description":"Kalamata, na Gr\u00e9cia, tem um mural gigante considerado o melhor do mundo em 2025, homenagem a Maria Callas e \u00e0 cidade. O artista Cleomenis Kostopoulos diz que a obra encarna Kalamata de forma humana, com Callas a representar a cidade. O mural levou cerca de duas semanas de trabalho num m\u00eas, com pinc\u00e9is, sprays e uma grua, dificultado pelo mau tempo. O vestido de Callas simboliza o florescimento, a abund\u00e2ncia e a terra aben\u00e7oada da regi\u00e3o, com ramos, p\u00e1ssaros e produtos agr\u00edcolas na composi\u00e7\u00e3o. O projeto pretende promover Kalamata como destino tur\u00edstico e apoiar a meta de neutralidade clim\u00e1tica at\u00e9 2030, com as hashtags #Kalamata e #MariaCallas a ganhar divulga\u00e7\u00e3o.","og_url":"https:\/\/portaltela.pt\/noticias\/2026\/02\/15\/mural-de-maria-callas-em-kalamata-e-considerado-o-melhor-do-mundo\/","og_site_name":"Portal Tela Portugal","article_published_time":"2026-02-15T15:46:56+00:00","author":"Telinha","twitter_card":"summary_large_image","twitter_misc":{"Escrito por":"Telinha","Tempo estimado de leitura":"1 minuto"},"schema":{"@context":"https:\/\/schema.org","@graph":[{"@type":"Article","@id":"https:\/\/portaltela.pt\/noticias\/2026\/02\/15\/mural-de-maria-callas-em-kalamata-e-considerado-o-melhor-do-mundo\/#article","isPartOf":{"@id":"https:\/\/portaltela.pt\/noticias\/2026\/02\/15\/mural-de-maria-callas-em-kalamata-e-considerado-o-melhor-do-mundo\/"},"author":{"name":"Telinha","@id":"https:\/\/portaltela.pt\/#\/schema\/person\/c4278d4a6028830caff9ee44b42d32ed"},"headline":"Mural de Maria Callas em Kalamata \u00e9 considerado o melhor do mundo","datePublished":"2026-02-15T15:46:56+00:00","mainEntityOfPage":{"@id":"https:\/\/portaltela.pt\/noticias\/2026\/02\/15\/mural-de-maria-callas-em-kalamata-e-considerado-o-melhor-do-mundo\/"},"wordCount":252,"image":{"@id":"https:\/\/portaltela.pt\/noticias\/2026\/02\/15\/mural-de-maria-callas-em-kalamata-e-considerado-o-melhor-do-mundo\/#primaryimage"},"thumbnailUrl":"https:\/\/portaltela.pt\/s.01k8rhncp4jt1\/2026\/02\/1536x864_cmsv2_d227a070-acf0-53c9-a702-d2f67c4412b2-9651042.jpg","keywords":["arte","cultura","Gr\u00e9cia","neutralidade carb\u00f3nica","Patrim\u00f3nio Cultural","turismo"],"articleSection":["Not\u00edcias"],"inLanguage":"pt-PT"},{"@type":"WebPage","@id":"https:\/\/portaltela.pt\/noticias\/2026\/02\/15\/mural-de-maria-callas-em-kalamata-e-considerado-o-melhor-do-mundo\/","url":"https:\/\/portaltela.pt\/noticias\/2026\/02\/15\/mural-de-maria-callas-em-kalamata-e-considerado-o-melhor-do-mundo\/","name":"Mural de Maria Callas em Kalamata \u00e9 considerado o melhor do mundo - Portal Tela Portugal","isPartOf":{"@id":"https:\/\/portaltela.pt\/#website"},"primaryImageOfPage":{"@id":"https:\/\/portaltela.pt\/noticias\/2026\/02\/15\/mural-de-maria-callas-em-kalamata-e-considerado-o-melhor-do-mundo\/#primaryimage"},"image":{"@id":"https:\/\/portaltela.pt\/noticias\/2026\/02\/15\/mural-de-maria-callas-em-kalamata-e-considerado-o-melhor-do-mundo\/#primaryimage"},"thumbnailUrl":"https:\/\/portaltela.pt\/s.01k8rhncp4jt1\/2026\/02\/1536x864_cmsv2_d227a070-acf0-53c9-a702-d2f67c4412b2-9651042.jpg","datePublished":"2026-02-15T15:46:56+00:00","author":{"@id":"https:\/\/portaltela.pt\/#\/schema\/person\/c4278d4a6028830caff9ee44b42d32ed"},"breadcrumb":{"@id":"https:\/\/portaltela.pt\/noticias\/2026\/02\/15\/mural-de-maria-callas-em-kalamata-e-considerado-o-melhor-do-mundo\/#breadcrumb"},"inLanguage":"pt-PT","potentialAction":[{"@type":"ReadAction","target":["https:\/\/portaltela.pt\/noticias\/2026\/02\/15\/mural-de-maria-callas-em-kalamata-e-considerado-o-melhor-do-mundo\/"]}]},{"@type":"ImageObject","inLanguage":"pt-PT","@id":"https:\/\/portaltela.pt\/noticias\/2026\/02\/15\/mural-de-maria-callas-em-kalamata-e-considerado-o-melhor-do-mundo\/#primaryimage","url":"https:\/\/portaltela.pt\/s.01k8rhncp4jt1\/2026\/02\/1536x864_cmsv2_d227a070-acf0-53c9-a702-d2f67c4412b2-9651042.jpg","contentUrl":"https:\/\/portaltela.pt\/s.01k8rhncp4jt1\/2026\/02\/1536x864_cmsv2_d227a070-acf0-53c9-a702-d2f67c4412b2-9651042.jpg","width":796,"height":448,"caption":"Maria Callas"},{"@type":"BreadcrumbList","@id":"https:\/\/portaltela.pt\/noticias\/2026\/02\/15\/mural-de-maria-callas-em-kalamata-e-considerado-o-melhor-do-mundo\/#breadcrumb","itemListElement":[{"@type":"ListItem","position":1,"name":"In\u00edcio","item":"https:\/\/portaltela.pt\/"},{"@type":"ListItem","position":2,"name":"Mural de Maria Callas em Kalamata \u00e9 considerado o melhor do mundo"}]},{"@type":"WebSite","@id":"https:\/\/portaltela.pt\/#website","url":"https:\/\/portaltela.pt\/","name":"Portal Tela Portugal","description":"","potentialAction":[{"@type":"SearchAction","target":{"@type":"EntryPoint","urlTemplate":"https:\/\/portaltela.pt\/?s={search_term_string}"},"query-input":{"@type":"PropertyValueSpecification","valueRequired":true,"valueName":"search_term_string"}}],"inLanguage":"pt-PT"},{"@type":"Person","@id":"https:\/\/portaltela.pt\/#\/schema\/person\/c4278d4a6028830caff9ee44b42d32ed","name":"Telinha","image":{"@type":"ImageObject","inLanguage":"pt-PT","@id":"https:\/\/portaltela.pt\/s.01k8rhncp4jt1\/2025\/11\/talking-bot-125x125.png","url":"https:\/\/portaltela.pt\/s.01k8rhncp4jt1\/2025\/11\/talking-bot-125x125.png","contentUrl":"https:\/\/portaltela.pt\/s.01k8rhncp4jt1\/2025\/11\/talking-bot-125x125.png","caption":"Telinha"},"sameAs":["https:\/\/portaltela.pt\/"],"url":"https:\/\/portaltela.pt\/por\/367410592786\/"}]}},"_links":{"self":[{"href":"https:\/\/portaltela.pt\/api\/wp\/v2\/posts\/213458","targetHints":{"allow":["GET"]}}],"collection":[{"href":"https:\/\/portaltela.pt\/api\/wp\/v2\/posts"}],"about":[{"href":"https:\/\/portaltela.pt\/api\/wp\/v2\/types\/post"}],"author":[{"embeddable":true,"href":"https:\/\/portaltela.pt\/api\/wp\/v2\/users\/2"}],"replies":[{"embeddable":true,"href":"https:\/\/portaltela.pt\/api\/wp\/v2\/comments?post=213458"}],"version-history":[{"count":0,"href":"https:\/\/portaltela.pt\/api\/wp\/v2\/posts\/213458\/revisions"}],"wp:featuredmedia":[{"embeddable":true,"href":"https:\/\/portaltela.pt\/api\/wp\/v2\/media\/213460"}],"wp:attachment":[{"href":"https:\/\/portaltela.pt\/api\/wp\/v2\/media?parent=213458"}],"wp:term":[{"taxonomy":"category","embeddable":true,"href":"https:\/\/portaltela.pt\/api\/wp\/v2\/categories?post=213458"},{"taxonomy":"post_tag","embeddable":true,"href":"https:\/\/portaltela.pt\/api\/wp\/v2\/tags?post=213458"}],"curies":[{"name":"wp","href":"https:\/\/api.w.org\/{rel}","templated":true}]}}