{"id":213434,"date":"2026-02-15T12:08:00","date_gmt":"2026-02-15T15:08:00","guid":{"rendered":"https:\/\/portaltela.pt\/noticias\/2026\/02\/15\/imagens-de-drone-revelam-interior-do-mosteiro-de-santa-clara-a-velha-em-coimbra\/"},"modified":"2026-02-15T12:08:00","modified_gmt":"2026-02-15T15:08:00","slug":"imagens-de-drone-revelam-interior-do-mosteiro-de-santa-clara-a-velha-em-coimbra","status":"publish","type":"post","link":"https:\/\/portaltela.pt\/noticias\/economia\/2026\/02\/15\/imagens-de-drone-revelam-interior-do-mosteiro-de-santa-clara-a-velha-em-coimbra\/","title":{"rendered":"Imagens de drone revelam interior do Mosteiro de Santa Clara-a-Velha em Coimbra"},"content":{"rendered":"<p>O Mosteiro de Santa Clara-a-Velha, em Coimbra, foi mostrado por drones com o interior submerso. As imagens revelam o estado das estruturas diante das cheias provocadas pela subida do rio Mondego.<\/p>\n<p>O Matriz de Coimbra e outras zonas ficaram entre as \u00e1reas mais afetadas pelo mau tempo. O rio Mondego atingiu n\u00edveis elevados, causando alagamentos em \u00e1reas hist\u00f3ricas.<\/p>\n<p>As imagens de drone permitem verificar a extens\u00e3o da \u00e1gua dentro do mosteiro antigo, cuja localiza\u00e7\u00e3o fica junto ao centro hist\u00f3rico da cidade. Os trabalhos de restauro e monitoriza\u00e7\u00e3o continuam a avan\u00e7ar com base em condi\u00e7\u00f5es clim\u00e1ticas.<\/p>\n<p>N\u00e3o h\u00e1 detalhes sobre danos espec\u00edficos a pessoas no local. Autoridades municipais indicam que as cheias persistem em algumas zonas ribeirinhas, mantendo a vigil\u00e2ncia e as opera\u00e7\u00f5es de limpeza.<\/p>\n","protected":false},"excerpt":{"rendered":"<ul>\n<li>Imagens de drone mostram o interior do Mosteiro de Santa Clara-a-Velha, submerso em Coimbra.<\/li>\n<li>Coimbra esteve entre as regi\u00f5es mais afetadas pelo mau tempo, com a subida do rio Mondego.<\/li>\n<li>As imagens evidenciam \u00e1reas do mosteiro onde a \u00e1gua atingiu o interior.<\/li>\n<li>O fen\u00f3meno relacionado com o subida do Mondego ocorreu durante o epis\u00f3dio de mau tempo que afetou a regi\u00e3o.<\/li>\n<\/ul>\n","protected":false},"author":2,"featured_media":213436,"comment_status":"closed","ping_status":"closed","sticky":false,"template":"","format":"standard","meta":{"footnotes":""},"categories":[2,1],"tags":[3812,1070,299,5959,814,1175],"class_list":["post-213434","post","type-post","status-publish","format-standard","has-post-thumbnail","hentry","category-economia","category-noticias","tag-alagamentos","tag-coimbra","tag-historia","tag-monumentos-de-portugal","tag-patrimonio","tag-patrimonio-cultural"],"yoast_head":"<!-- This site is optimized with the Yoast SEO plugin v27.2 - https:\/\/yoast.com\/product\/yoast-seo-wordpress\/ -->\n<title>Imagens de drone revelam interior do Mosteiro de Santa Clara-a-Velha em Coimbra - Portal Tela Portugal<\/title>\n<meta name=\"robots\" content=\"index, follow, max-snippet:-1, max-image-preview:large, max-video-preview:-1\" \/>\n<meta property=\"og:locale\" content=\"pt_PT\" \/>\n<meta property=\"og:type\" content=\"article\" \/>\n<meta property=\"og:title\" content=\"Imagens de drone revelam interior do Mosteiro de Santa Clara-a-Velha em Coimbra - Portal Tela Portugal\" \/>\n<meta property=\"og:description\" content=\"Imagens de drone mostram o interior do Mosteiro de Santa Clara-a-Velha, submerso em Coimbra. Coimbra esteve entre as regi\u00f5es mais afetadas pelo mau tempo, com a subida do rio Mondego. As imagens evidenciam \u00e1reas do mosteiro onde a \u00e1gua atingiu o interior. O fen\u00f3meno relacionado com o subida do Mondego ocorreu durante o epis\u00f3dio de mau tempo que afetou a regi\u00e3o.\" \/>\n<meta property=\"og:url\" content=\"https:\/\/portaltela.pt\/noticias\/2026\/02\/15\/imagens-de-drone-revelam-interior-do-mosteiro-de-santa-clara-a-velha-em-coimbra\/\" \/>\n<meta property=\"og:site_name\" content=\"Portal Tela Portugal\" \/>\n<meta property=\"article:published_time\" content=\"2026-02-15T15:08:00+00:00\" \/>\n<meta name=\"author\" content=\"Telinha\" \/>\n<meta name=\"twitter:card\" content=\"summary_large_image\" \/>\n<meta name=\"twitter:label1\" content=\"Escrito por\" \/>\n\t<meta name=\"twitter:data1\" content=\"Telinha\" \/>\n\t<meta name=\"twitter:label2\" content=\"Tempo estimado de leitura\" \/>\n\t<meta name=\"twitter:data2\" content=\"1 minuto\" \/>\n<script type=\"application\/ld+json\" class=\"yoast-schema-graph\">{\"@context\":\"https:\/\/schema.org\",\"@graph\":[{\"@type\":\"Article\",\"@id\":\"https:\/\/portaltela.pt\/noticias\/2026\/02\/15\/imagens-de-drone-revelam-interior-do-mosteiro-de-santa-clara-a-velha-em-coimbra\/#article\",\"isPartOf\":{\"@id\":\"https:\/\/portaltela.pt\/noticias\/2026\/02\/15\/imagens-de-drone-revelam-interior-do-mosteiro-de-santa-clara-a-velha-em-coimbra\/\"},\"author\":{\"name\":\"Telinha\",\"@id\":\"https:\/\/portaltela.pt\/#\/schema\/person\/c4278d4a6028830caff9ee44b42d32ed\"},\"headline\":\"Imagens de drone revelam interior do Mosteiro de Santa Clara-a-Velha em Coimbra\",\"datePublished\":\"2026-02-15T15:08:00+00:00\",\"mainEntityOfPage\":{\"@id\":\"https:\/\/portaltela.pt\/noticias\/2026\/02\/15\/imagens-de-drone-revelam-interior-do-mosteiro-de-santa-clara-a-velha-em-coimbra\/\"},\"wordCount\":149,\"image\":{\"@id\":\"https:\/\/portaltela.pt\/noticias\/2026\/02\/15\/imagens-de-drone-revelam-interior-do-mosteiro-de-santa-clara-a-velha-em-coimbra\/#primaryimage\"},\"thumbnailUrl\":\"https:\/\/portaltela.pt\/s.01k8rhncp4jt1\/2026\/02\/img_1280x722uu2026-02-15-15-05-36-2267001.jpg\",\"keywords\":[\"alagamentos\",\"Coimbra\",\"hist\u00f3ria\",\"Monumentos de Portugal\",\"patrim\u00f3nio\",\"Patrim\u00f3nio Cultural\"],\"articleSection\":[\"Economia\",\"Not\u00edcias\"],\"inLanguage\":\"pt-PT\"},{\"@type\":\"WebPage\",\"@id\":\"https:\/\/portaltela.pt\/noticias\/2026\/02\/15\/imagens-de-drone-revelam-interior-do-mosteiro-de-santa-clara-a-velha-em-coimbra\/\",\"url\":\"https:\/\/portaltela.pt\/noticias\/2026\/02\/15\/imagens-de-drone-revelam-interior-do-mosteiro-de-santa-clara-a-velha-em-coimbra\/\",\"name\":\"Imagens de drone revelam interior do Mosteiro de Santa Clara-a-Velha em Coimbra - Portal Tela Portugal\",\"isPartOf\":{\"@id\":\"https:\/\/portaltela.pt\/#website\"},\"primaryImageOfPage\":{\"@id\":\"https:\/\/portaltela.pt\/noticias\/2026\/02\/15\/imagens-de-drone-revelam-interior-do-mosteiro-de-santa-clara-a-velha-em-coimbra\/#primaryimage\"},\"image\":{\"@id\":\"https:\/\/portaltela.pt\/noticias\/2026\/02\/15\/imagens-de-drone-revelam-interior-do-mosteiro-de-santa-clara-a-velha-em-coimbra\/#primaryimage\"},\"thumbnailUrl\":\"https:\/\/portaltela.pt\/s.01k8rhncp4jt1\/2026\/02\/img_1280x722uu2026-02-15-15-05-36-2267001.jpg\",\"datePublished\":\"2026-02-15T15:08:00+00:00\",\"author\":{\"@id\":\"https:\/\/portaltela.pt\/#\/schema\/person\/c4278d4a6028830caff9ee44b42d32ed\"},\"breadcrumb\":{\"@id\":\"https:\/\/portaltela.pt\/noticias\/2026\/02\/15\/imagens-de-drone-revelam-interior-do-mosteiro-de-santa-clara-a-velha-em-coimbra\/#breadcrumb\"},\"inLanguage\":\"pt-PT\",\"potentialAction\":[{\"@type\":\"ReadAction\",\"target\":[\"https:\/\/portaltela.pt\/noticias\/2026\/02\/15\/imagens-de-drone-revelam-interior-do-mosteiro-de-santa-clara-a-velha-em-coimbra\/\"]}]},{\"@type\":\"ImageObject\",\"inLanguage\":\"pt-PT\",\"@id\":\"https:\/\/portaltela.pt\/noticias\/2026\/02\/15\/imagens-de-drone-revelam-interior-do-mosteiro-de-santa-clara-a-velha-em-coimbra\/#primaryimage\",\"url\":\"https:\/\/portaltela.pt\/s.01k8rhncp4jt1\/2026\/02\/img_1280x722uu2026-02-15-15-05-36-2267001.jpg\",\"contentUrl\":\"https:\/\/portaltela.pt\/s.01k8rhncp4jt1\/2026\/02\/img_1280x722uu2026-02-15-15-05-36-2267001.jpg\",\"width\":796,\"height\":448,\"caption\":\"Imagens de drone revelam interior do Mosteiro de Santa Clara-a-Velha submerso em Coimbra\"},{\"@type\":\"BreadcrumbList\",\"@id\":\"https:\/\/portaltela.pt\/noticias\/2026\/02\/15\/imagens-de-drone-revelam-interior-do-mosteiro-de-santa-clara-a-velha-em-coimbra\/#breadcrumb\",\"itemListElement\":[{\"@type\":\"ListItem\",\"position\":1,\"name\":\"In\u00edcio\",\"item\":\"https:\/\/portaltela.pt\/\"},{\"@type\":\"ListItem\",\"position\":2,\"name\":\"Imagens de drone revelam interior do Mosteiro de Santa Clara-a-Velha em Coimbra\"}]},{\"@type\":\"WebSite\",\"@id\":\"https:\/\/portaltela.pt\/#website\",\"url\":\"https:\/\/portaltela.pt\/\",\"name\":\"Portal Tela Portugal\",\"description\":\"\",\"potentialAction\":[{\"@type\":\"SearchAction\",\"target\":{\"@type\":\"EntryPoint\",\"urlTemplate\":\"https:\/\/portaltela.pt\/?s={search_term_string}\"},\"query-input\":{\"@type\":\"PropertyValueSpecification\",\"valueRequired\":true,\"valueName\":\"search_term_string\"}}],\"inLanguage\":\"pt-PT\"},{\"@type\":\"Person\",\"@id\":\"https:\/\/portaltela.pt\/#\/schema\/person\/c4278d4a6028830caff9ee44b42d32ed\",\"name\":\"Telinha\",\"image\":{\"@type\":\"ImageObject\",\"inLanguage\":\"pt-PT\",\"@id\":\"https:\/\/portaltela.pt\/s.01k8rhncp4jt1\/2025\/11\/talking-bot-125x125.png\",\"url\":\"https:\/\/portaltela.pt\/s.01k8rhncp4jt1\/2025\/11\/talking-bot-125x125.png\",\"contentUrl\":\"https:\/\/portaltela.pt\/s.01k8rhncp4jt1\/2025\/11\/talking-bot-125x125.png\",\"caption\":\"Telinha\"},\"sameAs\":[\"https:\/\/portaltela.pt\/\"],\"url\":\"https:\/\/portaltela.pt\/por\/367410592786\/\"}]}<\/script>\n<!-- \/ Yoast SEO plugin. -->","yoast_head_json":{"title":"Imagens de drone revelam interior do Mosteiro de Santa Clara-a-Velha em Coimbra - Portal Tela Portugal","robots":{"index":"index","follow":"follow","max-snippet":"max-snippet:-1","max-image-preview":"max-image-preview:large","max-video-preview":"max-video-preview:-1"},"og_locale":"pt_PT","og_type":"article","og_title":"Imagens de drone revelam interior do Mosteiro de Santa Clara-a-Velha em Coimbra - Portal Tela Portugal","og_description":"Imagens de drone mostram o interior do Mosteiro de Santa Clara-a-Velha, submerso em Coimbra. Coimbra esteve entre as regi\u00f5es mais afetadas pelo mau tempo, com a subida do rio Mondego. As imagens evidenciam \u00e1reas do mosteiro onde a \u00e1gua atingiu o interior. O fen\u00f3meno relacionado com o subida do Mondego ocorreu durante o epis\u00f3dio de mau tempo que afetou a regi\u00e3o.","og_url":"https:\/\/portaltela.pt\/noticias\/2026\/02\/15\/imagens-de-drone-revelam-interior-do-mosteiro-de-santa-clara-a-velha-em-coimbra\/","og_site_name":"Portal Tela Portugal","article_published_time":"2026-02-15T15:08:00+00:00","author":"Telinha","twitter_card":"summary_large_image","twitter_misc":{"Escrito por":"Telinha","Tempo estimado de leitura":"1 minuto"},"schema":{"@context":"https:\/\/schema.org","@graph":[{"@type":"Article","@id":"https:\/\/portaltela.pt\/noticias\/2026\/02\/15\/imagens-de-drone-revelam-interior-do-mosteiro-de-santa-clara-a-velha-em-coimbra\/#article","isPartOf":{"@id":"https:\/\/portaltela.pt\/noticias\/2026\/02\/15\/imagens-de-drone-revelam-interior-do-mosteiro-de-santa-clara-a-velha-em-coimbra\/"},"author":{"name":"Telinha","@id":"https:\/\/portaltela.pt\/#\/schema\/person\/c4278d4a6028830caff9ee44b42d32ed"},"headline":"Imagens de drone revelam interior do Mosteiro de Santa Clara-a-Velha em Coimbra","datePublished":"2026-02-15T15:08:00+00:00","mainEntityOfPage":{"@id":"https:\/\/portaltela.pt\/noticias\/2026\/02\/15\/imagens-de-drone-revelam-interior-do-mosteiro-de-santa-clara-a-velha-em-coimbra\/"},"wordCount":149,"image":{"@id":"https:\/\/portaltela.pt\/noticias\/2026\/02\/15\/imagens-de-drone-revelam-interior-do-mosteiro-de-santa-clara-a-velha-em-coimbra\/#primaryimage"},"thumbnailUrl":"https:\/\/portaltela.pt\/s.01k8rhncp4jt1\/2026\/02\/img_1280x722uu2026-02-15-15-05-36-2267001.jpg","keywords":["alagamentos","Coimbra","hist\u00f3ria","Monumentos de Portugal","patrim\u00f3nio","Patrim\u00f3nio Cultural"],"articleSection":["Economia","Not\u00edcias"],"inLanguage":"pt-PT"},{"@type":"WebPage","@id":"https:\/\/portaltela.pt\/noticias\/2026\/02\/15\/imagens-de-drone-revelam-interior-do-mosteiro-de-santa-clara-a-velha-em-coimbra\/","url":"https:\/\/portaltela.pt\/noticias\/2026\/02\/15\/imagens-de-drone-revelam-interior-do-mosteiro-de-santa-clara-a-velha-em-coimbra\/","name":"Imagens de drone revelam interior do Mosteiro de Santa Clara-a-Velha em Coimbra - Portal Tela Portugal","isPartOf":{"@id":"https:\/\/portaltela.pt\/#website"},"primaryImageOfPage":{"@id":"https:\/\/portaltela.pt\/noticias\/2026\/02\/15\/imagens-de-drone-revelam-interior-do-mosteiro-de-santa-clara-a-velha-em-coimbra\/#primaryimage"},"image":{"@id":"https:\/\/portaltela.pt\/noticias\/2026\/02\/15\/imagens-de-drone-revelam-interior-do-mosteiro-de-santa-clara-a-velha-em-coimbra\/#primaryimage"},"thumbnailUrl":"https:\/\/portaltela.pt\/s.01k8rhncp4jt1\/2026\/02\/img_1280x722uu2026-02-15-15-05-36-2267001.jpg","datePublished":"2026-02-15T15:08:00+00:00","author":{"@id":"https:\/\/portaltela.pt\/#\/schema\/person\/c4278d4a6028830caff9ee44b42d32ed"},"breadcrumb":{"@id":"https:\/\/portaltela.pt\/noticias\/2026\/02\/15\/imagens-de-drone-revelam-interior-do-mosteiro-de-santa-clara-a-velha-em-coimbra\/#breadcrumb"},"inLanguage":"pt-PT","potentialAction":[{"@type":"ReadAction","target":["https:\/\/portaltela.pt\/noticias\/2026\/02\/15\/imagens-de-drone-revelam-interior-do-mosteiro-de-santa-clara-a-velha-em-coimbra\/"]}]},{"@type":"ImageObject","inLanguage":"pt-PT","@id":"https:\/\/portaltela.pt\/noticias\/2026\/02\/15\/imagens-de-drone-revelam-interior-do-mosteiro-de-santa-clara-a-velha-em-coimbra\/#primaryimage","url":"https:\/\/portaltela.pt\/s.01k8rhncp4jt1\/2026\/02\/img_1280x722uu2026-02-15-15-05-36-2267001.jpg","contentUrl":"https:\/\/portaltela.pt\/s.01k8rhncp4jt1\/2026\/02\/img_1280x722uu2026-02-15-15-05-36-2267001.jpg","width":796,"height":448,"caption":"Imagens de drone revelam interior do Mosteiro de Santa Clara-a-Velha submerso em Coimbra"},{"@type":"BreadcrumbList","@id":"https:\/\/portaltela.pt\/noticias\/2026\/02\/15\/imagens-de-drone-revelam-interior-do-mosteiro-de-santa-clara-a-velha-em-coimbra\/#breadcrumb","itemListElement":[{"@type":"ListItem","position":1,"name":"In\u00edcio","item":"https:\/\/portaltela.pt\/"},{"@type":"ListItem","position":2,"name":"Imagens de drone revelam interior do Mosteiro de Santa Clara-a-Velha em Coimbra"}]},{"@type":"WebSite","@id":"https:\/\/portaltela.pt\/#website","url":"https:\/\/portaltela.pt\/","name":"Portal Tela Portugal","description":"","potentialAction":[{"@type":"SearchAction","target":{"@type":"EntryPoint","urlTemplate":"https:\/\/portaltela.pt\/?s={search_term_string}"},"query-input":{"@type":"PropertyValueSpecification","valueRequired":true,"valueName":"search_term_string"}}],"inLanguage":"pt-PT"},{"@type":"Person","@id":"https:\/\/portaltela.pt\/#\/schema\/person\/c4278d4a6028830caff9ee44b42d32ed","name":"Telinha","image":{"@type":"ImageObject","inLanguage":"pt-PT","@id":"https:\/\/portaltela.pt\/s.01k8rhncp4jt1\/2025\/11\/talking-bot-125x125.png","url":"https:\/\/portaltela.pt\/s.01k8rhncp4jt1\/2025\/11\/talking-bot-125x125.png","contentUrl":"https:\/\/portaltela.pt\/s.01k8rhncp4jt1\/2025\/11\/talking-bot-125x125.png","caption":"Telinha"},"sameAs":["https:\/\/portaltela.pt\/"],"url":"https:\/\/portaltela.pt\/por\/367410592786\/"}]}},"_links":{"self":[{"href":"https:\/\/portaltela.pt\/api\/wp\/v2\/posts\/213434","targetHints":{"allow":["GET"]}}],"collection":[{"href":"https:\/\/portaltela.pt\/api\/wp\/v2\/posts"}],"about":[{"href":"https:\/\/portaltela.pt\/api\/wp\/v2\/types\/post"}],"author":[{"embeddable":true,"href":"https:\/\/portaltela.pt\/api\/wp\/v2\/users\/2"}],"replies":[{"embeddable":true,"href":"https:\/\/portaltela.pt\/api\/wp\/v2\/comments?post=213434"}],"version-history":[{"count":0,"href":"https:\/\/portaltela.pt\/api\/wp\/v2\/posts\/213434\/revisions"}],"wp:featuredmedia":[{"embeddable":true,"href":"https:\/\/portaltela.pt\/api\/wp\/v2\/media\/213436"}],"wp:attachment":[{"href":"https:\/\/portaltela.pt\/api\/wp\/v2\/media?parent=213434"}],"wp:term":[{"taxonomy":"category","embeddable":true,"href":"https:\/\/portaltela.pt\/api\/wp\/v2\/categories?post=213434"},{"taxonomy":"post_tag","embeddable":true,"href":"https:\/\/portaltela.pt\/api\/wp\/v2\/tags?post=213434"}],"curies":[{"name":"wp","href":"https:\/\/api.w.org\/{rel}","templated":true}]}}