{"id":213427,"date":"2026-02-15T11:52:27","date_gmt":"2026-02-15T14:52:27","guid":{"rendered":"https:\/\/portaltela.pt\/noticias\/2026\/02\/15\/elfyn-evans-vence-o-rali-da-suecia-e-assumes-lideranca-do-wrc\/"},"modified":"2026-02-15T11:52:27","modified_gmt":"2026-02-15T14:52:27","slug":"elfyn-evans-vence-o-rali-da-suecia-e-assumes-lideranca-do-wrc","status":"publish","type":"post","link":"https:\/\/portaltela.pt\/desporto\/2026\/02\/15\/elfyn-evans-vence-o-rali-da-suecia-e-assumes-lideranca-do-wrc\/","title":{"rendered":"Elfyn Evans vence o Rali da Su\u00e9cia e assumes lideran\u00e7a do WRC"},"content":{"rendered":"<p>Elfyn Evans (Toyota Yaris) venceu o Rali da Su\u00e9cia, segunda ronda do WRC, disputado este fim de semana, mantendo-se na luta pelo t\u00edtulo. O piloto brit\u00e2nico conquistou a vit\u00f3ria no \u00faltimo dia e assumiu a lideran\u00e7a do campeonato de pilotos. O rali decorreu na Su\u00e9cia, com Evans a partir com vantagem no \u00faltimo dia e a ampliar o percurso final.<\/p>\n<p>Evans entrou no derradeiro dia com 13 segundos de vantagem e fechou a corrida com 14,3 segundos sobre Takamoto Katsuta (Toyota Yaris). Sami Pajari (Toyota Yaris) chegou em terceiro, a 46 segundos do vencedor, consolidando um p\u00f3dio dominado pela Toyota.<\/p>\n<p>A equipa japonesa voltou a dominar o p\u00f3dio, repetindo uma fa\u00e7anha que n\u00e3o ocorria desde 2010. Katsuta admitiu que poderia ter feito melhor, em especial no s\u00e1bado, e refor\u00e7ou a necessidade de continuar a melhorar. Solberg, da casa, terminou na quarta posi\u00e7\u00e3o ap\u00f3s uma sa\u00edda de estrada a meio da ronda.<\/p>\n<p>Adrien Fourmaux (Hyundai i20) ficou em quinto, a grande dist\u00e2ncia do chefe da prova, a 1.50,3 minutos. No fim, Evans tornou-se l\u00edder do campeonato, vencendo o super-domingo e sendo o segundo mais r\u00e1pido na power stage, atr\u00e1s de Thierry Neuville (Hyundai i20), s\u00e9timo classificado. Evans tem agora 60 pontos, com Solberg a 13 e Katsuta a 30.<\/p>\n<h3>Lideran\u00e7a no Mundial<\/h3>\n<p>Com este resultado, Evans assume a lideran\u00e7a do campeonato, beneficiando da vit\u00f3ria alcan\u00e7ada no fim de semana e do desempenho consistente da equipa ao longo da prova. O pr\u00f3ximo evento do WRC est\u00e1 agendado para o Rali do Qu\u00e9nia, de 12 a 15 de mar\u00e7o.<\/p>\n<h3>Pr\u00f3xima prova: Rali do Qu\u00e9nia<\/h3>\n<p>O Rali do Qu\u00e9nia aguarda as equipas entre 12 e 15 de mar\u00e7o, abrindo nova fase no campeonato global. Espera-se que as estradas do Qu\u00e9nia apresentem desafios diferentes aos pilotos e \u00e0s m\u00e1quinas, influenciando a parte final da temporada.<\/p>\n","protected":false},"excerpt":{"rendered":"<ul>\n<li>Elfyn Evans (Toyota Yaris) venceu o Rali da Su\u00e9cia, segunda ronda do WRC, assumindo a lideran\u00e7a do campeonato.<\/li>\n<li>Evans terminou com 14,3 segundos de avan\u00e7o sobre Takamoto Katsuta (Toyota Yaris); Sami Pajari (Toyota Yaris) foi terceiro, a 46 segundos.<\/li>\n<li>Foi a primeira vez desde 2010 que um construtor domina o p\u00f3dio em duas corridas seguidas; a \u00faltima vez tinha sido a Citro\u00ebn.<\/li>\n<li>Oliver Solberg, l\u00edder antes da ronda, ficou em quarto ap\u00f3s uma sa\u00edda de estrada na sexta-feira.<\/li>\n<li>Evans \u00e9 o novo l\u00edder do campeonato com 60 pontos; a pr\u00f3xima prova \u00e9 o Rali do Qu\u00e9nia, de 12 a 15 de mar\u00e7o.<\/li>\n<\/ul>\n","protected":false},"author":2,"featured_media":213433,"comment_status":"closed","ping_status":"closed","sticky":false,"template":"","format":"standard","meta":{"footnotes":""},"categories":[21],"tags":[152,5060,5943,2831,2517],"class_list":["post-213427","post","type-post","status-publish","format-standard","has-post-thumbnail","hentry","category-desporto","tag-desporto","tag-desporto-motorizados","tag-elfyn-evans","tag-quenia","tag-toyota"],"yoast_head":"<!-- This site is optimized with the Yoast SEO plugin v27.2 - https:\/\/yoast.com\/product\/yoast-seo-wordpress\/ -->\n<title>Elfyn Evans vence o Rali da Su\u00e9cia e assumes lideran\u00e7a do WRC - Portal Tela Portugal<\/title>\n<meta name=\"robots\" content=\"index, follow, max-snippet:-1, max-image-preview:large, max-video-preview:-1\" \/>\n<meta property=\"og:locale\" content=\"pt_PT\" \/>\n<meta property=\"og:type\" content=\"article\" \/>\n<meta property=\"og:title\" content=\"Elfyn Evans vence o Rali da Su\u00e9cia e assumes lideran\u00e7a do WRC - Portal Tela Portugal\" \/>\n<meta property=\"og:description\" content=\"Elfyn Evans (Toyota Yaris) venceu o Rali da Su\u00e9cia, segunda ronda do WRC, assumindo a lideran\u00e7a do campeonato. Evans terminou com 14,3 segundos de avan\u00e7o sobre Takamoto Katsuta (Toyota Yaris); Sami Pajari (Toyota Yaris) foi terceiro, a 46 segundos. Foi a primeira vez desde 2010 que um construtor domina o p\u00f3dio em duas corridas seguidas; a \u00faltima vez tinha sido a Citro\u00ebn. Oliver Solberg, l\u00edder antes da ronda, ficou em quarto ap\u00f3s uma sa\u00edda de estrada na sexta-feira. Evans \u00e9 o novo l\u00edder do campeonato com 60 pontos; a pr\u00f3xima prova \u00e9 o Rali do Qu\u00e9nia, de 12 a 15 de mar\u00e7o.\" \/>\n<meta property=\"og:url\" content=\"https:\/\/portaltela.pt\/noticias\/2026\/02\/15\/elfyn-evans-vence-o-rali-da-suecia-e-assumes-lideranca-do-wrc\/\" \/>\n<meta property=\"og:site_name\" content=\"Portal Tela Portugal\" \/>\n<meta property=\"article:published_time\" content=\"2026-02-15T14:52:27+00:00\" \/>\n<meta name=\"author\" content=\"Telinha\" \/>\n<meta name=\"twitter:card\" content=\"summary_large_image\" \/>\n<meta name=\"twitter:label1\" content=\"Escrito por\" \/>\n\t<meta name=\"twitter:data1\" content=\"Telinha\" \/>\n\t<meta name=\"twitter:label2\" content=\"Tempo estimado de leitura\" \/>\n\t<meta name=\"twitter:data2\" content=\"2 minutos\" \/>\n<script type=\"application\/ld+json\" class=\"yoast-schema-graph\">{\"@context\":\"https:\/\/schema.org\",\"@graph\":[{\"@type\":\"Article\",\"@id\":\"https:\/\/portaltela.pt\/noticias\/2026\/02\/15\/elfyn-evans-vence-o-rali-da-suecia-e-assumes-lideranca-do-wrc\/#article\",\"isPartOf\":{\"@id\":\"https:\/\/portaltela.pt\/noticias\/2026\/02\/15\/elfyn-evans-vence-o-rali-da-suecia-e-assumes-lideranca-do-wrc\/\"},\"author\":{\"name\":\"Telinha\",\"@id\":\"https:\/\/portaltela.pt\/#\/schema\/person\/c4278d4a6028830caff9ee44b42d32ed\"},\"headline\":\"Elfyn Evans vence o Rali da Su\u00e9cia e assumes lideran\u00e7a do WRC\",\"datePublished\":\"2026-02-15T14:52:27+00:00\",\"mainEntityOfPage\":{\"@id\":\"https:\/\/portaltela.pt\/noticias\/2026\/02\/15\/elfyn-evans-vence-o-rali-da-suecia-e-assumes-lideranca-do-wrc\/\"},\"wordCount\":335,\"image\":{\"@id\":\"https:\/\/portaltela.pt\/noticias\/2026\/02\/15\/elfyn-evans-vence-o-rali-da-suecia-e-assumes-lideranca-do-wrc\/#primaryimage\"},\"thumbnailUrl\":\"https:\/\/portaltela.pt\/s.01k8rhncp4jt1\/2026\/02\/img_920x518uu2026-02-15-14-52-05-2421776.jpg\",\"keywords\":[\"desporto\",\"Desporto Motorizados\",\"Elfyn Evans\",\"Qu\u00e9nia\",\"Toyota\"],\"articleSection\":[\"Desporto\"],\"inLanguage\":\"pt-PT\"},{\"@type\":\"WebPage\",\"@id\":\"https:\/\/portaltela.pt\/noticias\/2026\/02\/15\/elfyn-evans-vence-o-rali-da-suecia-e-assumes-lideranca-do-wrc\/\",\"url\":\"https:\/\/portaltela.pt\/noticias\/2026\/02\/15\/elfyn-evans-vence-o-rali-da-suecia-e-assumes-lideranca-do-wrc\/\",\"name\":\"Elfyn Evans vence o Rali da Su\u00e9cia e assumes lideran\u00e7a do WRC - Portal Tela Portugal\",\"isPartOf\":{\"@id\":\"https:\/\/portaltela.pt\/#website\"},\"primaryImageOfPage\":{\"@id\":\"https:\/\/portaltela.pt\/noticias\/2026\/02\/15\/elfyn-evans-vence-o-rali-da-suecia-e-assumes-lideranca-do-wrc\/#primaryimage\"},\"image\":{\"@id\":\"https:\/\/portaltela.pt\/noticias\/2026\/02\/15\/elfyn-evans-vence-o-rali-da-suecia-e-assumes-lideranca-do-wrc\/#primaryimage\"},\"thumbnailUrl\":\"https:\/\/portaltela.pt\/s.01k8rhncp4jt1\/2026\/02\/img_920x518uu2026-02-15-14-52-05-2421776.jpg\",\"datePublished\":\"2026-02-15T14:52:27+00:00\",\"author\":{\"@id\":\"https:\/\/portaltela.pt\/#\/schema\/person\/c4278d4a6028830caff9ee44b42d32ed\"},\"breadcrumb\":{\"@id\":\"https:\/\/portaltela.pt\/noticias\/2026\/02\/15\/elfyn-evans-vence-o-rali-da-suecia-e-assumes-lideranca-do-wrc\/#breadcrumb\"},\"inLanguage\":\"pt-PT\",\"potentialAction\":[{\"@type\":\"ReadAction\",\"target\":[\"https:\/\/portaltela.pt\/noticias\/2026\/02\/15\/elfyn-evans-vence-o-rali-da-suecia-e-assumes-lideranca-do-wrc\/\"]}]},{\"@type\":\"ImageObject\",\"inLanguage\":\"pt-PT\",\"@id\":\"https:\/\/portaltela.pt\/noticias\/2026\/02\/15\/elfyn-evans-vence-o-rali-da-suecia-e-assumes-lideranca-do-wrc\/#primaryimage\",\"url\":\"https:\/\/portaltela.pt\/s.01k8rhncp4jt1\/2026\/02\/img_920x518uu2026-02-15-14-52-05-2421776.jpg\",\"contentUrl\":\"https:\/\/portaltela.pt\/s.01k8rhncp4jt1\/2026\/02\/img_920x518uu2026-02-15-14-52-05-2421776.jpg\",\"width\":796,\"height\":448,\"caption\":\"Elfyn Evans vence Rali da Su\u00e9cia\"},{\"@type\":\"BreadcrumbList\",\"@id\":\"https:\/\/portaltela.pt\/noticias\/2026\/02\/15\/elfyn-evans-vence-o-rali-da-suecia-e-assumes-lideranca-do-wrc\/#breadcrumb\",\"itemListElement\":[{\"@type\":\"ListItem\",\"position\":1,\"name\":\"In\u00edcio\",\"item\":\"https:\/\/portaltela.pt\/\"},{\"@type\":\"ListItem\",\"position\":2,\"name\":\"Elfyn Evans vence o Rali da Su\u00e9cia e assumes lideran\u00e7a do WRC\"}]},{\"@type\":\"WebSite\",\"@id\":\"https:\/\/portaltela.pt\/#website\",\"url\":\"https:\/\/portaltela.pt\/\",\"name\":\"Portal Tela Portugal\",\"description\":\"\",\"potentialAction\":[{\"@type\":\"SearchAction\",\"target\":{\"@type\":\"EntryPoint\",\"urlTemplate\":\"https:\/\/portaltela.pt\/?s={search_term_string}\"},\"query-input\":{\"@type\":\"PropertyValueSpecification\",\"valueRequired\":true,\"valueName\":\"search_term_string\"}}],\"inLanguage\":\"pt-PT\"},{\"@type\":\"Person\",\"@id\":\"https:\/\/portaltela.pt\/#\/schema\/person\/c4278d4a6028830caff9ee44b42d32ed\",\"name\":\"Telinha\",\"image\":{\"@type\":\"ImageObject\",\"inLanguage\":\"pt-PT\",\"@id\":\"https:\/\/portaltela.pt\/s.01k8rhncp4jt1\/2025\/11\/talking-bot-125x125.png\",\"url\":\"https:\/\/portaltela.pt\/s.01k8rhncp4jt1\/2025\/11\/talking-bot-125x125.png\",\"contentUrl\":\"https:\/\/portaltela.pt\/s.01k8rhncp4jt1\/2025\/11\/talking-bot-125x125.png\",\"caption\":\"Telinha\"},\"sameAs\":[\"https:\/\/portaltela.pt\/\"],\"url\":\"https:\/\/portaltela.pt\/por\/367410592786\/\"}]}<\/script>\n<!-- \/ Yoast SEO plugin. -->","yoast_head_json":{"title":"Elfyn Evans vence o Rali da Su\u00e9cia e assumes lideran\u00e7a do WRC - Portal Tela Portugal","robots":{"index":"index","follow":"follow","max-snippet":"max-snippet:-1","max-image-preview":"max-image-preview:large","max-video-preview":"max-video-preview:-1"},"og_locale":"pt_PT","og_type":"article","og_title":"Elfyn Evans vence o Rali da Su\u00e9cia e assumes lideran\u00e7a do WRC - Portal Tela Portugal","og_description":"Elfyn Evans (Toyota Yaris) venceu o Rali da Su\u00e9cia, segunda ronda do WRC, assumindo a lideran\u00e7a do campeonato. Evans terminou com 14,3 segundos de avan\u00e7o sobre Takamoto Katsuta (Toyota Yaris); Sami Pajari (Toyota Yaris) foi terceiro, a 46 segundos. Foi a primeira vez desde 2010 que um construtor domina o p\u00f3dio em duas corridas seguidas; a \u00faltima vez tinha sido a Citro\u00ebn. Oliver Solberg, l\u00edder antes da ronda, ficou em quarto ap\u00f3s uma sa\u00edda de estrada na sexta-feira. Evans \u00e9 o novo l\u00edder do campeonato com 60 pontos; a pr\u00f3xima prova \u00e9 o Rali do Qu\u00e9nia, de 12 a 15 de mar\u00e7o.","og_url":"https:\/\/portaltela.pt\/noticias\/2026\/02\/15\/elfyn-evans-vence-o-rali-da-suecia-e-assumes-lideranca-do-wrc\/","og_site_name":"Portal Tela Portugal","article_published_time":"2026-02-15T14:52:27+00:00","author":"Telinha","twitter_card":"summary_large_image","twitter_misc":{"Escrito por":"Telinha","Tempo estimado de leitura":"2 minutos"},"schema":{"@context":"https:\/\/schema.org","@graph":[{"@type":"Article","@id":"https:\/\/portaltela.pt\/noticias\/2026\/02\/15\/elfyn-evans-vence-o-rali-da-suecia-e-assumes-lideranca-do-wrc\/#article","isPartOf":{"@id":"https:\/\/portaltela.pt\/noticias\/2026\/02\/15\/elfyn-evans-vence-o-rali-da-suecia-e-assumes-lideranca-do-wrc\/"},"author":{"name":"Telinha","@id":"https:\/\/portaltela.pt\/#\/schema\/person\/c4278d4a6028830caff9ee44b42d32ed"},"headline":"Elfyn Evans vence o Rali da Su\u00e9cia e assumes lideran\u00e7a do WRC","datePublished":"2026-02-15T14:52:27+00:00","mainEntityOfPage":{"@id":"https:\/\/portaltela.pt\/noticias\/2026\/02\/15\/elfyn-evans-vence-o-rali-da-suecia-e-assumes-lideranca-do-wrc\/"},"wordCount":335,"image":{"@id":"https:\/\/portaltela.pt\/noticias\/2026\/02\/15\/elfyn-evans-vence-o-rali-da-suecia-e-assumes-lideranca-do-wrc\/#primaryimage"},"thumbnailUrl":"https:\/\/portaltela.pt\/s.01k8rhncp4jt1\/2026\/02\/img_920x518uu2026-02-15-14-52-05-2421776.jpg","keywords":["desporto","Desporto Motorizados","Elfyn Evans","Qu\u00e9nia","Toyota"],"articleSection":["Desporto"],"inLanguage":"pt-PT"},{"@type":"WebPage","@id":"https:\/\/portaltela.pt\/noticias\/2026\/02\/15\/elfyn-evans-vence-o-rali-da-suecia-e-assumes-lideranca-do-wrc\/","url":"https:\/\/portaltela.pt\/noticias\/2026\/02\/15\/elfyn-evans-vence-o-rali-da-suecia-e-assumes-lideranca-do-wrc\/","name":"Elfyn Evans vence o Rali da Su\u00e9cia e assumes lideran\u00e7a do WRC - Portal Tela Portugal","isPartOf":{"@id":"https:\/\/portaltela.pt\/#website"},"primaryImageOfPage":{"@id":"https:\/\/portaltela.pt\/noticias\/2026\/02\/15\/elfyn-evans-vence-o-rali-da-suecia-e-assumes-lideranca-do-wrc\/#primaryimage"},"image":{"@id":"https:\/\/portaltela.pt\/noticias\/2026\/02\/15\/elfyn-evans-vence-o-rali-da-suecia-e-assumes-lideranca-do-wrc\/#primaryimage"},"thumbnailUrl":"https:\/\/portaltela.pt\/s.01k8rhncp4jt1\/2026\/02\/img_920x518uu2026-02-15-14-52-05-2421776.jpg","datePublished":"2026-02-15T14:52:27+00:00","author":{"@id":"https:\/\/portaltela.pt\/#\/schema\/person\/c4278d4a6028830caff9ee44b42d32ed"},"breadcrumb":{"@id":"https:\/\/portaltela.pt\/noticias\/2026\/02\/15\/elfyn-evans-vence-o-rali-da-suecia-e-assumes-lideranca-do-wrc\/#breadcrumb"},"inLanguage":"pt-PT","potentialAction":[{"@type":"ReadAction","target":["https:\/\/portaltela.pt\/noticias\/2026\/02\/15\/elfyn-evans-vence-o-rali-da-suecia-e-assumes-lideranca-do-wrc\/"]}]},{"@type":"ImageObject","inLanguage":"pt-PT","@id":"https:\/\/portaltela.pt\/noticias\/2026\/02\/15\/elfyn-evans-vence-o-rali-da-suecia-e-assumes-lideranca-do-wrc\/#primaryimage","url":"https:\/\/portaltela.pt\/s.01k8rhncp4jt1\/2026\/02\/img_920x518uu2026-02-15-14-52-05-2421776.jpg","contentUrl":"https:\/\/portaltela.pt\/s.01k8rhncp4jt1\/2026\/02\/img_920x518uu2026-02-15-14-52-05-2421776.jpg","width":796,"height":448,"caption":"Elfyn Evans vence Rali da Su\u00e9cia"},{"@type":"BreadcrumbList","@id":"https:\/\/portaltela.pt\/noticias\/2026\/02\/15\/elfyn-evans-vence-o-rali-da-suecia-e-assumes-lideranca-do-wrc\/#breadcrumb","itemListElement":[{"@type":"ListItem","position":1,"name":"In\u00edcio","item":"https:\/\/portaltela.pt\/"},{"@type":"ListItem","position":2,"name":"Elfyn Evans vence o Rali da Su\u00e9cia e assumes lideran\u00e7a do WRC"}]},{"@type":"WebSite","@id":"https:\/\/portaltela.pt\/#website","url":"https:\/\/portaltela.pt\/","name":"Portal Tela Portugal","description":"","potentialAction":[{"@type":"SearchAction","target":{"@type":"EntryPoint","urlTemplate":"https:\/\/portaltela.pt\/?s={search_term_string}"},"query-input":{"@type":"PropertyValueSpecification","valueRequired":true,"valueName":"search_term_string"}}],"inLanguage":"pt-PT"},{"@type":"Person","@id":"https:\/\/portaltela.pt\/#\/schema\/person\/c4278d4a6028830caff9ee44b42d32ed","name":"Telinha","image":{"@type":"ImageObject","inLanguage":"pt-PT","@id":"https:\/\/portaltela.pt\/s.01k8rhncp4jt1\/2025\/11\/talking-bot-125x125.png","url":"https:\/\/portaltela.pt\/s.01k8rhncp4jt1\/2025\/11\/talking-bot-125x125.png","contentUrl":"https:\/\/portaltela.pt\/s.01k8rhncp4jt1\/2025\/11\/talking-bot-125x125.png","caption":"Telinha"},"sameAs":["https:\/\/portaltela.pt\/"],"url":"https:\/\/portaltela.pt\/por\/367410592786\/"}]}},"_links":{"self":[{"href":"https:\/\/portaltela.pt\/api\/wp\/v2\/posts\/213427","targetHints":{"allow":["GET"]}}],"collection":[{"href":"https:\/\/portaltela.pt\/api\/wp\/v2\/posts"}],"about":[{"href":"https:\/\/portaltela.pt\/api\/wp\/v2\/types\/post"}],"author":[{"embeddable":true,"href":"https:\/\/portaltela.pt\/api\/wp\/v2\/users\/2"}],"replies":[{"embeddable":true,"href":"https:\/\/portaltela.pt\/api\/wp\/v2\/comments?post=213427"}],"version-history":[{"count":0,"href":"https:\/\/portaltela.pt\/api\/wp\/v2\/posts\/213427\/revisions"}],"wp:featuredmedia":[{"embeddable":true,"href":"https:\/\/portaltela.pt\/api\/wp\/v2\/media\/213433"}],"wp:attachment":[{"href":"https:\/\/portaltela.pt\/api\/wp\/v2\/media?parent=213427"}],"wp:term":[{"taxonomy":"category","embeddable":true,"href":"https:\/\/portaltela.pt\/api\/wp\/v2\/categories?post=213427"},{"taxonomy":"post_tag","embeddable":true,"href":"https:\/\/portaltela.pt\/api\/wp\/v2\/tags?post=213427"}],"curies":[{"name":"wp","href":"https:\/\/api.w.org\/{rel}","templated":true}]}}