{"id":213419,"date":"2026-02-15T11:55:00","date_gmt":"2026-02-15T14:55:00","guid":{"rendered":"https:\/\/portaltela.pt\/noticias\/2026\/02\/15\/israel-aprova-designacao-de-zonas-da-cisjordania-como-propriedade-estatal\/"},"modified":"2026-02-15T11:55:00","modified_gmt":"2026-02-15T14:55:00","slug":"israel-aprova-designacao-de-zonas-da-cisjordania-como-propriedade-estatal","status":"publish","type":"post","link":"https:\/\/portaltela.pt\/noticias\/internacional\/2026\/02\/15\/israel-aprova-designacao-de-zonas-da-cisjordania-como-propriedade-estatal\/","title":{"rendered":"Israel aprova designa\u00e7\u00e3o de zonas da Cisjord\u00e2nia como propriedade estatal"},"content":{"rendered":"<p>O governo de Israel aprovou a designa\u00e7\u00e3o de zonas da Cisjord\u00e2nia como propriedade estatal. A decis\u00e3o vimos anunciada pela autoridade governamental respons\u00e1vel, em meio a controv\u00e9rsias internacionais sobre a regi\u00e3o.<\/p>\n<p>Quem est\u00e1 envolvido: o governo de Israel e as entidades locais respons\u00e1veis pela gest\u00e3o de propriedades estatais. A medida impacta \u00e1reas na Cisjord\u00e2nia, territ\u00f3rio de grande disputa pol\u00edtica.<\/p>\n<p>Quando aconteceu: a aprova\u00e7\u00e3o foi divulgada hoje pelos canais oficiais do governo. Detalhes adicionais sobre o momento exato da vota\u00e7\u00e3o n\u00e3o foram amplamente publicados.<\/p>\n<p>Onde ocorreu: nas inst\u00e2ncias administrativas de Israel, com efeitos sobre territ\u00f3rios da Cisjord\u00e2nia (West Bank). A regi\u00e3o continua no centro de debates diplom\u00e1ticos e estrat\u00e9gicos.<\/p>\n<p>Porqu\u00ea: as motiva\u00e7\u00f5es oficiais n\u00e3o foram detalhadas de forma ampla na nota p\u00fablica dispon\u00edvel. Analistas indicam que a decis\u00e3o pode visar reorganizar a gest\u00e3o de propriedades e recursos na \u00e1rea, dentro de uma moldura legal existente.<\/p>\n","protected":false},"excerpt":{"rendered":"<ul>\n<li>Israel aprovou a designa\u00e7\u00e3o de zonas da Cisjord\u00e2nia como propriedade estatal.<\/li>\n<li>A medida implica que aquelas \u00e1reas passam a ser consideradas propriedade do Estado.<\/li>\n<li>O conte\u00fado completo da not\u00edcia est\u00e1 dispon\u00edvel apenas para subscritores.<\/li>\n<\/ul>\n","protected":false},"author":2,"featured_media":213423,"comment_status":"closed","ping_status":"closed","sticky":false,"template":"","format":"standard","meta":{"footnotes":""},"categories":[4,1],"tags":[2198,3708,2030,5698,1582,2540],"class_list":["post-213419","post","type-post","status-publish","format-standard","has-post-thumbnail","hentry","category-internacional","category-noticias","tag-conflitos-internacionais","tag-israel","tag-palestina","tag-politica-internacional","tag-propriedade-publica","tag-territorio"],"yoast_head":"<!-- This site is optimized with the Yoast SEO plugin v27.2 - https:\/\/yoast.com\/product\/yoast-seo-wordpress\/ -->\n<title>Israel aprova designa\u00e7\u00e3o de zonas da Cisjord\u00e2nia como propriedade estatal - Portal Tela Portugal<\/title>\n<meta name=\"robots\" content=\"index, follow, max-snippet:-1, max-image-preview:large, max-video-preview:-1\" \/>\n<meta property=\"og:locale\" content=\"pt_PT\" \/>\n<meta property=\"og:type\" content=\"article\" \/>\n<meta property=\"og:title\" content=\"Israel aprova designa\u00e7\u00e3o de zonas da Cisjord\u00e2nia como propriedade estatal - Portal Tela Portugal\" \/>\n<meta property=\"og:description\" content=\"Israel aprovou a designa\u00e7\u00e3o de zonas da Cisjord\u00e2nia como propriedade estatal. A medida implica que aquelas \u00e1reas passam a ser consideradas propriedade do Estado. O conte\u00fado completo da not\u00edcia est\u00e1 dispon\u00edvel apenas para subscritores.\" \/>\n<meta property=\"og:url\" content=\"https:\/\/portaltela.pt\/noticias\/2026\/02\/15\/israel-aprova-designacao-de-zonas-da-cisjordania-como-propriedade-estatal\/\" \/>\n<meta property=\"og:site_name\" content=\"Portal Tela Portugal\" \/>\n<meta property=\"article:published_time\" content=\"2026-02-15T14:55:00+00:00\" \/>\n<meta name=\"author\" content=\"Telinha\" \/>\n<meta name=\"twitter:card\" content=\"summary_large_image\" \/>\n<meta name=\"twitter:label1\" content=\"Escrito por\" \/>\n\t<meta name=\"twitter:data1\" content=\"Telinha\" \/>\n\t<meta name=\"twitter:label2\" content=\"Tempo estimado de leitura\" \/>\n\t<meta name=\"twitter:data2\" content=\"1 minuto\" \/>\n<script type=\"application\/ld+json\" class=\"yoast-schema-graph\">{\"@context\":\"https:\/\/schema.org\",\"@graph\":[{\"@type\":\"Article\",\"@id\":\"https:\/\/portaltela.pt\/noticias\/2026\/02\/15\/israel-aprova-designacao-de-zonas-da-cisjordania-como-propriedade-estatal\/#article\",\"isPartOf\":{\"@id\":\"https:\/\/portaltela.pt\/noticias\/2026\/02\/15\/israel-aprova-designacao-de-zonas-da-cisjordania-como-propriedade-estatal\/\"},\"author\":{\"name\":\"Telinha\",\"@id\":\"https:\/\/portaltela.pt\/#\/schema\/person\/c4278d4a6028830caff9ee44b42d32ed\"},\"headline\":\"Israel aprova designa\u00e7\u00e3o de zonas da Cisjord\u00e2nia como propriedade estatal\",\"datePublished\":\"2026-02-15T14:55:00+00:00\",\"mainEntityOfPage\":{\"@id\":\"https:\/\/portaltela.pt\/noticias\/2026\/02\/15\/israel-aprova-designacao-de-zonas-da-cisjordania-como-propriedade-estatal\/\"},\"wordCount\":181,\"image\":{\"@id\":\"https:\/\/portaltela.pt\/noticias\/2026\/02\/15\/israel-aprova-designacao-de-zonas-da-cisjordania-como-propriedade-estatal\/#primaryimage\"},\"thumbnailUrl\":\"https:\/\/portaltela.pt\/s.01k8rhncp4jt1\/2026\/02\/CACHE_780X1200_ANALOG_WATERMARKED_45902565_1316728744761165.jpg\",\"keywords\":[\"conflitos internacionais\",\"Israel\",\"Palestina\",\"pol\u00edtica internacional\",\"propriedade p\u00fablica\",\"Territ\u00f3rio\"],\"articleSection\":[\"Internacional\",\"Not\u00edcias\"],\"inLanguage\":\"pt-PT\"},{\"@type\":\"WebPage\",\"@id\":\"https:\/\/portaltela.pt\/noticias\/2026\/02\/15\/israel-aprova-designacao-de-zonas-da-cisjordania-como-propriedade-estatal\/\",\"url\":\"https:\/\/portaltela.pt\/noticias\/2026\/02\/15\/israel-aprova-designacao-de-zonas-da-cisjordania-como-propriedade-estatal\/\",\"name\":\"Israel aprova designa\u00e7\u00e3o de zonas da Cisjord\u00e2nia como propriedade estatal - Portal Tela Portugal\",\"isPartOf\":{\"@id\":\"https:\/\/portaltela.pt\/#website\"},\"primaryImageOfPage\":{\"@id\":\"https:\/\/portaltela.pt\/noticias\/2026\/02\/15\/israel-aprova-designacao-de-zonas-da-cisjordania-como-propriedade-estatal\/#primaryimage\"},\"image\":{\"@id\":\"https:\/\/portaltela.pt\/noticias\/2026\/02\/15\/israel-aprova-designacao-de-zonas-da-cisjordania-como-propriedade-estatal\/#primaryimage\"},\"thumbnailUrl\":\"https:\/\/portaltela.pt\/s.01k8rhncp4jt1\/2026\/02\/CACHE_780X1200_ANALOG_WATERMARKED_45902565_1316728744761165.jpg\",\"datePublished\":\"2026-02-15T14:55:00+00:00\",\"author\":{\"@id\":\"https:\/\/portaltela.pt\/#\/schema\/person\/c4278d4a6028830caff9ee44b42d32ed\"},\"breadcrumb\":{\"@id\":\"https:\/\/portaltela.pt\/noticias\/2026\/02\/15\/israel-aprova-designacao-de-zonas-da-cisjordania-como-propriedade-estatal\/#breadcrumb\"},\"inLanguage\":\"pt-PT\",\"potentialAction\":[{\"@type\":\"ReadAction\",\"target\":[\"https:\/\/portaltela.pt\/noticias\/2026\/02\/15\/israel-aprova-designacao-de-zonas-da-cisjordania-como-propriedade-estatal\/\"]}]},{\"@type\":\"ImageObject\",\"inLanguage\":\"pt-PT\",\"@id\":\"https:\/\/portaltela.pt\/noticias\/2026\/02\/15\/israel-aprova-designacao-de-zonas-da-cisjordania-como-propriedade-estatal\/#primaryimage\",\"url\":\"https:\/\/portaltela.pt\/s.01k8rhncp4jt1\/2026\/02\/CACHE_780X1200_ANALOG_WATERMARKED_45902565_1316728744761165.jpg\",\"contentUrl\":\"https:\/\/portaltela.pt\/s.01k8rhncp4jt1\/2026\/02\/CACHE_780X1200_ANALOG_WATERMARKED_45902565_1316728744761165.jpg\",\"width\":796,\"height\":448,\"caption\":\"Israel aprova designa\u00e7\u00e3o de zonas da Cisjord\u00e2nia como propriedade estatal\"},{\"@type\":\"BreadcrumbList\",\"@id\":\"https:\/\/portaltela.pt\/noticias\/2026\/02\/15\/israel-aprova-designacao-de-zonas-da-cisjordania-como-propriedade-estatal\/#breadcrumb\",\"itemListElement\":[{\"@type\":\"ListItem\",\"position\":1,\"name\":\"In\u00edcio\",\"item\":\"https:\/\/portaltela.pt\/\"},{\"@type\":\"ListItem\",\"position\":2,\"name\":\"Israel aprova designa\u00e7\u00e3o de zonas da Cisjord\u00e2nia como propriedade estatal\"}]},{\"@type\":\"WebSite\",\"@id\":\"https:\/\/portaltela.pt\/#website\",\"url\":\"https:\/\/portaltela.pt\/\",\"name\":\"Portal Tela Portugal\",\"description\":\"\",\"potentialAction\":[{\"@type\":\"SearchAction\",\"target\":{\"@type\":\"EntryPoint\",\"urlTemplate\":\"https:\/\/portaltela.pt\/?s={search_term_string}\"},\"query-input\":{\"@type\":\"PropertyValueSpecification\",\"valueRequired\":true,\"valueName\":\"search_term_string\"}}],\"inLanguage\":\"pt-PT\"},{\"@type\":\"Person\",\"@id\":\"https:\/\/portaltela.pt\/#\/schema\/person\/c4278d4a6028830caff9ee44b42d32ed\",\"name\":\"Telinha\",\"image\":{\"@type\":\"ImageObject\",\"inLanguage\":\"pt-PT\",\"@id\":\"https:\/\/portaltela.pt\/s.01k8rhncp4jt1\/2025\/11\/talking-bot-125x125.png\",\"url\":\"https:\/\/portaltela.pt\/s.01k8rhncp4jt1\/2025\/11\/talking-bot-125x125.png\",\"contentUrl\":\"https:\/\/portaltela.pt\/s.01k8rhncp4jt1\/2025\/11\/talking-bot-125x125.png\",\"caption\":\"Telinha\"},\"sameAs\":[\"https:\/\/portaltela.pt\/\"],\"url\":\"https:\/\/portaltela.pt\/por\/367410592786\/\"}]}<\/script>\n<!-- \/ Yoast SEO plugin. -->","yoast_head_json":{"title":"Israel aprova designa\u00e7\u00e3o de zonas da Cisjord\u00e2nia como propriedade estatal - Portal Tela Portugal","robots":{"index":"index","follow":"follow","max-snippet":"max-snippet:-1","max-image-preview":"max-image-preview:large","max-video-preview":"max-video-preview:-1"},"og_locale":"pt_PT","og_type":"article","og_title":"Israel aprova designa\u00e7\u00e3o de zonas da Cisjord\u00e2nia como propriedade estatal - Portal Tela Portugal","og_description":"Israel aprovou a designa\u00e7\u00e3o de zonas da Cisjord\u00e2nia como propriedade estatal. A medida implica que aquelas \u00e1reas passam a ser consideradas propriedade do Estado. O conte\u00fado completo da not\u00edcia est\u00e1 dispon\u00edvel apenas para subscritores.","og_url":"https:\/\/portaltela.pt\/noticias\/2026\/02\/15\/israel-aprova-designacao-de-zonas-da-cisjordania-como-propriedade-estatal\/","og_site_name":"Portal Tela Portugal","article_published_time":"2026-02-15T14:55:00+00:00","author":"Telinha","twitter_card":"summary_large_image","twitter_misc":{"Escrito por":"Telinha","Tempo estimado de leitura":"1 minuto"},"schema":{"@context":"https:\/\/schema.org","@graph":[{"@type":"Article","@id":"https:\/\/portaltela.pt\/noticias\/2026\/02\/15\/israel-aprova-designacao-de-zonas-da-cisjordania-como-propriedade-estatal\/#article","isPartOf":{"@id":"https:\/\/portaltela.pt\/noticias\/2026\/02\/15\/israel-aprova-designacao-de-zonas-da-cisjordania-como-propriedade-estatal\/"},"author":{"name":"Telinha","@id":"https:\/\/portaltela.pt\/#\/schema\/person\/c4278d4a6028830caff9ee44b42d32ed"},"headline":"Israel aprova designa\u00e7\u00e3o de zonas da Cisjord\u00e2nia como propriedade estatal","datePublished":"2026-02-15T14:55:00+00:00","mainEntityOfPage":{"@id":"https:\/\/portaltela.pt\/noticias\/2026\/02\/15\/israel-aprova-designacao-de-zonas-da-cisjordania-como-propriedade-estatal\/"},"wordCount":181,"image":{"@id":"https:\/\/portaltela.pt\/noticias\/2026\/02\/15\/israel-aprova-designacao-de-zonas-da-cisjordania-como-propriedade-estatal\/#primaryimage"},"thumbnailUrl":"https:\/\/portaltela.pt\/s.01k8rhncp4jt1\/2026\/02\/CACHE_780X1200_ANALOG_WATERMARKED_45902565_1316728744761165.jpg","keywords":["conflitos internacionais","Israel","Palestina","pol\u00edtica internacional","propriedade p\u00fablica","Territ\u00f3rio"],"articleSection":["Internacional","Not\u00edcias"],"inLanguage":"pt-PT"},{"@type":"WebPage","@id":"https:\/\/portaltela.pt\/noticias\/2026\/02\/15\/israel-aprova-designacao-de-zonas-da-cisjordania-como-propriedade-estatal\/","url":"https:\/\/portaltela.pt\/noticias\/2026\/02\/15\/israel-aprova-designacao-de-zonas-da-cisjordania-como-propriedade-estatal\/","name":"Israel aprova designa\u00e7\u00e3o de zonas da Cisjord\u00e2nia como propriedade estatal - Portal Tela Portugal","isPartOf":{"@id":"https:\/\/portaltela.pt\/#website"},"primaryImageOfPage":{"@id":"https:\/\/portaltela.pt\/noticias\/2026\/02\/15\/israel-aprova-designacao-de-zonas-da-cisjordania-como-propriedade-estatal\/#primaryimage"},"image":{"@id":"https:\/\/portaltela.pt\/noticias\/2026\/02\/15\/israel-aprova-designacao-de-zonas-da-cisjordania-como-propriedade-estatal\/#primaryimage"},"thumbnailUrl":"https:\/\/portaltela.pt\/s.01k8rhncp4jt1\/2026\/02\/CACHE_780X1200_ANALOG_WATERMARKED_45902565_1316728744761165.jpg","datePublished":"2026-02-15T14:55:00+00:00","author":{"@id":"https:\/\/portaltela.pt\/#\/schema\/person\/c4278d4a6028830caff9ee44b42d32ed"},"breadcrumb":{"@id":"https:\/\/portaltela.pt\/noticias\/2026\/02\/15\/israel-aprova-designacao-de-zonas-da-cisjordania-como-propriedade-estatal\/#breadcrumb"},"inLanguage":"pt-PT","potentialAction":[{"@type":"ReadAction","target":["https:\/\/portaltela.pt\/noticias\/2026\/02\/15\/israel-aprova-designacao-de-zonas-da-cisjordania-como-propriedade-estatal\/"]}]},{"@type":"ImageObject","inLanguage":"pt-PT","@id":"https:\/\/portaltela.pt\/noticias\/2026\/02\/15\/israel-aprova-designacao-de-zonas-da-cisjordania-como-propriedade-estatal\/#primaryimage","url":"https:\/\/portaltela.pt\/s.01k8rhncp4jt1\/2026\/02\/CACHE_780X1200_ANALOG_WATERMARKED_45902565_1316728744761165.jpg","contentUrl":"https:\/\/portaltela.pt\/s.01k8rhncp4jt1\/2026\/02\/CACHE_780X1200_ANALOG_WATERMARKED_45902565_1316728744761165.jpg","width":796,"height":448,"caption":"Israel aprova designa\u00e7\u00e3o de zonas da Cisjord\u00e2nia como propriedade estatal"},{"@type":"BreadcrumbList","@id":"https:\/\/portaltela.pt\/noticias\/2026\/02\/15\/israel-aprova-designacao-de-zonas-da-cisjordania-como-propriedade-estatal\/#breadcrumb","itemListElement":[{"@type":"ListItem","position":1,"name":"In\u00edcio","item":"https:\/\/portaltela.pt\/"},{"@type":"ListItem","position":2,"name":"Israel aprova designa\u00e7\u00e3o de zonas da Cisjord\u00e2nia como propriedade estatal"}]},{"@type":"WebSite","@id":"https:\/\/portaltela.pt\/#website","url":"https:\/\/portaltela.pt\/","name":"Portal Tela Portugal","description":"","potentialAction":[{"@type":"SearchAction","target":{"@type":"EntryPoint","urlTemplate":"https:\/\/portaltela.pt\/?s={search_term_string}"},"query-input":{"@type":"PropertyValueSpecification","valueRequired":true,"valueName":"search_term_string"}}],"inLanguage":"pt-PT"},{"@type":"Person","@id":"https:\/\/portaltela.pt\/#\/schema\/person\/c4278d4a6028830caff9ee44b42d32ed","name":"Telinha","image":{"@type":"ImageObject","inLanguage":"pt-PT","@id":"https:\/\/portaltela.pt\/s.01k8rhncp4jt1\/2025\/11\/talking-bot-125x125.png","url":"https:\/\/portaltela.pt\/s.01k8rhncp4jt1\/2025\/11\/talking-bot-125x125.png","contentUrl":"https:\/\/portaltela.pt\/s.01k8rhncp4jt1\/2025\/11\/talking-bot-125x125.png","caption":"Telinha"},"sameAs":["https:\/\/portaltela.pt\/"],"url":"https:\/\/portaltela.pt\/por\/367410592786\/"}]}},"_links":{"self":[{"href":"https:\/\/portaltela.pt\/api\/wp\/v2\/posts\/213419","targetHints":{"allow":["GET"]}}],"collection":[{"href":"https:\/\/portaltela.pt\/api\/wp\/v2\/posts"}],"about":[{"href":"https:\/\/portaltela.pt\/api\/wp\/v2\/types\/post"}],"author":[{"embeddable":true,"href":"https:\/\/portaltela.pt\/api\/wp\/v2\/users\/2"}],"replies":[{"embeddable":true,"href":"https:\/\/portaltela.pt\/api\/wp\/v2\/comments?post=213419"}],"version-history":[{"count":0,"href":"https:\/\/portaltela.pt\/api\/wp\/v2\/posts\/213419\/revisions"}],"wp:featuredmedia":[{"embeddable":true,"href":"https:\/\/portaltela.pt\/api\/wp\/v2\/media\/213423"}],"wp:attachment":[{"href":"https:\/\/portaltela.pt\/api\/wp\/v2\/media?parent=213419"}],"wp:term":[{"taxonomy":"category","embeddable":true,"href":"https:\/\/portaltela.pt\/api\/wp\/v2\/categories?post=213419"},{"taxonomy":"post_tag","embeddable":true,"href":"https:\/\/portaltela.pt\/api\/wp\/v2\/tags?post=213419"}],"curies":[{"name":"wp","href":"https:\/\/api.w.org\/{rel}","templated":true}]}}