{"id":213334,"date":"2026-02-15T08:59:00","date_gmt":"2026-02-15T11:59:00","guid":{"rendered":"https:\/\/portaltela.pt\/noticias\/2026\/02\/15\/neve-bloqueia-acesso-a-torre-da-serra-da-estrela\/"},"modified":"2026-02-15T08:59:00","modified_gmt":"2026-02-15T11:59:00","slug":"neve-bloqueia-acesso-a-torre-da-serra-da-estrela","status":"publish","type":"post","link":"https:\/\/portaltela.pt\/noticias\/2026\/02\/15\/neve-bloqueia-acesso-a-torre-da-serra-da-estrela\/","title":{"rendered":"Neve bloqueia acesso \u00e0 Torre da Serra da Estrela"},"content":{"rendered":"<p>O acesso \u00e0 Torre da Serra da Estrela por Piornos e Lagoa Comprida est\u00e1 encerrado devido ao gelo e \u00e0 neve. A medida vigora desde as 19h15 de 12 de Fevereiro. A dire\u00e7\u00e3o \u00e9 do comando sub-regional das Beiras e Serra da Estrela.<\/p>\n<p>Todos os outros acessos \u00e0 torre permanecem abertos, segundo a mesma fonte.<\/p>\n<p>Entre 3 e 12 de Fevereiro, os acessos ao maci\u00e7o central estiveram encerrados pela queda de neve. A reabertura verificou-se na manh\u00e3 de 12 de Fevereiro.<\/p>\n<p>\u00c0s 19h15 do mesmo dia, o acesso voltou a ficar encerrado, devido ao gelo acumulado, informou o comando sub-regional. O encerramento mant\u00e9m-se apenas para os itiner\u00e1rios de Piornos Torre e Lagoa Comprida Torre.<\/p>\n","protected":false},"excerpt":{"rendered":"<ul>\n<li>O acesso \u00e0 Torre da Serra da Estrela pelas estradas de Piornos Torre e Lagoa Comprida Torre est\u00e1 encerrado devido ao gelo e \u00e0 neve.<\/li>\n<li>A confirma\u00e7\u00e3o veio de uma fonte do comando sub-regional das Beiras e Serra da Estrela, \u00e0 Lusa.<\/li>\n<li>O encerramento entrou em vigor \u00e0s 19h15 de 12 de fevereiro; todos os outros acessos \u00e0 torre est\u00e3o abertos.<\/li>\n<li>O acesso esteve encerrado entre 3 e 12 de fevereiro, reabriu na manh\u00e3 de 12, e voltou a fechar \u00e0s 19h15 do mesmo dia.<\/li>\n<\/ul>\n","protected":false},"author":2,"featured_media":213339,"comment_status":"closed","ping_status":"closed","sticky":false,"template":"","format":"standard","meta":{"footnotes":""},"categories":[1],"tags":[1860,1846,5215,4216,1589],"class_list":["post-213334","post","type-post","status-publish","format-standard","has-post-thumbnail","hentry","category-noticias","tag-acessos","tag-beira-interior","tag-catastrofes-naturais","tag-condicoes-de-transito","tag-estrela"],"yoast_head":"<!-- This site is optimized with the Yoast SEO plugin v27.2 - https:\/\/yoast.com\/product\/yoast-seo-wordpress\/ -->\n<title>Neve bloqueia acesso \u00e0 Torre da Serra da Estrela - Portal Tela Portugal<\/title>\n<meta name=\"robots\" content=\"index, follow, max-snippet:-1, max-image-preview:large, max-video-preview:-1\" \/>\n<meta property=\"og:locale\" content=\"pt_PT\" \/>\n<meta property=\"og:type\" content=\"article\" \/>\n<meta property=\"og:title\" content=\"Neve bloqueia acesso \u00e0 Torre da Serra da Estrela - Portal Tela Portugal\" \/>\n<meta property=\"og:description\" content=\"O acesso \u00e0 Torre da Serra da Estrela pelas estradas de Piornos Torre e Lagoa Comprida Torre est\u00e1 encerrado devido ao gelo e \u00e0 neve. A confirma\u00e7\u00e3o veio de uma fonte do comando sub-regional das Beiras e Serra da Estrela, \u00e0 Lusa. O encerramento entrou em vigor \u00e0s 19h15 de 12 de fevereiro; todos os outros acessos \u00e0 torre est\u00e3o abertos. O acesso esteve encerrado entre 3 e 12 de fevereiro, reabriu na manh\u00e3 de 12, e voltou a fechar \u00e0s 19h15 do mesmo dia.\" \/>\n<meta property=\"og:url\" content=\"https:\/\/portaltela.pt\/noticias\/2026\/02\/15\/neve-bloqueia-acesso-a-torre-da-serra-da-estrela\/\" \/>\n<meta property=\"og:site_name\" content=\"Portal Tela Portugal\" \/>\n<meta property=\"article:published_time\" content=\"2026-02-15T11:59:00+00:00\" \/>\n<meta name=\"author\" content=\"Telinha\" \/>\n<meta name=\"twitter:card\" content=\"summary_large_image\" \/>\n<meta name=\"twitter:label1\" content=\"Escrito por\" \/>\n\t<meta name=\"twitter:data1\" content=\"Telinha\" \/>\n\t<meta name=\"twitter:label2\" content=\"Tempo estimado de leitura\" \/>\n\t<meta name=\"twitter:data2\" content=\"1 minuto\" \/>\n<script type=\"application\/ld+json\" class=\"yoast-schema-graph\">{\"@context\":\"https:\/\/schema.org\",\"@graph\":[{\"@type\":\"Article\",\"@id\":\"https:\/\/portaltela.pt\/noticias\/2026\/02\/15\/neve-bloqueia-acesso-a-torre-da-serra-da-estrela\/#article\",\"isPartOf\":{\"@id\":\"https:\/\/portaltela.pt\/noticias\/2026\/02\/15\/neve-bloqueia-acesso-a-torre-da-serra-da-estrela\/\"},\"author\":{\"name\":\"Telinha\",\"@id\":\"https:\/\/portaltela.pt\/#\/schema\/person\/c4278d4a6028830caff9ee44b42d32ed\"},\"headline\":\"Neve bloqueia acesso \u00e0 Torre da Serra da Estrela\",\"datePublished\":\"2026-02-15T11:59:00+00:00\",\"mainEntityOfPage\":{\"@id\":\"https:\/\/portaltela.pt\/noticias\/2026\/02\/15\/neve-bloqueia-acesso-a-torre-da-serra-da-estrela\/\"},\"wordCount\":118,\"image\":{\"@id\":\"https:\/\/portaltela.pt\/noticias\/2026\/02\/15\/neve-bloqueia-acesso-a-torre-da-serra-da-estrela\/#primaryimage\"},\"thumbnailUrl\":\"https:\/\/portaltela.pt\/s.01k8rhncp4jt1\/2026\/02\/2067428-1.jpg\",\"keywords\":[\"acessos\",\"Beira Interior\",\"cat\u00e1strofes naturais\",\"condi\u00e7\u00f5es de tr\u00e2nsito\",\"Estrela\"],\"articleSection\":[\"Not\u00edcias\"],\"inLanguage\":\"pt-PT\"},{\"@type\":\"WebPage\",\"@id\":\"https:\/\/portaltela.pt\/noticias\/2026\/02\/15\/neve-bloqueia-acesso-a-torre-da-serra-da-estrela\/\",\"url\":\"https:\/\/portaltela.pt\/noticias\/2026\/02\/15\/neve-bloqueia-acesso-a-torre-da-serra-da-estrela\/\",\"name\":\"Neve bloqueia acesso \u00e0 Torre da Serra da Estrela - Portal Tela Portugal\",\"isPartOf\":{\"@id\":\"https:\/\/portaltela.pt\/#website\"},\"primaryImageOfPage\":{\"@id\":\"https:\/\/portaltela.pt\/noticias\/2026\/02\/15\/neve-bloqueia-acesso-a-torre-da-serra-da-estrela\/#primaryimage\"},\"image\":{\"@id\":\"https:\/\/portaltela.pt\/noticias\/2026\/02\/15\/neve-bloqueia-acesso-a-torre-da-serra-da-estrela\/#primaryimage\"},\"thumbnailUrl\":\"https:\/\/portaltela.pt\/s.01k8rhncp4jt1\/2026\/02\/2067428-1.jpg\",\"datePublished\":\"2026-02-15T11:59:00+00:00\",\"author\":{\"@id\":\"https:\/\/portaltela.pt\/#\/schema\/person\/c4278d4a6028830caff9ee44b42d32ed\"},\"breadcrumb\":{\"@id\":\"https:\/\/portaltela.pt\/noticias\/2026\/02\/15\/neve-bloqueia-acesso-a-torre-da-serra-da-estrela\/#breadcrumb\"},\"inLanguage\":\"pt-PT\",\"potentialAction\":[{\"@type\":\"ReadAction\",\"target\":[\"https:\/\/portaltela.pt\/noticias\/2026\/02\/15\/neve-bloqueia-acesso-a-torre-da-serra-da-estrela\/\"]}]},{\"@type\":\"ImageObject\",\"inLanguage\":\"pt-PT\",\"@id\":\"https:\/\/portaltela.pt\/noticias\/2026\/02\/15\/neve-bloqueia-acesso-a-torre-da-serra-da-estrela\/#primaryimage\",\"url\":\"https:\/\/portaltela.pt\/s.01k8rhncp4jt1\/2026\/02\/2067428-1.jpg\",\"contentUrl\":\"https:\/\/portaltela.pt\/s.01k8rhncp4jt1\/2026\/02\/2067428-1.jpg\",\"width\":796,\"height\":448,\"caption\":\"Acesso \u00e0 Torre est\u00e1 encerrado em algumas estradas pela acumula\u00e7\u00e3o de neve\"},{\"@type\":\"BreadcrumbList\",\"@id\":\"https:\/\/portaltela.pt\/noticias\/2026\/02\/15\/neve-bloqueia-acesso-a-torre-da-serra-da-estrela\/#breadcrumb\",\"itemListElement\":[{\"@type\":\"ListItem\",\"position\":1,\"name\":\"In\u00edcio\",\"item\":\"https:\/\/portaltela.pt\/\"},{\"@type\":\"ListItem\",\"position\":2,\"name\":\"Neve bloqueia acesso \u00e0 Torre da Serra da Estrela\"}]},{\"@type\":\"WebSite\",\"@id\":\"https:\/\/portaltela.pt\/#website\",\"url\":\"https:\/\/portaltela.pt\/\",\"name\":\"Portal Tela Portugal\",\"description\":\"\",\"potentialAction\":[{\"@type\":\"SearchAction\",\"target\":{\"@type\":\"EntryPoint\",\"urlTemplate\":\"https:\/\/portaltela.pt\/?s={search_term_string}\"},\"query-input\":{\"@type\":\"PropertyValueSpecification\",\"valueRequired\":true,\"valueName\":\"search_term_string\"}}],\"inLanguage\":\"pt-PT\"},{\"@type\":\"Person\",\"@id\":\"https:\/\/portaltela.pt\/#\/schema\/person\/c4278d4a6028830caff9ee44b42d32ed\",\"name\":\"Telinha\",\"image\":{\"@type\":\"ImageObject\",\"inLanguage\":\"pt-PT\",\"@id\":\"https:\/\/portaltela.pt\/s.01k8rhncp4jt1\/2025\/11\/talking-bot-125x125.png\",\"url\":\"https:\/\/portaltela.pt\/s.01k8rhncp4jt1\/2025\/11\/talking-bot-125x125.png\",\"contentUrl\":\"https:\/\/portaltela.pt\/s.01k8rhncp4jt1\/2025\/11\/talking-bot-125x125.png\",\"caption\":\"Telinha\"},\"sameAs\":[\"https:\/\/portaltela.pt\/\"],\"url\":\"https:\/\/portaltela.pt\/por\/367410592786\/\"}]}<\/script>\n<!-- \/ Yoast SEO plugin. -->","yoast_head_json":{"title":"Neve bloqueia acesso \u00e0 Torre da Serra da Estrela - Portal Tela Portugal","robots":{"index":"index","follow":"follow","max-snippet":"max-snippet:-1","max-image-preview":"max-image-preview:large","max-video-preview":"max-video-preview:-1"},"og_locale":"pt_PT","og_type":"article","og_title":"Neve bloqueia acesso \u00e0 Torre da Serra da Estrela - Portal Tela Portugal","og_description":"O acesso \u00e0 Torre da Serra da Estrela pelas estradas de Piornos Torre e Lagoa Comprida Torre est\u00e1 encerrado devido ao gelo e \u00e0 neve. A confirma\u00e7\u00e3o veio de uma fonte do comando sub-regional das Beiras e Serra da Estrela, \u00e0 Lusa. O encerramento entrou em vigor \u00e0s 19h15 de 12 de fevereiro; todos os outros acessos \u00e0 torre est\u00e3o abertos. O acesso esteve encerrado entre 3 e 12 de fevereiro, reabriu na manh\u00e3 de 12, e voltou a fechar \u00e0s 19h15 do mesmo dia.","og_url":"https:\/\/portaltela.pt\/noticias\/2026\/02\/15\/neve-bloqueia-acesso-a-torre-da-serra-da-estrela\/","og_site_name":"Portal Tela Portugal","article_published_time":"2026-02-15T11:59:00+00:00","author":"Telinha","twitter_card":"summary_large_image","twitter_misc":{"Escrito por":"Telinha","Tempo estimado de leitura":"1 minuto"},"schema":{"@context":"https:\/\/schema.org","@graph":[{"@type":"Article","@id":"https:\/\/portaltela.pt\/noticias\/2026\/02\/15\/neve-bloqueia-acesso-a-torre-da-serra-da-estrela\/#article","isPartOf":{"@id":"https:\/\/portaltela.pt\/noticias\/2026\/02\/15\/neve-bloqueia-acesso-a-torre-da-serra-da-estrela\/"},"author":{"name":"Telinha","@id":"https:\/\/portaltela.pt\/#\/schema\/person\/c4278d4a6028830caff9ee44b42d32ed"},"headline":"Neve bloqueia acesso \u00e0 Torre da Serra da Estrela","datePublished":"2026-02-15T11:59:00+00:00","mainEntityOfPage":{"@id":"https:\/\/portaltela.pt\/noticias\/2026\/02\/15\/neve-bloqueia-acesso-a-torre-da-serra-da-estrela\/"},"wordCount":118,"image":{"@id":"https:\/\/portaltela.pt\/noticias\/2026\/02\/15\/neve-bloqueia-acesso-a-torre-da-serra-da-estrela\/#primaryimage"},"thumbnailUrl":"https:\/\/portaltela.pt\/s.01k8rhncp4jt1\/2026\/02\/2067428-1.jpg","keywords":["acessos","Beira Interior","cat\u00e1strofes naturais","condi\u00e7\u00f5es de tr\u00e2nsito","Estrela"],"articleSection":["Not\u00edcias"],"inLanguage":"pt-PT"},{"@type":"WebPage","@id":"https:\/\/portaltela.pt\/noticias\/2026\/02\/15\/neve-bloqueia-acesso-a-torre-da-serra-da-estrela\/","url":"https:\/\/portaltela.pt\/noticias\/2026\/02\/15\/neve-bloqueia-acesso-a-torre-da-serra-da-estrela\/","name":"Neve bloqueia acesso \u00e0 Torre da Serra da Estrela - Portal Tela Portugal","isPartOf":{"@id":"https:\/\/portaltela.pt\/#website"},"primaryImageOfPage":{"@id":"https:\/\/portaltela.pt\/noticias\/2026\/02\/15\/neve-bloqueia-acesso-a-torre-da-serra-da-estrela\/#primaryimage"},"image":{"@id":"https:\/\/portaltela.pt\/noticias\/2026\/02\/15\/neve-bloqueia-acesso-a-torre-da-serra-da-estrela\/#primaryimage"},"thumbnailUrl":"https:\/\/portaltela.pt\/s.01k8rhncp4jt1\/2026\/02\/2067428-1.jpg","datePublished":"2026-02-15T11:59:00+00:00","author":{"@id":"https:\/\/portaltela.pt\/#\/schema\/person\/c4278d4a6028830caff9ee44b42d32ed"},"breadcrumb":{"@id":"https:\/\/portaltela.pt\/noticias\/2026\/02\/15\/neve-bloqueia-acesso-a-torre-da-serra-da-estrela\/#breadcrumb"},"inLanguage":"pt-PT","potentialAction":[{"@type":"ReadAction","target":["https:\/\/portaltela.pt\/noticias\/2026\/02\/15\/neve-bloqueia-acesso-a-torre-da-serra-da-estrela\/"]}]},{"@type":"ImageObject","inLanguage":"pt-PT","@id":"https:\/\/portaltela.pt\/noticias\/2026\/02\/15\/neve-bloqueia-acesso-a-torre-da-serra-da-estrela\/#primaryimage","url":"https:\/\/portaltela.pt\/s.01k8rhncp4jt1\/2026\/02\/2067428-1.jpg","contentUrl":"https:\/\/portaltela.pt\/s.01k8rhncp4jt1\/2026\/02\/2067428-1.jpg","width":796,"height":448,"caption":"Acesso \u00e0 Torre est\u00e1 encerrado em algumas estradas pela acumula\u00e7\u00e3o de neve"},{"@type":"BreadcrumbList","@id":"https:\/\/portaltela.pt\/noticias\/2026\/02\/15\/neve-bloqueia-acesso-a-torre-da-serra-da-estrela\/#breadcrumb","itemListElement":[{"@type":"ListItem","position":1,"name":"In\u00edcio","item":"https:\/\/portaltela.pt\/"},{"@type":"ListItem","position":2,"name":"Neve bloqueia acesso \u00e0 Torre da Serra da Estrela"}]},{"@type":"WebSite","@id":"https:\/\/portaltela.pt\/#website","url":"https:\/\/portaltela.pt\/","name":"Portal Tela Portugal","description":"","potentialAction":[{"@type":"SearchAction","target":{"@type":"EntryPoint","urlTemplate":"https:\/\/portaltela.pt\/?s={search_term_string}"},"query-input":{"@type":"PropertyValueSpecification","valueRequired":true,"valueName":"search_term_string"}}],"inLanguage":"pt-PT"},{"@type":"Person","@id":"https:\/\/portaltela.pt\/#\/schema\/person\/c4278d4a6028830caff9ee44b42d32ed","name":"Telinha","image":{"@type":"ImageObject","inLanguage":"pt-PT","@id":"https:\/\/portaltela.pt\/s.01k8rhncp4jt1\/2025\/11\/talking-bot-125x125.png","url":"https:\/\/portaltela.pt\/s.01k8rhncp4jt1\/2025\/11\/talking-bot-125x125.png","contentUrl":"https:\/\/portaltela.pt\/s.01k8rhncp4jt1\/2025\/11\/talking-bot-125x125.png","caption":"Telinha"},"sameAs":["https:\/\/portaltela.pt\/"],"url":"https:\/\/portaltela.pt\/por\/367410592786\/"}]}},"_links":{"self":[{"href":"https:\/\/portaltela.pt\/api\/wp\/v2\/posts\/213334","targetHints":{"allow":["GET"]}}],"collection":[{"href":"https:\/\/portaltela.pt\/api\/wp\/v2\/posts"}],"about":[{"href":"https:\/\/portaltela.pt\/api\/wp\/v2\/types\/post"}],"author":[{"embeddable":true,"href":"https:\/\/portaltela.pt\/api\/wp\/v2\/users\/2"}],"replies":[{"embeddable":true,"href":"https:\/\/portaltela.pt\/api\/wp\/v2\/comments?post=213334"}],"version-history":[{"count":0,"href":"https:\/\/portaltela.pt\/api\/wp\/v2\/posts\/213334\/revisions"}],"wp:featuredmedia":[{"embeddable":true,"href":"https:\/\/portaltela.pt\/api\/wp\/v2\/media\/213339"}],"wp:attachment":[{"href":"https:\/\/portaltela.pt\/api\/wp\/v2\/media?parent=213334"}],"wp:term":[{"taxonomy":"category","embeddable":true,"href":"https:\/\/portaltela.pt\/api\/wp\/v2\/categories?post=213334"},{"taxonomy":"post_tag","embeddable":true,"href":"https:\/\/portaltela.pt\/api\/wp\/v2\/tags?post=213334"}],"curies":[{"name":"wp","href":"https:\/\/api.w.org\/{rel}","templated":true}]}}