{"id":213328,"date":"2026-02-15T10:18:00","date_gmt":"2026-02-15T13:18:00","guid":{"rendered":"https:\/\/portaltela.pt\/noticias\/2026\/02\/15\/lares-privados-mais-caros-tem-mais-utentes-com-demencia\/"},"modified":"2026-02-15T10:18:00","modified_gmt":"2026-02-15T13:18:00","slug":"lares-privados-mais-caros-tem-mais-utentes-com-demencia","status":"publish","type":"post","link":"https:\/\/portaltela.pt\/noticias\/2026\/02\/15\/lares-privados-mais-caros-tem-mais-utentes-com-demencia\/","title":{"rendered":"Lares privados mais caros t\u00eam mais utentes com dem\u00eancia"},"content":{"rendered":"<p>Um estudo com 423 lares para idosos em Portugal mostrou que, em m\u00e9dia, um ter\u00e7o dos residentes tem dem\u00eancia diagnosticada e cerca de 20% tem decl\u00ednio cognitivo suspeito n\u00e3o registado.<\/p>\n<p>Investigadores das universidades de Coimbra e Aveiro participaram, apontando elevada preval\u00eancia de dem\u00eancia e de decl\u00ednio cognitivo sem diagn\u00f3stico registado em ERPI.<\/p>\n<p>Os autores sublinham a necessidade de pol\u00edticas p\u00fablicas que melhorem o diagn\u00f3stico e promovam maior equidade territorial na resposta institucional \u00e0 dem\u00eancia.<\/p>\n<h3>Implica\u00e7\u00f5es para pol\u00edticas p\u00fablicas<\/h3>\n<p>Os dados sugerem que identificar rapidamente a dem\u00eancia permite interven\u00e7\u00f5es mais eficaz e temporais. A investiga\u00e7\u00e3o refor\u00e7a a urg\u00eancia de refor\u00e7ar recursos regionais.<\/p>\n<p>O estudo recomenda monitoriza\u00e7\u00e3o cont\u00ednua das condi\u00e7\u00f5es nos lares, a fim de reduzir lacunas no diagn\u00f3stico e assegurar resposta adequada aos residentes.<\/p>\n","protected":false},"excerpt":{"rendered":"<ul>\n<li>Estudo com 423 lares em Portugal aponta que, em m\u00e9dia, um ter\u00e7o dos residentes tem diagn\u00f3stico formal de dem\u00eancia.<\/li>\n<li>Cerca de um quinto dos utentes apresenta suspeita de decl\u00ednio cognitivo sem diagn\u00f3stico registado.<\/li>\n<li>Investigadores das universidades de Coimbra e de Aveiro destacam alta preval\u00eancia de dem\u00eancia e de decl\u00ednio cognitivo n\u00e3o diagnosticado em estruturas residenciais para pessoas idosas (ERPI).<\/li>\n<li>Os resultados refor\u00e7am a necessidade de pol\u00edticas p\u00fablicas que melhorem o diagn\u00f3stico e de maior equidade territorial na resposta \u00e0 dem\u00eancia.<\/li>\n<li>O estudo sugere uma associa\u00e7\u00e3o entre lares privados mais caros e um maior n\u00famero de utentes com diagn\u00f3stico de dem\u00eancia.<\/li>\n<\/ul>\n","protected":false},"author":2,"featured_media":213329,"comment_status":"closed","ping_status":"closed","sticky":false,"template":"","format":"standard","meta":{"footnotes":""},"categories":[1],"tags":[5370,268,2736,215,172,271],"class_list":["post-213328","post","type-post","status-publish","format-standard","has-post-thumbnail","hentry","category-noticias","tag-a-geriatria","tag-demencia","tag-idosos","tag-investigacao","tag-saude","tag-saude-publica"],"yoast_head":"<!-- This site is optimized with the Yoast SEO plugin v27.2 - https:\/\/yoast.com\/product\/yoast-seo-wordpress\/ -->\n<title>Lares privados mais caros t\u00eam mais utentes com dem\u00eancia - Portal Tela Portugal<\/title>\n<meta name=\"robots\" content=\"index, follow, max-snippet:-1, max-image-preview:large, max-video-preview:-1\" \/>\n<meta property=\"og:locale\" content=\"pt_PT\" \/>\n<meta property=\"og:type\" content=\"article\" \/>\n<meta property=\"og:title\" content=\"Lares privados mais caros t\u00eam mais utentes com dem\u00eancia - Portal Tela Portugal\" \/>\n<meta property=\"og:description\" content=\"Estudo com 423 lares em Portugal aponta que, em m\u00e9dia, um ter\u00e7o dos residentes tem diagn\u00f3stico formal de dem\u00eancia. Cerca de um quinto dos utentes apresenta suspeita de decl\u00ednio cognitivo sem diagn\u00f3stico registado. Investigadores das universidades de Coimbra e de Aveiro destacam alta preval\u00eancia de dem\u00eancia e de decl\u00ednio cognitivo n\u00e3o diagnosticado em estruturas residenciais para pessoas idosas (ERPI). Os resultados refor\u00e7am a necessidade de pol\u00edticas p\u00fablicas que melhorem o diagn\u00f3stico e de maior equidade territorial na resposta \u00e0 dem\u00eancia. O estudo sugere uma associa\u00e7\u00e3o entre lares privados mais caros e um maior n\u00famero de utentes com diagn\u00f3stico de dem\u00eancia.\" \/>\n<meta property=\"og:url\" content=\"https:\/\/portaltela.pt\/noticias\/2026\/02\/15\/lares-privados-mais-caros-tem-mais-utentes-com-demencia\/\" \/>\n<meta property=\"og:site_name\" content=\"Portal Tela Portugal\" \/>\n<meta property=\"article:published_time\" content=\"2026-02-15T13:18:00+00:00\" \/>\n<meta name=\"author\" content=\"Telinha\" \/>\n<meta name=\"twitter:card\" content=\"summary_large_image\" \/>\n<meta name=\"twitter:label1\" content=\"Escrito por\" \/>\n\t<meta name=\"twitter:data1\" content=\"Telinha\" \/>\n\t<meta name=\"twitter:label2\" content=\"Tempo estimado de leitura\" \/>\n\t<meta name=\"twitter:data2\" content=\"1 minuto\" \/>\n<script type=\"application\/ld+json\" class=\"yoast-schema-graph\">{\"@context\":\"https:\/\/schema.org\",\"@graph\":[{\"@type\":\"Article\",\"@id\":\"https:\/\/portaltela.pt\/noticias\/2026\/02\/15\/lares-privados-mais-caros-tem-mais-utentes-com-demencia\/#article\",\"isPartOf\":{\"@id\":\"https:\/\/portaltela.pt\/noticias\/2026\/02\/15\/lares-privados-mais-caros-tem-mais-utentes-com-demencia\/\"},\"author\":{\"name\":\"Telinha\",\"@id\":\"https:\/\/portaltela.pt\/#\/schema\/person\/c4278d4a6028830caff9ee44b42d32ed\"},\"headline\":\"Lares privados mais caros t\u00eam mais utentes com dem\u00eancia\",\"datePublished\":\"2026-02-15T13:18:00+00:00\",\"mainEntityOfPage\":{\"@id\":\"https:\/\/portaltela.pt\/noticias\/2026\/02\/15\/lares-privados-mais-caros-tem-mais-utentes-com-demencia\/\"},\"wordCount\":157,\"image\":{\"@id\":\"https:\/\/portaltela.pt\/noticias\/2026\/02\/15\/lares-privados-mais-caros-tem-mais-utentes-com-demencia\/#primaryimage\"},\"thumbnailUrl\":\"https:\/\/portaltela.pt\/s.01k8rhncp4jt1\/2026\/02\/2064740.jpg\",\"keywords\":[\"a geriatria\",\"dem\u00eancia\",\"idosos\",\"investiga\u00e7\u00e3o\",\"sa\u00fade\",\"sa\u00fade p\u00fablica\"],\"articleSection\":[\"Not\u00edcias\"],\"inLanguage\":\"pt-PT\"},{\"@type\":\"WebPage\",\"@id\":\"https:\/\/portaltela.pt\/noticias\/2026\/02\/15\/lares-privados-mais-caros-tem-mais-utentes-com-demencia\/\",\"url\":\"https:\/\/portaltela.pt\/noticias\/2026\/02\/15\/lares-privados-mais-caros-tem-mais-utentes-com-demencia\/\",\"name\":\"Lares privados mais caros t\u00eam mais utentes com dem\u00eancia - Portal Tela Portugal\",\"isPartOf\":{\"@id\":\"https:\/\/portaltela.pt\/#website\"},\"primaryImageOfPage\":{\"@id\":\"https:\/\/portaltela.pt\/noticias\/2026\/02\/15\/lares-privados-mais-caros-tem-mais-utentes-com-demencia\/#primaryimage\"},\"image\":{\"@id\":\"https:\/\/portaltela.pt\/noticias\/2026\/02\/15\/lares-privados-mais-caros-tem-mais-utentes-com-demencia\/#primaryimage\"},\"thumbnailUrl\":\"https:\/\/portaltela.pt\/s.01k8rhncp4jt1\/2026\/02\/2064740.jpg\",\"datePublished\":\"2026-02-15T13:18:00+00:00\",\"author\":{\"@id\":\"https:\/\/portaltela.pt\/#\/schema\/person\/c4278d4a6028830caff9ee44b42d32ed\"},\"breadcrumb\":{\"@id\":\"https:\/\/portaltela.pt\/noticias\/2026\/02\/15\/lares-privados-mais-caros-tem-mais-utentes-com-demencia\/#breadcrumb\"},\"inLanguage\":\"pt-PT\",\"potentialAction\":[{\"@type\":\"ReadAction\",\"target\":[\"https:\/\/portaltela.pt\/noticias\/2026\/02\/15\/lares-privados-mais-caros-tem-mais-utentes-com-demencia\/\"]}]},{\"@type\":\"ImageObject\",\"inLanguage\":\"pt-PT\",\"@id\":\"https:\/\/portaltela.pt\/noticias\/2026\/02\/15\/lares-privados-mais-caros-tem-mais-utentes-com-demencia\/#primaryimage\",\"url\":\"https:\/\/portaltela.pt\/s.01k8rhncp4jt1\/2026\/02\/2064740.jpg\",\"contentUrl\":\"https:\/\/portaltela.pt\/s.01k8rhncp4jt1\/2026\/02\/2064740.jpg\",\"width\":796,\"height\":448,\"caption\":\"Participaram na investiga\u00e7\u00e3o 423 estruturas residenciais para idosos\"},{\"@type\":\"BreadcrumbList\",\"@id\":\"https:\/\/portaltela.pt\/noticias\/2026\/02\/15\/lares-privados-mais-caros-tem-mais-utentes-com-demencia\/#breadcrumb\",\"itemListElement\":[{\"@type\":\"ListItem\",\"position\":1,\"name\":\"In\u00edcio\",\"item\":\"https:\/\/portaltela.pt\/\"},{\"@type\":\"ListItem\",\"position\":2,\"name\":\"Lares privados mais caros t\u00eam mais utentes com dem\u00eancia\"}]},{\"@type\":\"WebSite\",\"@id\":\"https:\/\/portaltela.pt\/#website\",\"url\":\"https:\/\/portaltela.pt\/\",\"name\":\"Portal Tela Portugal\",\"description\":\"\",\"potentialAction\":[{\"@type\":\"SearchAction\",\"target\":{\"@type\":\"EntryPoint\",\"urlTemplate\":\"https:\/\/portaltela.pt\/?s={search_term_string}\"},\"query-input\":{\"@type\":\"PropertyValueSpecification\",\"valueRequired\":true,\"valueName\":\"search_term_string\"}}],\"inLanguage\":\"pt-PT\"},{\"@type\":\"Person\",\"@id\":\"https:\/\/portaltela.pt\/#\/schema\/person\/c4278d4a6028830caff9ee44b42d32ed\",\"name\":\"Telinha\",\"image\":{\"@type\":\"ImageObject\",\"inLanguage\":\"pt-PT\",\"@id\":\"https:\/\/portaltela.pt\/s.01k8rhncp4jt1\/2025\/11\/talking-bot-125x125.png\",\"url\":\"https:\/\/portaltela.pt\/s.01k8rhncp4jt1\/2025\/11\/talking-bot-125x125.png\",\"contentUrl\":\"https:\/\/portaltela.pt\/s.01k8rhncp4jt1\/2025\/11\/talking-bot-125x125.png\",\"caption\":\"Telinha\"},\"sameAs\":[\"https:\/\/portaltela.pt\/\"],\"url\":\"https:\/\/portaltela.pt\/por\/367410592786\/\"}]}<\/script>\n<!-- \/ Yoast SEO plugin. -->","yoast_head_json":{"title":"Lares privados mais caros t\u00eam mais utentes com dem\u00eancia - Portal Tela Portugal","robots":{"index":"index","follow":"follow","max-snippet":"max-snippet:-1","max-image-preview":"max-image-preview:large","max-video-preview":"max-video-preview:-1"},"og_locale":"pt_PT","og_type":"article","og_title":"Lares privados mais caros t\u00eam mais utentes com dem\u00eancia - Portal Tela Portugal","og_description":"Estudo com 423 lares em Portugal aponta que, em m\u00e9dia, um ter\u00e7o dos residentes tem diagn\u00f3stico formal de dem\u00eancia. Cerca de um quinto dos utentes apresenta suspeita de decl\u00ednio cognitivo sem diagn\u00f3stico registado. Investigadores das universidades de Coimbra e de Aveiro destacam alta preval\u00eancia de dem\u00eancia e de decl\u00ednio cognitivo n\u00e3o diagnosticado em estruturas residenciais para pessoas idosas (ERPI). Os resultados refor\u00e7am a necessidade de pol\u00edticas p\u00fablicas que melhorem o diagn\u00f3stico e de maior equidade territorial na resposta \u00e0 dem\u00eancia. O estudo sugere uma associa\u00e7\u00e3o entre lares privados mais caros e um maior n\u00famero de utentes com diagn\u00f3stico de dem\u00eancia.","og_url":"https:\/\/portaltela.pt\/noticias\/2026\/02\/15\/lares-privados-mais-caros-tem-mais-utentes-com-demencia\/","og_site_name":"Portal Tela Portugal","article_published_time":"2026-02-15T13:18:00+00:00","author":"Telinha","twitter_card":"summary_large_image","twitter_misc":{"Escrito por":"Telinha","Tempo estimado de leitura":"1 minuto"},"schema":{"@context":"https:\/\/schema.org","@graph":[{"@type":"Article","@id":"https:\/\/portaltela.pt\/noticias\/2026\/02\/15\/lares-privados-mais-caros-tem-mais-utentes-com-demencia\/#article","isPartOf":{"@id":"https:\/\/portaltela.pt\/noticias\/2026\/02\/15\/lares-privados-mais-caros-tem-mais-utentes-com-demencia\/"},"author":{"name":"Telinha","@id":"https:\/\/portaltela.pt\/#\/schema\/person\/c4278d4a6028830caff9ee44b42d32ed"},"headline":"Lares privados mais caros t\u00eam mais utentes com dem\u00eancia","datePublished":"2026-02-15T13:18:00+00:00","mainEntityOfPage":{"@id":"https:\/\/portaltela.pt\/noticias\/2026\/02\/15\/lares-privados-mais-caros-tem-mais-utentes-com-demencia\/"},"wordCount":157,"image":{"@id":"https:\/\/portaltela.pt\/noticias\/2026\/02\/15\/lares-privados-mais-caros-tem-mais-utentes-com-demencia\/#primaryimage"},"thumbnailUrl":"https:\/\/portaltela.pt\/s.01k8rhncp4jt1\/2026\/02\/2064740.jpg","keywords":["a geriatria","dem\u00eancia","idosos","investiga\u00e7\u00e3o","sa\u00fade","sa\u00fade p\u00fablica"],"articleSection":["Not\u00edcias"],"inLanguage":"pt-PT"},{"@type":"WebPage","@id":"https:\/\/portaltela.pt\/noticias\/2026\/02\/15\/lares-privados-mais-caros-tem-mais-utentes-com-demencia\/","url":"https:\/\/portaltela.pt\/noticias\/2026\/02\/15\/lares-privados-mais-caros-tem-mais-utentes-com-demencia\/","name":"Lares privados mais caros t\u00eam mais utentes com dem\u00eancia - Portal Tela Portugal","isPartOf":{"@id":"https:\/\/portaltela.pt\/#website"},"primaryImageOfPage":{"@id":"https:\/\/portaltela.pt\/noticias\/2026\/02\/15\/lares-privados-mais-caros-tem-mais-utentes-com-demencia\/#primaryimage"},"image":{"@id":"https:\/\/portaltela.pt\/noticias\/2026\/02\/15\/lares-privados-mais-caros-tem-mais-utentes-com-demencia\/#primaryimage"},"thumbnailUrl":"https:\/\/portaltela.pt\/s.01k8rhncp4jt1\/2026\/02\/2064740.jpg","datePublished":"2026-02-15T13:18:00+00:00","author":{"@id":"https:\/\/portaltela.pt\/#\/schema\/person\/c4278d4a6028830caff9ee44b42d32ed"},"breadcrumb":{"@id":"https:\/\/portaltela.pt\/noticias\/2026\/02\/15\/lares-privados-mais-caros-tem-mais-utentes-com-demencia\/#breadcrumb"},"inLanguage":"pt-PT","potentialAction":[{"@type":"ReadAction","target":["https:\/\/portaltela.pt\/noticias\/2026\/02\/15\/lares-privados-mais-caros-tem-mais-utentes-com-demencia\/"]}]},{"@type":"ImageObject","inLanguage":"pt-PT","@id":"https:\/\/portaltela.pt\/noticias\/2026\/02\/15\/lares-privados-mais-caros-tem-mais-utentes-com-demencia\/#primaryimage","url":"https:\/\/portaltela.pt\/s.01k8rhncp4jt1\/2026\/02\/2064740.jpg","contentUrl":"https:\/\/portaltela.pt\/s.01k8rhncp4jt1\/2026\/02\/2064740.jpg","width":796,"height":448,"caption":"Participaram na investiga\u00e7\u00e3o 423 estruturas residenciais para idosos"},{"@type":"BreadcrumbList","@id":"https:\/\/portaltela.pt\/noticias\/2026\/02\/15\/lares-privados-mais-caros-tem-mais-utentes-com-demencia\/#breadcrumb","itemListElement":[{"@type":"ListItem","position":1,"name":"In\u00edcio","item":"https:\/\/portaltela.pt\/"},{"@type":"ListItem","position":2,"name":"Lares privados mais caros t\u00eam mais utentes com dem\u00eancia"}]},{"@type":"WebSite","@id":"https:\/\/portaltela.pt\/#website","url":"https:\/\/portaltela.pt\/","name":"Portal Tela Portugal","description":"","potentialAction":[{"@type":"SearchAction","target":{"@type":"EntryPoint","urlTemplate":"https:\/\/portaltela.pt\/?s={search_term_string}"},"query-input":{"@type":"PropertyValueSpecification","valueRequired":true,"valueName":"search_term_string"}}],"inLanguage":"pt-PT"},{"@type":"Person","@id":"https:\/\/portaltela.pt\/#\/schema\/person\/c4278d4a6028830caff9ee44b42d32ed","name":"Telinha","image":{"@type":"ImageObject","inLanguage":"pt-PT","@id":"https:\/\/portaltela.pt\/s.01k8rhncp4jt1\/2025\/11\/talking-bot-125x125.png","url":"https:\/\/portaltela.pt\/s.01k8rhncp4jt1\/2025\/11\/talking-bot-125x125.png","contentUrl":"https:\/\/portaltela.pt\/s.01k8rhncp4jt1\/2025\/11\/talking-bot-125x125.png","caption":"Telinha"},"sameAs":["https:\/\/portaltela.pt\/"],"url":"https:\/\/portaltela.pt\/por\/367410592786\/"}]}},"_links":{"self":[{"href":"https:\/\/portaltela.pt\/api\/wp\/v2\/posts\/213328","targetHints":{"allow":["GET"]}}],"collection":[{"href":"https:\/\/portaltela.pt\/api\/wp\/v2\/posts"}],"about":[{"href":"https:\/\/portaltela.pt\/api\/wp\/v2\/types\/post"}],"author":[{"embeddable":true,"href":"https:\/\/portaltela.pt\/api\/wp\/v2\/users\/2"}],"replies":[{"embeddable":true,"href":"https:\/\/portaltela.pt\/api\/wp\/v2\/comments?post=213328"}],"version-history":[{"count":0,"href":"https:\/\/portaltela.pt\/api\/wp\/v2\/posts\/213328\/revisions"}],"wp:featuredmedia":[{"embeddable":true,"href":"https:\/\/portaltela.pt\/api\/wp\/v2\/media\/213329"}],"wp:attachment":[{"href":"https:\/\/portaltela.pt\/api\/wp\/v2\/media?parent=213328"}],"wp:term":[{"taxonomy":"category","embeddable":true,"href":"https:\/\/portaltela.pt\/api\/wp\/v2\/categories?post=213328"},{"taxonomy":"post_tag","embeddable":true,"href":"https:\/\/portaltela.pt\/api\/wp\/v2\/tags?post=213328"}],"curies":[{"name":"wp","href":"https:\/\/api.w.org\/{rel}","templated":true}]}}