{"id":213280,"date":"2026-02-15T09:06:22","date_gmt":"2026-02-15T12:06:22","guid":{"rendered":"https:\/\/portaltela.pt\/noticias\/2026\/02\/15\/cheias-em-coimbra-o-antes-e-depois-do-mosteiro-de-santa-clara-a-velha\/"},"modified":"2026-02-15T09:06:22","modified_gmt":"2026-02-15T12:06:22","slug":"cheias-em-coimbra-o-antes-e-depois-do-mosteiro-de-santa-clara-a-velha","status":"publish","type":"post","link":"https:\/\/portaltela.pt\/noticias\/2026\/02\/15\/cheias-em-coimbra-o-antes-e-depois-do-mosteiro-de-santa-clara-a-velha\/","title":{"rendered":"Cheias em Coimbra: o antes e depois do Mosteiro de Santa Clara-a-Velha"},"content":{"rendered":"<p>O Mosteiro de Santa Clara-a-Velha, em Coimbra, ficou submerso pela \u00e1gua ap\u00f3s a sequ\u00eancia de tempestades que afetou Portugal nas \u00faltimas semanas. A inunda\u00e7\u00e3o foi registada no monumento hist\u00f3rico, situando-se no centro do pa\u00eds.<\/p>\n<p>Imagens dispon\u00edveis mostram uma compara\u00e7\u00e3o entre o estado normal do mosteiro e o cen\u00e1rio atual, dominado pela subida das \u00e1guas. A fotografia, com direitos reservados, ilustra a dimens\u00e3o do impacto provocado pelo mau tempo.<\/p>\n<p>A comunicado utilizado para acompanhar as imagens n\u00e3o detalha medidas espec\u00edficas adotadas, mas indica que o monumento foi afetado pelas cheias. N\u00e3o h\u00e1 informa\u00e7\u00f5es adicionais sobre danos estruturais ou a\u00e7\u00f5es de preserva\u00e7\u00e3o em curso.<\/p>\n","protected":false},"excerpt":{"rendered":"<ul>\n<li>O Mosteiro de Santa Clara-a-Velha, em Coimbra, ficou submerso pela \u00e1gua ap\u00f3s a sequ\u00eancia de tempestades que afetou Portugal nas \u00faltimas semanas.<\/li>\n<li>Imagens mostram a diferen\u00e7a entre um dia normal e o estado atual do monumento, inundado pelas cheias.<\/li>\n<li>O impacto \u00e9 explicado pelas cheias resultantes das more recentes condi\u00e7\u00f5es meteorol\u00f3gicas adversas.<\/li>\n<li>As imagens comparam o antes e o depois do monumento afetado pelas cheias.<\/li>\n<\/ul>\n","protected":false},"author":2,"featured_media":213282,"comment_status":"closed","ping_status":"closed","sticky":false,"template":"","format":"standard","meta":{"footnotes":""},"categories":[1],"tags":[3701,1070,2051,5959,1175],"class_list":["post-213280","post","type-post","status-publish","format-standard","has-post-thumbnail","hentry","category-noticias","tag-cheias","tag-coimbra","tag-inundacao","tag-monumentos-de-portugal","tag-patrimonio-cultural"],"yoast_head":"<!-- This site is optimized with the Yoast SEO plugin v27.2 - https:\/\/yoast.com\/product\/yoast-seo-wordpress\/ -->\n<title>Cheias em Coimbra: o antes e depois do Mosteiro de Santa Clara-a-Velha - Portal Tela Portugal<\/title>\n<meta name=\"robots\" content=\"index, follow, max-snippet:-1, max-image-preview:large, max-video-preview:-1\" \/>\n<meta property=\"og:locale\" content=\"pt_PT\" \/>\n<meta property=\"og:type\" content=\"article\" \/>\n<meta property=\"og:title\" content=\"Cheias em Coimbra: o antes e depois do Mosteiro de Santa Clara-a-Velha - Portal Tela Portugal\" \/>\n<meta property=\"og:description\" content=\"O Mosteiro de Santa Clara-a-Velha, em Coimbra, ficou submerso pela \u00e1gua ap\u00f3s a sequ\u00eancia de tempestades que afetou Portugal nas \u00faltimas semanas. Imagens mostram a diferen\u00e7a entre um dia normal e o estado atual do monumento, inundado pelas cheias. O impacto \u00e9 explicado pelas cheias resultantes das more recentes condi\u00e7\u00f5es meteorol\u00f3gicas adversas. As imagens comparam o antes e o depois do monumento afetado pelas cheias.\" \/>\n<meta property=\"og:url\" content=\"https:\/\/portaltela.pt\/noticias\/2026\/02\/15\/cheias-em-coimbra-o-antes-e-depois-do-mosteiro-de-santa-clara-a-velha\/\" \/>\n<meta property=\"og:site_name\" content=\"Portal Tela Portugal\" \/>\n<meta property=\"article:published_time\" content=\"2026-02-15T12:06:22+00:00\" \/>\n<meta name=\"author\" content=\"Telinha\" \/>\n<meta name=\"twitter:card\" content=\"summary_large_image\" \/>\n<meta name=\"twitter:label1\" content=\"Escrito por\" \/>\n\t<meta name=\"twitter:data1\" content=\"Telinha\" \/>\n\t<meta name=\"twitter:label2\" content=\"Tempo estimado de leitura\" \/>\n\t<meta name=\"twitter:data2\" content=\"1 minuto\" \/>\n<script type=\"application\/ld+json\" class=\"yoast-schema-graph\">{\"@context\":\"https:\/\/schema.org\",\"@graph\":[{\"@type\":\"Article\",\"@id\":\"https:\/\/portaltela.pt\/noticias\/2026\/02\/15\/cheias-em-coimbra-o-antes-e-depois-do-mosteiro-de-santa-clara-a-velha\/#article\",\"isPartOf\":{\"@id\":\"https:\/\/portaltela.pt\/noticias\/2026\/02\/15\/cheias-em-coimbra-o-antes-e-depois-do-mosteiro-de-santa-clara-a-velha\/\"},\"author\":{\"name\":\"Telinha\",\"@id\":\"https:\/\/portaltela.pt\/#\/schema\/person\/c4278d4a6028830caff9ee44b42d32ed\"},\"headline\":\"Cheias em Coimbra: o antes e depois do Mosteiro de Santa Clara-a-Velha\",\"datePublished\":\"2026-02-15T12:06:22+00:00\",\"mainEntityOfPage\":{\"@id\":\"https:\/\/portaltela.pt\/noticias\/2026\/02\/15\/cheias-em-coimbra-o-antes-e-depois-do-mosteiro-de-santa-clara-a-velha\/\"},\"wordCount\":129,\"image\":{\"@id\":\"https:\/\/portaltela.pt\/noticias\/2026\/02\/15\/cheias-em-coimbra-o-antes-e-depois-do-mosteiro-de-santa-clara-a-velha\/#primaryimage\"},\"thumbnailUrl\":\"https:\/\/portaltela.pt\/s.01k8rhncp4jt1\/2026\/02\/img_1500x1000uu2026-02-15-11-57-28-2266986.jpg\",\"keywords\":[\"cheias\",\"Coimbra\",\"inunda\u00e7\u00e3o\",\"Monumentos de Portugal\",\"Patrim\u00f3nio Cultural\"],\"articleSection\":[\"Not\u00edcias\"],\"inLanguage\":\"pt-PT\"},{\"@type\":\"WebPage\",\"@id\":\"https:\/\/portaltela.pt\/noticias\/2026\/02\/15\/cheias-em-coimbra-o-antes-e-depois-do-mosteiro-de-santa-clara-a-velha\/\",\"url\":\"https:\/\/portaltela.pt\/noticias\/2026\/02\/15\/cheias-em-coimbra-o-antes-e-depois-do-mosteiro-de-santa-clara-a-velha\/\",\"name\":\"Cheias em Coimbra: o antes e depois do Mosteiro de Santa Clara-a-Velha - Portal Tela Portugal\",\"isPartOf\":{\"@id\":\"https:\/\/portaltela.pt\/#website\"},\"primaryImageOfPage\":{\"@id\":\"https:\/\/portaltela.pt\/noticias\/2026\/02\/15\/cheias-em-coimbra-o-antes-e-depois-do-mosteiro-de-santa-clara-a-velha\/#primaryimage\"},\"image\":{\"@id\":\"https:\/\/portaltela.pt\/noticias\/2026\/02\/15\/cheias-em-coimbra-o-antes-e-depois-do-mosteiro-de-santa-clara-a-velha\/#primaryimage\"},\"thumbnailUrl\":\"https:\/\/portaltela.pt\/s.01k8rhncp4jt1\/2026\/02\/img_1500x1000uu2026-02-15-11-57-28-2266986.jpg\",\"datePublished\":\"2026-02-15T12:06:22+00:00\",\"author\":{\"@id\":\"https:\/\/portaltela.pt\/#\/schema\/person\/c4278d4a6028830caff9ee44b42d32ed\"},\"breadcrumb\":{\"@id\":\"https:\/\/portaltela.pt\/noticias\/2026\/02\/15\/cheias-em-coimbra-o-antes-e-depois-do-mosteiro-de-santa-clara-a-velha\/#breadcrumb\"},\"inLanguage\":\"pt-PT\",\"potentialAction\":[{\"@type\":\"ReadAction\",\"target\":[\"https:\/\/portaltela.pt\/noticias\/2026\/02\/15\/cheias-em-coimbra-o-antes-e-depois-do-mosteiro-de-santa-clara-a-velha\/\"]}]},{\"@type\":\"ImageObject\",\"inLanguage\":\"pt-PT\",\"@id\":\"https:\/\/portaltela.pt\/noticias\/2026\/02\/15\/cheias-em-coimbra-o-antes-e-depois-do-mosteiro-de-santa-clara-a-velha\/#primaryimage\",\"url\":\"https:\/\/portaltela.pt\/s.01k8rhncp4jt1\/2026\/02\/img_1500x1000uu2026-02-15-11-57-28-2266986.jpg\",\"contentUrl\":\"https:\/\/portaltela.pt\/s.01k8rhncp4jt1\/2026\/02\/img_1500x1000uu2026-02-15-11-57-28-2266986.jpg\",\"width\":796,\"height\":448,\"caption\":\"Mosteiro de Santa Clara-a-Velha em Coimbra\"},{\"@type\":\"BreadcrumbList\",\"@id\":\"https:\/\/portaltela.pt\/noticias\/2026\/02\/15\/cheias-em-coimbra-o-antes-e-depois-do-mosteiro-de-santa-clara-a-velha\/#breadcrumb\",\"itemListElement\":[{\"@type\":\"ListItem\",\"position\":1,\"name\":\"In\u00edcio\",\"item\":\"https:\/\/portaltela.pt\/\"},{\"@type\":\"ListItem\",\"position\":2,\"name\":\"Cheias em Coimbra: o antes e depois do Mosteiro de Santa Clara-a-Velha\"}]},{\"@type\":\"WebSite\",\"@id\":\"https:\/\/portaltela.pt\/#website\",\"url\":\"https:\/\/portaltela.pt\/\",\"name\":\"Portal Tela Portugal\",\"description\":\"\",\"potentialAction\":[{\"@type\":\"SearchAction\",\"target\":{\"@type\":\"EntryPoint\",\"urlTemplate\":\"https:\/\/portaltela.pt\/?s={search_term_string}\"},\"query-input\":{\"@type\":\"PropertyValueSpecification\",\"valueRequired\":true,\"valueName\":\"search_term_string\"}}],\"inLanguage\":\"pt-PT\"},{\"@type\":\"Person\",\"@id\":\"https:\/\/portaltela.pt\/#\/schema\/person\/c4278d4a6028830caff9ee44b42d32ed\",\"name\":\"Telinha\",\"image\":{\"@type\":\"ImageObject\",\"inLanguage\":\"pt-PT\",\"@id\":\"https:\/\/portaltela.pt\/s.01k8rhncp4jt1\/2025\/11\/talking-bot-125x125.png\",\"url\":\"https:\/\/portaltela.pt\/s.01k8rhncp4jt1\/2025\/11\/talking-bot-125x125.png\",\"contentUrl\":\"https:\/\/portaltela.pt\/s.01k8rhncp4jt1\/2025\/11\/talking-bot-125x125.png\",\"caption\":\"Telinha\"},\"sameAs\":[\"https:\/\/portaltela.pt\/\"],\"url\":\"https:\/\/portaltela.pt\/por\/367410592786\/\"}]}<\/script>\n<!-- \/ Yoast SEO plugin. -->","yoast_head_json":{"title":"Cheias em Coimbra: o antes e depois do Mosteiro de Santa Clara-a-Velha - Portal Tela Portugal","robots":{"index":"index","follow":"follow","max-snippet":"max-snippet:-1","max-image-preview":"max-image-preview:large","max-video-preview":"max-video-preview:-1"},"og_locale":"pt_PT","og_type":"article","og_title":"Cheias em Coimbra: o antes e depois do Mosteiro de Santa Clara-a-Velha - Portal Tela Portugal","og_description":"O Mosteiro de Santa Clara-a-Velha, em Coimbra, ficou submerso pela \u00e1gua ap\u00f3s a sequ\u00eancia de tempestades que afetou Portugal nas \u00faltimas semanas. Imagens mostram a diferen\u00e7a entre um dia normal e o estado atual do monumento, inundado pelas cheias. O impacto \u00e9 explicado pelas cheias resultantes das more recentes condi\u00e7\u00f5es meteorol\u00f3gicas adversas. As imagens comparam o antes e o depois do monumento afetado pelas cheias.","og_url":"https:\/\/portaltela.pt\/noticias\/2026\/02\/15\/cheias-em-coimbra-o-antes-e-depois-do-mosteiro-de-santa-clara-a-velha\/","og_site_name":"Portal Tela Portugal","article_published_time":"2026-02-15T12:06:22+00:00","author":"Telinha","twitter_card":"summary_large_image","twitter_misc":{"Escrito por":"Telinha","Tempo estimado de leitura":"1 minuto"},"schema":{"@context":"https:\/\/schema.org","@graph":[{"@type":"Article","@id":"https:\/\/portaltela.pt\/noticias\/2026\/02\/15\/cheias-em-coimbra-o-antes-e-depois-do-mosteiro-de-santa-clara-a-velha\/#article","isPartOf":{"@id":"https:\/\/portaltela.pt\/noticias\/2026\/02\/15\/cheias-em-coimbra-o-antes-e-depois-do-mosteiro-de-santa-clara-a-velha\/"},"author":{"name":"Telinha","@id":"https:\/\/portaltela.pt\/#\/schema\/person\/c4278d4a6028830caff9ee44b42d32ed"},"headline":"Cheias em Coimbra: o antes e depois do Mosteiro de Santa Clara-a-Velha","datePublished":"2026-02-15T12:06:22+00:00","mainEntityOfPage":{"@id":"https:\/\/portaltela.pt\/noticias\/2026\/02\/15\/cheias-em-coimbra-o-antes-e-depois-do-mosteiro-de-santa-clara-a-velha\/"},"wordCount":129,"image":{"@id":"https:\/\/portaltela.pt\/noticias\/2026\/02\/15\/cheias-em-coimbra-o-antes-e-depois-do-mosteiro-de-santa-clara-a-velha\/#primaryimage"},"thumbnailUrl":"https:\/\/portaltela.pt\/s.01k8rhncp4jt1\/2026\/02\/img_1500x1000uu2026-02-15-11-57-28-2266986.jpg","keywords":["cheias","Coimbra","inunda\u00e7\u00e3o","Monumentos de Portugal","Patrim\u00f3nio Cultural"],"articleSection":["Not\u00edcias"],"inLanguage":"pt-PT"},{"@type":"WebPage","@id":"https:\/\/portaltela.pt\/noticias\/2026\/02\/15\/cheias-em-coimbra-o-antes-e-depois-do-mosteiro-de-santa-clara-a-velha\/","url":"https:\/\/portaltela.pt\/noticias\/2026\/02\/15\/cheias-em-coimbra-o-antes-e-depois-do-mosteiro-de-santa-clara-a-velha\/","name":"Cheias em Coimbra: o antes e depois do Mosteiro de Santa Clara-a-Velha - Portal Tela Portugal","isPartOf":{"@id":"https:\/\/portaltela.pt\/#website"},"primaryImageOfPage":{"@id":"https:\/\/portaltela.pt\/noticias\/2026\/02\/15\/cheias-em-coimbra-o-antes-e-depois-do-mosteiro-de-santa-clara-a-velha\/#primaryimage"},"image":{"@id":"https:\/\/portaltela.pt\/noticias\/2026\/02\/15\/cheias-em-coimbra-o-antes-e-depois-do-mosteiro-de-santa-clara-a-velha\/#primaryimage"},"thumbnailUrl":"https:\/\/portaltela.pt\/s.01k8rhncp4jt1\/2026\/02\/img_1500x1000uu2026-02-15-11-57-28-2266986.jpg","datePublished":"2026-02-15T12:06:22+00:00","author":{"@id":"https:\/\/portaltela.pt\/#\/schema\/person\/c4278d4a6028830caff9ee44b42d32ed"},"breadcrumb":{"@id":"https:\/\/portaltela.pt\/noticias\/2026\/02\/15\/cheias-em-coimbra-o-antes-e-depois-do-mosteiro-de-santa-clara-a-velha\/#breadcrumb"},"inLanguage":"pt-PT","potentialAction":[{"@type":"ReadAction","target":["https:\/\/portaltela.pt\/noticias\/2026\/02\/15\/cheias-em-coimbra-o-antes-e-depois-do-mosteiro-de-santa-clara-a-velha\/"]}]},{"@type":"ImageObject","inLanguage":"pt-PT","@id":"https:\/\/portaltela.pt\/noticias\/2026\/02\/15\/cheias-em-coimbra-o-antes-e-depois-do-mosteiro-de-santa-clara-a-velha\/#primaryimage","url":"https:\/\/portaltela.pt\/s.01k8rhncp4jt1\/2026\/02\/img_1500x1000uu2026-02-15-11-57-28-2266986.jpg","contentUrl":"https:\/\/portaltela.pt\/s.01k8rhncp4jt1\/2026\/02\/img_1500x1000uu2026-02-15-11-57-28-2266986.jpg","width":796,"height":448,"caption":"Mosteiro de Santa Clara-a-Velha em Coimbra"},{"@type":"BreadcrumbList","@id":"https:\/\/portaltela.pt\/noticias\/2026\/02\/15\/cheias-em-coimbra-o-antes-e-depois-do-mosteiro-de-santa-clara-a-velha\/#breadcrumb","itemListElement":[{"@type":"ListItem","position":1,"name":"In\u00edcio","item":"https:\/\/portaltela.pt\/"},{"@type":"ListItem","position":2,"name":"Cheias em Coimbra: o antes e depois do Mosteiro de Santa Clara-a-Velha"}]},{"@type":"WebSite","@id":"https:\/\/portaltela.pt\/#website","url":"https:\/\/portaltela.pt\/","name":"Portal Tela Portugal","description":"","potentialAction":[{"@type":"SearchAction","target":{"@type":"EntryPoint","urlTemplate":"https:\/\/portaltela.pt\/?s={search_term_string}"},"query-input":{"@type":"PropertyValueSpecification","valueRequired":true,"valueName":"search_term_string"}}],"inLanguage":"pt-PT"},{"@type":"Person","@id":"https:\/\/portaltela.pt\/#\/schema\/person\/c4278d4a6028830caff9ee44b42d32ed","name":"Telinha","image":{"@type":"ImageObject","inLanguage":"pt-PT","@id":"https:\/\/portaltela.pt\/s.01k8rhncp4jt1\/2025\/11\/talking-bot-125x125.png","url":"https:\/\/portaltela.pt\/s.01k8rhncp4jt1\/2025\/11\/talking-bot-125x125.png","contentUrl":"https:\/\/portaltela.pt\/s.01k8rhncp4jt1\/2025\/11\/talking-bot-125x125.png","caption":"Telinha"},"sameAs":["https:\/\/portaltela.pt\/"],"url":"https:\/\/portaltela.pt\/por\/367410592786\/"}]}},"_links":{"self":[{"href":"https:\/\/portaltela.pt\/api\/wp\/v2\/posts\/213280","targetHints":{"allow":["GET"]}}],"collection":[{"href":"https:\/\/portaltela.pt\/api\/wp\/v2\/posts"}],"about":[{"href":"https:\/\/portaltela.pt\/api\/wp\/v2\/types\/post"}],"author":[{"embeddable":true,"href":"https:\/\/portaltela.pt\/api\/wp\/v2\/users\/2"}],"replies":[{"embeddable":true,"href":"https:\/\/portaltela.pt\/api\/wp\/v2\/comments?post=213280"}],"version-history":[{"count":0,"href":"https:\/\/portaltela.pt\/api\/wp\/v2\/posts\/213280\/revisions"}],"wp:featuredmedia":[{"embeddable":true,"href":"https:\/\/portaltela.pt\/api\/wp\/v2\/media\/213282"}],"wp:attachment":[{"href":"https:\/\/portaltela.pt\/api\/wp\/v2\/media?parent=213280"}],"wp:term":[{"taxonomy":"category","embeddable":true,"href":"https:\/\/portaltela.pt\/api\/wp\/v2\/categories?post=213280"},{"taxonomy":"post_tag","embeddable":true,"href":"https:\/\/portaltela.pt\/api\/wp\/v2\/tags?post=213280"}],"curies":[{"name":"wp","href":"https:\/\/api.w.org\/{rel}","templated":true}]}}