{"id":213257,"date":"2026-02-15T08:48:00","date_gmt":"2026-02-15T11:48:00","guid":{"rendered":"https:\/\/portaltela.pt\/noticias\/2026\/02\/15\/aurora-cunha-recusa-fortuna-do-benfica-apos-chamada-de-pinto-da-costa\/"},"modified":"2026-02-15T08:48:00","modified_gmt":"2026-02-15T11:48:00","slug":"aurora-cunha-recusa-fortuna-do-benfica-apos-chamada-de-pinto-da-costa","status":"publish","type":"post","link":"https:\/\/portaltela.pt\/desporto\/2026\/02\/15\/aurora-cunha-recusa-fortuna-do-benfica-apos-chamada-de-pinto-da-costa\/","title":{"rendered":"Aurora Cunha recusa fortuna do Benfica ap\u00f3s chamada de Pinto da Costa"},"content":{"rendered":"<p>O 1.\u00ba anivers\u00e1rio da morte de Pinto da Costa foi lembrado pela revista S\u00e1bado, que pediu depoimentos a nove personalidades ligadas ao FC Porto. O objetivo foi recordar epis\u00f3dios marcantes da lideran\u00e7a do antigo presidente.<\/p>\n<p>Entre as hist\u00f3rias, destaca-se a de Aurora Cunha, que mudou a hist\u00f3ria do atletismo do clube. Ela era atleta do FC Porto desde 1978 e, em 1985, recebeu uma proposta milion\u00e1ria para mudar-se para Lisboa.<\/p>\n<p>O Benfica ter\u00e1 tentado levar quase toda a equipa de atletismo, oferecendo 3 mil contos \u00e0 atleta. O empres\u00e1rio P\u00f4ncio Monteiro aguardava a decis\u00e3o at\u00e9 \u00e0 meia-noite, num hotel, mas Pinto da Costa ligou-lhe e conseguiu a sua perman\u00eancia. A decis\u00e3o foi tomada pelo cora\u00e7\u00e3o em defesa da camisola azul e branca.<\/p>\n<h3>A hist\u00f3ria de Aurora Cunha<\/h3>\n<p>Cunha disse que preferiu ficar porque amava o FC Porto, mesmo com o sal\u00e1rio prometido a diminuir. Mantendo-se, tornou-se a for\u00e7a motriz de diversas conquistas. Foi campe\u00e3 mundial de estrada em 1984, 1985 e 1986, al\u00e9m de vencer maratonas como Paris, Chicago, Roterd\u00e3o e T\u00f3quio.<\/p>\n<p>A atleta soma ainda 22 t\u00edtulos nacionais no corta-mato e nas provas de 1500, 3000 e 5000 metros. Esses resultados contribu\u00edram para abrir caminho ao atletismo feminino do clube e refor\u00e7aram a reputa\u00e7\u00e3o da forma\u00e7\u00e3o azul e branca.<\/p>\n<p>A reportagem da S\u00e1bado insere-se na reflex\u00e3o sobre o legado de Pinto da Costa, lembrado por figuras do universo portista atrav\u00e9s de relatos hist\u00f3ricos que marcaram o clube.<\/p>\n","protected":false},"excerpt":{"rendered":"<ul>\n<li>No 1.\u00ba anivers\u00e1rio da morte de Pinto da Costa, a S\u00e1bado ouviu nove figuras do universo portista sobre hist\u00f3rias marcantes.<\/li>\n<li>Aurora Cunha, atleta do FC Porto desde 1978, recebeu em 1985 uma proposta de 3 mil contos para trocar o Porto pelo Benfica.<\/li>\n<li>Pinto da Costa ligou-lhe e convenceu-a a ficar, dizendo que iria rever o sal\u00e1rio; ela escolheu a lealdade ao clube.<\/li>\n<li>A decis\u00e3o ajudou-a a escrever a hist\u00f3ria do sucesso do atletismo do FC Porto, com t\u00edtulos mundiais em estrada em 1984, 1985 e 1986 e v\u00e1rias maratonas internacionais.<\/li>\n<\/ul>\n","protected":false},"author":2,"featured_media":213259,"comment_status":"closed","ping_status":"closed","sticky":false,"template":"","format":"standard","meta":{"footnotes":""},"categories":[21],"tags":[137,1946,4527,152,2028,299],"class_list":["post-213257","post","type-post","status-publish","format-standard","has-post-thumbnail","hentry","category-desporto","tag-atletismo","tag-benfica","tag-corta-mato","tag-desporto","tag-fc-porto","tag-historia"],"yoast_head":"<!-- This site is optimized with the Yoast SEO plugin v27.2 - https:\/\/yoast.com\/product\/yoast-seo-wordpress\/ -->\n<title>Aurora Cunha recusa fortuna do Benfica ap\u00f3s chamada de Pinto da Costa - Portal Tela Portugal<\/title>\n<meta name=\"robots\" content=\"index, follow, max-snippet:-1, max-image-preview:large, max-video-preview:-1\" \/>\n<meta property=\"og:locale\" content=\"pt_PT\" \/>\n<meta property=\"og:type\" content=\"article\" \/>\n<meta property=\"og:title\" content=\"Aurora Cunha recusa fortuna do Benfica ap\u00f3s chamada de Pinto da Costa - Portal Tela Portugal\" \/>\n<meta property=\"og:description\" content=\"No 1.\u00ba anivers\u00e1rio da morte de Pinto da Costa, a S\u00e1bado ouviu nove figuras do universo portista sobre hist\u00f3rias marcantes. Aurora Cunha, atleta do FC Porto desde 1978, recebeu em 1985 uma proposta de 3 mil contos para trocar o Porto pelo Benfica. Pinto da Costa ligou-lhe e convenceu-a a ficar, dizendo que iria rever o sal\u00e1rio; ela escolheu a lealdade ao clube. A decis\u00e3o ajudou-a a escrever a hist\u00f3ria do sucesso do atletismo do FC Porto, com t\u00edtulos mundiais em estrada em 1984, 1985 e 1986 e v\u00e1rias maratonas internacionais.\" \/>\n<meta property=\"og:url\" content=\"https:\/\/portaltela.pt\/noticias\/2026\/02\/15\/aurora-cunha-recusa-fortuna-do-benfica-apos-chamada-de-pinto-da-costa\/\" \/>\n<meta property=\"og:site_name\" content=\"Portal Tela Portugal\" \/>\n<meta property=\"article:published_time\" content=\"2026-02-15T11:48:00+00:00\" \/>\n<meta name=\"author\" content=\"Telinha\" \/>\n<meta name=\"twitter:card\" content=\"summary_large_image\" \/>\n<meta name=\"twitter:label1\" content=\"Escrito por\" \/>\n\t<meta name=\"twitter:data1\" content=\"Telinha\" \/>\n\t<meta name=\"twitter:label2\" content=\"Tempo estimado de leitura\" \/>\n\t<meta name=\"twitter:data2\" content=\"1 minuto\" \/>\n<script type=\"application\/ld+json\" class=\"yoast-schema-graph\">{\"@context\":\"https:\/\/schema.org\",\"@graph\":[{\"@type\":\"Article\",\"@id\":\"https:\/\/portaltela.pt\/noticias\/2026\/02\/15\/aurora-cunha-recusa-fortuna-do-benfica-apos-chamada-de-pinto-da-costa\/#article\",\"isPartOf\":{\"@id\":\"https:\/\/portaltela.pt\/noticias\/2026\/02\/15\/aurora-cunha-recusa-fortuna-do-benfica-apos-chamada-de-pinto-da-costa\/\"},\"author\":{\"name\":\"Telinha\",\"@id\":\"https:\/\/portaltela.pt\/#\/schema\/person\/c4278d4a6028830caff9ee44b42d32ed\"},\"headline\":\"Aurora Cunha recusa fortuna do Benfica ap\u00f3s chamada de Pinto da Costa\",\"datePublished\":\"2026-02-15T11:48:00+00:00\",\"mainEntityOfPage\":{\"@id\":\"https:\/\/portaltela.pt\/noticias\/2026\/02\/15\/aurora-cunha-recusa-fortuna-do-benfica-apos-chamada-de-pinto-da-costa\/\"},\"wordCount\":266,\"image\":{\"@id\":\"https:\/\/portaltela.pt\/noticias\/2026\/02\/15\/aurora-cunha-recusa-fortuna-do-benfica-apos-chamada-de-pinto-da-costa\/#primaryimage\"},\"thumbnailUrl\":\"https:\/\/portaltela.pt\/s.01k8rhncp4jt1\/2026\/02\/img_1200x721uu2026-02-15-11-44-37-2421754.jpg\",\"keywords\":[\"atletismo\",\"Benfica\",\"corta-mato\",\"desporto\",\"FC Porto\",\"hist\u00f3ria\"],\"articleSection\":[\"Desporto\"],\"inLanguage\":\"pt-PT\"},{\"@type\":\"WebPage\",\"@id\":\"https:\/\/portaltela.pt\/noticias\/2026\/02\/15\/aurora-cunha-recusa-fortuna-do-benfica-apos-chamada-de-pinto-da-costa\/\",\"url\":\"https:\/\/portaltela.pt\/noticias\/2026\/02\/15\/aurora-cunha-recusa-fortuna-do-benfica-apos-chamada-de-pinto-da-costa\/\",\"name\":\"Aurora Cunha recusa fortuna do Benfica ap\u00f3s chamada de Pinto da Costa - Portal Tela Portugal\",\"isPartOf\":{\"@id\":\"https:\/\/portaltela.pt\/#website\"},\"primaryImageOfPage\":{\"@id\":\"https:\/\/portaltela.pt\/noticias\/2026\/02\/15\/aurora-cunha-recusa-fortuna-do-benfica-apos-chamada-de-pinto-da-costa\/#primaryimage\"},\"image\":{\"@id\":\"https:\/\/portaltela.pt\/noticias\/2026\/02\/15\/aurora-cunha-recusa-fortuna-do-benfica-apos-chamada-de-pinto-da-costa\/#primaryimage\"},\"thumbnailUrl\":\"https:\/\/portaltela.pt\/s.01k8rhncp4jt1\/2026\/02\/img_1200x721uu2026-02-15-11-44-37-2421754.jpg\",\"datePublished\":\"2026-02-15T11:48:00+00:00\",\"author\":{\"@id\":\"https:\/\/portaltela.pt\/#\/schema\/person\/c4278d4a6028830caff9ee44b42d32ed\"},\"breadcrumb\":{\"@id\":\"https:\/\/portaltela.pt\/noticias\/2026\/02\/15\/aurora-cunha-recusa-fortuna-do-benfica-apos-chamada-de-pinto-da-costa\/#breadcrumb\"},\"inLanguage\":\"pt-PT\",\"potentialAction\":[{\"@type\":\"ReadAction\",\"target\":[\"https:\/\/portaltela.pt\/noticias\/2026\/02\/15\/aurora-cunha-recusa-fortuna-do-benfica-apos-chamada-de-pinto-da-costa\/\"]}]},{\"@type\":\"ImageObject\",\"inLanguage\":\"pt-PT\",\"@id\":\"https:\/\/portaltela.pt\/noticias\/2026\/02\/15\/aurora-cunha-recusa-fortuna-do-benfica-apos-chamada-de-pinto-da-costa\/#primaryimage\",\"url\":\"https:\/\/portaltela.pt\/s.01k8rhncp4jt1\/2026\/02\/img_1200x721uu2026-02-15-11-44-37-2421754.jpg\",\"contentUrl\":\"https:\/\/portaltela.pt\/s.01k8rhncp4jt1\/2026\/02\/img_1200x721uu2026-02-15-11-44-37-2421754.jpg\",\"width\":796,\"height\":448,\"caption\":\"Aurora Cunha com Pinto da Costa\"},{\"@type\":\"BreadcrumbList\",\"@id\":\"https:\/\/portaltela.pt\/noticias\/2026\/02\/15\/aurora-cunha-recusa-fortuna-do-benfica-apos-chamada-de-pinto-da-costa\/#breadcrumb\",\"itemListElement\":[{\"@type\":\"ListItem\",\"position\":1,\"name\":\"In\u00edcio\",\"item\":\"https:\/\/portaltela.pt\/\"},{\"@type\":\"ListItem\",\"position\":2,\"name\":\"Aurora Cunha recusa fortuna do Benfica ap\u00f3s chamada de Pinto da Costa\"}]},{\"@type\":\"WebSite\",\"@id\":\"https:\/\/portaltela.pt\/#website\",\"url\":\"https:\/\/portaltela.pt\/\",\"name\":\"Portal Tela Portugal\",\"description\":\"\",\"potentialAction\":[{\"@type\":\"SearchAction\",\"target\":{\"@type\":\"EntryPoint\",\"urlTemplate\":\"https:\/\/portaltela.pt\/?s={search_term_string}\"},\"query-input\":{\"@type\":\"PropertyValueSpecification\",\"valueRequired\":true,\"valueName\":\"search_term_string\"}}],\"inLanguage\":\"pt-PT\"},{\"@type\":\"Person\",\"@id\":\"https:\/\/portaltela.pt\/#\/schema\/person\/c4278d4a6028830caff9ee44b42d32ed\",\"name\":\"Telinha\",\"image\":{\"@type\":\"ImageObject\",\"inLanguage\":\"pt-PT\",\"@id\":\"https:\/\/portaltela.pt\/s.01k8rhncp4jt1\/2025\/11\/talking-bot-125x125.png\",\"url\":\"https:\/\/portaltela.pt\/s.01k8rhncp4jt1\/2025\/11\/talking-bot-125x125.png\",\"contentUrl\":\"https:\/\/portaltela.pt\/s.01k8rhncp4jt1\/2025\/11\/talking-bot-125x125.png\",\"caption\":\"Telinha\"},\"sameAs\":[\"https:\/\/portaltela.pt\/\"],\"url\":\"https:\/\/portaltela.pt\/por\/367410592786\/\"}]}<\/script>\n<!-- \/ Yoast SEO plugin. -->","yoast_head_json":{"title":"Aurora Cunha recusa fortuna do Benfica ap\u00f3s chamada de Pinto da Costa - Portal Tela Portugal","robots":{"index":"index","follow":"follow","max-snippet":"max-snippet:-1","max-image-preview":"max-image-preview:large","max-video-preview":"max-video-preview:-1"},"og_locale":"pt_PT","og_type":"article","og_title":"Aurora Cunha recusa fortuna do Benfica ap\u00f3s chamada de Pinto da Costa - Portal Tela Portugal","og_description":"No 1.\u00ba anivers\u00e1rio da morte de Pinto da Costa, a S\u00e1bado ouviu nove figuras do universo portista sobre hist\u00f3rias marcantes. Aurora Cunha, atleta do FC Porto desde 1978, recebeu em 1985 uma proposta de 3 mil contos para trocar o Porto pelo Benfica. Pinto da Costa ligou-lhe e convenceu-a a ficar, dizendo que iria rever o sal\u00e1rio; ela escolheu a lealdade ao clube. A decis\u00e3o ajudou-a a escrever a hist\u00f3ria do sucesso do atletismo do FC Porto, com t\u00edtulos mundiais em estrada em 1984, 1985 e 1986 e v\u00e1rias maratonas internacionais.","og_url":"https:\/\/portaltela.pt\/noticias\/2026\/02\/15\/aurora-cunha-recusa-fortuna-do-benfica-apos-chamada-de-pinto-da-costa\/","og_site_name":"Portal Tela Portugal","article_published_time":"2026-02-15T11:48:00+00:00","author":"Telinha","twitter_card":"summary_large_image","twitter_misc":{"Escrito por":"Telinha","Tempo estimado de leitura":"1 minuto"},"schema":{"@context":"https:\/\/schema.org","@graph":[{"@type":"Article","@id":"https:\/\/portaltela.pt\/noticias\/2026\/02\/15\/aurora-cunha-recusa-fortuna-do-benfica-apos-chamada-de-pinto-da-costa\/#article","isPartOf":{"@id":"https:\/\/portaltela.pt\/noticias\/2026\/02\/15\/aurora-cunha-recusa-fortuna-do-benfica-apos-chamada-de-pinto-da-costa\/"},"author":{"name":"Telinha","@id":"https:\/\/portaltela.pt\/#\/schema\/person\/c4278d4a6028830caff9ee44b42d32ed"},"headline":"Aurora Cunha recusa fortuna do Benfica ap\u00f3s chamada de Pinto da Costa","datePublished":"2026-02-15T11:48:00+00:00","mainEntityOfPage":{"@id":"https:\/\/portaltela.pt\/noticias\/2026\/02\/15\/aurora-cunha-recusa-fortuna-do-benfica-apos-chamada-de-pinto-da-costa\/"},"wordCount":266,"image":{"@id":"https:\/\/portaltela.pt\/noticias\/2026\/02\/15\/aurora-cunha-recusa-fortuna-do-benfica-apos-chamada-de-pinto-da-costa\/#primaryimage"},"thumbnailUrl":"https:\/\/portaltela.pt\/s.01k8rhncp4jt1\/2026\/02\/img_1200x721uu2026-02-15-11-44-37-2421754.jpg","keywords":["atletismo","Benfica","corta-mato","desporto","FC Porto","hist\u00f3ria"],"articleSection":["Desporto"],"inLanguage":"pt-PT"},{"@type":"WebPage","@id":"https:\/\/portaltela.pt\/noticias\/2026\/02\/15\/aurora-cunha-recusa-fortuna-do-benfica-apos-chamada-de-pinto-da-costa\/","url":"https:\/\/portaltela.pt\/noticias\/2026\/02\/15\/aurora-cunha-recusa-fortuna-do-benfica-apos-chamada-de-pinto-da-costa\/","name":"Aurora Cunha recusa fortuna do Benfica ap\u00f3s chamada de Pinto da Costa - Portal Tela Portugal","isPartOf":{"@id":"https:\/\/portaltela.pt\/#website"},"primaryImageOfPage":{"@id":"https:\/\/portaltela.pt\/noticias\/2026\/02\/15\/aurora-cunha-recusa-fortuna-do-benfica-apos-chamada-de-pinto-da-costa\/#primaryimage"},"image":{"@id":"https:\/\/portaltela.pt\/noticias\/2026\/02\/15\/aurora-cunha-recusa-fortuna-do-benfica-apos-chamada-de-pinto-da-costa\/#primaryimage"},"thumbnailUrl":"https:\/\/portaltela.pt\/s.01k8rhncp4jt1\/2026\/02\/img_1200x721uu2026-02-15-11-44-37-2421754.jpg","datePublished":"2026-02-15T11:48:00+00:00","author":{"@id":"https:\/\/portaltela.pt\/#\/schema\/person\/c4278d4a6028830caff9ee44b42d32ed"},"breadcrumb":{"@id":"https:\/\/portaltela.pt\/noticias\/2026\/02\/15\/aurora-cunha-recusa-fortuna-do-benfica-apos-chamada-de-pinto-da-costa\/#breadcrumb"},"inLanguage":"pt-PT","potentialAction":[{"@type":"ReadAction","target":["https:\/\/portaltela.pt\/noticias\/2026\/02\/15\/aurora-cunha-recusa-fortuna-do-benfica-apos-chamada-de-pinto-da-costa\/"]}]},{"@type":"ImageObject","inLanguage":"pt-PT","@id":"https:\/\/portaltela.pt\/noticias\/2026\/02\/15\/aurora-cunha-recusa-fortuna-do-benfica-apos-chamada-de-pinto-da-costa\/#primaryimage","url":"https:\/\/portaltela.pt\/s.01k8rhncp4jt1\/2026\/02\/img_1200x721uu2026-02-15-11-44-37-2421754.jpg","contentUrl":"https:\/\/portaltela.pt\/s.01k8rhncp4jt1\/2026\/02\/img_1200x721uu2026-02-15-11-44-37-2421754.jpg","width":796,"height":448,"caption":"Aurora Cunha com Pinto da Costa"},{"@type":"BreadcrumbList","@id":"https:\/\/portaltela.pt\/noticias\/2026\/02\/15\/aurora-cunha-recusa-fortuna-do-benfica-apos-chamada-de-pinto-da-costa\/#breadcrumb","itemListElement":[{"@type":"ListItem","position":1,"name":"In\u00edcio","item":"https:\/\/portaltela.pt\/"},{"@type":"ListItem","position":2,"name":"Aurora Cunha recusa fortuna do Benfica ap\u00f3s chamada de Pinto da Costa"}]},{"@type":"WebSite","@id":"https:\/\/portaltela.pt\/#website","url":"https:\/\/portaltela.pt\/","name":"Portal Tela Portugal","description":"","potentialAction":[{"@type":"SearchAction","target":{"@type":"EntryPoint","urlTemplate":"https:\/\/portaltela.pt\/?s={search_term_string}"},"query-input":{"@type":"PropertyValueSpecification","valueRequired":true,"valueName":"search_term_string"}}],"inLanguage":"pt-PT"},{"@type":"Person","@id":"https:\/\/portaltela.pt\/#\/schema\/person\/c4278d4a6028830caff9ee44b42d32ed","name":"Telinha","image":{"@type":"ImageObject","inLanguage":"pt-PT","@id":"https:\/\/portaltela.pt\/s.01k8rhncp4jt1\/2025\/11\/talking-bot-125x125.png","url":"https:\/\/portaltela.pt\/s.01k8rhncp4jt1\/2025\/11\/talking-bot-125x125.png","contentUrl":"https:\/\/portaltela.pt\/s.01k8rhncp4jt1\/2025\/11\/talking-bot-125x125.png","caption":"Telinha"},"sameAs":["https:\/\/portaltela.pt\/"],"url":"https:\/\/portaltela.pt\/por\/367410592786\/"}]}},"_links":{"self":[{"href":"https:\/\/portaltela.pt\/api\/wp\/v2\/posts\/213257","targetHints":{"allow":["GET"]}}],"collection":[{"href":"https:\/\/portaltela.pt\/api\/wp\/v2\/posts"}],"about":[{"href":"https:\/\/portaltela.pt\/api\/wp\/v2\/types\/post"}],"author":[{"embeddable":true,"href":"https:\/\/portaltela.pt\/api\/wp\/v2\/users\/2"}],"replies":[{"embeddable":true,"href":"https:\/\/portaltela.pt\/api\/wp\/v2\/comments?post=213257"}],"version-history":[{"count":0,"href":"https:\/\/portaltela.pt\/api\/wp\/v2\/posts\/213257\/revisions"}],"wp:featuredmedia":[{"embeddable":true,"href":"https:\/\/portaltela.pt\/api\/wp\/v2\/media\/213259"}],"wp:attachment":[{"href":"https:\/\/portaltela.pt\/api\/wp\/v2\/media?parent=213257"}],"wp:term":[{"taxonomy":"category","embeddable":true,"href":"https:\/\/portaltela.pt\/api\/wp\/v2\/categories?post=213257"},{"taxonomy":"post_tag","embeddable":true,"href":"https:\/\/portaltela.pt\/api\/wp\/v2\/tags?post=213257"}],"curies":[{"name":"wp","href":"https:\/\/api.w.org\/{rel}","templated":true}]}}