{"id":213234,"date":"2026-02-15T08:20:00","date_gmt":"2026-02-15T11:20:00","guid":{"rendered":"https:\/\/portaltela.pt\/noticias\/2026\/02\/15\/o-que-a-ciencia-diz-sobre-suplementos-alimentares-e-cancro\/"},"modified":"2026-02-15T08:20:00","modified_gmt":"2026-02-15T11:20:00","slug":"o-que-a-ciencia-diz-sobre-suplementos-alimentares-e-cancro","status":"publish","type":"post","link":"https:\/\/portaltela.pt\/noticias\/2026\/02\/15\/o-que-a-ciencia-diz-sobre-suplementos-alimentares-e-cancro\/","title":{"rendered":"O que a ci\u00eancia diz sobre suplementos alimentares e cancro"},"content":{"rendered":"<p>Um oncologista afirma que os suplementos alimentares podem alterar a forma como o organismo processa a quimioterapia. A not\u00edcia baseia-se em observa\u00e7\u00f5es da pr\u00e1tica cl\u00ednica de quem lida com pacientes imunocomprometidos.<\/p>\n<p>O especialista refere-se a casos de leucemia e de outros cancros que afetam as c\u00e9lulas da medula \u00f3ssea. Nesses contextos, a intera\u00e7\u00e3o entre suplementos e f\u00e1rmacos anticancer\u00edgenos pode ter impacto cl\u00ednico.<\/p>\n<p>De acordo com a opini\u00e3o do m\u00e9dico, os suplementos n\u00e3o s\u00e3o obrigat\u00f3rios por lei a demonstrar efic\u00e1cia. Mesmo quando submetidos a ensaios cl\u00ednicos, n\u00e3o ficou provado que previnam o cancro.<\/p>\n<p>Podem ainda interferir com os tratamentos oncol\u00f3gicos, segundo o especialista. A afirma\u00e7\u00e3o refor\u00e7a a necessidade de avalia\u00e7\u00e3o m\u00e9dica antes de introduzir qualquer suplemento na alimenta\u00e7\u00e3o de doentes oncol\u00f3gicos.<\/p>\n<h3>Implica\u00e7\u00f5es para tratamentos<\/h3>\n<p>A mensagem principal \u00e9 de cautela para pacientes em tratamento. A equipa m\u00e9dica deve monitorizar a ades\u00e3o a suplementos e ajustar terapias conforme necess\u00e1rio.<\/p>\n<p>Ressalva-se que a ci\u00eancia n\u00e3o confirma benef\u00edcio preventivo dos suplementos contra o cancro. A comunica\u00e7\u00e3o entre profissionais de sa\u00fade e pacientes \u00e9 fundamental para evitar intera\u00e7\u00f5es adversas.<\/p>\n","protected":false},"excerpt":{"rendered":"<ul>\n<li>Um oncologista afirma que os suplementos alimentares podem alterar a forma como o organismo processa a quimioterapia.<\/li>\n<li>A especialista menciona ter-se dedicado ao tratamento de pessoas imunocomprometidas por leucemia ou outros cancros que afetam as c\u00e9lulas da medula \u00f3ssea.<\/li>\n<li>Os suplementos n\u00e3o s\u00e3o obrigados por lei a demonstrar efic\u00e1cia e, quando submetidos a ensaios cl\u00ednicos, n\u00e3o ficou comprovado que previnam o cancro.<\/li>\n<li>Podem interferir nos tratamentos oncol\u00f3gicos.<\/li>\n<li>A ci\u00eancia atual n\u00e3o valida o uso de suplementos como preven\u00e7\u00e3o ou tratamento do cancro.<\/li>\n<\/ul>\n","protected":false},"author":2,"featured_media":213235,"comment_status":"closed","ping_status":"closed","sticky":false,"template":"","format":"standard","meta":{"footnotes":""},"categories":[1],"tags":[1874,215,915,3994,172,140],"class_list":["post-213234","post","type-post","status-publish","format-standard","has-post-thumbnail","hentry","category-noticias","tag-cancer","tag-investigacao","tag-nutricao","tag-oncologia","tag-saude","tag-tratamentos"],"yoast_head":"<!-- This site is optimized with the Yoast SEO plugin v27.2 - https:\/\/yoast.com\/product\/yoast-seo-wordpress\/ -->\n<title>O que a ci\u00eancia diz sobre suplementos alimentares e cancro - Portal Tela Portugal<\/title>\n<meta name=\"robots\" content=\"index, follow, max-snippet:-1, max-image-preview:large, max-video-preview:-1\" \/>\n<meta property=\"og:locale\" content=\"pt_PT\" \/>\n<meta property=\"og:type\" content=\"article\" \/>\n<meta property=\"og:title\" content=\"O que a ci\u00eancia diz sobre suplementos alimentares e cancro - Portal Tela Portugal\" \/>\n<meta property=\"og:description\" content=\"Um oncologista afirma que os suplementos alimentares podem alterar a forma como o organismo processa a quimioterapia. A especialista menciona ter-se dedicado ao tratamento de pessoas imunocomprometidas por leucemia ou outros cancros que afetam as c\u00e9lulas da medula \u00f3ssea. Os suplementos n\u00e3o s\u00e3o obrigados por lei a demonstrar efic\u00e1cia e, quando submetidos a ensaios cl\u00ednicos, n\u00e3o ficou comprovado que previnam o cancro. Podem interferir nos tratamentos oncol\u00f3gicos. A ci\u00eancia atual n\u00e3o valida o uso de suplementos como preven\u00e7\u00e3o ou tratamento do cancro.\" \/>\n<meta property=\"og:url\" content=\"https:\/\/portaltela.pt\/noticias\/2026\/02\/15\/o-que-a-ciencia-diz-sobre-suplementos-alimentares-e-cancro\/\" \/>\n<meta property=\"og:site_name\" content=\"Portal Tela Portugal\" \/>\n<meta property=\"article:published_time\" content=\"2026-02-15T11:20:00+00:00\" \/>\n<meta name=\"author\" content=\"Telinha\" \/>\n<meta name=\"twitter:card\" content=\"summary_large_image\" \/>\n<meta name=\"twitter:label1\" content=\"Escrito por\" \/>\n\t<meta name=\"twitter:data1\" content=\"Telinha\" \/>\n\t<meta name=\"twitter:label2\" content=\"Tempo estimado de leitura\" \/>\n\t<meta name=\"twitter:data2\" content=\"1 minuto\" \/>\n<script type=\"application\/ld+json\" class=\"yoast-schema-graph\">{\"@context\":\"https:\/\/schema.org\",\"@graph\":[{\"@type\":\"Article\",\"@id\":\"https:\/\/portaltela.pt\/noticias\/2026\/02\/15\/o-que-a-ciencia-diz-sobre-suplementos-alimentares-e-cancro\/#article\",\"isPartOf\":{\"@id\":\"https:\/\/portaltela.pt\/noticias\/2026\/02\/15\/o-que-a-ciencia-diz-sobre-suplementos-alimentares-e-cancro\/\"},\"author\":{\"name\":\"Telinha\",\"@id\":\"https:\/\/portaltela.pt\/#\/schema\/person\/c4278d4a6028830caff9ee44b42d32ed\"},\"headline\":\"O que a ci\u00eancia diz sobre suplementos alimentares e cancro\",\"datePublished\":\"2026-02-15T11:20:00+00:00\",\"mainEntityOfPage\":{\"@id\":\"https:\/\/portaltela.pt\/noticias\/2026\/02\/15\/o-que-a-ciencia-diz-sobre-suplementos-alimentares-e-cancro\/\"},\"wordCount\":217,\"image\":{\"@id\":\"https:\/\/portaltela.pt\/noticias\/2026\/02\/15\/o-que-a-ciencia-diz-sobre-suplementos-alimentares-e-cancro\/#primaryimage\"},\"thumbnailUrl\":\"https:\/\/portaltela.pt\/s.01k8rhncp4jt1\/2026\/02\/2065841.jpg\",\"keywords\":[\"C\u00e2ncer\",\"investiga\u00e7\u00e3o\",\"nutri\u00e7\u00e3o\",\"Oncologia\",\"sa\u00fade\",\"tratamentos\"],\"articleSection\":[\"Not\u00edcias\"],\"inLanguage\":\"pt-PT\"},{\"@type\":\"WebPage\",\"@id\":\"https:\/\/portaltela.pt\/noticias\/2026\/02\/15\/o-que-a-ciencia-diz-sobre-suplementos-alimentares-e-cancro\/\",\"url\":\"https:\/\/portaltela.pt\/noticias\/2026\/02\/15\/o-que-a-ciencia-diz-sobre-suplementos-alimentares-e-cancro\/\",\"name\":\"O que a ci\u00eancia diz sobre suplementos alimentares e cancro - Portal Tela Portugal\",\"isPartOf\":{\"@id\":\"https:\/\/portaltela.pt\/#website\"},\"primaryImageOfPage\":{\"@id\":\"https:\/\/portaltela.pt\/noticias\/2026\/02\/15\/o-que-a-ciencia-diz-sobre-suplementos-alimentares-e-cancro\/#primaryimage\"},\"image\":{\"@id\":\"https:\/\/portaltela.pt\/noticias\/2026\/02\/15\/o-que-a-ciencia-diz-sobre-suplementos-alimentares-e-cancro\/#primaryimage\"},\"thumbnailUrl\":\"https:\/\/portaltela.pt\/s.01k8rhncp4jt1\/2026\/02\/2065841.jpg\",\"datePublished\":\"2026-02-15T11:20:00+00:00\",\"author\":{\"@id\":\"https:\/\/portaltela.pt\/#\/schema\/person\/c4278d4a6028830caff9ee44b42d32ed\"},\"breadcrumb\":{\"@id\":\"https:\/\/portaltela.pt\/noticias\/2026\/02\/15\/o-que-a-ciencia-diz-sobre-suplementos-alimentares-e-cancro\/#breadcrumb\"},\"inLanguage\":\"pt-PT\",\"potentialAction\":[{\"@type\":\"ReadAction\",\"target\":[\"https:\/\/portaltela.pt\/noticias\/2026\/02\/15\/o-que-a-ciencia-diz-sobre-suplementos-alimentares-e-cancro\/\"]}]},{\"@type\":\"ImageObject\",\"inLanguage\":\"pt-PT\",\"@id\":\"https:\/\/portaltela.pt\/noticias\/2026\/02\/15\/o-que-a-ciencia-diz-sobre-suplementos-alimentares-e-cancro\/#primaryimage\",\"url\":\"https:\/\/portaltela.pt\/s.01k8rhncp4jt1\/2026\/02\/2065841.jpg\",\"contentUrl\":\"https:\/\/portaltela.pt\/s.01k8rhncp4jt1\/2026\/02\/2065841.jpg\",\"width\":796,\"height\":448,\"caption\":\"Os suplementos alimentares podem alterar a forma como o organismo processa a quimioterapia, afirma oncologista\"},{\"@type\":\"BreadcrumbList\",\"@id\":\"https:\/\/portaltela.pt\/noticias\/2026\/02\/15\/o-que-a-ciencia-diz-sobre-suplementos-alimentares-e-cancro\/#breadcrumb\",\"itemListElement\":[{\"@type\":\"ListItem\",\"position\":1,\"name\":\"In\u00edcio\",\"item\":\"https:\/\/portaltela.pt\/\"},{\"@type\":\"ListItem\",\"position\":2,\"name\":\"O que a ci\u00eancia diz sobre suplementos alimentares e cancro\"}]},{\"@type\":\"WebSite\",\"@id\":\"https:\/\/portaltela.pt\/#website\",\"url\":\"https:\/\/portaltela.pt\/\",\"name\":\"Portal Tela Portugal\",\"description\":\"\",\"potentialAction\":[{\"@type\":\"SearchAction\",\"target\":{\"@type\":\"EntryPoint\",\"urlTemplate\":\"https:\/\/portaltela.pt\/?s={search_term_string}\"},\"query-input\":{\"@type\":\"PropertyValueSpecification\",\"valueRequired\":true,\"valueName\":\"search_term_string\"}}],\"inLanguage\":\"pt-PT\"},{\"@type\":\"Person\",\"@id\":\"https:\/\/portaltela.pt\/#\/schema\/person\/c4278d4a6028830caff9ee44b42d32ed\",\"name\":\"Telinha\",\"image\":{\"@type\":\"ImageObject\",\"inLanguage\":\"pt-PT\",\"@id\":\"https:\/\/portaltela.pt\/s.01k8rhncp4jt1\/2025\/11\/talking-bot-125x125.png\",\"url\":\"https:\/\/portaltela.pt\/s.01k8rhncp4jt1\/2025\/11\/talking-bot-125x125.png\",\"contentUrl\":\"https:\/\/portaltela.pt\/s.01k8rhncp4jt1\/2025\/11\/talking-bot-125x125.png\",\"caption\":\"Telinha\"},\"sameAs\":[\"https:\/\/portaltela.pt\/\"],\"url\":\"https:\/\/portaltela.pt\/por\/367410592786\/\"}]}<\/script>\n<!-- \/ Yoast SEO plugin. -->","yoast_head_json":{"title":"O que a ci\u00eancia diz sobre suplementos alimentares e cancro - Portal Tela Portugal","robots":{"index":"index","follow":"follow","max-snippet":"max-snippet:-1","max-image-preview":"max-image-preview:large","max-video-preview":"max-video-preview:-1"},"og_locale":"pt_PT","og_type":"article","og_title":"O que a ci\u00eancia diz sobre suplementos alimentares e cancro - Portal Tela Portugal","og_description":"Um oncologista afirma que os suplementos alimentares podem alterar a forma como o organismo processa a quimioterapia. A especialista menciona ter-se dedicado ao tratamento de pessoas imunocomprometidas por leucemia ou outros cancros que afetam as c\u00e9lulas da medula \u00f3ssea. Os suplementos n\u00e3o s\u00e3o obrigados por lei a demonstrar efic\u00e1cia e, quando submetidos a ensaios cl\u00ednicos, n\u00e3o ficou comprovado que previnam o cancro. Podem interferir nos tratamentos oncol\u00f3gicos. A ci\u00eancia atual n\u00e3o valida o uso de suplementos como preven\u00e7\u00e3o ou tratamento do cancro.","og_url":"https:\/\/portaltela.pt\/noticias\/2026\/02\/15\/o-que-a-ciencia-diz-sobre-suplementos-alimentares-e-cancro\/","og_site_name":"Portal Tela Portugal","article_published_time":"2026-02-15T11:20:00+00:00","author":"Telinha","twitter_card":"summary_large_image","twitter_misc":{"Escrito por":"Telinha","Tempo estimado de leitura":"1 minuto"},"schema":{"@context":"https:\/\/schema.org","@graph":[{"@type":"Article","@id":"https:\/\/portaltela.pt\/noticias\/2026\/02\/15\/o-que-a-ciencia-diz-sobre-suplementos-alimentares-e-cancro\/#article","isPartOf":{"@id":"https:\/\/portaltela.pt\/noticias\/2026\/02\/15\/o-que-a-ciencia-diz-sobre-suplementos-alimentares-e-cancro\/"},"author":{"name":"Telinha","@id":"https:\/\/portaltela.pt\/#\/schema\/person\/c4278d4a6028830caff9ee44b42d32ed"},"headline":"O que a ci\u00eancia diz sobre suplementos alimentares e cancro","datePublished":"2026-02-15T11:20:00+00:00","mainEntityOfPage":{"@id":"https:\/\/portaltela.pt\/noticias\/2026\/02\/15\/o-que-a-ciencia-diz-sobre-suplementos-alimentares-e-cancro\/"},"wordCount":217,"image":{"@id":"https:\/\/portaltela.pt\/noticias\/2026\/02\/15\/o-que-a-ciencia-diz-sobre-suplementos-alimentares-e-cancro\/#primaryimage"},"thumbnailUrl":"https:\/\/portaltela.pt\/s.01k8rhncp4jt1\/2026\/02\/2065841.jpg","keywords":["C\u00e2ncer","investiga\u00e7\u00e3o","nutri\u00e7\u00e3o","Oncologia","sa\u00fade","tratamentos"],"articleSection":["Not\u00edcias"],"inLanguage":"pt-PT"},{"@type":"WebPage","@id":"https:\/\/portaltela.pt\/noticias\/2026\/02\/15\/o-que-a-ciencia-diz-sobre-suplementos-alimentares-e-cancro\/","url":"https:\/\/portaltela.pt\/noticias\/2026\/02\/15\/o-que-a-ciencia-diz-sobre-suplementos-alimentares-e-cancro\/","name":"O que a ci\u00eancia diz sobre suplementos alimentares e cancro - Portal Tela Portugal","isPartOf":{"@id":"https:\/\/portaltela.pt\/#website"},"primaryImageOfPage":{"@id":"https:\/\/portaltela.pt\/noticias\/2026\/02\/15\/o-que-a-ciencia-diz-sobre-suplementos-alimentares-e-cancro\/#primaryimage"},"image":{"@id":"https:\/\/portaltela.pt\/noticias\/2026\/02\/15\/o-que-a-ciencia-diz-sobre-suplementos-alimentares-e-cancro\/#primaryimage"},"thumbnailUrl":"https:\/\/portaltela.pt\/s.01k8rhncp4jt1\/2026\/02\/2065841.jpg","datePublished":"2026-02-15T11:20:00+00:00","author":{"@id":"https:\/\/portaltela.pt\/#\/schema\/person\/c4278d4a6028830caff9ee44b42d32ed"},"breadcrumb":{"@id":"https:\/\/portaltela.pt\/noticias\/2026\/02\/15\/o-que-a-ciencia-diz-sobre-suplementos-alimentares-e-cancro\/#breadcrumb"},"inLanguage":"pt-PT","potentialAction":[{"@type":"ReadAction","target":["https:\/\/portaltela.pt\/noticias\/2026\/02\/15\/o-que-a-ciencia-diz-sobre-suplementos-alimentares-e-cancro\/"]}]},{"@type":"ImageObject","inLanguage":"pt-PT","@id":"https:\/\/portaltela.pt\/noticias\/2026\/02\/15\/o-que-a-ciencia-diz-sobre-suplementos-alimentares-e-cancro\/#primaryimage","url":"https:\/\/portaltela.pt\/s.01k8rhncp4jt1\/2026\/02\/2065841.jpg","contentUrl":"https:\/\/portaltela.pt\/s.01k8rhncp4jt1\/2026\/02\/2065841.jpg","width":796,"height":448,"caption":"Os suplementos alimentares podem alterar a forma como o organismo processa a quimioterapia, afirma oncologista"},{"@type":"BreadcrumbList","@id":"https:\/\/portaltela.pt\/noticias\/2026\/02\/15\/o-que-a-ciencia-diz-sobre-suplementos-alimentares-e-cancro\/#breadcrumb","itemListElement":[{"@type":"ListItem","position":1,"name":"In\u00edcio","item":"https:\/\/portaltela.pt\/"},{"@type":"ListItem","position":2,"name":"O que a ci\u00eancia diz sobre suplementos alimentares e cancro"}]},{"@type":"WebSite","@id":"https:\/\/portaltela.pt\/#website","url":"https:\/\/portaltela.pt\/","name":"Portal Tela Portugal","description":"","potentialAction":[{"@type":"SearchAction","target":{"@type":"EntryPoint","urlTemplate":"https:\/\/portaltela.pt\/?s={search_term_string}"},"query-input":{"@type":"PropertyValueSpecification","valueRequired":true,"valueName":"search_term_string"}}],"inLanguage":"pt-PT"},{"@type":"Person","@id":"https:\/\/portaltela.pt\/#\/schema\/person\/c4278d4a6028830caff9ee44b42d32ed","name":"Telinha","image":{"@type":"ImageObject","inLanguage":"pt-PT","@id":"https:\/\/portaltela.pt\/s.01k8rhncp4jt1\/2025\/11\/talking-bot-125x125.png","url":"https:\/\/portaltela.pt\/s.01k8rhncp4jt1\/2025\/11\/talking-bot-125x125.png","contentUrl":"https:\/\/portaltela.pt\/s.01k8rhncp4jt1\/2025\/11\/talking-bot-125x125.png","caption":"Telinha"},"sameAs":["https:\/\/portaltela.pt\/"],"url":"https:\/\/portaltela.pt\/por\/367410592786\/"}]}},"_links":{"self":[{"href":"https:\/\/portaltela.pt\/api\/wp\/v2\/posts\/213234","targetHints":{"allow":["GET"]}}],"collection":[{"href":"https:\/\/portaltela.pt\/api\/wp\/v2\/posts"}],"about":[{"href":"https:\/\/portaltela.pt\/api\/wp\/v2\/types\/post"}],"author":[{"embeddable":true,"href":"https:\/\/portaltela.pt\/api\/wp\/v2\/users\/2"}],"replies":[{"embeddable":true,"href":"https:\/\/portaltela.pt\/api\/wp\/v2\/comments?post=213234"}],"version-history":[{"count":0,"href":"https:\/\/portaltela.pt\/api\/wp\/v2\/posts\/213234\/revisions"}],"wp:featuredmedia":[{"embeddable":true,"href":"https:\/\/portaltela.pt\/api\/wp\/v2\/media\/213235"}],"wp:attachment":[{"href":"https:\/\/portaltela.pt\/api\/wp\/v2\/media?parent=213234"}],"wp:term":[{"taxonomy":"category","embeddable":true,"href":"https:\/\/portaltela.pt\/api\/wp\/v2\/categories?post=213234"},{"taxonomy":"post_tag","embeddable":true,"href":"https:\/\/portaltela.pt\/api\/wp\/v2\/tags?post=213234"}],"curies":[{"name":"wp","href":"https:\/\/api.w.org\/{rel}","templated":true}]}}