{"id":213194,"date":"2026-02-15T07:16:25","date_gmt":"2026-02-15T10:16:25","guid":{"rendered":"https:\/\/portaltela.pt\/noticias\/2026\/02\/15\/presidente-sugere-criacao-de-fundo-de-calamidade\/"},"modified":"2026-02-15T07:16:25","modified_gmt":"2026-02-15T10:16:25","slug":"presidente-sugere-criacao-de-fundo-de-calamidade","status":"publish","type":"post","link":"https:\/\/portaltela.pt\/noticias\/politica\/2026\/02\/15\/presidente-sugere-criacao-de-fundo-de-calamidade\/","title":{"rendered":"Presidente sugere cria\u00e7\u00e3o de fundo de calamidade"},"content":{"rendered":"<p>O Presidente da Rep\u00fablica, Marcelo Rebelo de Sousa, pediu abrir o debate sobre a cria\u00e7\u00e3o de um fundo de calamidade em Portugal, para ajudar a cobrir preju\u00edzos provocados por desastres. A proposta foi apresentada a 15 de fevereiro de 2026, \u00e0s 10:16.<\/p>\n<p>A ideia \u00e9 estabelecer mecanismos de suporte financeiro a particulares e empresas afetadas por eventos extraordin\u00e1rios, visando acelerar a recupera\u00e7\u00e3o econ\u00f3mica e reduzir impactos sociais. O tema fica para discuss\u00e3o entre os agentes p\u00fablicos.<\/p>\n<p>Segundo o chefe de Estado, ainda n\u00e3o existe uma decis\u00e3o tomada; a sugest\u00e3o visa clarificar op\u00e7\u00f5es, fontes de financiamento e regras de elegibilidade. O objetivo \u00e9 criar uma resposta estruturada a situa\u00e7\u00f5es de calamidade.<\/p>\n<p>Autoria da sugest\u00e3o cabe ao Presidente da Rep\u00fablica; n\u00e3o houve an\u00fancio de medidas legais ou or\u00e7amentais. O conte\u00fado refor\u00e7a a necessidade de um quadro est\u00e1vel para enfrentar preju\u00edzos extremados.<\/p>\n","protected":false},"excerpt":{"rendered":"<ul>\n<li>O presidente da Rep\u00fablica, Marcelo Rebelo de Sousa, sugeriu iniciar a discuss\u00e3o sobre a cria\u00e7\u00e3o de um fundo de calamidade em Portugal.<\/li>\n<li>O objetivo do fundo seria ajudar a cobrir preju\u00edzos causados por eventos adversos.<\/li>\n<li>A sugest\u00e3o foi feita em 15 de fevereiro de 2026, \u00e0s 10:16.<\/li>\n<li>N\u00e3o s\u00e3o divulgados detalhes sobre como o fundo seria financiado ou operacionalizado.<\/li>\n<\/ul>\n","protected":false},"author":2,"featured_media":213195,"comment_status":"closed","ping_status":"closed","sticky":false,"template":"","format":"standard","meta":{"footnotes":""},"categories":[1,5],"tags":[4687,190,28,5888,229,173],"class_list":["post-213194","post","type-post","status-publish","format-standard","has-post-thumbnail","hentry","category-noticias","category-politica","tag-calamidade-publica","tag-desenvolvimento-economico","tag-economia","tag-fundo-de-catastrofes","tag-politica-publica","tag-protecao-social"],"yoast_head":"<!-- This site is optimized with the Yoast SEO plugin v27.2 - https:\/\/yoast.com\/product\/yoast-seo-wordpress\/ -->\n<title>Presidente sugere cria\u00e7\u00e3o de fundo de calamidade - Portal Tela Portugal<\/title>\n<meta name=\"robots\" content=\"index, follow, max-snippet:-1, max-image-preview:large, max-video-preview:-1\" \/>\n<meta property=\"og:locale\" content=\"pt_PT\" \/>\n<meta property=\"og:type\" content=\"article\" \/>\n<meta property=\"og:title\" content=\"Presidente sugere cria\u00e7\u00e3o de fundo de calamidade - Portal Tela Portugal\" \/>\n<meta property=\"og:description\" content=\"O presidente da Rep\u00fablica, Marcelo Rebelo de Sousa, sugeriu iniciar a discuss\u00e3o sobre a cria\u00e7\u00e3o de um fundo de calamidade em Portugal. O objetivo do fundo seria ajudar a cobrir preju\u00edzos causados por eventos adversos. A sugest\u00e3o foi feita em 15 de fevereiro de 2026, \u00e0s 10:16. N\u00e3o s\u00e3o divulgados detalhes sobre como o fundo seria financiado ou operacionalizado.\" \/>\n<meta property=\"og:url\" content=\"https:\/\/portaltela.pt\/noticias\/2026\/02\/15\/presidente-sugere-criacao-de-fundo-de-calamidade\/\" \/>\n<meta property=\"og:site_name\" content=\"Portal Tela Portugal\" \/>\n<meta property=\"article:published_time\" content=\"2026-02-15T10:16:25+00:00\" \/>\n<meta name=\"author\" content=\"Telinha\" \/>\n<meta name=\"twitter:card\" content=\"summary_large_image\" \/>\n<meta name=\"twitter:label1\" content=\"Escrito por\" \/>\n\t<meta name=\"twitter:data1\" content=\"Telinha\" \/>\n\t<meta name=\"twitter:label2\" content=\"Tempo estimado de leitura\" \/>\n\t<meta name=\"twitter:data2\" content=\"1 minuto\" \/>\n<script type=\"application\/ld+json\" class=\"yoast-schema-graph\">{\"@context\":\"https:\/\/schema.org\",\"@graph\":[{\"@type\":\"Article\",\"@id\":\"https:\/\/portaltela.pt\/noticias\/2026\/02\/15\/presidente-sugere-criacao-de-fundo-de-calamidade\/#article\",\"isPartOf\":{\"@id\":\"https:\/\/portaltela.pt\/noticias\/2026\/02\/15\/presidente-sugere-criacao-de-fundo-de-calamidade\/\"},\"author\":{\"name\":\"Telinha\",\"@id\":\"https:\/\/portaltela.pt\/#\/schema\/person\/c4278d4a6028830caff9ee44b42d32ed\"},\"headline\":\"Presidente sugere cria\u00e7\u00e3o de fundo de calamidade\",\"datePublished\":\"2026-02-15T10:16:25+00:00\",\"mainEntityOfPage\":{\"@id\":\"https:\/\/portaltela.pt\/noticias\/2026\/02\/15\/presidente-sugere-criacao-de-fundo-de-calamidade\/\"},\"wordCount\":164,\"image\":{\"@id\":\"https:\/\/portaltela.pt\/noticias\/2026\/02\/15\/presidente-sugere-criacao-de-fundo-de-calamidade\/#primaryimage\"},\"thumbnailUrl\":\"https:\/\/portaltela.pt\/s.01k8rhncp4jt1\/2026\/02\/img_1280x722uu2026-02-15-10-02-04-2266982.png\",\"keywords\":[\"calamidade p\u00fablica\",\"Desenvolvimento econ\u00f3mico\",\"economia\",\"Fundo de Cat\u00e1strofes\",\"pol\u00edtica p\u00fablica\",\"prote\u00e7\u00e3o social\"],\"articleSection\":[\"Not\u00edcias\",\"Pol\u00edtica\"],\"inLanguage\":\"pt-PT\"},{\"@type\":\"WebPage\",\"@id\":\"https:\/\/portaltela.pt\/noticias\/2026\/02\/15\/presidente-sugere-criacao-de-fundo-de-calamidade\/\",\"url\":\"https:\/\/portaltela.pt\/noticias\/2026\/02\/15\/presidente-sugere-criacao-de-fundo-de-calamidade\/\",\"name\":\"Presidente sugere cria\u00e7\u00e3o de fundo de calamidade - Portal Tela Portugal\",\"isPartOf\":{\"@id\":\"https:\/\/portaltela.pt\/#website\"},\"primaryImageOfPage\":{\"@id\":\"https:\/\/portaltela.pt\/noticias\/2026\/02\/15\/presidente-sugere-criacao-de-fundo-de-calamidade\/#primaryimage\"},\"image\":{\"@id\":\"https:\/\/portaltela.pt\/noticias\/2026\/02\/15\/presidente-sugere-criacao-de-fundo-de-calamidade\/#primaryimage\"},\"thumbnailUrl\":\"https:\/\/portaltela.pt\/s.01k8rhncp4jt1\/2026\/02\/img_1280x722uu2026-02-15-10-02-04-2266982.png\",\"datePublished\":\"2026-02-15T10:16:25+00:00\",\"author\":{\"@id\":\"https:\/\/portaltela.pt\/#\/schema\/person\/c4278d4a6028830caff9ee44b42d32ed\"},\"breadcrumb\":{\"@id\":\"https:\/\/portaltela.pt\/noticias\/2026\/02\/15\/presidente-sugere-criacao-de-fundo-de-calamidade\/#breadcrumb\"},\"inLanguage\":\"pt-PT\",\"potentialAction\":[{\"@type\":\"ReadAction\",\"target\":[\"https:\/\/portaltela.pt\/noticias\/2026\/02\/15\/presidente-sugere-criacao-de-fundo-de-calamidade\/\"]}]},{\"@type\":\"ImageObject\",\"inLanguage\":\"pt-PT\",\"@id\":\"https:\/\/portaltela.pt\/noticias\/2026\/02\/15\/presidente-sugere-criacao-de-fundo-de-calamidade\/#primaryimage\",\"url\":\"https:\/\/portaltela.pt\/s.01k8rhncp4jt1\/2026\/02\/img_1280x722uu2026-02-15-10-02-04-2266982.png\",\"contentUrl\":\"https:\/\/portaltela.pt\/s.01k8rhncp4jt1\/2026\/02\/img_1280x722uu2026-02-15-10-02-04-2266982.png\",\"width\":1280,\"height\":722,\"caption\":\"Presidente da Rep\u00fablica sugere cria\u00e7\u00e3o de fundo de calamidade\"},{\"@type\":\"BreadcrumbList\",\"@id\":\"https:\/\/portaltela.pt\/noticias\/2026\/02\/15\/presidente-sugere-criacao-de-fundo-de-calamidade\/#breadcrumb\",\"itemListElement\":[{\"@type\":\"ListItem\",\"position\":1,\"name\":\"In\u00edcio\",\"item\":\"https:\/\/portaltela.pt\/\"},{\"@type\":\"ListItem\",\"position\":2,\"name\":\"Presidente sugere cria\u00e7\u00e3o de fundo de calamidade\"}]},{\"@type\":\"WebSite\",\"@id\":\"https:\/\/portaltela.pt\/#website\",\"url\":\"https:\/\/portaltela.pt\/\",\"name\":\"Portal Tela Portugal\",\"description\":\"\",\"potentialAction\":[{\"@type\":\"SearchAction\",\"target\":{\"@type\":\"EntryPoint\",\"urlTemplate\":\"https:\/\/portaltela.pt\/?s={search_term_string}\"},\"query-input\":{\"@type\":\"PropertyValueSpecification\",\"valueRequired\":true,\"valueName\":\"search_term_string\"}}],\"inLanguage\":\"pt-PT\"},{\"@type\":\"Person\",\"@id\":\"https:\/\/portaltela.pt\/#\/schema\/person\/c4278d4a6028830caff9ee44b42d32ed\",\"name\":\"Telinha\",\"image\":{\"@type\":\"ImageObject\",\"inLanguage\":\"pt-PT\",\"@id\":\"https:\/\/portaltela.pt\/s.01k8rhncp4jt1\/2025\/11\/talking-bot-125x125.png\",\"url\":\"https:\/\/portaltela.pt\/s.01k8rhncp4jt1\/2025\/11\/talking-bot-125x125.png\",\"contentUrl\":\"https:\/\/portaltela.pt\/s.01k8rhncp4jt1\/2025\/11\/talking-bot-125x125.png\",\"caption\":\"Telinha\"},\"sameAs\":[\"https:\/\/portaltela.pt\/\"],\"url\":\"https:\/\/portaltela.pt\/por\/367410592786\/\"}]}<\/script>\n<!-- \/ Yoast SEO plugin. -->","yoast_head_json":{"title":"Presidente sugere cria\u00e7\u00e3o de fundo de calamidade - Portal Tela Portugal","robots":{"index":"index","follow":"follow","max-snippet":"max-snippet:-1","max-image-preview":"max-image-preview:large","max-video-preview":"max-video-preview:-1"},"og_locale":"pt_PT","og_type":"article","og_title":"Presidente sugere cria\u00e7\u00e3o de fundo de calamidade - Portal Tela Portugal","og_description":"O presidente da Rep\u00fablica, Marcelo Rebelo de Sousa, sugeriu iniciar a discuss\u00e3o sobre a cria\u00e7\u00e3o de um fundo de calamidade em Portugal. O objetivo do fundo seria ajudar a cobrir preju\u00edzos causados por eventos adversos. A sugest\u00e3o foi feita em 15 de fevereiro de 2026, \u00e0s 10:16. N\u00e3o s\u00e3o divulgados detalhes sobre como o fundo seria financiado ou operacionalizado.","og_url":"https:\/\/portaltela.pt\/noticias\/2026\/02\/15\/presidente-sugere-criacao-de-fundo-de-calamidade\/","og_site_name":"Portal Tela Portugal","article_published_time":"2026-02-15T10:16:25+00:00","author":"Telinha","twitter_card":"summary_large_image","twitter_misc":{"Escrito por":"Telinha","Tempo estimado de leitura":"1 minuto"},"schema":{"@context":"https:\/\/schema.org","@graph":[{"@type":"Article","@id":"https:\/\/portaltela.pt\/noticias\/2026\/02\/15\/presidente-sugere-criacao-de-fundo-de-calamidade\/#article","isPartOf":{"@id":"https:\/\/portaltela.pt\/noticias\/2026\/02\/15\/presidente-sugere-criacao-de-fundo-de-calamidade\/"},"author":{"name":"Telinha","@id":"https:\/\/portaltela.pt\/#\/schema\/person\/c4278d4a6028830caff9ee44b42d32ed"},"headline":"Presidente sugere cria\u00e7\u00e3o de fundo de calamidade","datePublished":"2026-02-15T10:16:25+00:00","mainEntityOfPage":{"@id":"https:\/\/portaltela.pt\/noticias\/2026\/02\/15\/presidente-sugere-criacao-de-fundo-de-calamidade\/"},"wordCount":164,"image":{"@id":"https:\/\/portaltela.pt\/noticias\/2026\/02\/15\/presidente-sugere-criacao-de-fundo-de-calamidade\/#primaryimage"},"thumbnailUrl":"https:\/\/portaltela.pt\/s.01k8rhncp4jt1\/2026\/02\/img_1280x722uu2026-02-15-10-02-04-2266982.png","keywords":["calamidade p\u00fablica","Desenvolvimento econ\u00f3mico","economia","Fundo de Cat\u00e1strofes","pol\u00edtica p\u00fablica","prote\u00e7\u00e3o social"],"articleSection":["Not\u00edcias","Pol\u00edtica"],"inLanguage":"pt-PT"},{"@type":"WebPage","@id":"https:\/\/portaltela.pt\/noticias\/2026\/02\/15\/presidente-sugere-criacao-de-fundo-de-calamidade\/","url":"https:\/\/portaltela.pt\/noticias\/2026\/02\/15\/presidente-sugere-criacao-de-fundo-de-calamidade\/","name":"Presidente sugere cria\u00e7\u00e3o de fundo de calamidade - Portal Tela Portugal","isPartOf":{"@id":"https:\/\/portaltela.pt\/#website"},"primaryImageOfPage":{"@id":"https:\/\/portaltela.pt\/noticias\/2026\/02\/15\/presidente-sugere-criacao-de-fundo-de-calamidade\/#primaryimage"},"image":{"@id":"https:\/\/portaltela.pt\/noticias\/2026\/02\/15\/presidente-sugere-criacao-de-fundo-de-calamidade\/#primaryimage"},"thumbnailUrl":"https:\/\/portaltela.pt\/s.01k8rhncp4jt1\/2026\/02\/img_1280x722uu2026-02-15-10-02-04-2266982.png","datePublished":"2026-02-15T10:16:25+00:00","author":{"@id":"https:\/\/portaltela.pt\/#\/schema\/person\/c4278d4a6028830caff9ee44b42d32ed"},"breadcrumb":{"@id":"https:\/\/portaltela.pt\/noticias\/2026\/02\/15\/presidente-sugere-criacao-de-fundo-de-calamidade\/#breadcrumb"},"inLanguage":"pt-PT","potentialAction":[{"@type":"ReadAction","target":["https:\/\/portaltela.pt\/noticias\/2026\/02\/15\/presidente-sugere-criacao-de-fundo-de-calamidade\/"]}]},{"@type":"ImageObject","inLanguage":"pt-PT","@id":"https:\/\/portaltela.pt\/noticias\/2026\/02\/15\/presidente-sugere-criacao-de-fundo-de-calamidade\/#primaryimage","url":"https:\/\/portaltela.pt\/s.01k8rhncp4jt1\/2026\/02\/img_1280x722uu2026-02-15-10-02-04-2266982.png","contentUrl":"https:\/\/portaltela.pt\/s.01k8rhncp4jt1\/2026\/02\/img_1280x722uu2026-02-15-10-02-04-2266982.png","width":1280,"height":722,"caption":"Presidente da Rep\u00fablica sugere cria\u00e7\u00e3o de fundo de calamidade"},{"@type":"BreadcrumbList","@id":"https:\/\/portaltela.pt\/noticias\/2026\/02\/15\/presidente-sugere-criacao-de-fundo-de-calamidade\/#breadcrumb","itemListElement":[{"@type":"ListItem","position":1,"name":"In\u00edcio","item":"https:\/\/portaltela.pt\/"},{"@type":"ListItem","position":2,"name":"Presidente sugere cria\u00e7\u00e3o de fundo de calamidade"}]},{"@type":"WebSite","@id":"https:\/\/portaltela.pt\/#website","url":"https:\/\/portaltela.pt\/","name":"Portal Tela Portugal","description":"","potentialAction":[{"@type":"SearchAction","target":{"@type":"EntryPoint","urlTemplate":"https:\/\/portaltela.pt\/?s={search_term_string}"},"query-input":{"@type":"PropertyValueSpecification","valueRequired":true,"valueName":"search_term_string"}}],"inLanguage":"pt-PT"},{"@type":"Person","@id":"https:\/\/portaltela.pt\/#\/schema\/person\/c4278d4a6028830caff9ee44b42d32ed","name":"Telinha","image":{"@type":"ImageObject","inLanguage":"pt-PT","@id":"https:\/\/portaltela.pt\/s.01k8rhncp4jt1\/2025\/11\/talking-bot-125x125.png","url":"https:\/\/portaltela.pt\/s.01k8rhncp4jt1\/2025\/11\/talking-bot-125x125.png","contentUrl":"https:\/\/portaltela.pt\/s.01k8rhncp4jt1\/2025\/11\/talking-bot-125x125.png","caption":"Telinha"},"sameAs":["https:\/\/portaltela.pt\/"],"url":"https:\/\/portaltela.pt\/por\/367410592786\/"}]}},"_links":{"self":[{"href":"https:\/\/portaltela.pt\/api\/wp\/v2\/posts\/213194","targetHints":{"allow":["GET"]}}],"collection":[{"href":"https:\/\/portaltela.pt\/api\/wp\/v2\/posts"}],"about":[{"href":"https:\/\/portaltela.pt\/api\/wp\/v2\/types\/post"}],"author":[{"embeddable":true,"href":"https:\/\/portaltela.pt\/api\/wp\/v2\/users\/2"}],"replies":[{"embeddable":true,"href":"https:\/\/portaltela.pt\/api\/wp\/v2\/comments?post=213194"}],"version-history":[{"count":0,"href":"https:\/\/portaltela.pt\/api\/wp\/v2\/posts\/213194\/revisions"}],"wp:featuredmedia":[{"embeddable":true,"href":"https:\/\/portaltela.pt\/api\/wp\/v2\/media\/213195"}],"wp:attachment":[{"href":"https:\/\/portaltela.pt\/api\/wp\/v2\/media?parent=213194"}],"wp:term":[{"taxonomy":"category","embeddable":true,"href":"https:\/\/portaltela.pt\/api\/wp\/v2\/categories?post=213194"},{"taxonomy":"post_tag","embeddable":true,"href":"https:\/\/portaltela.pt\/api\/wp\/v2\/tags?post=213194"}],"curies":[{"name":"wp","href":"https:\/\/api.w.org\/{rel}","templated":true}]}}