{"id":213188,"date":"2026-02-15T07:30:00","date_gmt":"2026-02-15T10:30:00","guid":{"rendered":"https:\/\/portaltela.pt\/noticias\/2026\/02\/15\/maya-jama-recebe-presentes-de-luxo-de-ruben-dias-no-dia-dos-namorados\/"},"modified":"2026-02-15T07:30:00","modified_gmt":"2026-02-15T10:30:00","slug":"maya-jama-recebe-presentes-de-luxo-de-ruben-dias-no-dia-dos-namorados","status":"publish","type":"post","link":"https:\/\/portaltela.pt\/noticias\/2026\/02\/15\/maya-jama-recebe-presentes-de-luxo-de-ruben-dias-no-dia-dos-namorados\/","title":{"rendered":"Maya Jama recebe presentes de luxo de R\u00faben Dias no Dia dos Namorados"},"content":{"rendered":"<p>Maya Jama recebeu uma surpresa de Dia dos Namorados que agradou aos f\u00e3s. O gesto foi preparado pelo jogador portugu\u00eas R\u00faben Dias, que n\u00e3o p\u00f4de passar a data com a namorada devido a um jogo do Manchester City.<\/p>\n<p>A apresentadora partilhou nas redes sociais o momento, mostrando uma grande bouqu\u00ea de rosas e um presente de uma marca de luxo. A surpresa manteve-se privada quanto ao conte\u00fado do presente, sem revela\u00e7\u00e3o p\u00fablica do que foi oferecido.<\/p>\n<p>Desde que o relacionamento ficou conhecido, em 2025, o casal tem sido alvo de aten\u00e7\u00e3o dos seguidores, que acompanharam o gesto com entusiasmo. O contexto envolve o compromisso de Diaz com o clube e a celebra\u00e7\u00e3o do Dia dos Namorados, ainda que \u00e0 dist\u00e2ncia.<\/p>\n","protected":false},"excerpt":{"rendered":"<ul>\n<li>Maya Jama recebeu uma surpresa de Dia dos Namorados de R\u00faben Dias, com uma grande bouquet de rosas e um presente de uma marca de luxo.<\/li>\n<li>O jogador n\u00e3o p\u00f4de passar o dia com a namorada devido a um jogo do Manchester City, mas preparou a surpresa.<\/li>\n<li>Maya partilhou o gesto nas redes sociais, lembrando que o clube \u00e9 azul fora de casa.<\/li>\n<li>A apresentadora manteve a privacidade e n\u00e3o revelou o conte\u00fado do presente.<\/li>\n<li>A rela\u00e7\u00e3o entre os dois \u00e9 acompanhada pelos f\u00e3s desde que foi tornada oficial, em 2025.<\/li>\n<\/ul>\n","protected":false},"author":2,"featured_media":213191,"comment_status":"closed","ping_status":"closed","sticky":false,"template":"","format":"standard","meta":{"footnotes":""},"categories":[12,1],"tags":[5494,76,78,1980,3562,5295],"class_list":["post-213188","post","type-post","status-publish","format-standard","has-post-thumbnail","hentry","category-entretenimento","category-noticias","tag-casais","tag-celebridades","tag-famosos","tag-manchester-city","tag-privacidade","tag-ruben-dias"],"yoast_head":"<!-- This site is optimized with the Yoast SEO plugin v27.2 - https:\/\/yoast.com\/product\/yoast-seo-wordpress\/ -->\n<title>Maya Jama recebe presentes de luxo de R\u00faben Dias no Dia dos Namorados - Portal Tela Portugal<\/title>\n<meta name=\"robots\" content=\"index, follow, max-snippet:-1, max-image-preview:large, max-video-preview:-1\" \/>\n<meta property=\"og:locale\" content=\"pt_PT\" \/>\n<meta property=\"og:type\" content=\"article\" \/>\n<meta property=\"og:title\" content=\"Maya Jama recebe presentes de luxo de R\u00faben Dias no Dia dos Namorados - Portal Tela Portugal\" \/>\n<meta property=\"og:description\" content=\"Maya Jama recebeu uma surpresa de Dia dos Namorados de R\u00faben Dias, com uma grande bouquet de rosas e um presente de uma marca de luxo. O jogador n\u00e3o p\u00f4de passar o dia com a namorada devido a um jogo do Manchester City, mas preparou a surpresa. Maya partilhou o gesto nas redes sociais, lembrando que o clube \u00e9 azul fora de casa. A apresentadora manteve a privacidade e n\u00e3o revelou o conte\u00fado do presente. A rela\u00e7\u00e3o entre os dois \u00e9 acompanhada pelos f\u00e3s desde que foi tornada oficial, em 2025.\" \/>\n<meta property=\"og:url\" content=\"https:\/\/portaltela.pt\/noticias\/2026\/02\/15\/maya-jama-recebe-presentes-de-luxo-de-ruben-dias-no-dia-dos-namorados\/\" \/>\n<meta property=\"og:site_name\" content=\"Portal Tela Portugal\" \/>\n<meta property=\"article:published_time\" content=\"2026-02-15T10:30:00+00:00\" \/>\n<meta name=\"author\" content=\"Telinha\" \/>\n<meta name=\"twitter:card\" content=\"summary_large_image\" \/>\n<meta name=\"twitter:label1\" content=\"Escrito por\" \/>\n\t<meta name=\"twitter:data1\" content=\"Telinha\" \/>\n\t<meta name=\"twitter:label2\" content=\"Tempo estimado de leitura\" \/>\n\t<meta name=\"twitter:data2\" content=\"1 minuto\" \/>\n<script type=\"application\/ld+json\" class=\"yoast-schema-graph\">{\"@context\":\"https:\/\/schema.org\",\"@graph\":[{\"@type\":\"Article\",\"@id\":\"https:\/\/portaltela.pt\/noticias\/2026\/02\/15\/maya-jama-recebe-presentes-de-luxo-de-ruben-dias-no-dia-dos-namorados\/#article\",\"isPartOf\":{\"@id\":\"https:\/\/portaltela.pt\/noticias\/2026\/02\/15\/maya-jama-recebe-presentes-de-luxo-de-ruben-dias-no-dia-dos-namorados\/\"},\"author\":{\"name\":\"Telinha\",\"@id\":\"https:\/\/portaltela.pt\/#\/schema\/person\/c4278d4a6028830caff9ee44b42d32ed\"},\"headline\":\"Maya Jama recebe presentes de luxo de R\u00faben Dias no Dia dos Namorados\",\"datePublished\":\"2026-02-15T10:30:00+00:00\",\"mainEntityOfPage\":{\"@id\":\"https:\/\/portaltela.pt\/noticias\/2026\/02\/15\/maya-jama-recebe-presentes-de-luxo-de-ruben-dias-no-dia-dos-namorados\/\"},\"wordCount\":143,\"image\":{\"@id\":\"https:\/\/portaltela.pt\/noticias\/2026\/02\/15\/maya-jama-recebe-presentes-de-luxo-de-ruben-dias-no-dia-dos-namorados\/#primaryimage\"},\"thumbnailUrl\":\"https:\/\/portaltela.pt\/s.01k8rhncp4jt1\/2026\/02\/img_1280x718uu2026-01-29-23-02-00-2262174.jpg\",\"keywords\":[\"casais\",\"celebridades\",\"famosos\",\"Manchester City\",\"privacidade\",\"R\u00faben Dias\"],\"articleSection\":[\"Entretenimento\",\"Not\u00edcias\"],\"inLanguage\":\"pt-PT\"},{\"@type\":\"WebPage\",\"@id\":\"https:\/\/portaltela.pt\/noticias\/2026\/02\/15\/maya-jama-recebe-presentes-de-luxo-de-ruben-dias-no-dia-dos-namorados\/\",\"url\":\"https:\/\/portaltela.pt\/noticias\/2026\/02\/15\/maya-jama-recebe-presentes-de-luxo-de-ruben-dias-no-dia-dos-namorados\/\",\"name\":\"Maya Jama recebe presentes de luxo de R\u00faben Dias no Dia dos Namorados - Portal Tela Portugal\",\"isPartOf\":{\"@id\":\"https:\/\/portaltela.pt\/#website\"},\"primaryImageOfPage\":{\"@id\":\"https:\/\/portaltela.pt\/noticias\/2026\/02\/15\/maya-jama-recebe-presentes-de-luxo-de-ruben-dias-no-dia-dos-namorados\/#primaryimage\"},\"image\":{\"@id\":\"https:\/\/portaltela.pt\/noticias\/2026\/02\/15\/maya-jama-recebe-presentes-de-luxo-de-ruben-dias-no-dia-dos-namorados\/#primaryimage\"},\"thumbnailUrl\":\"https:\/\/portaltela.pt\/s.01k8rhncp4jt1\/2026\/02\/img_1280x718uu2026-01-29-23-02-00-2262174.jpg\",\"datePublished\":\"2026-02-15T10:30:00+00:00\",\"author\":{\"@id\":\"https:\/\/portaltela.pt\/#\/schema\/person\/c4278d4a6028830caff9ee44b42d32ed\"},\"breadcrumb\":{\"@id\":\"https:\/\/portaltela.pt\/noticias\/2026\/02\/15\/maya-jama-recebe-presentes-de-luxo-de-ruben-dias-no-dia-dos-namorados\/#breadcrumb\"},\"inLanguage\":\"pt-PT\",\"potentialAction\":[{\"@type\":\"ReadAction\",\"target\":[\"https:\/\/portaltela.pt\/noticias\/2026\/02\/15\/maya-jama-recebe-presentes-de-luxo-de-ruben-dias-no-dia-dos-namorados\/\"]}]},{\"@type\":\"ImageObject\",\"inLanguage\":\"pt-PT\",\"@id\":\"https:\/\/portaltela.pt\/noticias\/2026\/02\/15\/maya-jama-recebe-presentes-de-luxo-de-ruben-dias-no-dia-dos-namorados\/#primaryimage\",\"url\":\"https:\/\/portaltela.pt\/s.01k8rhncp4jt1\/2026\/02\/img_1280x718uu2026-01-29-23-02-00-2262174.jpg\",\"contentUrl\":\"https:\/\/portaltela.pt\/s.01k8rhncp4jt1\/2026\/02\/img_1280x718uu2026-01-29-23-02-00-2262174.jpg\",\"width\":796,\"height\":448,\"caption\":\"Maya Jama e Ruben Dias\"},{\"@type\":\"BreadcrumbList\",\"@id\":\"https:\/\/portaltela.pt\/noticias\/2026\/02\/15\/maya-jama-recebe-presentes-de-luxo-de-ruben-dias-no-dia-dos-namorados\/#breadcrumb\",\"itemListElement\":[{\"@type\":\"ListItem\",\"position\":1,\"name\":\"In\u00edcio\",\"item\":\"https:\/\/portaltela.pt\/\"},{\"@type\":\"ListItem\",\"position\":2,\"name\":\"Maya Jama recebe presentes de luxo de R\u00faben Dias no Dia dos Namorados\"}]},{\"@type\":\"WebSite\",\"@id\":\"https:\/\/portaltela.pt\/#website\",\"url\":\"https:\/\/portaltela.pt\/\",\"name\":\"Portal Tela Portugal\",\"description\":\"\",\"potentialAction\":[{\"@type\":\"SearchAction\",\"target\":{\"@type\":\"EntryPoint\",\"urlTemplate\":\"https:\/\/portaltela.pt\/?s={search_term_string}\"},\"query-input\":{\"@type\":\"PropertyValueSpecification\",\"valueRequired\":true,\"valueName\":\"search_term_string\"}}],\"inLanguage\":\"pt-PT\"},{\"@type\":\"Person\",\"@id\":\"https:\/\/portaltela.pt\/#\/schema\/person\/c4278d4a6028830caff9ee44b42d32ed\",\"name\":\"Telinha\",\"image\":{\"@type\":\"ImageObject\",\"inLanguage\":\"pt-PT\",\"@id\":\"https:\/\/portaltela.pt\/s.01k8rhncp4jt1\/2025\/11\/talking-bot-125x125.png\",\"url\":\"https:\/\/portaltela.pt\/s.01k8rhncp4jt1\/2025\/11\/talking-bot-125x125.png\",\"contentUrl\":\"https:\/\/portaltela.pt\/s.01k8rhncp4jt1\/2025\/11\/talking-bot-125x125.png\",\"caption\":\"Telinha\"},\"sameAs\":[\"https:\/\/portaltela.pt\/\"],\"url\":\"https:\/\/portaltela.pt\/por\/367410592786\/\"}]}<\/script>\n<!-- \/ Yoast SEO plugin. -->","yoast_head_json":{"title":"Maya Jama recebe presentes de luxo de R\u00faben Dias no Dia dos Namorados - Portal Tela Portugal","robots":{"index":"index","follow":"follow","max-snippet":"max-snippet:-1","max-image-preview":"max-image-preview:large","max-video-preview":"max-video-preview:-1"},"og_locale":"pt_PT","og_type":"article","og_title":"Maya Jama recebe presentes de luxo de R\u00faben Dias no Dia dos Namorados - Portal Tela Portugal","og_description":"Maya Jama recebeu uma surpresa de Dia dos Namorados de R\u00faben Dias, com uma grande bouquet de rosas e um presente de uma marca de luxo. O jogador n\u00e3o p\u00f4de passar o dia com a namorada devido a um jogo do Manchester City, mas preparou a surpresa. Maya partilhou o gesto nas redes sociais, lembrando que o clube \u00e9 azul fora de casa. A apresentadora manteve a privacidade e n\u00e3o revelou o conte\u00fado do presente. A rela\u00e7\u00e3o entre os dois \u00e9 acompanhada pelos f\u00e3s desde que foi tornada oficial, em 2025.","og_url":"https:\/\/portaltela.pt\/noticias\/2026\/02\/15\/maya-jama-recebe-presentes-de-luxo-de-ruben-dias-no-dia-dos-namorados\/","og_site_name":"Portal Tela Portugal","article_published_time":"2026-02-15T10:30:00+00:00","author":"Telinha","twitter_card":"summary_large_image","twitter_misc":{"Escrito por":"Telinha","Tempo estimado de leitura":"1 minuto"},"schema":{"@context":"https:\/\/schema.org","@graph":[{"@type":"Article","@id":"https:\/\/portaltela.pt\/noticias\/2026\/02\/15\/maya-jama-recebe-presentes-de-luxo-de-ruben-dias-no-dia-dos-namorados\/#article","isPartOf":{"@id":"https:\/\/portaltela.pt\/noticias\/2026\/02\/15\/maya-jama-recebe-presentes-de-luxo-de-ruben-dias-no-dia-dos-namorados\/"},"author":{"name":"Telinha","@id":"https:\/\/portaltela.pt\/#\/schema\/person\/c4278d4a6028830caff9ee44b42d32ed"},"headline":"Maya Jama recebe presentes de luxo de R\u00faben Dias no Dia dos Namorados","datePublished":"2026-02-15T10:30:00+00:00","mainEntityOfPage":{"@id":"https:\/\/portaltela.pt\/noticias\/2026\/02\/15\/maya-jama-recebe-presentes-de-luxo-de-ruben-dias-no-dia-dos-namorados\/"},"wordCount":143,"image":{"@id":"https:\/\/portaltela.pt\/noticias\/2026\/02\/15\/maya-jama-recebe-presentes-de-luxo-de-ruben-dias-no-dia-dos-namorados\/#primaryimage"},"thumbnailUrl":"https:\/\/portaltela.pt\/s.01k8rhncp4jt1\/2026\/02\/img_1280x718uu2026-01-29-23-02-00-2262174.jpg","keywords":["casais","celebridades","famosos","Manchester City","privacidade","R\u00faben Dias"],"articleSection":["Entretenimento","Not\u00edcias"],"inLanguage":"pt-PT"},{"@type":"WebPage","@id":"https:\/\/portaltela.pt\/noticias\/2026\/02\/15\/maya-jama-recebe-presentes-de-luxo-de-ruben-dias-no-dia-dos-namorados\/","url":"https:\/\/portaltela.pt\/noticias\/2026\/02\/15\/maya-jama-recebe-presentes-de-luxo-de-ruben-dias-no-dia-dos-namorados\/","name":"Maya Jama recebe presentes de luxo de R\u00faben Dias no Dia dos Namorados - Portal Tela Portugal","isPartOf":{"@id":"https:\/\/portaltela.pt\/#website"},"primaryImageOfPage":{"@id":"https:\/\/portaltela.pt\/noticias\/2026\/02\/15\/maya-jama-recebe-presentes-de-luxo-de-ruben-dias-no-dia-dos-namorados\/#primaryimage"},"image":{"@id":"https:\/\/portaltela.pt\/noticias\/2026\/02\/15\/maya-jama-recebe-presentes-de-luxo-de-ruben-dias-no-dia-dos-namorados\/#primaryimage"},"thumbnailUrl":"https:\/\/portaltela.pt\/s.01k8rhncp4jt1\/2026\/02\/img_1280x718uu2026-01-29-23-02-00-2262174.jpg","datePublished":"2026-02-15T10:30:00+00:00","author":{"@id":"https:\/\/portaltela.pt\/#\/schema\/person\/c4278d4a6028830caff9ee44b42d32ed"},"breadcrumb":{"@id":"https:\/\/portaltela.pt\/noticias\/2026\/02\/15\/maya-jama-recebe-presentes-de-luxo-de-ruben-dias-no-dia-dos-namorados\/#breadcrumb"},"inLanguage":"pt-PT","potentialAction":[{"@type":"ReadAction","target":["https:\/\/portaltela.pt\/noticias\/2026\/02\/15\/maya-jama-recebe-presentes-de-luxo-de-ruben-dias-no-dia-dos-namorados\/"]}]},{"@type":"ImageObject","inLanguage":"pt-PT","@id":"https:\/\/portaltela.pt\/noticias\/2026\/02\/15\/maya-jama-recebe-presentes-de-luxo-de-ruben-dias-no-dia-dos-namorados\/#primaryimage","url":"https:\/\/portaltela.pt\/s.01k8rhncp4jt1\/2026\/02\/img_1280x718uu2026-01-29-23-02-00-2262174.jpg","contentUrl":"https:\/\/portaltela.pt\/s.01k8rhncp4jt1\/2026\/02\/img_1280x718uu2026-01-29-23-02-00-2262174.jpg","width":796,"height":448,"caption":"Maya Jama e Ruben Dias"},{"@type":"BreadcrumbList","@id":"https:\/\/portaltela.pt\/noticias\/2026\/02\/15\/maya-jama-recebe-presentes-de-luxo-de-ruben-dias-no-dia-dos-namorados\/#breadcrumb","itemListElement":[{"@type":"ListItem","position":1,"name":"In\u00edcio","item":"https:\/\/portaltela.pt\/"},{"@type":"ListItem","position":2,"name":"Maya Jama recebe presentes de luxo de R\u00faben Dias no Dia dos Namorados"}]},{"@type":"WebSite","@id":"https:\/\/portaltela.pt\/#website","url":"https:\/\/portaltela.pt\/","name":"Portal Tela Portugal","description":"","potentialAction":[{"@type":"SearchAction","target":{"@type":"EntryPoint","urlTemplate":"https:\/\/portaltela.pt\/?s={search_term_string}"},"query-input":{"@type":"PropertyValueSpecification","valueRequired":true,"valueName":"search_term_string"}}],"inLanguage":"pt-PT"},{"@type":"Person","@id":"https:\/\/portaltela.pt\/#\/schema\/person\/c4278d4a6028830caff9ee44b42d32ed","name":"Telinha","image":{"@type":"ImageObject","inLanguage":"pt-PT","@id":"https:\/\/portaltela.pt\/s.01k8rhncp4jt1\/2025\/11\/talking-bot-125x125.png","url":"https:\/\/portaltela.pt\/s.01k8rhncp4jt1\/2025\/11\/talking-bot-125x125.png","contentUrl":"https:\/\/portaltela.pt\/s.01k8rhncp4jt1\/2025\/11\/talking-bot-125x125.png","caption":"Telinha"},"sameAs":["https:\/\/portaltela.pt\/"],"url":"https:\/\/portaltela.pt\/por\/367410592786\/"}]}},"_links":{"self":[{"href":"https:\/\/portaltela.pt\/api\/wp\/v2\/posts\/213188","targetHints":{"allow":["GET"]}}],"collection":[{"href":"https:\/\/portaltela.pt\/api\/wp\/v2\/posts"}],"about":[{"href":"https:\/\/portaltela.pt\/api\/wp\/v2\/types\/post"}],"author":[{"embeddable":true,"href":"https:\/\/portaltela.pt\/api\/wp\/v2\/users\/2"}],"replies":[{"embeddable":true,"href":"https:\/\/portaltela.pt\/api\/wp\/v2\/comments?post=213188"}],"version-history":[{"count":0,"href":"https:\/\/portaltela.pt\/api\/wp\/v2\/posts\/213188\/revisions"}],"wp:featuredmedia":[{"embeddable":true,"href":"https:\/\/portaltela.pt\/api\/wp\/v2\/media\/213191"}],"wp:attachment":[{"href":"https:\/\/portaltela.pt\/api\/wp\/v2\/media?parent=213188"}],"wp:term":[{"taxonomy":"category","embeddable":true,"href":"https:\/\/portaltela.pt\/api\/wp\/v2\/categories?post=213188"},{"taxonomy":"post_tag","embeddable":true,"href":"https:\/\/portaltela.pt\/api\/wp\/v2\/tags?post=213188"}],"curies":[{"name":"wp","href":"https:\/\/api.w.org\/{rel}","templated":true}]}}