{"id":213156,"date":"2026-02-15T06:56:22","date_gmt":"2026-02-15T09:56:22","guid":{"rendered":"https:\/\/portaltela.pt\/noticias\/2026\/02\/15\/carnaval-da-ilha-terceira-une-geracoes-e-revela-talentos\/"},"modified":"2026-02-15T06:56:22","modified_gmt":"2026-02-15T09:56:22","slug":"carnaval-da-ilha-terceira-une-geracoes-e-revela-talentos","status":"publish","type":"post","link":"https:\/\/portaltela.pt\/noticias\/2026\/02\/15\/carnaval-da-ilha-terceira-une-geracoes-e-revela-talentos\/","title":{"rendered":"Carnaval da ilha Terceira une gera\u00e7\u00f5es e revela talentos"},"content":{"rendered":"<p>O Carnaval da ilha Terceira, nos A\u00e7ores, mant\u00e9m-se durante quatro dias, com centenas de m\u00fasicos e atores amadores a atuar gratuitamente. Entre s\u00e1bado e ter\u00e7a-feira de Entrudo, a ilha acolhe cerca de 60 grupos que se deslocam por mais de 30 salas, com atua\u00e7\u00f5es que v\u00e3o at\u00e9 \u00e0 madrugada.<\/p>\n<p>Ao longo do certame participam vozes que j\u00e1 passaram pelos conservat\u00f3rios, filarm\u00f3nicas, grupos de folclore e companhias de teatro, al\u00e9m de quem sobe ao palco pela primeira vez. No total, quase 1.500 artistas sobem aos palcos da Terceira.<\/p>\n<p>O festival acolhe quem trabalha em \u00e1reas diversas, como medicina, farm\u00e1cia, turismo ou havia de base militar, com atua\u00e7\u00e3o a partir das suas profiss\u00f5es. O Carnaval \u00e9 gratuito e n\u00e3o envolve cach\u00eas.<\/p>\n<h3>Linhas de fam\u00edlia no Carnaval<\/h3>\n<p>Sara e Leandra Mota participam desde a adolesc\u00eancia, tendo origem no bailinho de Carnaval criado pelas irm\u00e3s. O grupo Fadoalado venceu Got Talent 2021, em RTP, mas continua a regressar aos palcos do Carnaval para os seus ensaios e demonstra\u00e7\u00f5es.<\/p>\n<p>O relato da dupla mostra o papel familiar: cresceram o gosto pela m\u00fasica gra\u00e7as ao pai, que tamb\u00e9m fazia Carnaval. A forma\u00e7\u00e3o do bailinho em 2008 deu lugar \u00e0 constitui\u00e7\u00e3o do Fadoalado em 2016, com novas artistas a entrar ao longo dos anos.<\/p>\n<p>Filha de Leandra, Maria, com 11 anos, participa h\u00e1 quatro edi\u00e7\u00f5es. O talento da menina j\u00e1 se faz ouvir, apesar da idade. Para Maria, cantar serve para transmitir sentimentos atrav\u00e9s das palavras, numa perspetiva de comunica\u00e7\u00e3o com o p\u00fablico.<\/p>\n","protected":false},"excerpt":{"rendered":"<ul>\n<li>O Carnaval da ilha Terceira, nos A\u00e7ores, acontece durante quatro dias, com cerca de seis dezenas de grupos que atuam em mais de trinta salas da ilha e at\u00e9 de madrugada, somando perto de 1.500 m\u00fasicos e atores.<\/li>\n<li>O evento \u00e9 gratuito, sem organizadores oficiais, e recebe participa\u00e7\u00e3o de quem j\u00e1 actua em palcos maiores e de quem sobe pela primeira vez, incluindo fam\u00edlias inteiras.<\/li>\n<li>O grupo Fadoalado, vencedor do Got Talent em 2021, atua no Carnaval h\u00e1 anos; Sara Mota e Leandra Mota destacam o significado das palmas, do reconhecimento e do amor pelo festival.<\/li>\n<li>As atua\u00e7\u00f5es acontecem entre bailinhos, dan\u00e7as e pe\u00e7as de teatro com cr\u00edtica social, com participantes que chegam a ter profiss\u00f5es diversas, como m\u00e9dicos, lavradores ou cabeleireiras, que ao subir ao palco deixam as carreiras de lado.<\/li>\n<li>O Carnaval funciona como incubadora de talentos: muitos revelam vozes e instrumentos, d\u00e3o origem a novos grupos e descobertas que moldam futuras carreiras art\u00edsticas.<\/li>\n<\/ul>\n","protected":false},"author":2,"featured_media":213157,"comment_status":"closed","ping_status":"closed","sticky":false,"template":"","format":"standard","meta":{"footnotes":""},"categories":[1],"tags":[822,4435,596,3674,122,2789],"class_list":["post-213156","post","type-post","status-publish","format-standard","has-post-thumbnail","hentry","category-noticias","tag-acores","tag-artes","tag-bailinho-despique","tag-festival","tag-musica","tag-terceira"],"yoast_head":"<!-- This site is optimized with the Yoast SEO plugin v27.2 - https:\/\/yoast.com\/product\/yoast-seo-wordpress\/ -->\n<title>Carnaval da ilha Terceira une gera\u00e7\u00f5es e revela talentos - Portal Tela Portugal<\/title>\n<meta name=\"robots\" content=\"index, follow, max-snippet:-1, max-image-preview:large, max-video-preview:-1\" \/>\n<meta property=\"og:locale\" content=\"pt_PT\" \/>\n<meta property=\"og:type\" content=\"article\" \/>\n<meta property=\"og:title\" content=\"Carnaval da ilha Terceira une gera\u00e7\u00f5es e revela talentos - Portal Tela Portugal\" \/>\n<meta property=\"og:description\" content=\"O Carnaval da ilha Terceira, nos A\u00e7ores, acontece durante quatro dias, com cerca de seis dezenas de grupos que atuam em mais de trinta salas da ilha e at\u00e9 de madrugada, somando perto de 1.500 m\u00fasicos e atores. O evento \u00e9 gratuito, sem organizadores oficiais, e recebe participa\u00e7\u00e3o de quem j\u00e1 actua em palcos maiores e de quem sobe pela primeira vez, incluindo fam\u00edlias inteiras. O grupo Fadoalado, vencedor do Got Talent em 2021, atua no Carnaval h\u00e1 anos; Sara Mota e Leandra Mota destacam o significado das palmas, do reconhecimento e do amor pelo festival. As atua\u00e7\u00f5es acontecem entre bailinhos, dan\u00e7as e pe\u00e7as de teatro com cr\u00edtica social, com participantes que chegam a ter profiss\u00f5es diversas, como m\u00e9dicos, lavradores ou cabeleireiras, que ao subir ao palco deixam as carreiras de lado. O Carnaval funciona como incubadora de talentos: muitos revelam vozes e instrumentos, d\u00e3o origem a novos grupos e descobertas que moldam futuras carreiras art\u00edsticas.\" \/>\n<meta property=\"og:url\" content=\"https:\/\/portaltela.pt\/noticias\/2026\/02\/15\/carnaval-da-ilha-terceira-une-geracoes-e-revela-talentos\/\" \/>\n<meta property=\"og:site_name\" content=\"Portal Tela Portugal\" \/>\n<meta property=\"article:published_time\" content=\"2026-02-15T09:56:22+00:00\" \/>\n<meta name=\"author\" content=\"Telinha\" \/>\n<meta name=\"twitter:card\" content=\"summary_large_image\" \/>\n<meta name=\"twitter:label1\" content=\"Escrito por\" \/>\n\t<meta name=\"twitter:data1\" content=\"Telinha\" \/>\n\t<meta name=\"twitter:label2\" content=\"Tempo estimado de leitura\" \/>\n\t<meta name=\"twitter:data2\" content=\"1 minuto\" \/>\n<script type=\"application\/ld+json\" class=\"yoast-schema-graph\">{\"@context\":\"https:\/\/schema.org\",\"@graph\":[{\"@type\":\"Article\",\"@id\":\"https:\/\/portaltela.pt\/noticias\/2026\/02\/15\/carnaval-da-ilha-terceira-une-geracoes-e-revela-talentos\/#article\",\"isPartOf\":{\"@id\":\"https:\/\/portaltela.pt\/noticias\/2026\/02\/15\/carnaval-da-ilha-terceira-une-geracoes-e-revela-talentos\/\"},\"author\":{\"name\":\"Telinha\",\"@id\":\"https:\/\/portaltela.pt\/#\/schema\/person\/c4278d4a6028830caff9ee44b42d32ed\"},\"headline\":\"Carnaval da ilha Terceira une gera\u00e7\u00f5es e revela talentos\",\"datePublished\":\"2026-02-15T09:56:22+00:00\",\"mainEntityOfPage\":{\"@id\":\"https:\/\/portaltela.pt\/noticias\/2026\/02\/15\/carnaval-da-ilha-terceira-une-geracoes-e-revela-talentos\/\"},\"wordCount\":274,\"image\":{\"@id\":\"https:\/\/portaltela.pt\/noticias\/2026\/02\/15\/carnaval-da-ilha-terceira-une-geracoes-e-revela-talentos\/#primaryimage\"},\"thumbnailUrl\":\"https:\/\/portaltela.pt\/s.01k8rhncp4jt1\/2026\/02\/img_1500x1000uu2026-02-15-09-56-17-2266980.jpg\",\"keywords\":[\"A\u00e7ores\",\"artes\",\"Bailinho\/Despique\",\"festival\",\"m\u00fasica\",\"Terceira\"],\"articleSection\":[\"Not\u00edcias\"],\"inLanguage\":\"pt-PT\"},{\"@type\":\"WebPage\",\"@id\":\"https:\/\/portaltela.pt\/noticias\/2026\/02\/15\/carnaval-da-ilha-terceira-une-geracoes-e-revela-talentos\/\",\"url\":\"https:\/\/portaltela.pt\/noticias\/2026\/02\/15\/carnaval-da-ilha-terceira-une-geracoes-e-revela-talentos\/\",\"name\":\"Carnaval da ilha Terceira une gera\u00e7\u00f5es e revela talentos - Portal Tela Portugal\",\"isPartOf\":{\"@id\":\"https:\/\/portaltela.pt\/#website\"},\"primaryImageOfPage\":{\"@id\":\"https:\/\/portaltela.pt\/noticias\/2026\/02\/15\/carnaval-da-ilha-terceira-une-geracoes-e-revela-talentos\/#primaryimage\"},\"image\":{\"@id\":\"https:\/\/portaltela.pt\/noticias\/2026\/02\/15\/carnaval-da-ilha-terceira-une-geracoes-e-revela-talentos\/#primaryimage\"},\"thumbnailUrl\":\"https:\/\/portaltela.pt\/s.01k8rhncp4jt1\/2026\/02\/img_1500x1000uu2026-02-15-09-56-17-2266980.jpg\",\"datePublished\":\"2026-02-15T09:56:22+00:00\",\"author\":{\"@id\":\"https:\/\/portaltela.pt\/#\/schema\/person\/c4278d4a6028830caff9ee44b42d32ed\"},\"breadcrumb\":{\"@id\":\"https:\/\/portaltela.pt\/noticias\/2026\/02\/15\/carnaval-da-ilha-terceira-une-geracoes-e-revela-talentos\/#breadcrumb\"},\"inLanguage\":\"pt-PT\",\"potentialAction\":[{\"@type\":\"ReadAction\",\"target\":[\"https:\/\/portaltela.pt\/noticias\/2026\/02\/15\/carnaval-da-ilha-terceira-une-geracoes-e-revela-talentos\/\"]}]},{\"@type\":\"ImageObject\",\"inLanguage\":\"pt-PT\",\"@id\":\"https:\/\/portaltela.pt\/noticias\/2026\/02\/15\/carnaval-da-ilha-terceira-une-geracoes-e-revela-talentos\/#primaryimage\",\"url\":\"https:\/\/portaltela.pt\/s.01k8rhncp4jt1\/2026\/02\/img_1500x1000uu2026-02-15-09-56-17-2266980.jpg\",\"contentUrl\":\"https:\/\/portaltela.pt\/s.01k8rhncp4jt1\/2026\/02\/img_1500x1000uu2026-02-15-09-56-17-2266980.jpg\",\"width\":796,\"height\":448,\"caption\":\"Carnaval da ilha Terceira une gera\u00e7\u00f5es e promove talentos\"},{\"@type\":\"BreadcrumbList\",\"@id\":\"https:\/\/portaltela.pt\/noticias\/2026\/02\/15\/carnaval-da-ilha-terceira-une-geracoes-e-revela-talentos\/#breadcrumb\",\"itemListElement\":[{\"@type\":\"ListItem\",\"position\":1,\"name\":\"In\u00edcio\",\"item\":\"https:\/\/portaltela.pt\/\"},{\"@type\":\"ListItem\",\"position\":2,\"name\":\"Carnaval da ilha Terceira une gera\u00e7\u00f5es e revela talentos\"}]},{\"@type\":\"WebSite\",\"@id\":\"https:\/\/portaltela.pt\/#website\",\"url\":\"https:\/\/portaltela.pt\/\",\"name\":\"Portal Tela Portugal\",\"description\":\"\",\"potentialAction\":[{\"@type\":\"SearchAction\",\"target\":{\"@type\":\"EntryPoint\",\"urlTemplate\":\"https:\/\/portaltela.pt\/?s={search_term_string}\"},\"query-input\":{\"@type\":\"PropertyValueSpecification\",\"valueRequired\":true,\"valueName\":\"search_term_string\"}}],\"inLanguage\":\"pt-PT\"},{\"@type\":\"Person\",\"@id\":\"https:\/\/portaltela.pt\/#\/schema\/person\/c4278d4a6028830caff9ee44b42d32ed\",\"name\":\"Telinha\",\"image\":{\"@type\":\"ImageObject\",\"inLanguage\":\"pt-PT\",\"@id\":\"https:\/\/portaltela.pt\/s.01k8rhncp4jt1\/2025\/11\/talking-bot-125x125.png\",\"url\":\"https:\/\/portaltela.pt\/s.01k8rhncp4jt1\/2025\/11\/talking-bot-125x125.png\",\"contentUrl\":\"https:\/\/portaltela.pt\/s.01k8rhncp4jt1\/2025\/11\/talking-bot-125x125.png\",\"caption\":\"Telinha\"},\"sameAs\":[\"https:\/\/portaltela.pt\/\"],\"url\":\"https:\/\/portaltela.pt\/por\/367410592786\/\"}]}<\/script>\n<!-- \/ Yoast SEO plugin. -->","yoast_head_json":{"title":"Carnaval da ilha Terceira une gera\u00e7\u00f5es e revela talentos - Portal Tela Portugal","robots":{"index":"index","follow":"follow","max-snippet":"max-snippet:-1","max-image-preview":"max-image-preview:large","max-video-preview":"max-video-preview:-1"},"og_locale":"pt_PT","og_type":"article","og_title":"Carnaval da ilha Terceira une gera\u00e7\u00f5es e revela talentos - Portal Tela Portugal","og_description":"O Carnaval da ilha Terceira, nos A\u00e7ores, acontece durante quatro dias, com cerca de seis dezenas de grupos que atuam em mais de trinta salas da ilha e at\u00e9 de madrugada, somando perto de 1.500 m\u00fasicos e atores. O evento \u00e9 gratuito, sem organizadores oficiais, e recebe participa\u00e7\u00e3o de quem j\u00e1 actua em palcos maiores e de quem sobe pela primeira vez, incluindo fam\u00edlias inteiras. O grupo Fadoalado, vencedor do Got Talent em 2021, atua no Carnaval h\u00e1 anos; Sara Mota e Leandra Mota destacam o significado das palmas, do reconhecimento e do amor pelo festival. As atua\u00e7\u00f5es acontecem entre bailinhos, dan\u00e7as e pe\u00e7as de teatro com cr\u00edtica social, com participantes que chegam a ter profiss\u00f5es diversas, como m\u00e9dicos, lavradores ou cabeleireiras, que ao subir ao palco deixam as carreiras de lado. O Carnaval funciona como incubadora de talentos: muitos revelam vozes e instrumentos, d\u00e3o origem a novos grupos e descobertas que moldam futuras carreiras art\u00edsticas.","og_url":"https:\/\/portaltela.pt\/noticias\/2026\/02\/15\/carnaval-da-ilha-terceira-une-geracoes-e-revela-talentos\/","og_site_name":"Portal Tela Portugal","article_published_time":"2026-02-15T09:56:22+00:00","author":"Telinha","twitter_card":"summary_large_image","twitter_misc":{"Escrito por":"Telinha","Tempo estimado de leitura":"1 minuto"},"schema":{"@context":"https:\/\/schema.org","@graph":[{"@type":"Article","@id":"https:\/\/portaltela.pt\/noticias\/2026\/02\/15\/carnaval-da-ilha-terceira-une-geracoes-e-revela-talentos\/#article","isPartOf":{"@id":"https:\/\/portaltela.pt\/noticias\/2026\/02\/15\/carnaval-da-ilha-terceira-une-geracoes-e-revela-talentos\/"},"author":{"name":"Telinha","@id":"https:\/\/portaltela.pt\/#\/schema\/person\/c4278d4a6028830caff9ee44b42d32ed"},"headline":"Carnaval da ilha Terceira une gera\u00e7\u00f5es e revela talentos","datePublished":"2026-02-15T09:56:22+00:00","mainEntityOfPage":{"@id":"https:\/\/portaltela.pt\/noticias\/2026\/02\/15\/carnaval-da-ilha-terceira-une-geracoes-e-revela-talentos\/"},"wordCount":274,"image":{"@id":"https:\/\/portaltela.pt\/noticias\/2026\/02\/15\/carnaval-da-ilha-terceira-une-geracoes-e-revela-talentos\/#primaryimage"},"thumbnailUrl":"https:\/\/portaltela.pt\/s.01k8rhncp4jt1\/2026\/02\/img_1500x1000uu2026-02-15-09-56-17-2266980.jpg","keywords":["A\u00e7ores","artes","Bailinho\/Despique","festival","m\u00fasica","Terceira"],"articleSection":["Not\u00edcias"],"inLanguage":"pt-PT"},{"@type":"WebPage","@id":"https:\/\/portaltela.pt\/noticias\/2026\/02\/15\/carnaval-da-ilha-terceira-une-geracoes-e-revela-talentos\/","url":"https:\/\/portaltela.pt\/noticias\/2026\/02\/15\/carnaval-da-ilha-terceira-une-geracoes-e-revela-talentos\/","name":"Carnaval da ilha Terceira une gera\u00e7\u00f5es e revela talentos - Portal Tela Portugal","isPartOf":{"@id":"https:\/\/portaltela.pt\/#website"},"primaryImageOfPage":{"@id":"https:\/\/portaltela.pt\/noticias\/2026\/02\/15\/carnaval-da-ilha-terceira-une-geracoes-e-revela-talentos\/#primaryimage"},"image":{"@id":"https:\/\/portaltela.pt\/noticias\/2026\/02\/15\/carnaval-da-ilha-terceira-une-geracoes-e-revela-talentos\/#primaryimage"},"thumbnailUrl":"https:\/\/portaltela.pt\/s.01k8rhncp4jt1\/2026\/02\/img_1500x1000uu2026-02-15-09-56-17-2266980.jpg","datePublished":"2026-02-15T09:56:22+00:00","author":{"@id":"https:\/\/portaltela.pt\/#\/schema\/person\/c4278d4a6028830caff9ee44b42d32ed"},"breadcrumb":{"@id":"https:\/\/portaltela.pt\/noticias\/2026\/02\/15\/carnaval-da-ilha-terceira-une-geracoes-e-revela-talentos\/#breadcrumb"},"inLanguage":"pt-PT","potentialAction":[{"@type":"ReadAction","target":["https:\/\/portaltela.pt\/noticias\/2026\/02\/15\/carnaval-da-ilha-terceira-une-geracoes-e-revela-talentos\/"]}]},{"@type":"ImageObject","inLanguage":"pt-PT","@id":"https:\/\/portaltela.pt\/noticias\/2026\/02\/15\/carnaval-da-ilha-terceira-une-geracoes-e-revela-talentos\/#primaryimage","url":"https:\/\/portaltela.pt\/s.01k8rhncp4jt1\/2026\/02\/img_1500x1000uu2026-02-15-09-56-17-2266980.jpg","contentUrl":"https:\/\/portaltela.pt\/s.01k8rhncp4jt1\/2026\/02\/img_1500x1000uu2026-02-15-09-56-17-2266980.jpg","width":796,"height":448,"caption":"Carnaval da ilha Terceira une gera\u00e7\u00f5es e promove talentos"},{"@type":"BreadcrumbList","@id":"https:\/\/portaltela.pt\/noticias\/2026\/02\/15\/carnaval-da-ilha-terceira-une-geracoes-e-revela-talentos\/#breadcrumb","itemListElement":[{"@type":"ListItem","position":1,"name":"In\u00edcio","item":"https:\/\/portaltela.pt\/"},{"@type":"ListItem","position":2,"name":"Carnaval da ilha Terceira une gera\u00e7\u00f5es e revela talentos"}]},{"@type":"WebSite","@id":"https:\/\/portaltela.pt\/#website","url":"https:\/\/portaltela.pt\/","name":"Portal Tela Portugal","description":"","potentialAction":[{"@type":"SearchAction","target":{"@type":"EntryPoint","urlTemplate":"https:\/\/portaltela.pt\/?s={search_term_string}"},"query-input":{"@type":"PropertyValueSpecification","valueRequired":true,"valueName":"search_term_string"}}],"inLanguage":"pt-PT"},{"@type":"Person","@id":"https:\/\/portaltela.pt\/#\/schema\/person\/c4278d4a6028830caff9ee44b42d32ed","name":"Telinha","image":{"@type":"ImageObject","inLanguage":"pt-PT","@id":"https:\/\/portaltela.pt\/s.01k8rhncp4jt1\/2025\/11\/talking-bot-125x125.png","url":"https:\/\/portaltela.pt\/s.01k8rhncp4jt1\/2025\/11\/talking-bot-125x125.png","contentUrl":"https:\/\/portaltela.pt\/s.01k8rhncp4jt1\/2025\/11\/talking-bot-125x125.png","caption":"Telinha"},"sameAs":["https:\/\/portaltela.pt\/"],"url":"https:\/\/portaltela.pt\/por\/367410592786\/"}]}},"_links":{"self":[{"href":"https:\/\/portaltela.pt\/api\/wp\/v2\/posts\/213156","targetHints":{"allow":["GET"]}}],"collection":[{"href":"https:\/\/portaltela.pt\/api\/wp\/v2\/posts"}],"about":[{"href":"https:\/\/portaltela.pt\/api\/wp\/v2\/types\/post"}],"author":[{"embeddable":true,"href":"https:\/\/portaltela.pt\/api\/wp\/v2\/users\/2"}],"replies":[{"embeddable":true,"href":"https:\/\/portaltela.pt\/api\/wp\/v2\/comments?post=213156"}],"version-history":[{"count":0,"href":"https:\/\/portaltela.pt\/api\/wp\/v2\/posts\/213156\/revisions"}],"wp:featuredmedia":[{"embeddable":true,"href":"https:\/\/portaltela.pt\/api\/wp\/v2\/media\/213157"}],"wp:attachment":[{"href":"https:\/\/portaltela.pt\/api\/wp\/v2\/media?parent=213156"}],"wp:term":[{"taxonomy":"category","embeddable":true,"href":"https:\/\/portaltela.pt\/api\/wp\/v2\/categories?post=213156"},{"taxonomy":"post_tag","embeddable":true,"href":"https:\/\/portaltela.pt\/api\/wp\/v2\/tags?post=213156"}],"curies":[{"name":"wp","href":"https:\/\/api.w.org\/{rel}","templated":true}]}}