{"id":213114,"date":"2026-02-15T06:25:08","date_gmt":"2026-02-15T09:25:08","guid":{"rendered":"https:\/\/portaltela.pt\/noticias\/2026\/02\/15\/cheias-obrigam-morador-de-santarem-a-usar-canoa-como-meio-de-transporte\/"},"modified":"2026-02-15T06:25:08","modified_gmt":"2026-02-15T09:25:08","slug":"cheias-obrigam-morador-de-santarem-a-usar-canoa-como-meio-de-transporte","status":"publish","type":"post","link":"https:\/\/portaltela.pt\/noticias\/2026\/02\/15\/cheias-obrigam-morador-de-santarem-a-usar-canoa-como-meio-de-transporte\/","title":{"rendered":"Cheias obrigam morador de Santar\u00e9m a usar canoa como meio de transporte"},"content":{"rendered":"<p>O munic\u00edpio de Santar\u00e9m enfrenta cheias significativas, com vias urbanas alagadas e parte da popula\u00e7\u00e3o obrigada a deslocar-se entre casas utilizando uma canoa. O fen\u00f3meno ocorre ap\u00f3s precipita\u00e7\u00e3o intensa e cheias do rio, que deixaram \u00e1reas baixas submersas em quest\u00e3o de horas.<\/p>\n<p>Um morador da cidade escolheu a canoa como meio de transporte, situa\u00e7\u00e3o pouco habitual no dia a dia. A embarca\u00e7\u00e3o, normalmente guardada de lado no fim do ver\u00e3o, foi posta \u00e0 \u00e1gua para permitir a circula\u00e7\u00e3o entre bairros afetados.<\/p>\n<p>A situa\u00e7\u00e3o coincide com relatos de outras regi\u00f5es que sofrem com os efeitos das intemp\u00e9ries. Com o avan\u00e7o da mar\u00e9 alta e mais chuva prevista, as autoridades mant\u00eam cautela e mobilizam meios para mitigar os impactos. Patrulhas e equipas de prote\u00e7\u00e3o civil est\u00e3o em alerta.<\/p>\n<h3>Silves: redu\u00e7\u00e3o do areal nas praias<\/h3>\n<p>Tem tempestades que atingem \u00e1reas costeiras de Silves, provocando a perda de areia em Arma\u00e7\u00e3o de P\u00eara. O fen\u00f3meno preocupa a atividade tur\u00edstica e exige monitoriza\u00e7\u00e3o de dunas e estruturas costeiras. Autoridades locais monitorizam a eros\u00e3o e anunciam medidas de mitiga\u00e7\u00e3o.<\/p>\n<h3>Coimbra: docas continuam alagadas<\/h3>\n<p>As docas da zona portu\u00e1ria de Coimbra permanecem molhadas, com comerciantes a lidar de forma gradual com os estragos. Segundo fontes locais, a recupera\u00e7\u00e3o pode exigir respostas log\u00edsticas e apoio financeiro para restabelecer atividades comerciais.<\/p>\n<h3>Ereira: fuzileiros ajudam a popula\u00e7\u00e3o isolada<\/h3>\n<p>Em Ereira, moradores agradecem a interven\u00e7\u00e3o dos fuzileiros, que realizam travessias di\u00e1rias para apoiar residentes cercados pela \u00e1gua. A opera\u00e7\u00e3o visa assegurar abastecimentos e permitir o acesso a servi\u00e7os b\u00e1sicos.<\/p>\n","protected":false},"excerpt":{"rendered":"<ul>\n<li>Em Santar\u00e9m, a cidade permanece debaixo de \u00e1gua e um morador recorre \u00e0 canoa para se deslocar.<\/li>\n<li>Em Silves, o areal est\u00e1 a diminuir e o respons\u00e1vel pelas atividades n\u00e1uticas avisa que pode haver um grave problema para a P\u00e1scoa.<\/li>\n<li>Tempestades est\u00e3o a roubar areia \u00e0s praias de Arma\u00e7\u00e3o de P\u00eara, em Silves.<\/li>\n<li>As docas de Coimbra continuam completamente alagadas, com comerciantes a manterem a atividade apesar dos estragos.<\/li>\n<li>Em Ereira, uma moradora agradece a ajuda dos fuzileiros, que fazem travessias di\u00e1rias para apoiar a popula\u00e7\u00e3o rodeada pela \u00e1gua.<\/li>\n<\/ul>\n","protected":false},"author":2,"featured_media":213120,"comment_status":"closed","ping_status":"closed","sticky":false,"template":"","format":"standard","meta":{"footnotes":""},"categories":[1],"tags":[3812,5859,1070,2048,5438,898],"class_list":["post-213114","post","type-post","status-publish","format-standard","has-post-thumbnail","hentry","category-noticias","tag-alagamentos","tag-barcos","tag-coimbra","tag-defesa-civil","tag-fuzileiros","tag-santarem"],"yoast_head":"<!-- This site is optimized with the Yoast SEO plugin v27.2 - https:\/\/yoast.com\/product\/yoast-seo-wordpress\/ -->\n<title>Cheias obrigam morador de Santar\u00e9m a usar canoa como meio de transporte - Portal Tela Portugal<\/title>\n<meta name=\"robots\" content=\"index, follow, max-snippet:-1, max-image-preview:large, max-video-preview:-1\" \/>\n<meta property=\"og:locale\" content=\"pt_PT\" \/>\n<meta property=\"og:type\" content=\"article\" \/>\n<meta property=\"og:title\" content=\"Cheias obrigam morador de Santar\u00e9m a usar canoa como meio de transporte - Portal Tela Portugal\" \/>\n<meta property=\"og:description\" content=\"Em Santar\u00e9m, a cidade permanece debaixo de \u00e1gua e um morador recorre \u00e0 canoa para se deslocar. Em Silves, o areal est\u00e1 a diminuir e o respons\u00e1vel pelas atividades n\u00e1uticas avisa que pode haver um grave problema para a P\u00e1scoa. Tempestades est\u00e3o a roubar areia \u00e0s praias de Arma\u00e7\u00e3o de P\u00eara, em Silves. As docas de Coimbra continuam completamente alagadas, com comerciantes a manterem a atividade apesar dos estragos. Em Ereira, uma moradora agradece a ajuda dos fuzileiros, que fazem travessias di\u00e1rias para apoiar a popula\u00e7\u00e3o rodeada pela \u00e1gua.\" \/>\n<meta property=\"og:url\" content=\"https:\/\/portaltela.pt\/noticias\/2026\/02\/15\/cheias-obrigam-morador-de-santarem-a-usar-canoa-como-meio-de-transporte\/\" \/>\n<meta property=\"og:site_name\" content=\"Portal Tela Portugal\" \/>\n<meta property=\"article:published_time\" content=\"2026-02-15T09:25:08+00:00\" \/>\n<meta name=\"author\" content=\"Telinha\" \/>\n<meta name=\"twitter:card\" content=\"summary_large_image\" \/>\n<meta name=\"twitter:label1\" content=\"Escrito por\" \/>\n\t<meta name=\"twitter:data1\" content=\"Telinha\" \/>\n\t<meta name=\"twitter:label2\" content=\"Tempo estimado de leitura\" \/>\n\t<meta name=\"twitter:data2\" content=\"1 minuto\" \/>\n<script type=\"application\/ld+json\" class=\"yoast-schema-graph\">{\"@context\":\"https:\/\/schema.org\",\"@graph\":[{\"@type\":\"Article\",\"@id\":\"https:\/\/portaltela.pt\/noticias\/2026\/02\/15\/cheias-obrigam-morador-de-santarem-a-usar-canoa-como-meio-de-transporte\/#article\",\"isPartOf\":{\"@id\":\"https:\/\/portaltela.pt\/noticias\/2026\/02\/15\/cheias-obrigam-morador-de-santarem-a-usar-canoa-como-meio-de-transporte\/\"},\"author\":{\"name\":\"Telinha\",\"@id\":\"https:\/\/portaltela.pt\/#\/schema\/person\/c4278d4a6028830caff9ee44b42d32ed\"},\"headline\":\"Cheias obrigam morador de Santar\u00e9m a usar canoa como meio de transporte\",\"datePublished\":\"2026-02-15T09:25:08+00:00\",\"mainEntityOfPage\":{\"@id\":\"https:\/\/portaltela.pt\/noticias\/2026\/02\/15\/cheias-obrigam-morador-de-santarem-a-usar-canoa-como-meio-de-transporte\/\"},\"wordCount\":295,\"image\":{\"@id\":\"https:\/\/portaltela.pt\/noticias\/2026\/02\/15\/cheias-obrigam-morador-de-santarem-a-usar-canoa-como-meio-de-transporte\/#primaryimage\"},\"thumbnailUrl\":\"https:\/\/portaltela.pt\/s.01k8rhncp4jt1\/2026\/02\/img_1280x722uu2026-02-15-08-54-00-2266959.jpg\",\"keywords\":[\"alagamentos\",\"barcos\",\"Coimbra\",\"Defesa Civil\",\"Fuzileiros\",\"Santar\u00e9m\"],\"articleSection\":[\"Not\u00edcias\"],\"inLanguage\":\"pt-PT\"},{\"@type\":\"WebPage\",\"@id\":\"https:\/\/portaltela.pt\/noticias\/2026\/02\/15\/cheias-obrigam-morador-de-santarem-a-usar-canoa-como-meio-de-transporte\/\",\"url\":\"https:\/\/portaltela.pt\/noticias\/2026\/02\/15\/cheias-obrigam-morador-de-santarem-a-usar-canoa-como-meio-de-transporte\/\",\"name\":\"Cheias obrigam morador de Santar\u00e9m a usar canoa como meio de transporte - Portal Tela Portugal\",\"isPartOf\":{\"@id\":\"https:\/\/portaltela.pt\/#website\"},\"primaryImageOfPage\":{\"@id\":\"https:\/\/portaltela.pt\/noticias\/2026\/02\/15\/cheias-obrigam-morador-de-santarem-a-usar-canoa-como-meio-de-transporte\/#primaryimage\"},\"image\":{\"@id\":\"https:\/\/portaltela.pt\/noticias\/2026\/02\/15\/cheias-obrigam-morador-de-santarem-a-usar-canoa-como-meio-de-transporte\/#primaryimage\"},\"thumbnailUrl\":\"https:\/\/portaltela.pt\/s.01k8rhncp4jt1\/2026\/02\/img_1280x722uu2026-02-15-08-54-00-2266959.jpg\",\"datePublished\":\"2026-02-15T09:25:08+00:00\",\"author\":{\"@id\":\"https:\/\/portaltela.pt\/#\/schema\/person\/c4278d4a6028830caff9ee44b42d32ed\"},\"breadcrumb\":{\"@id\":\"https:\/\/portaltela.pt\/noticias\/2026\/02\/15\/cheias-obrigam-morador-de-santarem-a-usar-canoa-como-meio-de-transporte\/#breadcrumb\"},\"inLanguage\":\"pt-PT\",\"potentialAction\":[{\"@type\":\"ReadAction\",\"target\":[\"https:\/\/portaltela.pt\/noticias\/2026\/02\/15\/cheias-obrigam-morador-de-santarem-a-usar-canoa-como-meio-de-transporte\/\"]}]},{\"@type\":\"ImageObject\",\"inLanguage\":\"pt-PT\",\"@id\":\"https:\/\/portaltela.pt\/noticias\/2026\/02\/15\/cheias-obrigam-morador-de-santarem-a-usar-canoa-como-meio-de-transporte\/#primaryimage\",\"url\":\"https:\/\/portaltela.pt\/s.01k8rhncp4jt1\/2026\/02\/img_1280x722uu2026-02-15-08-54-00-2266959.jpg\",\"contentUrl\":\"https:\/\/portaltela.pt\/s.01k8rhncp4jt1\/2026\/02\/img_1280x722uu2026-02-15-08-54-00-2266959.jpg\",\"width\":796,\"height\":448,\"caption\":\"Photo\"},{\"@type\":\"BreadcrumbList\",\"@id\":\"https:\/\/portaltela.pt\/noticias\/2026\/02\/15\/cheias-obrigam-morador-de-santarem-a-usar-canoa-como-meio-de-transporte\/#breadcrumb\",\"itemListElement\":[{\"@type\":\"ListItem\",\"position\":1,\"name\":\"In\u00edcio\",\"item\":\"https:\/\/portaltela.pt\/\"},{\"@type\":\"ListItem\",\"position\":2,\"name\":\"Cheias obrigam morador de Santar\u00e9m a usar canoa como meio de transporte\"}]},{\"@type\":\"WebSite\",\"@id\":\"https:\/\/portaltela.pt\/#website\",\"url\":\"https:\/\/portaltela.pt\/\",\"name\":\"Portal Tela Portugal\",\"description\":\"\",\"potentialAction\":[{\"@type\":\"SearchAction\",\"target\":{\"@type\":\"EntryPoint\",\"urlTemplate\":\"https:\/\/portaltela.pt\/?s={search_term_string}\"},\"query-input\":{\"@type\":\"PropertyValueSpecification\",\"valueRequired\":true,\"valueName\":\"search_term_string\"}}],\"inLanguage\":\"pt-PT\"},{\"@type\":\"Person\",\"@id\":\"https:\/\/portaltela.pt\/#\/schema\/person\/c4278d4a6028830caff9ee44b42d32ed\",\"name\":\"Telinha\",\"image\":{\"@type\":\"ImageObject\",\"inLanguage\":\"pt-PT\",\"@id\":\"https:\/\/portaltela.pt\/s.01k8rhncp4jt1\/2025\/11\/talking-bot-125x125.png\",\"url\":\"https:\/\/portaltela.pt\/s.01k8rhncp4jt1\/2025\/11\/talking-bot-125x125.png\",\"contentUrl\":\"https:\/\/portaltela.pt\/s.01k8rhncp4jt1\/2025\/11\/talking-bot-125x125.png\",\"caption\":\"Telinha\"},\"sameAs\":[\"https:\/\/portaltela.pt\/\"],\"url\":\"https:\/\/portaltela.pt\/por\/367410592786\/\"}]}<\/script>\n<!-- \/ Yoast SEO plugin. -->","yoast_head_json":{"title":"Cheias obrigam morador de Santar\u00e9m a usar canoa como meio de transporte - Portal Tela Portugal","robots":{"index":"index","follow":"follow","max-snippet":"max-snippet:-1","max-image-preview":"max-image-preview:large","max-video-preview":"max-video-preview:-1"},"og_locale":"pt_PT","og_type":"article","og_title":"Cheias obrigam morador de Santar\u00e9m a usar canoa como meio de transporte - Portal Tela Portugal","og_description":"Em Santar\u00e9m, a cidade permanece debaixo de \u00e1gua e um morador recorre \u00e0 canoa para se deslocar. Em Silves, o areal est\u00e1 a diminuir e o respons\u00e1vel pelas atividades n\u00e1uticas avisa que pode haver um grave problema para a P\u00e1scoa. Tempestades est\u00e3o a roubar areia \u00e0s praias de Arma\u00e7\u00e3o de P\u00eara, em Silves. As docas de Coimbra continuam completamente alagadas, com comerciantes a manterem a atividade apesar dos estragos. Em Ereira, uma moradora agradece a ajuda dos fuzileiros, que fazem travessias di\u00e1rias para apoiar a popula\u00e7\u00e3o rodeada pela \u00e1gua.","og_url":"https:\/\/portaltela.pt\/noticias\/2026\/02\/15\/cheias-obrigam-morador-de-santarem-a-usar-canoa-como-meio-de-transporte\/","og_site_name":"Portal Tela Portugal","article_published_time":"2026-02-15T09:25:08+00:00","author":"Telinha","twitter_card":"summary_large_image","twitter_misc":{"Escrito por":"Telinha","Tempo estimado de leitura":"1 minuto"},"schema":{"@context":"https:\/\/schema.org","@graph":[{"@type":"Article","@id":"https:\/\/portaltela.pt\/noticias\/2026\/02\/15\/cheias-obrigam-morador-de-santarem-a-usar-canoa-como-meio-de-transporte\/#article","isPartOf":{"@id":"https:\/\/portaltela.pt\/noticias\/2026\/02\/15\/cheias-obrigam-morador-de-santarem-a-usar-canoa-como-meio-de-transporte\/"},"author":{"name":"Telinha","@id":"https:\/\/portaltela.pt\/#\/schema\/person\/c4278d4a6028830caff9ee44b42d32ed"},"headline":"Cheias obrigam morador de Santar\u00e9m a usar canoa como meio de transporte","datePublished":"2026-02-15T09:25:08+00:00","mainEntityOfPage":{"@id":"https:\/\/portaltela.pt\/noticias\/2026\/02\/15\/cheias-obrigam-morador-de-santarem-a-usar-canoa-como-meio-de-transporte\/"},"wordCount":295,"image":{"@id":"https:\/\/portaltela.pt\/noticias\/2026\/02\/15\/cheias-obrigam-morador-de-santarem-a-usar-canoa-como-meio-de-transporte\/#primaryimage"},"thumbnailUrl":"https:\/\/portaltela.pt\/s.01k8rhncp4jt1\/2026\/02\/img_1280x722uu2026-02-15-08-54-00-2266959.jpg","keywords":["alagamentos","barcos","Coimbra","Defesa Civil","Fuzileiros","Santar\u00e9m"],"articleSection":["Not\u00edcias"],"inLanguage":"pt-PT"},{"@type":"WebPage","@id":"https:\/\/portaltela.pt\/noticias\/2026\/02\/15\/cheias-obrigam-morador-de-santarem-a-usar-canoa-como-meio-de-transporte\/","url":"https:\/\/portaltela.pt\/noticias\/2026\/02\/15\/cheias-obrigam-morador-de-santarem-a-usar-canoa-como-meio-de-transporte\/","name":"Cheias obrigam morador de Santar\u00e9m a usar canoa como meio de transporte - Portal Tela Portugal","isPartOf":{"@id":"https:\/\/portaltela.pt\/#website"},"primaryImageOfPage":{"@id":"https:\/\/portaltela.pt\/noticias\/2026\/02\/15\/cheias-obrigam-morador-de-santarem-a-usar-canoa-como-meio-de-transporte\/#primaryimage"},"image":{"@id":"https:\/\/portaltela.pt\/noticias\/2026\/02\/15\/cheias-obrigam-morador-de-santarem-a-usar-canoa-como-meio-de-transporte\/#primaryimage"},"thumbnailUrl":"https:\/\/portaltela.pt\/s.01k8rhncp4jt1\/2026\/02\/img_1280x722uu2026-02-15-08-54-00-2266959.jpg","datePublished":"2026-02-15T09:25:08+00:00","author":{"@id":"https:\/\/portaltela.pt\/#\/schema\/person\/c4278d4a6028830caff9ee44b42d32ed"},"breadcrumb":{"@id":"https:\/\/portaltela.pt\/noticias\/2026\/02\/15\/cheias-obrigam-morador-de-santarem-a-usar-canoa-como-meio-de-transporte\/#breadcrumb"},"inLanguage":"pt-PT","potentialAction":[{"@type":"ReadAction","target":["https:\/\/portaltela.pt\/noticias\/2026\/02\/15\/cheias-obrigam-morador-de-santarem-a-usar-canoa-como-meio-de-transporte\/"]}]},{"@type":"ImageObject","inLanguage":"pt-PT","@id":"https:\/\/portaltela.pt\/noticias\/2026\/02\/15\/cheias-obrigam-morador-de-santarem-a-usar-canoa-como-meio-de-transporte\/#primaryimage","url":"https:\/\/portaltela.pt\/s.01k8rhncp4jt1\/2026\/02\/img_1280x722uu2026-02-15-08-54-00-2266959.jpg","contentUrl":"https:\/\/portaltela.pt\/s.01k8rhncp4jt1\/2026\/02\/img_1280x722uu2026-02-15-08-54-00-2266959.jpg","width":796,"height":448,"caption":"Photo"},{"@type":"BreadcrumbList","@id":"https:\/\/portaltela.pt\/noticias\/2026\/02\/15\/cheias-obrigam-morador-de-santarem-a-usar-canoa-como-meio-de-transporte\/#breadcrumb","itemListElement":[{"@type":"ListItem","position":1,"name":"In\u00edcio","item":"https:\/\/portaltela.pt\/"},{"@type":"ListItem","position":2,"name":"Cheias obrigam morador de Santar\u00e9m a usar canoa como meio de transporte"}]},{"@type":"WebSite","@id":"https:\/\/portaltela.pt\/#website","url":"https:\/\/portaltela.pt\/","name":"Portal Tela Portugal","description":"","potentialAction":[{"@type":"SearchAction","target":{"@type":"EntryPoint","urlTemplate":"https:\/\/portaltela.pt\/?s={search_term_string}"},"query-input":{"@type":"PropertyValueSpecification","valueRequired":true,"valueName":"search_term_string"}}],"inLanguage":"pt-PT"},{"@type":"Person","@id":"https:\/\/portaltela.pt\/#\/schema\/person\/c4278d4a6028830caff9ee44b42d32ed","name":"Telinha","image":{"@type":"ImageObject","inLanguage":"pt-PT","@id":"https:\/\/portaltela.pt\/s.01k8rhncp4jt1\/2025\/11\/talking-bot-125x125.png","url":"https:\/\/portaltela.pt\/s.01k8rhncp4jt1\/2025\/11\/talking-bot-125x125.png","contentUrl":"https:\/\/portaltela.pt\/s.01k8rhncp4jt1\/2025\/11\/talking-bot-125x125.png","caption":"Telinha"},"sameAs":["https:\/\/portaltela.pt\/"],"url":"https:\/\/portaltela.pt\/por\/367410592786\/"}]}},"_links":{"self":[{"href":"https:\/\/portaltela.pt\/api\/wp\/v2\/posts\/213114","targetHints":{"allow":["GET"]}}],"collection":[{"href":"https:\/\/portaltela.pt\/api\/wp\/v2\/posts"}],"about":[{"href":"https:\/\/portaltela.pt\/api\/wp\/v2\/types\/post"}],"author":[{"embeddable":true,"href":"https:\/\/portaltela.pt\/api\/wp\/v2\/users\/2"}],"replies":[{"embeddable":true,"href":"https:\/\/portaltela.pt\/api\/wp\/v2\/comments?post=213114"}],"version-history":[{"count":0,"href":"https:\/\/portaltela.pt\/api\/wp\/v2\/posts\/213114\/revisions"}],"wp:featuredmedia":[{"embeddable":true,"href":"https:\/\/portaltela.pt\/api\/wp\/v2\/media\/213120"}],"wp:attachment":[{"href":"https:\/\/portaltela.pt\/api\/wp\/v2\/media?parent=213114"}],"wp:term":[{"taxonomy":"category","embeddable":true,"href":"https:\/\/portaltela.pt\/api\/wp\/v2\/categories?post=213114"},{"taxonomy":"post_tag","embeddable":true,"href":"https:\/\/portaltela.pt\/api\/wp\/v2\/tags?post=213114"}],"curies":[{"name":"wp","href":"https:\/\/api.w.org\/{rel}","templated":true}]}}