{"id":213098,"date":"2026-02-15T06:00:00","date_gmt":"2026-02-15T09:00:00","guid":{"rendered":"https:\/\/portaltela.pt\/noticias\/2026\/02\/15\/quatro-perfis-psicologicos-associados-a-ideias-suicidas-em-idosos-em-lares\/"},"modified":"2026-02-15T06:00:00","modified_gmt":"2026-02-15T09:00:00","slug":"quatro-perfis-psicologicos-associados-a-ideias-suicidas-em-idosos-em-lares","status":"publish","type":"post","link":"https:\/\/portaltela.pt\/noticias\/2026\/02\/15\/quatro-perfis-psicologicos-associados-a-ideias-suicidas-em-idosos-em-lares\/","title":{"rendered":"Quatro perfis psicol\u00f3gicos associados a ideias suicidas em idosos em lares"},"content":{"rendered":"<p>Os investigadores identificaram quatro perfis psicol\u00f3gicos associados \u00e0 idea\u00e7\u00e3o suicida em idosos residentes em lares. O estudo envolveu 231 pessoas com idades entre 60 e 97 anos, de nove institui\u00e7\u00f5es diferentes. Foi realizado pela equipa BestAging-Psychosocial Intervention in Aging and Care Throughout the Lifespan da Universidade de Val\u00eancia (UV) e publicado na Frontiers in Psychology. Estruturou-se pela an\u00e1lise de fatores de risco e de prote\u00e7\u00e3o psicol\u00f3gicos.<\/p>\n<p>A pesquisa aponta que a preven\u00e7\u00e3o do suic\u00eddio em idosos deve ser multidimensional, considerando n\u00e3o apenas sintomas cl\u00ednicos, mas tamb\u00e9m fatores psicossociais e existenciais. Os resultados destacam a necessidade de interven\u00e7\u00f5es que promovam bem-estar psicol\u00f3gico e reduzam fatores de risco. A metodologia utilizou perfis latentes, em vez de an\u00e1lises isoladas de vari\u00e1veis.<\/p>\n<h3>Perfis psicol\u00f3gicos identificados<\/h3>\n<p>Foram definidos quatro perfis, com especial aten\u00e7\u00e3o a dois intermedi\u00e1rios que merecem aten\u00e7\u00e3o na avalia\u00e7\u00e3o. Um \u00e9 de alto risco; outro, de elevada perce\u00e7\u00e3o de sobrecarga. Ainda h\u00e1 um perfil com recursos pessoais enfraquecidos e um com funcionamento \u00f3timo ou saud\u00e1vel.<\/p>\n<p>Um dos perfis intermedi\u00e1rios envolve poucos sintomas emocionais, mas elevada sobrecarga; o outro, poucos sinais cl\u00ednicos, mas prote\u00e7\u00e3o debilitada, como baixo sentido de prop\u00f3sito ou resili\u00eancia. Ambos apresentam idea\u00e7\u00e3o suicida significativa, mesmo ap\u00f3s ajustar por idade, sexo e perce\u00e7\u00e3o de sa\u00fade.<\/p>\n<p>O perfil de funcionamento ideal representa cerca de metade da amostra, mostrando que a institucionaliza\u00e7\u00e3o n\u00e3o implica necessariamente decl\u00ednio. Parte dos idosos em lares apresenta recursos psicol\u00f3gicos elevados e bem-estar est\u00e1vel.<\/p>\n<h3>Metodologia e implica\u00e7\u00f5es<\/h3>\n<p>A investiga\u00e7\u00e3o avaliou depress\u00e3o, desconsola\u00e7\u00e3o e sobrecarga mediante entrevistas, associando fatores protetores como resili\u00eancia, autoefic\u00e1cia e sentido de prop\u00f3sito. Os autores defendem interven\u00e7\u00f5es preventivas seletivas, alinhadas com as caracter\u00edsticas de cada perfil, para melhorar o bem-estar dos residentes.<\/p>\n","protected":false},"excerpt":{"rendered":"<ul>\n<li>Investigadores identificaram quatro perfis psicol\u00f3gicos associados \u00e0 idea\u00e7\u00e3o suicida em idosos residentes em lares, com base num estudo que envolveu 231 pessoas entre 60 e 97 anos, de nove institui\u00e7\u00f5es.<\/li>\n<li>O estudo, realizado pelo grupo BestAging-Psychosocial Intervention in Aging and Care Throughout the Lifespan da Universidade de Val\u00eancia, foi publicado na revista Frontiers in Psychology.<\/li>\n<li>Utilizando an\u00e1lise de perfis latentes, foram identificados um perfil de alto risco, um perfil com elevada perce\u00e7\u00e3o de sobrecarga, um perfil com pontos fortes enfraquecidos e um perfil de funcionamento \u00f3timo.<\/li>\n<li>Dois perfis interm\u00e9dios relevantes para preven\u00e7\u00e3o destacam-se: pessoas com poucos sintomas emocionais, mas elevada sobrecarga, e pessoas com poucos sintomas cl\u00ednicos, mas recursos de prote\u00e7\u00e3o enfraquecidos (baixo sentido de prop\u00f3sito ou resili\u00eancia).<\/li>\n<li>Aproximadamente metade da amostra corresponde ao perfil de funcionamento \u00f3timo, desafiando ideias de decl\u00ednio apenas pela institucionaliza\u00e7\u00e3o; o estudo refor\u00e7a a necessidade de interven\u00e7\u00f5es multidimensionais para prevenir a idea\u00e7\u00e3o suicida em idosos.<\/li>\n<\/ul>\n","protected":false},"author":2,"featured_media":213099,"comment_status":"closed","ping_status":"closed","sticky":false,"template":"","format":"standard","meta":{"footnotes":""},"categories":[1],"tags":[5274,2736,215,2249,4115,55],"class_list":["post-213098","post","type-post","status-publish","format-standard","has-post-thumbnail","hentry","category-noticias","tag-geriatria","tag-idosos","tag-investigacao","tag-psicologia","tag-residencias","tag-saude-mental"],"yoast_head":"<!-- This site is optimized with the Yoast SEO plugin v27.2 - https:\/\/yoast.com\/product\/yoast-seo-wordpress\/ -->\n<title>Quatro perfis psicol\u00f3gicos associados a ideias suicidas em idosos em lares - Portal Tela Portugal<\/title>\n<meta name=\"robots\" content=\"index, follow, max-snippet:-1, max-image-preview:large, max-video-preview:-1\" \/>\n<meta property=\"og:locale\" content=\"pt_PT\" \/>\n<meta property=\"og:type\" content=\"article\" \/>\n<meta property=\"og:title\" content=\"Quatro perfis psicol\u00f3gicos associados a ideias suicidas em idosos em lares - Portal Tela Portugal\" \/>\n<meta property=\"og:description\" content=\"Investigadores identificaram quatro perfis psicol\u00f3gicos associados \u00e0 idea\u00e7\u00e3o suicida em idosos residentes em lares, com base num estudo que envolveu 231 pessoas entre 60 e 97 anos, de nove institui\u00e7\u00f5es. O estudo, realizado pelo grupo BestAging-Psychosocial Intervention in Aging and Care Throughout the Lifespan da Universidade de Val\u00eancia, foi publicado na revista Frontiers in Psychology. Utilizando an\u00e1lise de perfis latentes, foram identificados um perfil de alto risco, um perfil com elevada perce\u00e7\u00e3o de sobrecarga, um perfil com pontos fortes enfraquecidos e um perfil de funcionamento \u00f3timo. Dois perfis interm\u00e9dios relevantes para preven\u00e7\u00e3o destacam-se: pessoas com poucos sintomas emocionais, mas elevada sobrecarga, e pessoas com poucos sintomas cl\u00ednicos, mas recursos de prote\u00e7\u00e3o enfraquecidos (baixo sentido de prop\u00f3sito ou resili\u00eancia). Aproximadamente metade da amostra corresponde ao perfil de funcionamento \u00f3timo, desafiando ideias de decl\u00ednio apenas pela institucionaliza\u00e7\u00e3o; o estudo refor\u00e7a a necessidade de interven\u00e7\u00f5es multidimensionais para prevenir a idea\u00e7\u00e3o suicida em idosos.\" \/>\n<meta property=\"og:url\" content=\"https:\/\/portaltela.pt\/noticias\/2026\/02\/15\/quatro-perfis-psicologicos-associados-a-ideias-suicidas-em-idosos-em-lares\/\" \/>\n<meta property=\"og:site_name\" content=\"Portal Tela Portugal\" \/>\n<meta property=\"article:published_time\" content=\"2026-02-15T09:00:00+00:00\" \/>\n<meta name=\"author\" content=\"Telinha\" \/>\n<meta name=\"twitter:card\" content=\"summary_large_image\" \/>\n<meta name=\"twitter:label1\" content=\"Escrito por\" \/>\n\t<meta name=\"twitter:data1\" content=\"Telinha\" \/>\n\t<meta name=\"twitter:label2\" content=\"Tempo estimado de leitura\" \/>\n\t<meta name=\"twitter:data2\" content=\"2 minutos\" \/>\n<script type=\"application\/ld+json\" class=\"yoast-schema-graph\">{\"@context\":\"https:\/\/schema.org\",\"@graph\":[{\"@type\":\"Article\",\"@id\":\"https:\/\/portaltela.pt\/noticias\/2026\/02\/15\/quatro-perfis-psicologicos-associados-a-ideias-suicidas-em-idosos-em-lares\/#article\",\"isPartOf\":{\"@id\":\"https:\/\/portaltela.pt\/noticias\/2026\/02\/15\/quatro-perfis-psicologicos-associados-a-ideias-suicidas-em-idosos-em-lares\/\"},\"author\":{\"name\":\"Telinha\",\"@id\":\"https:\/\/portaltela.pt\/#\/schema\/person\/c4278d4a6028830caff9ee44b42d32ed\"},\"headline\":\"Quatro perfis psicol\u00f3gicos associados a ideias suicidas em idosos em lares\",\"datePublished\":\"2026-02-15T09:00:00+00:00\",\"mainEntityOfPage\":{\"@id\":\"https:\/\/portaltela.pt\/noticias\/2026\/02\/15\/quatro-perfis-psicologicos-associados-a-ideias-suicidas-em-idosos-em-lares\/\"},\"wordCount\":328,\"image\":{\"@id\":\"https:\/\/portaltela.pt\/noticias\/2026\/02\/15\/quatro-perfis-psicologicos-associados-a-ideias-suicidas-em-idosos-em-lares\/#primaryimage\"},\"thumbnailUrl\":\"https:\/\/portaltela.pt\/s.01k8rhncp4jt1\/2026\/02\/image-1161.jpg\",\"keywords\":[\"geriatria\",\"idosos\",\"investiga\u00e7\u00e3o\",\"psicologia\",\"resid\u00eancias\",\"sa\u00fade mental\"],\"articleSection\":[\"Not\u00edcias\"],\"inLanguage\":\"pt-PT\"},{\"@type\":\"WebPage\",\"@id\":\"https:\/\/portaltela.pt\/noticias\/2026\/02\/15\/quatro-perfis-psicologicos-associados-a-ideias-suicidas-em-idosos-em-lares\/\",\"url\":\"https:\/\/portaltela.pt\/noticias\/2026\/02\/15\/quatro-perfis-psicologicos-associados-a-ideias-suicidas-em-idosos-em-lares\/\",\"name\":\"Quatro perfis psicol\u00f3gicos associados a ideias suicidas em idosos em lares - Portal Tela Portugal\",\"isPartOf\":{\"@id\":\"https:\/\/portaltela.pt\/#website\"},\"primaryImageOfPage\":{\"@id\":\"https:\/\/portaltela.pt\/noticias\/2026\/02\/15\/quatro-perfis-psicologicos-associados-a-ideias-suicidas-em-idosos-em-lares\/#primaryimage\"},\"image\":{\"@id\":\"https:\/\/portaltela.pt\/noticias\/2026\/02\/15\/quatro-perfis-psicologicos-associados-a-ideias-suicidas-em-idosos-em-lares\/#primaryimage\"},\"thumbnailUrl\":\"https:\/\/portaltela.pt\/s.01k8rhncp4jt1\/2026\/02\/image-1161.jpg\",\"datePublished\":\"2026-02-15T09:00:00+00:00\",\"author\":{\"@id\":\"https:\/\/portaltela.pt\/#\/schema\/person\/c4278d4a6028830caff9ee44b42d32ed\"},\"breadcrumb\":{\"@id\":\"https:\/\/portaltela.pt\/noticias\/2026\/02\/15\/quatro-perfis-psicologicos-associados-a-ideias-suicidas-em-idosos-em-lares\/#breadcrumb\"},\"inLanguage\":\"pt-PT\",\"potentialAction\":[{\"@type\":\"ReadAction\",\"target\":[\"https:\/\/portaltela.pt\/noticias\/2026\/02\/15\/quatro-perfis-psicologicos-associados-a-ideias-suicidas-em-idosos-em-lares\/\"]}]},{\"@type\":\"ImageObject\",\"inLanguage\":\"pt-PT\",\"@id\":\"https:\/\/portaltela.pt\/noticias\/2026\/02\/15\/quatro-perfis-psicologicos-associados-a-ideias-suicidas-em-idosos-em-lares\/#primaryimage\",\"url\":\"https:\/\/portaltela.pt\/s.01k8rhncp4jt1\/2026\/02\/image-1161.jpg\",\"contentUrl\":\"https:\/\/portaltela.pt\/s.01k8rhncp4jt1\/2026\/02\/image-1161.jpg\",\"width\":796,\"height\":448,\"caption\":\"Uma idosa v\u00edtima de viol\u00eancia dom\u00e9stica numa das casas abrigo que existe para as acolher. O n\u00famero de idosos v\u00edtimas de crime e viol\u00eancia continua a aumentar, sobretudo mulheres como \u00abOdete\u00bb, \u00abEtelvina\u00bb ou \u00abGertrudes\u00bb, que vivem atualmente numa casa de abrigo depois de anos de abusos por maridos e filhos, 21 de novembro de 2025. (ACOMPANHA TEXTO DE 23 DE NOVEMBRO DE 2025). PAULO NOVAIS\/LUSA\"},{\"@type\":\"BreadcrumbList\",\"@id\":\"https:\/\/portaltela.pt\/noticias\/2026\/02\/15\/quatro-perfis-psicologicos-associados-a-ideias-suicidas-em-idosos-em-lares\/#breadcrumb\",\"itemListElement\":[{\"@type\":\"ListItem\",\"position\":1,\"name\":\"In\u00edcio\",\"item\":\"https:\/\/portaltela.pt\/\"},{\"@type\":\"ListItem\",\"position\":2,\"name\":\"Quatro perfis psicol\u00f3gicos associados a ideias suicidas em idosos em lares\"}]},{\"@type\":\"WebSite\",\"@id\":\"https:\/\/portaltela.pt\/#website\",\"url\":\"https:\/\/portaltela.pt\/\",\"name\":\"Portal Tela Portugal\",\"description\":\"\",\"potentialAction\":[{\"@type\":\"SearchAction\",\"target\":{\"@type\":\"EntryPoint\",\"urlTemplate\":\"https:\/\/portaltela.pt\/?s={search_term_string}\"},\"query-input\":{\"@type\":\"PropertyValueSpecification\",\"valueRequired\":true,\"valueName\":\"search_term_string\"}}],\"inLanguage\":\"pt-PT\"},{\"@type\":\"Person\",\"@id\":\"https:\/\/portaltela.pt\/#\/schema\/person\/c4278d4a6028830caff9ee44b42d32ed\",\"name\":\"Telinha\",\"image\":{\"@type\":\"ImageObject\",\"inLanguage\":\"pt-PT\",\"@id\":\"https:\/\/portaltela.pt\/s.01k8rhncp4jt1\/2025\/11\/talking-bot-125x125.png\",\"url\":\"https:\/\/portaltela.pt\/s.01k8rhncp4jt1\/2025\/11\/talking-bot-125x125.png\",\"contentUrl\":\"https:\/\/portaltela.pt\/s.01k8rhncp4jt1\/2025\/11\/talking-bot-125x125.png\",\"caption\":\"Telinha\"},\"sameAs\":[\"https:\/\/portaltela.pt\/\"],\"url\":\"https:\/\/portaltela.pt\/por\/367410592786\/\"}]}<\/script>\n<!-- \/ Yoast SEO plugin. -->","yoast_head_json":{"title":"Quatro perfis psicol\u00f3gicos associados a ideias suicidas em idosos em lares - Portal Tela Portugal","robots":{"index":"index","follow":"follow","max-snippet":"max-snippet:-1","max-image-preview":"max-image-preview:large","max-video-preview":"max-video-preview:-1"},"og_locale":"pt_PT","og_type":"article","og_title":"Quatro perfis psicol\u00f3gicos associados a ideias suicidas em idosos em lares - Portal Tela Portugal","og_description":"Investigadores identificaram quatro perfis psicol\u00f3gicos associados \u00e0 idea\u00e7\u00e3o suicida em idosos residentes em lares, com base num estudo que envolveu 231 pessoas entre 60 e 97 anos, de nove institui\u00e7\u00f5es. O estudo, realizado pelo grupo BestAging-Psychosocial Intervention in Aging and Care Throughout the Lifespan da Universidade de Val\u00eancia, foi publicado na revista Frontiers in Psychology. Utilizando an\u00e1lise de perfis latentes, foram identificados um perfil de alto risco, um perfil com elevada perce\u00e7\u00e3o de sobrecarga, um perfil com pontos fortes enfraquecidos e um perfil de funcionamento \u00f3timo. Dois perfis interm\u00e9dios relevantes para preven\u00e7\u00e3o destacam-se: pessoas com poucos sintomas emocionais, mas elevada sobrecarga, e pessoas com poucos sintomas cl\u00ednicos, mas recursos de prote\u00e7\u00e3o enfraquecidos (baixo sentido de prop\u00f3sito ou resili\u00eancia). Aproximadamente metade da amostra corresponde ao perfil de funcionamento \u00f3timo, desafiando ideias de decl\u00ednio apenas pela institucionaliza\u00e7\u00e3o; o estudo refor\u00e7a a necessidade de interven\u00e7\u00f5es multidimensionais para prevenir a idea\u00e7\u00e3o suicida em idosos.","og_url":"https:\/\/portaltela.pt\/noticias\/2026\/02\/15\/quatro-perfis-psicologicos-associados-a-ideias-suicidas-em-idosos-em-lares\/","og_site_name":"Portal Tela Portugal","article_published_time":"2026-02-15T09:00:00+00:00","author":"Telinha","twitter_card":"summary_large_image","twitter_misc":{"Escrito por":"Telinha","Tempo estimado de leitura":"2 minutos"},"schema":{"@context":"https:\/\/schema.org","@graph":[{"@type":"Article","@id":"https:\/\/portaltela.pt\/noticias\/2026\/02\/15\/quatro-perfis-psicologicos-associados-a-ideias-suicidas-em-idosos-em-lares\/#article","isPartOf":{"@id":"https:\/\/portaltela.pt\/noticias\/2026\/02\/15\/quatro-perfis-psicologicos-associados-a-ideias-suicidas-em-idosos-em-lares\/"},"author":{"name":"Telinha","@id":"https:\/\/portaltela.pt\/#\/schema\/person\/c4278d4a6028830caff9ee44b42d32ed"},"headline":"Quatro perfis psicol\u00f3gicos associados a ideias suicidas em idosos em lares","datePublished":"2026-02-15T09:00:00+00:00","mainEntityOfPage":{"@id":"https:\/\/portaltela.pt\/noticias\/2026\/02\/15\/quatro-perfis-psicologicos-associados-a-ideias-suicidas-em-idosos-em-lares\/"},"wordCount":328,"image":{"@id":"https:\/\/portaltela.pt\/noticias\/2026\/02\/15\/quatro-perfis-psicologicos-associados-a-ideias-suicidas-em-idosos-em-lares\/#primaryimage"},"thumbnailUrl":"https:\/\/portaltela.pt\/s.01k8rhncp4jt1\/2026\/02\/image-1161.jpg","keywords":["geriatria","idosos","investiga\u00e7\u00e3o","psicologia","resid\u00eancias","sa\u00fade mental"],"articleSection":["Not\u00edcias"],"inLanguage":"pt-PT"},{"@type":"WebPage","@id":"https:\/\/portaltela.pt\/noticias\/2026\/02\/15\/quatro-perfis-psicologicos-associados-a-ideias-suicidas-em-idosos-em-lares\/","url":"https:\/\/portaltela.pt\/noticias\/2026\/02\/15\/quatro-perfis-psicologicos-associados-a-ideias-suicidas-em-idosos-em-lares\/","name":"Quatro perfis psicol\u00f3gicos associados a ideias suicidas em idosos em lares - Portal Tela Portugal","isPartOf":{"@id":"https:\/\/portaltela.pt\/#website"},"primaryImageOfPage":{"@id":"https:\/\/portaltela.pt\/noticias\/2026\/02\/15\/quatro-perfis-psicologicos-associados-a-ideias-suicidas-em-idosos-em-lares\/#primaryimage"},"image":{"@id":"https:\/\/portaltela.pt\/noticias\/2026\/02\/15\/quatro-perfis-psicologicos-associados-a-ideias-suicidas-em-idosos-em-lares\/#primaryimage"},"thumbnailUrl":"https:\/\/portaltela.pt\/s.01k8rhncp4jt1\/2026\/02\/image-1161.jpg","datePublished":"2026-02-15T09:00:00+00:00","author":{"@id":"https:\/\/portaltela.pt\/#\/schema\/person\/c4278d4a6028830caff9ee44b42d32ed"},"breadcrumb":{"@id":"https:\/\/portaltela.pt\/noticias\/2026\/02\/15\/quatro-perfis-psicologicos-associados-a-ideias-suicidas-em-idosos-em-lares\/#breadcrumb"},"inLanguage":"pt-PT","potentialAction":[{"@type":"ReadAction","target":["https:\/\/portaltela.pt\/noticias\/2026\/02\/15\/quatro-perfis-psicologicos-associados-a-ideias-suicidas-em-idosos-em-lares\/"]}]},{"@type":"ImageObject","inLanguage":"pt-PT","@id":"https:\/\/portaltela.pt\/noticias\/2026\/02\/15\/quatro-perfis-psicologicos-associados-a-ideias-suicidas-em-idosos-em-lares\/#primaryimage","url":"https:\/\/portaltela.pt\/s.01k8rhncp4jt1\/2026\/02\/image-1161.jpg","contentUrl":"https:\/\/portaltela.pt\/s.01k8rhncp4jt1\/2026\/02\/image-1161.jpg","width":796,"height":448,"caption":"Uma idosa v\u00edtima de viol\u00eancia dom\u00e9stica numa das casas abrigo que existe para as acolher. O n\u00famero de idosos v\u00edtimas de crime e viol\u00eancia continua a aumentar, sobretudo mulheres como \u00abOdete\u00bb, \u00abEtelvina\u00bb ou \u00abGertrudes\u00bb, que vivem atualmente numa casa de abrigo depois de anos de abusos por maridos e filhos, 21 de novembro de 2025. (ACOMPANHA TEXTO DE 23 DE NOVEMBRO DE 2025). PAULO NOVAIS\/LUSA"},{"@type":"BreadcrumbList","@id":"https:\/\/portaltela.pt\/noticias\/2026\/02\/15\/quatro-perfis-psicologicos-associados-a-ideias-suicidas-em-idosos-em-lares\/#breadcrumb","itemListElement":[{"@type":"ListItem","position":1,"name":"In\u00edcio","item":"https:\/\/portaltela.pt\/"},{"@type":"ListItem","position":2,"name":"Quatro perfis psicol\u00f3gicos associados a ideias suicidas em idosos em lares"}]},{"@type":"WebSite","@id":"https:\/\/portaltela.pt\/#website","url":"https:\/\/portaltela.pt\/","name":"Portal Tela Portugal","description":"","potentialAction":[{"@type":"SearchAction","target":{"@type":"EntryPoint","urlTemplate":"https:\/\/portaltela.pt\/?s={search_term_string}"},"query-input":{"@type":"PropertyValueSpecification","valueRequired":true,"valueName":"search_term_string"}}],"inLanguage":"pt-PT"},{"@type":"Person","@id":"https:\/\/portaltela.pt\/#\/schema\/person\/c4278d4a6028830caff9ee44b42d32ed","name":"Telinha","image":{"@type":"ImageObject","inLanguage":"pt-PT","@id":"https:\/\/portaltela.pt\/s.01k8rhncp4jt1\/2025\/11\/talking-bot-125x125.png","url":"https:\/\/portaltela.pt\/s.01k8rhncp4jt1\/2025\/11\/talking-bot-125x125.png","contentUrl":"https:\/\/portaltela.pt\/s.01k8rhncp4jt1\/2025\/11\/talking-bot-125x125.png","caption":"Telinha"},"sameAs":["https:\/\/portaltela.pt\/"],"url":"https:\/\/portaltela.pt\/por\/367410592786\/"}]}},"_links":{"self":[{"href":"https:\/\/portaltela.pt\/api\/wp\/v2\/posts\/213098","targetHints":{"allow":["GET"]}}],"collection":[{"href":"https:\/\/portaltela.pt\/api\/wp\/v2\/posts"}],"about":[{"href":"https:\/\/portaltela.pt\/api\/wp\/v2\/types\/post"}],"author":[{"embeddable":true,"href":"https:\/\/portaltela.pt\/api\/wp\/v2\/users\/2"}],"replies":[{"embeddable":true,"href":"https:\/\/portaltela.pt\/api\/wp\/v2\/comments?post=213098"}],"version-history":[{"count":0,"href":"https:\/\/portaltela.pt\/api\/wp\/v2\/posts\/213098\/revisions"}],"wp:featuredmedia":[{"embeddable":true,"href":"https:\/\/portaltela.pt\/api\/wp\/v2\/media\/213099"}],"wp:attachment":[{"href":"https:\/\/portaltela.pt\/api\/wp\/v2\/media?parent=213098"}],"wp:term":[{"taxonomy":"category","embeddable":true,"href":"https:\/\/portaltela.pt\/api\/wp\/v2\/categories?post=213098"},{"taxonomy":"post_tag","embeddable":true,"href":"https:\/\/portaltela.pt\/api\/wp\/v2\/tags?post=213098"}],"curies":[{"name":"wp","href":"https:\/\/api.w.org\/{rel}","templated":true}]}}