{"id":213084,"date":"2026-02-15T05:18:00","date_gmt":"2026-02-15T08:18:00","guid":{"rendered":"https:\/\/portaltela.pt\/noticias\/2026\/02\/15\/segunda-volta-das-presidenciais-realiza-se-em-20-freguesias-e-seccoes-de-voto\/"},"modified":"2026-02-15T05:18:00","modified_gmt":"2026-02-15T08:18:00","slug":"segunda-volta-das-presidenciais-realiza-se-em-20-freguesias-e-seccoes-de-voto","status":"publish","type":"post","link":"https:\/\/portaltela.pt\/noticias\/politica\/2026\/02\/15\/segunda-volta-das-presidenciais-realiza-se-em-20-freguesias-e-seccoes-de-voto\/","title":{"rendered":"Segunda volta das Presidenciais realiza-se em 20 freguesias e sec\u00e7\u00f5es de voto"},"content":{"rendered":"<p>A segunda volta das presidenciais realiza-se este domingo em 20 freguesias e sec\u00e7\u00f5es de voto, onde a vota\u00e7\u00e3o foi adiada uma semana devido aos efeitos das tempestades. No total, est\u00e3o dispon\u00edveis para votar cerca de 36 mil eleitores nestas zonas espec\u00edficas.<\/p>\n<p>Os resultados provis\u00f3rios j\u00e1 conhecidos apontam para Ant\u00f3nio Jos\u00e9 Seguro como vencedor, com 66,83% dos votos expressos, frente a 33,17% de Andr\u00e9 Ventura. O candidato, antigo secret\u00e1rio-geral do PS, soma mais de 3,48 milh\u00f5es de votos, enquanto Ventura ultrapassa 1,72 milh\u00f5es.<\/p>\n<p>A Comiss\u00e3o Nacional de Elei\u00e7\u00f5es (CNE) detalha que o adiamento ocorreu em oito munic\u00edpios: Alc\u00e1cer do Sal (Set\u00fabal) com seis freguesias, Arruda dos Vinhos (Set\u00fabal) com quatro freguesias e Goleg\u00e3 (Santor\u00e9m) com tr\u00eas freguesias. Al\u00e9m disso, houve adiamentos em Santar\u00e9m (duas sec\u00e7\u00f5es), Rio Maior (uma freguesia e uma sec\u00e7\u00e3o), Cartaxo (uma freguesia), Salvaterra de Magos (uma freguesia) e Leiria (uma freguesia).<\/p>\n<p>No total, as 20 freguesias e sec\u00e7\u00f5es de voto afetadas concentram 36.852 eleitores. A lei eleitoral n\u00e3o prev\u00ea, por\u00e9m, o adiamento generalizado das elei\u00e7\u00f5es. As autoridades mant\u00eam o calend\u00e1rio restante para a segunda volta sem altera\u00e7\u00f5es al\u00e9m das zonas afetadas pelo atraso.<\/p>\n","protected":false},"excerpt":{"rendered":"<ul>\n<li>A segunda volta das presidenciais realiza-se hoje em vinte freguesias e sec\u00e7\u00f5es de voto, nas quais a vota\u00e7\u00e3o foi adiada devido aos efeitos das tempestades.<\/li>\n<li>No total, est\u00e3o abrangidos oito munic\u00edpios e h\u00e1 quase 36 mil eleitores inscritos nas freguesias e sec\u00e7\u00f5es de voto com adiamento.<\/li>\n<li>Ant\u00f3nio Jos\u00e9 Seguro \u00e9 o vencedor j\u00e1 conhecido das elei\u00e7\u00f5es, com 66,83% dos votos expressos, frente a 33,17% de Andr\u00e9 Ventura.<\/li>\n<li>O adiamento ocorreu em Alc\u00e1cer do Sal (seis freguesias), Arruda dos Vinhos (quatro freguesias) e Goleg\u00e3 (tr\u00eas freguesias), al\u00e9m de casos em Santar\u00e9m, Rio Maior, Cartaxo, Salvaterra de Magos e Leiria.<\/li>\n<li>A Comiss\u00e3o Nacional de Elei\u00e7\u00f5es afirma que a lei eleitoral n\u00e3o prev\u00ea o adiamento generalizado das elei\u00e7\u00f5es.<\/li>\n<\/ul>\n","protected":false},"author":2,"featured_media":213086,"comment_status":"closed","ping_status":"closed","sticky":false,"template":"","format":"standard","meta":{"footnotes":""},"categories":[1,5],"tags":[1998,4770,68,4330,2832,898],"class_list":["post-213084","post","type-post","status-publish","format-standard","has-post-thumbnail","hentry","category-noticias","category-politica","tag-alcacer-do-sal","tag-arruda-dos-vinhos","tag-eleicoes","tag-golega","tag-politica","tag-santarem"],"yoast_head":"<!-- This site is optimized with the Yoast SEO plugin v27.2 - https:\/\/yoast.com\/product\/yoast-seo-wordpress\/ -->\n<title>Segunda volta das Presidenciais realiza-se em 20 freguesias e sec\u00e7\u00f5es de voto - Portal Tela Portugal<\/title>\n<meta name=\"robots\" content=\"index, follow, max-snippet:-1, max-image-preview:large, max-video-preview:-1\" \/>\n<meta property=\"og:locale\" content=\"pt_PT\" \/>\n<meta property=\"og:type\" content=\"article\" \/>\n<meta property=\"og:title\" content=\"Segunda volta das Presidenciais realiza-se em 20 freguesias e sec\u00e7\u00f5es de voto - Portal Tela Portugal\" \/>\n<meta property=\"og:description\" content=\"A segunda volta das presidenciais realiza-se hoje em vinte freguesias e sec\u00e7\u00f5es de voto, nas quais a vota\u00e7\u00e3o foi adiada devido aos efeitos das tempestades. No total, est\u00e3o abrangidos oito munic\u00edpios e h\u00e1 quase 36 mil eleitores inscritos nas freguesias e sec\u00e7\u00f5es de voto com adiamento. Ant\u00f3nio Jos\u00e9 Seguro \u00e9 o vencedor j\u00e1 conhecido das elei\u00e7\u00f5es, com 66,83% dos votos expressos, frente a 33,17% de Andr\u00e9 Ventura. O adiamento ocorreu em Alc\u00e1cer do Sal (seis freguesias), Arruda dos Vinhos (quatro freguesias) e Goleg\u00e3 (tr\u00eas freguesias), al\u00e9m de casos em Santar\u00e9m, Rio Maior, Cartaxo, Salvaterra de Magos e Leiria. A Comiss\u00e3o Nacional de Elei\u00e7\u00f5es afirma que a lei eleitoral n\u00e3o prev\u00ea o adiamento generalizado das elei\u00e7\u00f5es.\" \/>\n<meta property=\"og:url\" content=\"https:\/\/portaltela.pt\/noticias\/2026\/02\/15\/segunda-volta-das-presidenciais-realiza-se-em-20-freguesias-e-seccoes-de-voto\/\" \/>\n<meta property=\"og:site_name\" content=\"Portal Tela Portugal\" \/>\n<meta property=\"article:published_time\" content=\"2026-02-15T08:18:00+00:00\" \/>\n<meta name=\"author\" content=\"Telinha\" \/>\n<meta name=\"twitter:card\" content=\"summary_large_image\" \/>\n<meta name=\"twitter:label1\" content=\"Escrito por\" \/>\n\t<meta name=\"twitter:data1\" content=\"Telinha\" \/>\n\t<meta name=\"twitter:label2\" content=\"Tempo estimado de leitura\" \/>\n\t<meta name=\"twitter:data2\" content=\"1 minuto\" \/>\n<script type=\"application\/ld+json\" class=\"yoast-schema-graph\">{\"@context\":\"https:\/\/schema.org\",\"@graph\":[{\"@type\":\"Article\",\"@id\":\"https:\/\/portaltela.pt\/noticias\/2026\/02\/15\/segunda-volta-das-presidenciais-realiza-se-em-20-freguesias-e-seccoes-de-voto\/#article\",\"isPartOf\":{\"@id\":\"https:\/\/portaltela.pt\/noticias\/2026\/02\/15\/segunda-volta-das-presidenciais-realiza-se-em-20-freguesias-e-seccoes-de-voto\/\"},\"author\":{\"name\":\"Telinha\",\"@id\":\"https:\/\/portaltela.pt\/#\/schema\/person\/c4278d4a6028830caff9ee44b42d32ed\"},\"headline\":\"Segunda volta das Presidenciais realiza-se em 20 freguesias e sec\u00e7\u00f5es de voto\",\"datePublished\":\"2026-02-15T08:18:00+00:00\",\"mainEntityOfPage\":{\"@id\":\"https:\/\/portaltela.pt\/noticias\/2026\/02\/15\/segunda-volta-das-presidenciais-realiza-se-em-20-freguesias-e-seccoes-de-voto\/\"},\"wordCount\":219,\"image\":{\"@id\":\"https:\/\/portaltela.pt\/noticias\/2026\/02\/15\/segunda-volta-das-presidenciais-realiza-se-em-20-freguesias-e-seccoes-de-voto\/#primaryimage\"},\"thumbnailUrl\":\"https:\/\/portaltela.pt\/s.01k8rhncp4jt1\/2026\/02\/2067418.jpg\",\"keywords\":[\"Alc\u00e1cer do Sal\",\"Arruda dos Vinhos\",\"elei\u00e7\u00f5es\",\"Goleg\u00e3\",\"pol\u00edtica\",\"Santar\u00e9m\"],\"articleSection\":[\"Not\u00edcias\",\"Pol\u00edtica\"],\"inLanguage\":\"pt-PT\"},{\"@type\":\"WebPage\",\"@id\":\"https:\/\/portaltela.pt\/noticias\/2026\/02\/15\/segunda-volta-das-presidenciais-realiza-se-em-20-freguesias-e-seccoes-de-voto\/\",\"url\":\"https:\/\/portaltela.pt\/noticias\/2026\/02\/15\/segunda-volta-das-presidenciais-realiza-se-em-20-freguesias-e-seccoes-de-voto\/\",\"name\":\"Segunda volta das Presidenciais realiza-se em 20 freguesias e sec\u00e7\u00f5es de voto - Portal Tela Portugal\",\"isPartOf\":{\"@id\":\"https:\/\/portaltela.pt\/#website\"},\"primaryImageOfPage\":{\"@id\":\"https:\/\/portaltela.pt\/noticias\/2026\/02\/15\/segunda-volta-das-presidenciais-realiza-se-em-20-freguesias-e-seccoes-de-voto\/#primaryimage\"},\"image\":{\"@id\":\"https:\/\/portaltela.pt\/noticias\/2026\/02\/15\/segunda-volta-das-presidenciais-realiza-se-em-20-freguesias-e-seccoes-de-voto\/#primaryimage\"},\"thumbnailUrl\":\"https:\/\/portaltela.pt\/s.01k8rhncp4jt1\/2026\/02\/2067418.jpg\",\"datePublished\":\"2026-02-15T08:18:00+00:00\",\"author\":{\"@id\":\"https:\/\/portaltela.pt\/#\/schema\/person\/c4278d4a6028830caff9ee44b42d32ed\"},\"breadcrumb\":{\"@id\":\"https:\/\/portaltela.pt\/noticias\/2026\/02\/15\/segunda-volta-das-presidenciais-realiza-se-em-20-freguesias-e-seccoes-de-voto\/#breadcrumb\"},\"inLanguage\":\"pt-PT\",\"potentialAction\":[{\"@type\":\"ReadAction\",\"target\":[\"https:\/\/portaltela.pt\/noticias\/2026\/02\/15\/segunda-volta-das-presidenciais-realiza-se-em-20-freguesias-e-seccoes-de-voto\/\"]}]},{\"@type\":\"ImageObject\",\"inLanguage\":\"pt-PT\",\"@id\":\"https:\/\/portaltela.pt\/noticias\/2026\/02\/15\/segunda-volta-das-presidenciais-realiza-se-em-20-freguesias-e-seccoes-de-voto\/#primaryimage\",\"url\":\"https:\/\/portaltela.pt\/s.01k8rhncp4jt1\/2026\/02\/2067418.jpg\",\"contentUrl\":\"https:\/\/portaltela.pt\/s.01k8rhncp4jt1\/2026\/02\/2067418.jpg\",\"width\":796,\"height\":448,\"caption\":\"J\u00e1 \u00e9 conhecido o vencedor das elei\u00e7\u00f5es: Ant\u00f3nio Jos\u00e9 Seguro, segundo os resultados provis\u00f3rios.\"},{\"@type\":\"BreadcrumbList\",\"@id\":\"https:\/\/portaltela.pt\/noticias\/2026\/02\/15\/segunda-volta-das-presidenciais-realiza-se-em-20-freguesias-e-seccoes-de-voto\/#breadcrumb\",\"itemListElement\":[{\"@type\":\"ListItem\",\"position\":1,\"name\":\"In\u00edcio\",\"item\":\"https:\/\/portaltela.pt\/\"},{\"@type\":\"ListItem\",\"position\":2,\"name\":\"Segunda volta das Presidenciais realiza-se em 20 freguesias e sec\u00e7\u00f5es de voto\"}]},{\"@type\":\"WebSite\",\"@id\":\"https:\/\/portaltela.pt\/#website\",\"url\":\"https:\/\/portaltela.pt\/\",\"name\":\"Portal Tela Portugal\",\"description\":\"\",\"potentialAction\":[{\"@type\":\"SearchAction\",\"target\":{\"@type\":\"EntryPoint\",\"urlTemplate\":\"https:\/\/portaltela.pt\/?s={search_term_string}\"},\"query-input\":{\"@type\":\"PropertyValueSpecification\",\"valueRequired\":true,\"valueName\":\"search_term_string\"}}],\"inLanguage\":\"pt-PT\"},{\"@type\":\"Person\",\"@id\":\"https:\/\/portaltela.pt\/#\/schema\/person\/c4278d4a6028830caff9ee44b42d32ed\",\"name\":\"Telinha\",\"image\":{\"@type\":\"ImageObject\",\"inLanguage\":\"pt-PT\",\"@id\":\"https:\/\/portaltela.pt\/s.01k8rhncp4jt1\/2025\/11\/talking-bot-125x125.png\",\"url\":\"https:\/\/portaltela.pt\/s.01k8rhncp4jt1\/2025\/11\/talking-bot-125x125.png\",\"contentUrl\":\"https:\/\/portaltela.pt\/s.01k8rhncp4jt1\/2025\/11\/talking-bot-125x125.png\",\"caption\":\"Telinha\"},\"sameAs\":[\"https:\/\/portaltela.pt\/\"],\"url\":\"https:\/\/portaltela.pt\/por\/367410592786\/\"}]}<\/script>\n<!-- \/ Yoast SEO plugin. -->","yoast_head_json":{"title":"Segunda volta das Presidenciais realiza-se em 20 freguesias e sec\u00e7\u00f5es de voto - Portal Tela Portugal","robots":{"index":"index","follow":"follow","max-snippet":"max-snippet:-1","max-image-preview":"max-image-preview:large","max-video-preview":"max-video-preview:-1"},"og_locale":"pt_PT","og_type":"article","og_title":"Segunda volta das Presidenciais realiza-se em 20 freguesias e sec\u00e7\u00f5es de voto - Portal Tela Portugal","og_description":"A segunda volta das presidenciais realiza-se hoje em vinte freguesias e sec\u00e7\u00f5es de voto, nas quais a vota\u00e7\u00e3o foi adiada devido aos efeitos das tempestades. No total, est\u00e3o abrangidos oito munic\u00edpios e h\u00e1 quase 36 mil eleitores inscritos nas freguesias e sec\u00e7\u00f5es de voto com adiamento. Ant\u00f3nio Jos\u00e9 Seguro \u00e9 o vencedor j\u00e1 conhecido das elei\u00e7\u00f5es, com 66,83% dos votos expressos, frente a 33,17% de Andr\u00e9 Ventura. O adiamento ocorreu em Alc\u00e1cer do Sal (seis freguesias), Arruda dos Vinhos (quatro freguesias) e Goleg\u00e3 (tr\u00eas freguesias), al\u00e9m de casos em Santar\u00e9m, Rio Maior, Cartaxo, Salvaterra de Magos e Leiria. A Comiss\u00e3o Nacional de Elei\u00e7\u00f5es afirma que a lei eleitoral n\u00e3o prev\u00ea o adiamento generalizado das elei\u00e7\u00f5es.","og_url":"https:\/\/portaltela.pt\/noticias\/2026\/02\/15\/segunda-volta-das-presidenciais-realiza-se-em-20-freguesias-e-seccoes-de-voto\/","og_site_name":"Portal Tela Portugal","article_published_time":"2026-02-15T08:18:00+00:00","author":"Telinha","twitter_card":"summary_large_image","twitter_misc":{"Escrito por":"Telinha","Tempo estimado de leitura":"1 minuto"},"schema":{"@context":"https:\/\/schema.org","@graph":[{"@type":"Article","@id":"https:\/\/portaltela.pt\/noticias\/2026\/02\/15\/segunda-volta-das-presidenciais-realiza-se-em-20-freguesias-e-seccoes-de-voto\/#article","isPartOf":{"@id":"https:\/\/portaltela.pt\/noticias\/2026\/02\/15\/segunda-volta-das-presidenciais-realiza-se-em-20-freguesias-e-seccoes-de-voto\/"},"author":{"name":"Telinha","@id":"https:\/\/portaltela.pt\/#\/schema\/person\/c4278d4a6028830caff9ee44b42d32ed"},"headline":"Segunda volta das Presidenciais realiza-se em 20 freguesias e sec\u00e7\u00f5es de voto","datePublished":"2026-02-15T08:18:00+00:00","mainEntityOfPage":{"@id":"https:\/\/portaltela.pt\/noticias\/2026\/02\/15\/segunda-volta-das-presidenciais-realiza-se-em-20-freguesias-e-seccoes-de-voto\/"},"wordCount":219,"image":{"@id":"https:\/\/portaltela.pt\/noticias\/2026\/02\/15\/segunda-volta-das-presidenciais-realiza-se-em-20-freguesias-e-seccoes-de-voto\/#primaryimage"},"thumbnailUrl":"https:\/\/portaltela.pt\/s.01k8rhncp4jt1\/2026\/02\/2067418.jpg","keywords":["Alc\u00e1cer do Sal","Arruda dos Vinhos","elei\u00e7\u00f5es","Goleg\u00e3","pol\u00edtica","Santar\u00e9m"],"articleSection":["Not\u00edcias","Pol\u00edtica"],"inLanguage":"pt-PT"},{"@type":"WebPage","@id":"https:\/\/portaltela.pt\/noticias\/2026\/02\/15\/segunda-volta-das-presidenciais-realiza-se-em-20-freguesias-e-seccoes-de-voto\/","url":"https:\/\/portaltela.pt\/noticias\/2026\/02\/15\/segunda-volta-das-presidenciais-realiza-se-em-20-freguesias-e-seccoes-de-voto\/","name":"Segunda volta das Presidenciais realiza-se em 20 freguesias e sec\u00e7\u00f5es de voto - Portal Tela Portugal","isPartOf":{"@id":"https:\/\/portaltela.pt\/#website"},"primaryImageOfPage":{"@id":"https:\/\/portaltela.pt\/noticias\/2026\/02\/15\/segunda-volta-das-presidenciais-realiza-se-em-20-freguesias-e-seccoes-de-voto\/#primaryimage"},"image":{"@id":"https:\/\/portaltela.pt\/noticias\/2026\/02\/15\/segunda-volta-das-presidenciais-realiza-se-em-20-freguesias-e-seccoes-de-voto\/#primaryimage"},"thumbnailUrl":"https:\/\/portaltela.pt\/s.01k8rhncp4jt1\/2026\/02\/2067418.jpg","datePublished":"2026-02-15T08:18:00+00:00","author":{"@id":"https:\/\/portaltela.pt\/#\/schema\/person\/c4278d4a6028830caff9ee44b42d32ed"},"breadcrumb":{"@id":"https:\/\/portaltela.pt\/noticias\/2026\/02\/15\/segunda-volta-das-presidenciais-realiza-se-em-20-freguesias-e-seccoes-de-voto\/#breadcrumb"},"inLanguage":"pt-PT","potentialAction":[{"@type":"ReadAction","target":["https:\/\/portaltela.pt\/noticias\/2026\/02\/15\/segunda-volta-das-presidenciais-realiza-se-em-20-freguesias-e-seccoes-de-voto\/"]}]},{"@type":"ImageObject","inLanguage":"pt-PT","@id":"https:\/\/portaltela.pt\/noticias\/2026\/02\/15\/segunda-volta-das-presidenciais-realiza-se-em-20-freguesias-e-seccoes-de-voto\/#primaryimage","url":"https:\/\/portaltela.pt\/s.01k8rhncp4jt1\/2026\/02\/2067418.jpg","contentUrl":"https:\/\/portaltela.pt\/s.01k8rhncp4jt1\/2026\/02\/2067418.jpg","width":796,"height":448,"caption":"J\u00e1 \u00e9 conhecido o vencedor das elei\u00e7\u00f5es: Ant\u00f3nio Jos\u00e9 Seguro, segundo os resultados provis\u00f3rios."},{"@type":"BreadcrumbList","@id":"https:\/\/portaltela.pt\/noticias\/2026\/02\/15\/segunda-volta-das-presidenciais-realiza-se-em-20-freguesias-e-seccoes-de-voto\/#breadcrumb","itemListElement":[{"@type":"ListItem","position":1,"name":"In\u00edcio","item":"https:\/\/portaltela.pt\/"},{"@type":"ListItem","position":2,"name":"Segunda volta das Presidenciais realiza-se em 20 freguesias e sec\u00e7\u00f5es de voto"}]},{"@type":"WebSite","@id":"https:\/\/portaltela.pt\/#website","url":"https:\/\/portaltela.pt\/","name":"Portal Tela Portugal","description":"","potentialAction":[{"@type":"SearchAction","target":{"@type":"EntryPoint","urlTemplate":"https:\/\/portaltela.pt\/?s={search_term_string}"},"query-input":{"@type":"PropertyValueSpecification","valueRequired":true,"valueName":"search_term_string"}}],"inLanguage":"pt-PT"},{"@type":"Person","@id":"https:\/\/portaltela.pt\/#\/schema\/person\/c4278d4a6028830caff9ee44b42d32ed","name":"Telinha","image":{"@type":"ImageObject","inLanguage":"pt-PT","@id":"https:\/\/portaltela.pt\/s.01k8rhncp4jt1\/2025\/11\/talking-bot-125x125.png","url":"https:\/\/portaltela.pt\/s.01k8rhncp4jt1\/2025\/11\/talking-bot-125x125.png","contentUrl":"https:\/\/portaltela.pt\/s.01k8rhncp4jt1\/2025\/11\/talking-bot-125x125.png","caption":"Telinha"},"sameAs":["https:\/\/portaltela.pt\/"],"url":"https:\/\/portaltela.pt\/por\/367410592786\/"}]}},"_links":{"self":[{"href":"https:\/\/portaltela.pt\/api\/wp\/v2\/posts\/213084","targetHints":{"allow":["GET"]}}],"collection":[{"href":"https:\/\/portaltela.pt\/api\/wp\/v2\/posts"}],"about":[{"href":"https:\/\/portaltela.pt\/api\/wp\/v2\/types\/post"}],"author":[{"embeddable":true,"href":"https:\/\/portaltela.pt\/api\/wp\/v2\/users\/2"}],"replies":[{"embeddable":true,"href":"https:\/\/portaltela.pt\/api\/wp\/v2\/comments?post=213084"}],"version-history":[{"count":0,"href":"https:\/\/portaltela.pt\/api\/wp\/v2\/posts\/213084\/revisions"}],"wp:featuredmedia":[{"embeddable":true,"href":"https:\/\/portaltela.pt\/api\/wp\/v2\/media\/213086"}],"wp:attachment":[{"href":"https:\/\/portaltela.pt\/api\/wp\/v2\/media?parent=213084"}],"wp:term":[{"taxonomy":"category","embeddable":true,"href":"https:\/\/portaltela.pt\/api\/wp\/v2\/categories?post=213084"},{"taxonomy":"post_tag","embeddable":true,"href":"https:\/\/portaltela.pt\/api\/wp\/v2\/tags?post=213084"}],"curies":[{"name":"wp","href":"https:\/\/api.w.org\/{rel}","templated":true}]}}