{"id":213071,"date":"2026-02-15T05:26:00","date_gmt":"2026-02-15T08:26:00","guid":{"rendered":"https:\/\/portaltela.pt\/noticias\/2026\/02\/15\/rede-ligada-a-epstein-envolve-poder-alegacoes-de-abuso\/"},"modified":"2026-02-15T05:26:00","modified_gmt":"2026-02-15T08:26:00","slug":"rede-ligada-a-epstein-envolve-poder-alegacoes-de-abuso","status":"publish","type":"post","link":"https:\/\/portaltela.pt\/noticias\/2026\/02\/15\/rede-ligada-a-epstein-envolve-poder-alegacoes-de-abuso\/","title":{"rendered":"Rede ligada a Epstein envolve poder, alega\u00e7\u00f5es de abuso"},"content":{"rendered":"<p>Milh\u00f5es de ficheiros revelam uma rede de explora\u00e7\u00e3o e impunidade associada a Jeffrey Epstein, com liga\u00e7\u00f5es a figuras influentes nos EUA e em v\u00e1rias regi\u00f5es do mundo. O material aponta para tent\u00e1culos que alcan\u00e7am altos cargos do poder, enquanto grupos de defesa e autoridades imp\u00f5em respostas que variam entre investiga\u00e7\u00f5es e recusas de ilegalidades.<\/p>\n<p>Entre os conte\u00fados divulgados recentemente, constam mensagens enviadas a Epstein entre 2013 e 2015, que sugerem refer\u00eancias a jovens mulheres. Al\u00e9m disso, h\u00e1 mensagens de 2009 que referem v\u00eddeos de conte\u00fados perturbadores. As comunica\u00e7\u00f5es s\u00e3o apresentadas como indicativos de uma rede de contatos pr\u00f3ximos ao empres\u00e1rio, envolvendo alegadas atividades il\u00edcitas.<\/p>\n<p>A divulga\u00e7\u00e3o ocorreu no m\u00eas passado, segundo a imprensa, e est\u00e1 a intensificar a press\u00e3o sobre autoridades e institui\u00e7\u00f5es que j\u00e1 estudam o caso. V\u00e1rias personalidades p\u00fablicas negam qualquer ilegalidade, mantendo que n\u00e3o h\u00e1 provas suficientes para sustentar acusa\u00e7\u00f5es formais.<\/p>\n<h3>Contexto e implica\u00e7\u00f5es<\/h3>\n<p>A an\u00e1lise dos documentos aponta para uma rede de favorecimento e exist\u00eancia de estruturas de prote\u00e7\u00e3o. Diversas autoridades judiciais e investigadores atuais ou reformados afirmam manter a linha de investiga\u00e7\u00e3o em aberto, com buscas por novas evid\u00eancias e testemunhos.<\/p>\n<p>Especialistas em direito e seguran\u00e7a descrevem o material como crucial para entender a amplitude da alegada rede. Observadores ressaltam a necessidade de apurar responsabilidades, independentemente do estatuto social ou pol\u00edtico das pessoas envolvidas. O caso continua a evoluir \u00e0 medida que surgem novas informa\u00e7\u00f5es.<\/p>\n","protected":false},"excerpt":{"rendered":"<ul>\n<li>Milh\u00f5es de ficheiros exp\u00f5em uma rede de explora\u00e7\u00e3o e impunidade com tent\u00e1culos que chegam a n\u00edveis altos do poder global.<\/li>\n<li>O material inclui fotos e emails em que personalidades pol\u00edticas negam quaisquer ilegalidades.<\/li>\n<li>As comunica\u00e7\u00f5es revelam descri\u00e7\u00f5es e refer\u00eancias a menores, evidenciando o conte\u00fado partilhado.<\/li>\n<li>As divulga\u00e7\u00f5es ocorreram no \u00faltimo m\u00eas, gerando reac\u00e7\u00f5es de desmentido por parte dos alegados implicados.<\/li>\n<li>As autoridades continuam a analisar o material para esclarecer responsabilidades e liga\u00e7\u00f5es a redes de abuso.<\/li>\n<\/ul>\n","protected":false},"author":2,"featured_media":213073,"comment_status":"closed","ping_status":"closed","sticky":false,"template":"","format":"standard","meta":{"footnotes":""},"categories":[1],"tags":[177,3990,2221,215,5108,27],"class_list":["post-213071","post","type-post","status-publish","format-standard","has-post-thumbnail","hentry","category-noticias","tag-crimes","tag-crimes-sexuais","tag-exploracao-de-menores-dependente-ou-em-situacao-vulneravel","tag-investigacao","tag-poder-publico","tag-relacoes-internacionais"],"yoast_head":"<!-- This site is optimized with the Yoast SEO plugin v27.2 - https:\/\/yoast.com\/product\/yoast-seo-wordpress\/ -->\n<title>Rede ligada a Epstein envolve poder, alega\u00e7\u00f5es de abuso - Portal Tela Portugal<\/title>\n<meta name=\"robots\" content=\"index, follow, max-snippet:-1, max-image-preview:large, max-video-preview:-1\" \/>\n<meta property=\"og:locale\" content=\"pt_PT\" \/>\n<meta property=\"og:type\" content=\"article\" \/>\n<meta property=\"og:title\" content=\"Rede ligada a Epstein envolve poder, alega\u00e7\u00f5es de abuso - Portal Tela Portugal\" \/>\n<meta property=\"og:description\" content=\"Milh\u00f5es de ficheiros exp\u00f5em uma rede de explora\u00e7\u00e3o e impunidade com tent\u00e1culos que chegam a n\u00edveis altos do poder global. O material inclui fotos e emails em que personalidades pol\u00edticas negam quaisquer ilegalidades. As comunica\u00e7\u00f5es revelam descri\u00e7\u00f5es e refer\u00eancias a menores, evidenciando o conte\u00fado partilhado. As divulga\u00e7\u00f5es ocorreram no \u00faltimo m\u00eas, gerando reac\u00e7\u00f5es de desmentido por parte dos alegados implicados. As autoridades continuam a analisar o material para esclarecer responsabilidades e liga\u00e7\u00f5es a redes de abuso.\" \/>\n<meta property=\"og:url\" content=\"https:\/\/portaltela.pt\/noticias\/2026\/02\/15\/rede-ligada-a-epstein-envolve-poder-alegacoes-de-abuso\/\" \/>\n<meta property=\"og:site_name\" content=\"Portal Tela Portugal\" \/>\n<meta property=\"article:published_time\" content=\"2026-02-15T08:26:00+00:00\" \/>\n<meta name=\"author\" content=\"Telinha\" \/>\n<meta name=\"twitter:card\" content=\"summary_large_image\" \/>\n<meta name=\"twitter:label1\" content=\"Escrito por\" \/>\n\t<meta name=\"twitter:data1\" content=\"Telinha\" \/>\n\t<meta name=\"twitter:label2\" content=\"Tempo estimado de leitura\" \/>\n\t<meta name=\"twitter:data2\" content=\"1 minuto\" \/>\n<script type=\"application\/ld+json\" class=\"yoast-schema-graph\">{\"@context\":\"https:\/\/schema.org\",\"@graph\":[{\"@type\":\"Article\",\"@id\":\"https:\/\/portaltela.pt\/noticias\/2026\/02\/15\/rede-ligada-a-epstein-envolve-poder-alegacoes-de-abuso\/#article\",\"isPartOf\":{\"@id\":\"https:\/\/portaltela.pt\/noticias\/2026\/02\/15\/rede-ligada-a-epstein-envolve-poder-alegacoes-de-abuso\/\"},\"author\":{\"name\":\"Telinha\",\"@id\":\"https:\/\/portaltela.pt\/#\/schema\/person\/c4278d4a6028830caff9ee44b42d32ed\"},\"headline\":\"Rede ligada a Epstein envolve poder, alega\u00e7\u00f5es de abuso\",\"datePublished\":\"2026-02-15T08:26:00+00:00\",\"mainEntityOfPage\":{\"@id\":\"https:\/\/portaltela.pt\/noticias\/2026\/02\/15\/rede-ligada-a-epstein-envolve-poder-alegacoes-de-abuso\/\"},\"wordCount\":272,\"image\":{\"@id\":\"https:\/\/portaltela.pt\/noticias\/2026\/02\/15\/rede-ligada-a-epstein-envolve-poder-alegacoes-de-abuso\/#primaryimage\"},\"thumbnailUrl\":\"https:\/\/portaltela.pt\/s.01k8rhncp4jt1\/2026\/02\/image-1157.jpg\",\"keywords\":[\"crimes\",\"crimes sexuais\",\"explora\u00e7\u00e3o de menores dependente ou em situa\u00e7\u00e3o vulner\u00e1vel\",\"investiga\u00e7\u00e3o\",\"poder p\u00fablico\",\"rela\u00e7\u00f5es internacionais\"],\"articleSection\":[\"Not\u00edcias\"],\"inLanguage\":\"pt-PT\"},{\"@type\":\"WebPage\",\"@id\":\"https:\/\/portaltela.pt\/noticias\/2026\/02\/15\/rede-ligada-a-epstein-envolve-poder-alegacoes-de-abuso\/\",\"url\":\"https:\/\/portaltela.pt\/noticias\/2026\/02\/15\/rede-ligada-a-epstein-envolve-poder-alegacoes-de-abuso\/\",\"name\":\"Rede ligada a Epstein envolve poder, alega\u00e7\u00f5es de abuso - Portal Tela Portugal\",\"isPartOf\":{\"@id\":\"https:\/\/portaltela.pt\/#website\"},\"primaryImageOfPage\":{\"@id\":\"https:\/\/portaltela.pt\/noticias\/2026\/02\/15\/rede-ligada-a-epstein-envolve-poder-alegacoes-de-abuso\/#primaryimage\"},\"image\":{\"@id\":\"https:\/\/portaltela.pt\/noticias\/2026\/02\/15\/rede-ligada-a-epstein-envolve-poder-alegacoes-de-abuso\/#primaryimage\"},\"thumbnailUrl\":\"https:\/\/portaltela.pt\/s.01k8rhncp4jt1\/2026\/02\/image-1157.jpg\",\"datePublished\":\"2026-02-15T08:26:00+00:00\",\"author\":{\"@id\":\"https:\/\/portaltela.pt\/#\/schema\/person\/c4278d4a6028830caff9ee44b42d32ed\"},\"breadcrumb\":{\"@id\":\"https:\/\/portaltela.pt\/noticias\/2026\/02\/15\/rede-ligada-a-epstein-envolve-poder-alegacoes-de-abuso\/#breadcrumb\"},\"inLanguage\":\"pt-PT\",\"potentialAction\":[{\"@type\":\"ReadAction\",\"target\":[\"https:\/\/portaltela.pt\/noticias\/2026\/02\/15\/rede-ligada-a-epstein-envolve-poder-alegacoes-de-abuso\/\"]}]},{\"@type\":\"ImageObject\",\"inLanguage\":\"pt-PT\",\"@id\":\"https:\/\/portaltela.pt\/noticias\/2026\/02\/15\/rede-ligada-a-epstein-envolve-poder-alegacoes-de-abuso\/#primaryimage\",\"url\":\"https:\/\/portaltela.pt\/s.01k8rhncp4jt1\/2026\/02\/image-1157.jpg\",\"contentUrl\":\"https:\/\/portaltela.pt\/s.01k8rhncp4jt1\/2026\/02\/image-1157.jpg\",\"width\":796,\"height\":448,\"caption\":\"Multimilion\u00e1rio Jeffrey Epstein, falecido em 2019, tinha liga\u00e7\u00f5es com a elite pol\u00edtica, financeira e social\"},{\"@type\":\"BreadcrumbList\",\"@id\":\"https:\/\/portaltela.pt\/noticias\/2026\/02\/15\/rede-ligada-a-epstein-envolve-poder-alegacoes-de-abuso\/#breadcrumb\",\"itemListElement\":[{\"@type\":\"ListItem\",\"position\":1,\"name\":\"In\u00edcio\",\"item\":\"https:\/\/portaltela.pt\/\"},{\"@type\":\"ListItem\",\"position\":2,\"name\":\"Rede ligada a Epstein envolve poder, alega\u00e7\u00f5es de abuso\"}]},{\"@type\":\"WebSite\",\"@id\":\"https:\/\/portaltela.pt\/#website\",\"url\":\"https:\/\/portaltela.pt\/\",\"name\":\"Portal Tela Portugal\",\"description\":\"\",\"potentialAction\":[{\"@type\":\"SearchAction\",\"target\":{\"@type\":\"EntryPoint\",\"urlTemplate\":\"https:\/\/portaltela.pt\/?s={search_term_string}\"},\"query-input\":{\"@type\":\"PropertyValueSpecification\",\"valueRequired\":true,\"valueName\":\"search_term_string\"}}],\"inLanguage\":\"pt-PT\"},{\"@type\":\"Person\",\"@id\":\"https:\/\/portaltela.pt\/#\/schema\/person\/c4278d4a6028830caff9ee44b42d32ed\",\"name\":\"Telinha\",\"image\":{\"@type\":\"ImageObject\",\"inLanguage\":\"pt-PT\",\"@id\":\"https:\/\/portaltela.pt\/s.01k8rhncp4jt1\/2025\/11\/talking-bot-125x125.png\",\"url\":\"https:\/\/portaltela.pt\/s.01k8rhncp4jt1\/2025\/11\/talking-bot-125x125.png\",\"contentUrl\":\"https:\/\/portaltela.pt\/s.01k8rhncp4jt1\/2025\/11\/talking-bot-125x125.png\",\"caption\":\"Telinha\"},\"sameAs\":[\"https:\/\/portaltela.pt\/\"],\"url\":\"https:\/\/portaltela.pt\/por\/367410592786\/\"}]}<\/script>\n<!-- \/ Yoast SEO plugin. -->","yoast_head_json":{"title":"Rede ligada a Epstein envolve poder, alega\u00e7\u00f5es de abuso - Portal Tela Portugal","robots":{"index":"index","follow":"follow","max-snippet":"max-snippet:-1","max-image-preview":"max-image-preview:large","max-video-preview":"max-video-preview:-1"},"og_locale":"pt_PT","og_type":"article","og_title":"Rede ligada a Epstein envolve poder, alega\u00e7\u00f5es de abuso - Portal Tela Portugal","og_description":"Milh\u00f5es de ficheiros exp\u00f5em uma rede de explora\u00e7\u00e3o e impunidade com tent\u00e1culos que chegam a n\u00edveis altos do poder global. O material inclui fotos e emails em que personalidades pol\u00edticas negam quaisquer ilegalidades. As comunica\u00e7\u00f5es revelam descri\u00e7\u00f5es e refer\u00eancias a menores, evidenciando o conte\u00fado partilhado. As divulga\u00e7\u00f5es ocorreram no \u00faltimo m\u00eas, gerando reac\u00e7\u00f5es de desmentido por parte dos alegados implicados. As autoridades continuam a analisar o material para esclarecer responsabilidades e liga\u00e7\u00f5es a redes de abuso.","og_url":"https:\/\/portaltela.pt\/noticias\/2026\/02\/15\/rede-ligada-a-epstein-envolve-poder-alegacoes-de-abuso\/","og_site_name":"Portal Tela Portugal","article_published_time":"2026-02-15T08:26:00+00:00","author":"Telinha","twitter_card":"summary_large_image","twitter_misc":{"Escrito por":"Telinha","Tempo estimado de leitura":"1 minuto"},"schema":{"@context":"https:\/\/schema.org","@graph":[{"@type":"Article","@id":"https:\/\/portaltela.pt\/noticias\/2026\/02\/15\/rede-ligada-a-epstein-envolve-poder-alegacoes-de-abuso\/#article","isPartOf":{"@id":"https:\/\/portaltela.pt\/noticias\/2026\/02\/15\/rede-ligada-a-epstein-envolve-poder-alegacoes-de-abuso\/"},"author":{"name":"Telinha","@id":"https:\/\/portaltela.pt\/#\/schema\/person\/c4278d4a6028830caff9ee44b42d32ed"},"headline":"Rede ligada a Epstein envolve poder, alega\u00e7\u00f5es de abuso","datePublished":"2026-02-15T08:26:00+00:00","mainEntityOfPage":{"@id":"https:\/\/portaltela.pt\/noticias\/2026\/02\/15\/rede-ligada-a-epstein-envolve-poder-alegacoes-de-abuso\/"},"wordCount":272,"image":{"@id":"https:\/\/portaltela.pt\/noticias\/2026\/02\/15\/rede-ligada-a-epstein-envolve-poder-alegacoes-de-abuso\/#primaryimage"},"thumbnailUrl":"https:\/\/portaltela.pt\/s.01k8rhncp4jt1\/2026\/02\/image-1157.jpg","keywords":["crimes","crimes sexuais","explora\u00e7\u00e3o de menores dependente ou em situa\u00e7\u00e3o vulner\u00e1vel","investiga\u00e7\u00e3o","poder p\u00fablico","rela\u00e7\u00f5es internacionais"],"articleSection":["Not\u00edcias"],"inLanguage":"pt-PT"},{"@type":"WebPage","@id":"https:\/\/portaltela.pt\/noticias\/2026\/02\/15\/rede-ligada-a-epstein-envolve-poder-alegacoes-de-abuso\/","url":"https:\/\/portaltela.pt\/noticias\/2026\/02\/15\/rede-ligada-a-epstein-envolve-poder-alegacoes-de-abuso\/","name":"Rede ligada a Epstein envolve poder, alega\u00e7\u00f5es de abuso - Portal Tela Portugal","isPartOf":{"@id":"https:\/\/portaltela.pt\/#website"},"primaryImageOfPage":{"@id":"https:\/\/portaltela.pt\/noticias\/2026\/02\/15\/rede-ligada-a-epstein-envolve-poder-alegacoes-de-abuso\/#primaryimage"},"image":{"@id":"https:\/\/portaltela.pt\/noticias\/2026\/02\/15\/rede-ligada-a-epstein-envolve-poder-alegacoes-de-abuso\/#primaryimage"},"thumbnailUrl":"https:\/\/portaltela.pt\/s.01k8rhncp4jt1\/2026\/02\/image-1157.jpg","datePublished":"2026-02-15T08:26:00+00:00","author":{"@id":"https:\/\/portaltela.pt\/#\/schema\/person\/c4278d4a6028830caff9ee44b42d32ed"},"breadcrumb":{"@id":"https:\/\/portaltela.pt\/noticias\/2026\/02\/15\/rede-ligada-a-epstein-envolve-poder-alegacoes-de-abuso\/#breadcrumb"},"inLanguage":"pt-PT","potentialAction":[{"@type":"ReadAction","target":["https:\/\/portaltela.pt\/noticias\/2026\/02\/15\/rede-ligada-a-epstein-envolve-poder-alegacoes-de-abuso\/"]}]},{"@type":"ImageObject","inLanguage":"pt-PT","@id":"https:\/\/portaltela.pt\/noticias\/2026\/02\/15\/rede-ligada-a-epstein-envolve-poder-alegacoes-de-abuso\/#primaryimage","url":"https:\/\/portaltela.pt\/s.01k8rhncp4jt1\/2026\/02\/image-1157.jpg","contentUrl":"https:\/\/portaltela.pt\/s.01k8rhncp4jt1\/2026\/02\/image-1157.jpg","width":796,"height":448,"caption":"Multimilion\u00e1rio Jeffrey Epstein, falecido em 2019, tinha liga\u00e7\u00f5es com a elite pol\u00edtica, financeira e social"},{"@type":"BreadcrumbList","@id":"https:\/\/portaltela.pt\/noticias\/2026\/02\/15\/rede-ligada-a-epstein-envolve-poder-alegacoes-de-abuso\/#breadcrumb","itemListElement":[{"@type":"ListItem","position":1,"name":"In\u00edcio","item":"https:\/\/portaltela.pt\/"},{"@type":"ListItem","position":2,"name":"Rede ligada a Epstein envolve poder, alega\u00e7\u00f5es de abuso"}]},{"@type":"WebSite","@id":"https:\/\/portaltela.pt\/#website","url":"https:\/\/portaltela.pt\/","name":"Portal Tela Portugal","description":"","potentialAction":[{"@type":"SearchAction","target":{"@type":"EntryPoint","urlTemplate":"https:\/\/portaltela.pt\/?s={search_term_string}"},"query-input":{"@type":"PropertyValueSpecification","valueRequired":true,"valueName":"search_term_string"}}],"inLanguage":"pt-PT"},{"@type":"Person","@id":"https:\/\/portaltela.pt\/#\/schema\/person\/c4278d4a6028830caff9ee44b42d32ed","name":"Telinha","image":{"@type":"ImageObject","inLanguage":"pt-PT","@id":"https:\/\/portaltela.pt\/s.01k8rhncp4jt1\/2025\/11\/talking-bot-125x125.png","url":"https:\/\/portaltela.pt\/s.01k8rhncp4jt1\/2025\/11\/talking-bot-125x125.png","contentUrl":"https:\/\/portaltela.pt\/s.01k8rhncp4jt1\/2025\/11\/talking-bot-125x125.png","caption":"Telinha"},"sameAs":["https:\/\/portaltela.pt\/"],"url":"https:\/\/portaltela.pt\/por\/367410592786\/"}]}},"_links":{"self":[{"href":"https:\/\/portaltela.pt\/api\/wp\/v2\/posts\/213071","targetHints":{"allow":["GET"]}}],"collection":[{"href":"https:\/\/portaltela.pt\/api\/wp\/v2\/posts"}],"about":[{"href":"https:\/\/portaltela.pt\/api\/wp\/v2\/types\/post"}],"author":[{"embeddable":true,"href":"https:\/\/portaltela.pt\/api\/wp\/v2\/users\/2"}],"replies":[{"embeddable":true,"href":"https:\/\/portaltela.pt\/api\/wp\/v2\/comments?post=213071"}],"version-history":[{"count":0,"href":"https:\/\/portaltela.pt\/api\/wp\/v2\/posts\/213071\/revisions"}],"wp:featuredmedia":[{"embeddable":true,"href":"https:\/\/portaltela.pt\/api\/wp\/v2\/media\/213073"}],"wp:attachment":[{"href":"https:\/\/portaltela.pt\/api\/wp\/v2\/media?parent=213071"}],"wp:term":[{"taxonomy":"category","embeddable":true,"href":"https:\/\/portaltela.pt\/api\/wp\/v2\/categories?post=213071"},{"taxonomy":"post_tag","embeddable":true,"href":"https:\/\/portaltela.pt\/api\/wp\/v2\/tags?post=213071"}],"curies":[{"name":"wp","href":"https:\/\/api.w.org\/{rel}","templated":true}]}}