{"id":213061,"date":"2026-02-15T05:20:00","date_gmt":"2026-02-15T08:20:00","guid":{"rendered":"https:\/\/portaltela.pt\/noticias\/2026\/02\/15\/menor-de-salvador-vai-ao-estadio-de-leiria-buscar-comida-e-fica-voluntario\/"},"modified":"2026-02-15T05:20:00","modified_gmt":"2026-02-15T08:20:00","slug":"menor-de-salvador-vai-ao-estadio-de-leiria-buscar-comida-e-fica-voluntario","status":"publish","type":"post","link":"https:\/\/portaltela.pt\/noticias\/2026\/02\/15\/menor-de-salvador-vai-ao-estadio-de-leiria-buscar-comida-e-fica-voluntario\/","title":{"rendered":"Menor de Salvador vai ao Est\u00e1dio de Leiria buscar comida e fica volunt\u00e1rio"},"content":{"rendered":"<p>Salvador Santos,8 anos, residente na Maceira, abriu-se ao voluntariado depois de acompanhar a m\u00e3e ao Est\u00e1dio Municipal de Leiria para buscar alimentos. Na madrugada de 28 de janeiro, a tempestade Kristin causou estragos, levando a fam\u00edlia a procurar apoio social.<\/p>\n<p>No est\u00e1dio, o jovem integra um ponto de entrega e doa\u00e7\u00e3o de bens essenciais como alimentos, artigos de higiene, roupa e cobertores. O espa\u00e7o junto \u00e0 porta 10 funciona como um armaz\u00e9m de apoio para quem ficou sem recursos.<\/p>\n<p>No quarto dia de trabalho, Salvador dedicava-se a preparar sacos com seis batatas cada, para distribuir entre quem ainda est\u00e1 a reerguer-se dos danos provocados pela intemp\u00e9rie.<\/p>\n<h3>Ponto de entrega em Leiria<\/h3>\n<p>O local tem reunido volunt\u00e1rios que ajudam a organizar a distribui\u00e7\u00e3o de bens. A iniciativa visa facilitar o acesso a recursos b\u00e1sicos para as fam\u00edlias afetadas pela tempestade Kristin.<\/p>\n","protected":false},"excerpt":{"rendered":"<ul>\n<li>Salvador Santos, 8 anos, \u00e9 volunt\u00e1rio num ponto de entrega no Est\u00e1dio Municipal de Leiria.<\/li>\n<li>Residente na Maceira, foi buscar alimentos com a m\u00e3e e pediu para ajudar.<\/li>\n<li>O local serve de armaz\u00e9m de bens alimentares, higiene, roupa e cobertores para quem ficou sem algo ap\u00f3s a tempestade Kristin.<\/li>\n<li>No quarto dia de atividade, o menor j\u00e1 colocava seis batatas em cada saco para distribuir.<\/li>\n<li>A opera\u00e7\u00e3o acontece na porta 10 do est\u00e1dio, onde h\u00e1 pessoas a aguardar h\u00e1 v\u00e1rias horas.<\/li>\n<\/ul>\n","protected":false},"author":2,"featured_media":213070,"comment_status":"closed","ping_status":"closed","sticky":false,"template":"","format":"standard","meta":{"footnotes":""},"categories":[1],"tags":[5747,2172,5215,1385,2318,3266],"class_list":["post-213061","post","type-post","status-publish","format-standard","has-post-thumbnail","hentry","category-noticias","tag-ajuda-humanitaria","tag-assistencia-social","tag-catastrofes-naturais","tag-leiria","tag-sociedade","tag-voluntariado-apoiado"],"yoast_head":"<!-- This site is optimized with the Yoast SEO plugin v27.2 - https:\/\/yoast.com\/product\/yoast-seo-wordpress\/ -->\n<title>Menor de Salvador vai ao Est\u00e1dio de Leiria buscar comida e fica volunt\u00e1rio - Portal Tela Portugal<\/title>\n<meta name=\"robots\" content=\"index, follow, max-snippet:-1, max-image-preview:large, max-video-preview:-1\" \/>\n<meta property=\"og:locale\" content=\"pt_PT\" \/>\n<meta property=\"og:type\" content=\"article\" \/>\n<meta property=\"og:title\" content=\"Menor de Salvador vai ao Est\u00e1dio de Leiria buscar comida e fica volunt\u00e1rio - Portal Tela Portugal\" \/>\n<meta property=\"og:description\" content=\"Salvador Santos, 8 anos, \u00e9 volunt\u00e1rio num ponto de entrega no Est\u00e1dio Municipal de Leiria. Residente na Maceira, foi buscar alimentos com a m\u00e3e e pediu para ajudar. O local serve de armaz\u00e9m de bens alimentares, higiene, roupa e cobertores para quem ficou sem algo ap\u00f3s a tempestade Kristin. No quarto dia de atividade, o menor j\u00e1 colocava seis batatas em cada saco para distribuir. A opera\u00e7\u00e3o acontece na porta 10 do est\u00e1dio, onde h\u00e1 pessoas a aguardar h\u00e1 v\u00e1rias horas.\" \/>\n<meta property=\"og:url\" content=\"https:\/\/portaltela.pt\/noticias\/2026\/02\/15\/menor-de-salvador-vai-ao-estadio-de-leiria-buscar-comida-e-fica-voluntario\/\" \/>\n<meta property=\"og:site_name\" content=\"Portal Tela Portugal\" \/>\n<meta property=\"article:published_time\" content=\"2026-02-15T08:20:00+00:00\" \/>\n<meta name=\"author\" content=\"Telinha\" \/>\n<meta name=\"twitter:card\" content=\"summary_large_image\" \/>\n<meta name=\"twitter:label1\" content=\"Escrito por\" \/>\n\t<meta name=\"twitter:data1\" content=\"Telinha\" \/>\n\t<meta name=\"twitter:label2\" content=\"Tempo estimado de leitura\" \/>\n\t<meta name=\"twitter:data2\" content=\"1 minuto\" \/>\n<script type=\"application\/ld+json\" class=\"yoast-schema-graph\">{\"@context\":\"https:\/\/schema.org\",\"@graph\":[{\"@type\":\"Article\",\"@id\":\"https:\/\/portaltela.pt\/noticias\/2026\/02\/15\/menor-de-salvador-vai-ao-estadio-de-leiria-buscar-comida-e-fica-voluntario\/#article\",\"isPartOf\":{\"@id\":\"https:\/\/portaltela.pt\/noticias\/2026\/02\/15\/menor-de-salvador-vai-ao-estadio-de-leiria-buscar-comida-e-fica-voluntario\/\"},\"author\":{\"name\":\"Telinha\",\"@id\":\"https:\/\/portaltela.pt\/#\/schema\/person\/c4278d4a6028830caff9ee44b42d32ed\"},\"headline\":\"Menor de Salvador vai ao Est\u00e1dio de Leiria buscar comida e fica volunt\u00e1rio\",\"datePublished\":\"2026-02-15T08:20:00+00:00\",\"mainEntityOfPage\":{\"@id\":\"https:\/\/portaltela.pt\/noticias\/2026\/02\/15\/menor-de-salvador-vai-ao-estadio-de-leiria-buscar-comida-e-fica-voluntario\/\"},\"wordCount\":164,\"image\":{\"@id\":\"https:\/\/portaltela.pt\/noticias\/2026\/02\/15\/menor-de-salvador-vai-ao-estadio-de-leiria-buscar-comida-e-fica-voluntario\/#primaryimage\"},\"thumbnailUrl\":\"https:\/\/portaltela.pt\/s.01k8rhncp4jt1\/2026\/02\/image-52.webp\",\"keywords\":[\"ajuda humanit\u00e1ria\",\"assist\u00eancia social\",\"cat\u00e1strofes naturais\",\"Leiria\",\"sociedade\",\"Voluntariado Apoiado\"],\"articleSection\":[\"Not\u00edcias\"],\"inLanguage\":\"pt-PT\"},{\"@type\":\"WebPage\",\"@id\":\"https:\/\/portaltela.pt\/noticias\/2026\/02\/15\/menor-de-salvador-vai-ao-estadio-de-leiria-buscar-comida-e-fica-voluntario\/\",\"url\":\"https:\/\/portaltela.pt\/noticias\/2026\/02\/15\/menor-de-salvador-vai-ao-estadio-de-leiria-buscar-comida-e-fica-voluntario\/\",\"name\":\"Menor de Salvador vai ao Est\u00e1dio de Leiria buscar comida e fica volunt\u00e1rio - Portal Tela Portugal\",\"isPartOf\":{\"@id\":\"https:\/\/portaltela.pt\/#website\"},\"primaryImageOfPage\":{\"@id\":\"https:\/\/portaltela.pt\/noticias\/2026\/02\/15\/menor-de-salvador-vai-ao-estadio-de-leiria-buscar-comida-e-fica-voluntario\/#primaryimage\"},\"image\":{\"@id\":\"https:\/\/portaltela.pt\/noticias\/2026\/02\/15\/menor-de-salvador-vai-ao-estadio-de-leiria-buscar-comida-e-fica-voluntario\/#primaryimage\"},\"thumbnailUrl\":\"https:\/\/portaltela.pt\/s.01k8rhncp4jt1\/2026\/02\/image-52.webp\",\"datePublished\":\"2026-02-15T08:20:00+00:00\",\"author\":{\"@id\":\"https:\/\/portaltela.pt\/#\/schema\/person\/c4278d4a6028830caff9ee44b42d32ed\"},\"breadcrumb\":{\"@id\":\"https:\/\/portaltela.pt\/noticias\/2026\/02\/15\/menor-de-salvador-vai-ao-estadio-de-leiria-buscar-comida-e-fica-voluntario\/#breadcrumb\"},\"inLanguage\":\"pt-PT\",\"potentialAction\":[{\"@type\":\"ReadAction\",\"target\":[\"https:\/\/portaltela.pt\/noticias\/2026\/02\/15\/menor-de-salvador-vai-ao-estadio-de-leiria-buscar-comida-e-fica-voluntario\/\"]}]},{\"@type\":\"ImageObject\",\"inLanguage\":\"pt-PT\",\"@id\":\"https:\/\/portaltela.pt\/noticias\/2026\/02\/15\/menor-de-salvador-vai-ao-estadio-de-leiria-buscar-comida-e-fica-voluntario\/#primaryimage\",\"url\":\"https:\/\/portaltela.pt\/s.01k8rhncp4jt1\/2026\/02\/image-52.webp\",\"contentUrl\":\"https:\/\/portaltela.pt\/s.01k8rhncp4jt1\/2026\/02\/image-52.webp\",\"width\":1200,\"height\":799,\"caption\":\"Salvador Santos, estudante de oito anos, \u00e9 um dos volunt\u00e1rios mais novos\"},{\"@type\":\"BreadcrumbList\",\"@id\":\"https:\/\/portaltela.pt\/noticias\/2026\/02\/15\/menor-de-salvador-vai-ao-estadio-de-leiria-buscar-comida-e-fica-voluntario\/#breadcrumb\",\"itemListElement\":[{\"@type\":\"ListItem\",\"position\":1,\"name\":\"In\u00edcio\",\"item\":\"https:\/\/portaltela.pt\/\"},{\"@type\":\"ListItem\",\"position\":2,\"name\":\"Menor de Salvador vai ao Est\u00e1dio de Leiria buscar comida e fica volunt\u00e1rio\"}]},{\"@type\":\"WebSite\",\"@id\":\"https:\/\/portaltela.pt\/#website\",\"url\":\"https:\/\/portaltela.pt\/\",\"name\":\"Portal Tela Portugal\",\"description\":\"\",\"potentialAction\":[{\"@type\":\"SearchAction\",\"target\":{\"@type\":\"EntryPoint\",\"urlTemplate\":\"https:\/\/portaltela.pt\/?s={search_term_string}\"},\"query-input\":{\"@type\":\"PropertyValueSpecification\",\"valueRequired\":true,\"valueName\":\"search_term_string\"}}],\"inLanguage\":\"pt-PT\"},{\"@type\":\"Person\",\"@id\":\"https:\/\/portaltela.pt\/#\/schema\/person\/c4278d4a6028830caff9ee44b42d32ed\",\"name\":\"Telinha\",\"image\":{\"@type\":\"ImageObject\",\"inLanguage\":\"pt-PT\",\"@id\":\"https:\/\/portaltela.pt\/s.01k8rhncp4jt1\/2025\/11\/talking-bot-125x125.png\",\"url\":\"https:\/\/portaltela.pt\/s.01k8rhncp4jt1\/2025\/11\/talking-bot-125x125.png\",\"contentUrl\":\"https:\/\/portaltela.pt\/s.01k8rhncp4jt1\/2025\/11\/talking-bot-125x125.png\",\"caption\":\"Telinha\"},\"sameAs\":[\"https:\/\/portaltela.pt\/\"],\"url\":\"https:\/\/portaltela.pt\/por\/367410592786\/\"}]}<\/script>\n<!-- \/ Yoast SEO plugin. -->","yoast_head_json":{"title":"Menor de Salvador vai ao Est\u00e1dio de Leiria buscar comida e fica volunt\u00e1rio - Portal Tela Portugal","robots":{"index":"index","follow":"follow","max-snippet":"max-snippet:-1","max-image-preview":"max-image-preview:large","max-video-preview":"max-video-preview:-1"},"og_locale":"pt_PT","og_type":"article","og_title":"Menor de Salvador vai ao Est\u00e1dio de Leiria buscar comida e fica volunt\u00e1rio - Portal Tela Portugal","og_description":"Salvador Santos, 8 anos, \u00e9 volunt\u00e1rio num ponto de entrega no Est\u00e1dio Municipal de Leiria. Residente na Maceira, foi buscar alimentos com a m\u00e3e e pediu para ajudar. O local serve de armaz\u00e9m de bens alimentares, higiene, roupa e cobertores para quem ficou sem algo ap\u00f3s a tempestade Kristin. No quarto dia de atividade, o menor j\u00e1 colocava seis batatas em cada saco para distribuir. A opera\u00e7\u00e3o acontece na porta 10 do est\u00e1dio, onde h\u00e1 pessoas a aguardar h\u00e1 v\u00e1rias horas.","og_url":"https:\/\/portaltela.pt\/noticias\/2026\/02\/15\/menor-de-salvador-vai-ao-estadio-de-leiria-buscar-comida-e-fica-voluntario\/","og_site_name":"Portal Tela Portugal","article_published_time":"2026-02-15T08:20:00+00:00","author":"Telinha","twitter_card":"summary_large_image","twitter_misc":{"Escrito por":"Telinha","Tempo estimado de leitura":"1 minuto"},"schema":{"@context":"https:\/\/schema.org","@graph":[{"@type":"Article","@id":"https:\/\/portaltela.pt\/noticias\/2026\/02\/15\/menor-de-salvador-vai-ao-estadio-de-leiria-buscar-comida-e-fica-voluntario\/#article","isPartOf":{"@id":"https:\/\/portaltela.pt\/noticias\/2026\/02\/15\/menor-de-salvador-vai-ao-estadio-de-leiria-buscar-comida-e-fica-voluntario\/"},"author":{"name":"Telinha","@id":"https:\/\/portaltela.pt\/#\/schema\/person\/c4278d4a6028830caff9ee44b42d32ed"},"headline":"Menor de Salvador vai ao Est\u00e1dio de Leiria buscar comida e fica volunt\u00e1rio","datePublished":"2026-02-15T08:20:00+00:00","mainEntityOfPage":{"@id":"https:\/\/portaltela.pt\/noticias\/2026\/02\/15\/menor-de-salvador-vai-ao-estadio-de-leiria-buscar-comida-e-fica-voluntario\/"},"wordCount":164,"image":{"@id":"https:\/\/portaltela.pt\/noticias\/2026\/02\/15\/menor-de-salvador-vai-ao-estadio-de-leiria-buscar-comida-e-fica-voluntario\/#primaryimage"},"thumbnailUrl":"https:\/\/portaltela.pt\/s.01k8rhncp4jt1\/2026\/02\/image-52.webp","keywords":["ajuda humanit\u00e1ria","assist\u00eancia social","cat\u00e1strofes naturais","Leiria","sociedade","Voluntariado Apoiado"],"articleSection":["Not\u00edcias"],"inLanguage":"pt-PT"},{"@type":"WebPage","@id":"https:\/\/portaltela.pt\/noticias\/2026\/02\/15\/menor-de-salvador-vai-ao-estadio-de-leiria-buscar-comida-e-fica-voluntario\/","url":"https:\/\/portaltela.pt\/noticias\/2026\/02\/15\/menor-de-salvador-vai-ao-estadio-de-leiria-buscar-comida-e-fica-voluntario\/","name":"Menor de Salvador vai ao Est\u00e1dio de Leiria buscar comida e fica volunt\u00e1rio - Portal Tela Portugal","isPartOf":{"@id":"https:\/\/portaltela.pt\/#website"},"primaryImageOfPage":{"@id":"https:\/\/portaltela.pt\/noticias\/2026\/02\/15\/menor-de-salvador-vai-ao-estadio-de-leiria-buscar-comida-e-fica-voluntario\/#primaryimage"},"image":{"@id":"https:\/\/portaltela.pt\/noticias\/2026\/02\/15\/menor-de-salvador-vai-ao-estadio-de-leiria-buscar-comida-e-fica-voluntario\/#primaryimage"},"thumbnailUrl":"https:\/\/portaltela.pt\/s.01k8rhncp4jt1\/2026\/02\/image-52.webp","datePublished":"2026-02-15T08:20:00+00:00","author":{"@id":"https:\/\/portaltela.pt\/#\/schema\/person\/c4278d4a6028830caff9ee44b42d32ed"},"breadcrumb":{"@id":"https:\/\/portaltela.pt\/noticias\/2026\/02\/15\/menor-de-salvador-vai-ao-estadio-de-leiria-buscar-comida-e-fica-voluntario\/#breadcrumb"},"inLanguage":"pt-PT","potentialAction":[{"@type":"ReadAction","target":["https:\/\/portaltela.pt\/noticias\/2026\/02\/15\/menor-de-salvador-vai-ao-estadio-de-leiria-buscar-comida-e-fica-voluntario\/"]}]},{"@type":"ImageObject","inLanguage":"pt-PT","@id":"https:\/\/portaltela.pt\/noticias\/2026\/02\/15\/menor-de-salvador-vai-ao-estadio-de-leiria-buscar-comida-e-fica-voluntario\/#primaryimage","url":"https:\/\/portaltela.pt\/s.01k8rhncp4jt1\/2026\/02\/image-52.webp","contentUrl":"https:\/\/portaltela.pt\/s.01k8rhncp4jt1\/2026\/02\/image-52.webp","width":1200,"height":799,"caption":"Salvador Santos, estudante de oito anos, \u00e9 um dos volunt\u00e1rios mais novos"},{"@type":"BreadcrumbList","@id":"https:\/\/portaltela.pt\/noticias\/2026\/02\/15\/menor-de-salvador-vai-ao-estadio-de-leiria-buscar-comida-e-fica-voluntario\/#breadcrumb","itemListElement":[{"@type":"ListItem","position":1,"name":"In\u00edcio","item":"https:\/\/portaltela.pt\/"},{"@type":"ListItem","position":2,"name":"Menor de Salvador vai ao Est\u00e1dio de Leiria buscar comida e fica volunt\u00e1rio"}]},{"@type":"WebSite","@id":"https:\/\/portaltela.pt\/#website","url":"https:\/\/portaltela.pt\/","name":"Portal Tela Portugal","description":"","potentialAction":[{"@type":"SearchAction","target":{"@type":"EntryPoint","urlTemplate":"https:\/\/portaltela.pt\/?s={search_term_string}"},"query-input":{"@type":"PropertyValueSpecification","valueRequired":true,"valueName":"search_term_string"}}],"inLanguage":"pt-PT"},{"@type":"Person","@id":"https:\/\/portaltela.pt\/#\/schema\/person\/c4278d4a6028830caff9ee44b42d32ed","name":"Telinha","image":{"@type":"ImageObject","inLanguage":"pt-PT","@id":"https:\/\/portaltela.pt\/s.01k8rhncp4jt1\/2025\/11\/talking-bot-125x125.png","url":"https:\/\/portaltela.pt\/s.01k8rhncp4jt1\/2025\/11\/talking-bot-125x125.png","contentUrl":"https:\/\/portaltela.pt\/s.01k8rhncp4jt1\/2025\/11\/talking-bot-125x125.png","caption":"Telinha"},"sameAs":["https:\/\/portaltela.pt\/"],"url":"https:\/\/portaltela.pt\/por\/367410592786\/"}]}},"_links":{"self":[{"href":"https:\/\/portaltela.pt\/api\/wp\/v2\/posts\/213061","targetHints":{"allow":["GET"]}}],"collection":[{"href":"https:\/\/portaltela.pt\/api\/wp\/v2\/posts"}],"about":[{"href":"https:\/\/portaltela.pt\/api\/wp\/v2\/types\/post"}],"author":[{"embeddable":true,"href":"https:\/\/portaltela.pt\/api\/wp\/v2\/users\/2"}],"replies":[{"embeddable":true,"href":"https:\/\/portaltela.pt\/api\/wp\/v2\/comments?post=213061"}],"version-history":[{"count":0,"href":"https:\/\/portaltela.pt\/api\/wp\/v2\/posts\/213061\/revisions"}],"wp:featuredmedia":[{"embeddable":true,"href":"https:\/\/portaltela.pt\/api\/wp\/v2\/media\/213070"}],"wp:attachment":[{"href":"https:\/\/portaltela.pt\/api\/wp\/v2\/media?parent=213061"}],"wp:term":[{"taxonomy":"category","embeddable":true,"href":"https:\/\/portaltela.pt\/api\/wp\/v2\/categories?post=213061"},{"taxonomy":"post_tag","embeddable":true,"href":"https:\/\/portaltela.pt\/api\/wp\/v2\/tags?post=213061"}],"curies":[{"name":"wp","href":"https:\/\/api.w.org\/{rel}","templated":true}]}}