{"id":213058,"date":"2026-02-15T05:21:00","date_gmt":"2026-02-15T08:21:00","guid":{"rendered":"https:\/\/portaltela.pt\/noticias\/2026\/02\/15\/jorge-castro-aguarda-ha-tres-anos-vaga-no-centro-de-inclusao\/"},"modified":"2026-02-15T05:21:00","modified_gmt":"2026-02-15T08:21:00","slug":"jorge-castro-aguarda-ha-tres-anos-vaga-no-centro-de-inclusao","status":"publish","type":"post","link":"https:\/\/portaltela.pt\/noticias\/2026\/02\/15\/jorge-castro-aguarda-ha-tres-anos-vaga-no-centro-de-inclusao\/","title":{"rendered":"Jorge Castro aguarda h\u00e1 tr\u00eas anos vaga no centro de inclus\u00e3o"},"content":{"rendered":"<p>Jorge Castro aguarda h\u00e1 tr\u00eas anos por uma vaga num Centro de Atividades de Capacita\u00e7\u00e3o e Inclus\u00e3o (CACI). O que se sabe \u00e9 que o pai tem vindo a acompanhar a evolu\u00e7\u00e3o do processo de inclus\u00e3o do filho, que necessita de apoio para alcan\u00e7ar autonomia.<\/p>\n<p>Em junho, o pai realizou uma greve de fome para reivindicar uma vaga para o filho e para mais jovens. Segundo informa\u00e7\u00f5es, o caso ganhou aten\u00e7\u00e3o p\u00fablica devido \u00e0 gravidade da situa\u00e7\u00e3o do jovem, descrito como tendo a maturidade de uma crian\u00e7a num corpo de adulto.<\/p>\n<p>A promessa anunciada pela Seguran\u00e7a Social, no dia da greve, foi de que at\u00e9 dezembro de 2025 haveria lugar para o filho de Jorge Castro e para mais 29 jovens num novo CACI. Abertura do espa\u00e7o estava prevista para j\u00e1, com prazos ajustados.<\/p>\n<h3>Situa\u00e7\u00e3o atual e prazos<\/h3>\n<p>As fam\u00edlias permanecem \u00e0 espera da abertura do CACI, com a previs\u00e3o de conclus\u00e3o at\u00e9 ao final do m\u00eas. A comunidade acompanha o desenrolar do processo e a implementa\u00e7\u00e3o do espa\u00e7o de inclus\u00e3o e capacita\u00e7\u00e3o.<\/p>\n<h3>Desdobramentos e contexto<\/h3>\n<p>A recente promessa envolve um total de 30 vagas, distribu\u00eddas entre os jovens referidos. A administra\u00e7\u00e3o p\u00fablico-privada tem destacado a import\u00e2ncia de assegurar apoios permanentes para a autonomia dos jovens com necessidades especiais.<\/p>\n<h3>O que se sabe at\u00e9 ao momento<\/h3>\n<p>N\u00e3o foi revelada a localiza\u00e7\u00e3o exata do novo centro nem os crit\u00e9rios de sele\u00e7\u00e3o, mas a expectativa \u00e9 de que o espa\u00e7o disponibilize atividades de capacita\u00e7\u00e3o e integra\u00e7\u00e3o social. A situa\u00e7\u00e3o continua sob monitoriza\u00e7\u00e3o das fam\u00edlias e das autoridades competentes.<\/p>\n","protected":false},"excerpt":{"rendered":"<ul>\n<li>Jorge Castro espera h\u00e1 tr\u00eas anos por uma vaga num Centro de Atividades de Capacita\u00e7\u00e3o e Inclus\u00e3o (CACI).<\/li>\n<li>O pai realizou, em junho, uma greve de fome para ver o filho integrado no centro.<\/li>\n<li>O filho, descrito pelo pai como \u201cum menino de tr\u00eas anos no corpo de um jovem de 21\u201d, vive com o temor de n\u00e3o se tornar aut\u00f3nomo.<\/li>\n<li>A Seguran\u00e7a Social prometeu que, at\u00e9 dezembro de 2025, o filho e mais 29 jovens teriam lugar num novo CACI.<\/li>\n<li>A abertura do novo centro estava prevista para o fim deste m\u00eas, segundo as fam\u00edlias.<\/li>\n<\/ul>\n","protected":false},"author":2,"featured_media":213068,"comment_status":"closed","ping_status":"closed","sticky":false,"template":"","format":"standard","meta":{"footnotes":""},"categories":[1],"tags":[5540,1211,4088,148,4074,2737],"class_list":["post-213058","post","type-post","status-publish","format-standard","has-post-thumbnail","hentry","category-noticias","tag-apoio-a-vida-independente","tag-apoio-social","tag-diversidade-acesso-e-inclusao","tag-familias","tag-inclusao-social","tag-pessoas-com-deficiencia"],"yoast_head":"<!-- This site is optimized with the Yoast SEO plugin v27.2 - https:\/\/yoast.com\/product\/yoast-seo-wordpress\/ -->\n<title>Jorge Castro aguarda h\u00e1 tr\u00eas anos vaga no centro de inclus\u00e3o - Portal Tela Portugal<\/title>\n<meta name=\"robots\" content=\"index, follow, max-snippet:-1, max-image-preview:large, max-video-preview:-1\" \/>\n<meta property=\"og:locale\" content=\"pt_PT\" \/>\n<meta property=\"og:type\" content=\"article\" \/>\n<meta property=\"og:title\" content=\"Jorge Castro aguarda h\u00e1 tr\u00eas anos vaga no centro de inclus\u00e3o - Portal Tela Portugal\" \/>\n<meta property=\"og:description\" content=\"Jorge Castro espera h\u00e1 tr\u00eas anos por uma vaga num Centro de Atividades de Capacita\u00e7\u00e3o e Inclus\u00e3o (CACI). O pai realizou, em junho, uma greve de fome para ver o filho integrado no centro. O filho, descrito pelo pai como \u201cum menino de tr\u00eas anos no corpo de um jovem de 21\u201d, vive com o temor de n\u00e3o se tornar aut\u00f3nomo. A Seguran\u00e7a Social prometeu que, at\u00e9 dezembro de 2025, o filho e mais 29 jovens teriam lugar num novo CACI. A abertura do novo centro estava prevista para o fim deste m\u00eas, segundo as fam\u00edlias.\" \/>\n<meta property=\"og:url\" content=\"https:\/\/portaltela.pt\/noticias\/2026\/02\/15\/jorge-castro-aguarda-ha-tres-anos-vaga-no-centro-de-inclusao\/\" \/>\n<meta property=\"og:site_name\" content=\"Portal Tela Portugal\" \/>\n<meta property=\"article:published_time\" content=\"2026-02-15T08:21:00+00:00\" \/>\n<meta name=\"author\" content=\"Telinha\" \/>\n<meta name=\"twitter:card\" content=\"summary_large_image\" \/>\n<meta name=\"twitter:label1\" content=\"Escrito por\" \/>\n\t<meta name=\"twitter:data1\" content=\"Telinha\" \/>\n\t<meta name=\"twitter:label2\" content=\"Tempo estimado de leitura\" \/>\n\t<meta name=\"twitter:data2\" content=\"1 minuto\" \/>\n<script type=\"application\/ld+json\" class=\"yoast-schema-graph\">{\"@context\":\"https:\/\/schema.org\",\"@graph\":[{\"@type\":\"Article\",\"@id\":\"https:\/\/portaltela.pt\/noticias\/2026\/02\/15\/jorge-castro-aguarda-ha-tres-anos-vaga-no-centro-de-inclusao\/#article\",\"isPartOf\":{\"@id\":\"https:\/\/portaltela.pt\/noticias\/2026\/02\/15\/jorge-castro-aguarda-ha-tres-anos-vaga-no-centro-de-inclusao\/\"},\"author\":{\"name\":\"Telinha\",\"@id\":\"https:\/\/portaltela.pt\/#\/schema\/person\/c4278d4a6028830caff9ee44b42d32ed\"},\"headline\":\"Jorge Castro aguarda h\u00e1 tr\u00eas anos vaga no centro de inclus\u00e3o\",\"datePublished\":\"2026-02-15T08:21:00+00:00\",\"mainEntityOfPage\":{\"@id\":\"https:\/\/portaltela.pt\/noticias\/2026\/02\/15\/jorge-castro-aguarda-ha-tres-anos-vaga-no-centro-de-inclusao\/\"},\"wordCount\":298,\"image\":{\"@id\":\"https:\/\/portaltela.pt\/noticias\/2026\/02\/15\/jorge-castro-aguarda-ha-tres-anos-vaga-no-centro-de-inclusao\/#primaryimage\"},\"thumbnailUrl\":\"https:\/\/portaltela.pt\/s.01k8rhncp4jt1\/2026\/02\/image-1156.jpg\",\"keywords\":[\"Apoio \u00e0 Vida Independente\",\"Apoio Social\",\"Diversidade, Acesso e Inclus\u00e3o\",\"fam\u00edlias\",\"inclus\u00e3o social\",\"pessoas com defici\u00eancia\"],\"articleSection\":[\"Not\u00edcias\"],\"inLanguage\":\"pt-PT\"},{\"@type\":\"WebPage\",\"@id\":\"https:\/\/portaltela.pt\/noticias\/2026\/02\/15\/jorge-castro-aguarda-ha-tres-anos-vaga-no-centro-de-inclusao\/\",\"url\":\"https:\/\/portaltela.pt\/noticias\/2026\/02\/15\/jorge-castro-aguarda-ha-tres-anos-vaga-no-centro-de-inclusao\/\",\"name\":\"Jorge Castro aguarda h\u00e1 tr\u00eas anos vaga no centro de inclus\u00e3o - Portal Tela Portugal\",\"isPartOf\":{\"@id\":\"https:\/\/portaltela.pt\/#website\"},\"primaryImageOfPage\":{\"@id\":\"https:\/\/portaltela.pt\/noticias\/2026\/02\/15\/jorge-castro-aguarda-ha-tres-anos-vaga-no-centro-de-inclusao\/#primaryimage\"},\"image\":{\"@id\":\"https:\/\/portaltela.pt\/noticias\/2026\/02\/15\/jorge-castro-aguarda-ha-tres-anos-vaga-no-centro-de-inclusao\/#primaryimage\"},\"thumbnailUrl\":\"https:\/\/portaltela.pt\/s.01k8rhncp4jt1\/2026\/02\/image-1156.jpg\",\"datePublished\":\"2026-02-15T08:21:00+00:00\",\"author\":{\"@id\":\"https:\/\/portaltela.pt\/#\/schema\/person\/c4278d4a6028830caff9ee44b42d32ed\"},\"breadcrumb\":{\"@id\":\"https:\/\/portaltela.pt\/noticias\/2026\/02\/15\/jorge-castro-aguarda-ha-tres-anos-vaga-no-centro-de-inclusao\/#breadcrumb\"},\"inLanguage\":\"pt-PT\",\"potentialAction\":[{\"@type\":\"ReadAction\",\"target\":[\"https:\/\/portaltela.pt\/noticias\/2026\/02\/15\/jorge-castro-aguarda-ha-tres-anos-vaga-no-centro-de-inclusao\/\"]}]},{\"@type\":\"ImageObject\",\"inLanguage\":\"pt-PT\",\"@id\":\"https:\/\/portaltela.pt\/noticias\/2026\/02\/15\/jorge-castro-aguarda-ha-tres-anos-vaga-no-centro-de-inclusao\/#primaryimage\",\"url\":\"https:\/\/portaltela.pt\/s.01k8rhncp4jt1\/2026\/02\/image-1156.jpg\",\"contentUrl\":\"https:\/\/portaltela.pt\/s.01k8rhncp4jt1\/2026\/02\/image-1156.jpg\",\"width\":796,\"height\":448,\"caption\":\"O pai fez greve em junho, em protesto contra a falta de vagas\"},{\"@type\":\"BreadcrumbList\",\"@id\":\"https:\/\/portaltela.pt\/noticias\/2026\/02\/15\/jorge-castro-aguarda-ha-tres-anos-vaga-no-centro-de-inclusao\/#breadcrumb\",\"itemListElement\":[{\"@type\":\"ListItem\",\"position\":1,\"name\":\"In\u00edcio\",\"item\":\"https:\/\/portaltela.pt\/\"},{\"@type\":\"ListItem\",\"position\":2,\"name\":\"Jorge Castro aguarda h\u00e1 tr\u00eas anos vaga no centro de inclus\u00e3o\"}]},{\"@type\":\"WebSite\",\"@id\":\"https:\/\/portaltela.pt\/#website\",\"url\":\"https:\/\/portaltela.pt\/\",\"name\":\"Portal Tela Portugal\",\"description\":\"\",\"potentialAction\":[{\"@type\":\"SearchAction\",\"target\":{\"@type\":\"EntryPoint\",\"urlTemplate\":\"https:\/\/portaltela.pt\/?s={search_term_string}\"},\"query-input\":{\"@type\":\"PropertyValueSpecification\",\"valueRequired\":true,\"valueName\":\"search_term_string\"}}],\"inLanguage\":\"pt-PT\"},{\"@type\":\"Person\",\"@id\":\"https:\/\/portaltela.pt\/#\/schema\/person\/c4278d4a6028830caff9ee44b42d32ed\",\"name\":\"Telinha\",\"image\":{\"@type\":\"ImageObject\",\"inLanguage\":\"pt-PT\",\"@id\":\"https:\/\/portaltela.pt\/s.01k8rhncp4jt1\/2025\/11\/talking-bot-125x125.png\",\"url\":\"https:\/\/portaltela.pt\/s.01k8rhncp4jt1\/2025\/11\/talking-bot-125x125.png\",\"contentUrl\":\"https:\/\/portaltela.pt\/s.01k8rhncp4jt1\/2025\/11\/talking-bot-125x125.png\",\"caption\":\"Telinha\"},\"sameAs\":[\"https:\/\/portaltela.pt\/\"],\"url\":\"https:\/\/portaltela.pt\/por\/367410592786\/\"}]}<\/script>\n<!-- \/ Yoast SEO plugin. -->","yoast_head_json":{"title":"Jorge Castro aguarda h\u00e1 tr\u00eas anos vaga no centro de inclus\u00e3o - Portal Tela Portugal","robots":{"index":"index","follow":"follow","max-snippet":"max-snippet:-1","max-image-preview":"max-image-preview:large","max-video-preview":"max-video-preview:-1"},"og_locale":"pt_PT","og_type":"article","og_title":"Jorge Castro aguarda h\u00e1 tr\u00eas anos vaga no centro de inclus\u00e3o - Portal Tela Portugal","og_description":"Jorge Castro espera h\u00e1 tr\u00eas anos por uma vaga num Centro de Atividades de Capacita\u00e7\u00e3o e Inclus\u00e3o (CACI). O pai realizou, em junho, uma greve de fome para ver o filho integrado no centro. O filho, descrito pelo pai como \u201cum menino de tr\u00eas anos no corpo de um jovem de 21\u201d, vive com o temor de n\u00e3o se tornar aut\u00f3nomo. A Seguran\u00e7a Social prometeu que, at\u00e9 dezembro de 2025, o filho e mais 29 jovens teriam lugar num novo CACI. A abertura do novo centro estava prevista para o fim deste m\u00eas, segundo as fam\u00edlias.","og_url":"https:\/\/portaltela.pt\/noticias\/2026\/02\/15\/jorge-castro-aguarda-ha-tres-anos-vaga-no-centro-de-inclusao\/","og_site_name":"Portal Tela Portugal","article_published_time":"2026-02-15T08:21:00+00:00","author":"Telinha","twitter_card":"summary_large_image","twitter_misc":{"Escrito por":"Telinha","Tempo estimado de leitura":"1 minuto"},"schema":{"@context":"https:\/\/schema.org","@graph":[{"@type":"Article","@id":"https:\/\/portaltela.pt\/noticias\/2026\/02\/15\/jorge-castro-aguarda-ha-tres-anos-vaga-no-centro-de-inclusao\/#article","isPartOf":{"@id":"https:\/\/portaltela.pt\/noticias\/2026\/02\/15\/jorge-castro-aguarda-ha-tres-anos-vaga-no-centro-de-inclusao\/"},"author":{"name":"Telinha","@id":"https:\/\/portaltela.pt\/#\/schema\/person\/c4278d4a6028830caff9ee44b42d32ed"},"headline":"Jorge Castro aguarda h\u00e1 tr\u00eas anos vaga no centro de inclus\u00e3o","datePublished":"2026-02-15T08:21:00+00:00","mainEntityOfPage":{"@id":"https:\/\/portaltela.pt\/noticias\/2026\/02\/15\/jorge-castro-aguarda-ha-tres-anos-vaga-no-centro-de-inclusao\/"},"wordCount":298,"image":{"@id":"https:\/\/portaltela.pt\/noticias\/2026\/02\/15\/jorge-castro-aguarda-ha-tres-anos-vaga-no-centro-de-inclusao\/#primaryimage"},"thumbnailUrl":"https:\/\/portaltela.pt\/s.01k8rhncp4jt1\/2026\/02\/image-1156.jpg","keywords":["Apoio \u00e0 Vida Independente","Apoio Social","Diversidade, Acesso e Inclus\u00e3o","fam\u00edlias","inclus\u00e3o social","pessoas com defici\u00eancia"],"articleSection":["Not\u00edcias"],"inLanguage":"pt-PT"},{"@type":"WebPage","@id":"https:\/\/portaltela.pt\/noticias\/2026\/02\/15\/jorge-castro-aguarda-ha-tres-anos-vaga-no-centro-de-inclusao\/","url":"https:\/\/portaltela.pt\/noticias\/2026\/02\/15\/jorge-castro-aguarda-ha-tres-anos-vaga-no-centro-de-inclusao\/","name":"Jorge Castro aguarda h\u00e1 tr\u00eas anos vaga no centro de inclus\u00e3o - Portal Tela Portugal","isPartOf":{"@id":"https:\/\/portaltela.pt\/#website"},"primaryImageOfPage":{"@id":"https:\/\/portaltela.pt\/noticias\/2026\/02\/15\/jorge-castro-aguarda-ha-tres-anos-vaga-no-centro-de-inclusao\/#primaryimage"},"image":{"@id":"https:\/\/portaltela.pt\/noticias\/2026\/02\/15\/jorge-castro-aguarda-ha-tres-anos-vaga-no-centro-de-inclusao\/#primaryimage"},"thumbnailUrl":"https:\/\/portaltela.pt\/s.01k8rhncp4jt1\/2026\/02\/image-1156.jpg","datePublished":"2026-02-15T08:21:00+00:00","author":{"@id":"https:\/\/portaltela.pt\/#\/schema\/person\/c4278d4a6028830caff9ee44b42d32ed"},"breadcrumb":{"@id":"https:\/\/portaltela.pt\/noticias\/2026\/02\/15\/jorge-castro-aguarda-ha-tres-anos-vaga-no-centro-de-inclusao\/#breadcrumb"},"inLanguage":"pt-PT","potentialAction":[{"@type":"ReadAction","target":["https:\/\/portaltela.pt\/noticias\/2026\/02\/15\/jorge-castro-aguarda-ha-tres-anos-vaga-no-centro-de-inclusao\/"]}]},{"@type":"ImageObject","inLanguage":"pt-PT","@id":"https:\/\/portaltela.pt\/noticias\/2026\/02\/15\/jorge-castro-aguarda-ha-tres-anos-vaga-no-centro-de-inclusao\/#primaryimage","url":"https:\/\/portaltela.pt\/s.01k8rhncp4jt1\/2026\/02\/image-1156.jpg","contentUrl":"https:\/\/portaltela.pt\/s.01k8rhncp4jt1\/2026\/02\/image-1156.jpg","width":796,"height":448,"caption":"O pai fez greve em junho, em protesto contra a falta de vagas"},{"@type":"BreadcrumbList","@id":"https:\/\/portaltela.pt\/noticias\/2026\/02\/15\/jorge-castro-aguarda-ha-tres-anos-vaga-no-centro-de-inclusao\/#breadcrumb","itemListElement":[{"@type":"ListItem","position":1,"name":"In\u00edcio","item":"https:\/\/portaltela.pt\/"},{"@type":"ListItem","position":2,"name":"Jorge Castro aguarda h\u00e1 tr\u00eas anos vaga no centro de inclus\u00e3o"}]},{"@type":"WebSite","@id":"https:\/\/portaltela.pt\/#website","url":"https:\/\/portaltela.pt\/","name":"Portal Tela Portugal","description":"","potentialAction":[{"@type":"SearchAction","target":{"@type":"EntryPoint","urlTemplate":"https:\/\/portaltela.pt\/?s={search_term_string}"},"query-input":{"@type":"PropertyValueSpecification","valueRequired":true,"valueName":"search_term_string"}}],"inLanguage":"pt-PT"},{"@type":"Person","@id":"https:\/\/portaltela.pt\/#\/schema\/person\/c4278d4a6028830caff9ee44b42d32ed","name":"Telinha","image":{"@type":"ImageObject","inLanguage":"pt-PT","@id":"https:\/\/portaltela.pt\/s.01k8rhncp4jt1\/2025\/11\/talking-bot-125x125.png","url":"https:\/\/portaltela.pt\/s.01k8rhncp4jt1\/2025\/11\/talking-bot-125x125.png","contentUrl":"https:\/\/portaltela.pt\/s.01k8rhncp4jt1\/2025\/11\/talking-bot-125x125.png","caption":"Telinha"},"sameAs":["https:\/\/portaltela.pt\/"],"url":"https:\/\/portaltela.pt\/por\/367410592786\/"}]}},"_links":{"self":[{"href":"https:\/\/portaltela.pt\/api\/wp\/v2\/posts\/213058","targetHints":{"allow":["GET"]}}],"collection":[{"href":"https:\/\/portaltela.pt\/api\/wp\/v2\/posts"}],"about":[{"href":"https:\/\/portaltela.pt\/api\/wp\/v2\/types\/post"}],"author":[{"embeddable":true,"href":"https:\/\/portaltela.pt\/api\/wp\/v2\/users\/2"}],"replies":[{"embeddable":true,"href":"https:\/\/portaltela.pt\/api\/wp\/v2\/comments?post=213058"}],"version-history":[{"count":0,"href":"https:\/\/portaltela.pt\/api\/wp\/v2\/posts\/213058\/revisions"}],"wp:featuredmedia":[{"embeddable":true,"href":"https:\/\/portaltela.pt\/api\/wp\/v2\/media\/213068"}],"wp:attachment":[{"href":"https:\/\/portaltela.pt\/api\/wp\/v2\/media?parent=213058"}],"wp:term":[{"taxonomy":"category","embeddable":true,"href":"https:\/\/portaltela.pt\/api\/wp\/v2\/categories?post=213058"},{"taxonomy":"post_tag","embeddable":true,"href":"https:\/\/portaltela.pt\/api\/wp\/v2\/tags?post=213058"}],"curies":[{"name":"wp","href":"https:\/\/api.w.org\/{rel}","templated":true}]}}