{"id":213048,"date":"2026-02-15T04:56:00","date_gmt":"2026-02-15T07:56:00","guid":{"rendered":"https:\/\/portaltela.pt\/noticias\/2026\/02\/15\/tribunal-arbitral-do-desporto-reforca-certificacao-de-entidades-formadoras\/"},"modified":"2026-02-15T04:56:00","modified_gmt":"2026-02-15T07:56:00","slug":"tribunal-arbitral-do-desporto-reforca-certificacao-de-entidades-formadoras","status":"publish","type":"post","link":"https:\/\/portaltela.pt\/desporto\/futebol\/2026\/02\/15\/tribunal-arbitral-do-desporto-reforca-certificacao-de-entidades-formadoras\/","title":{"rendered":"Tribunal Arbitral do Desporto refor\u00e7a certifica\u00e7\u00e3o de entidades formadoras"},"content":{"rendered":"<p>No dia 30 de janeiro, destac\u00e1mos a relev\u00e2ncia do processo de certifica\u00e7\u00e3o de entidades formadoras, como clubes e sociedades desportivas. Refere-se ao Plano Nacional de Desenvolvimento Desportivo, com in\u00edcio previsto para o 2.\u00ba semestre de 2026 e implementa\u00e7\u00e3o at\u00e9 2028, com um or\u00e7amento de 4,5 milh\u00f5es de euros.<\/p>\n<p>No dia 5 de fevereiro, o Tribunal Arbitral do Desporto proferiu a decis\u00e3o no processo n.\u00ba 44\/2025. O caso analisou o ac\u00f3rd\u00e3o do Conselho de Justi\u00e7a da Federa\u00e7\u00e3o Portuguesa de Futebol, de 16 de setembro de 2025. A decis\u00e3o manteve a improced\u00eancia da a\u00e7\u00e3o da entidade demandante.<\/p>\n<p>O TAD explicou que o lit\u00edgio decorre do alegado n\u00e3o cumprimento de crit\u00e9rios obrigat\u00f3rios no processo de certifica\u00e7\u00e3o, o que impediu a obten\u00e7\u00e3o da certifica\u00e7\u00e3o de 3 estrelas para a participa\u00e7\u00e3o na Liga BPI, primeira divis\u00e3o do futebol feminino. A decis\u00e3o manteve o veredicto anterior.<\/p>\n<p>O ac\u00f3rd\u00e3o ressalta a fun\u00e7\u00e3o da certifica\u00e7\u00e3o de entidades formadoras no Regulamento de Certifica\u00e7\u00e3o de Entidades Formadoras de Futebol e Futsal Feminino da FPF (RCEFFF). O objetivo \u00e9 assegurar padr\u00f5es de qualidade e conformidade nas estruturas que formam jovens atletas, promovendo profissionaliza\u00e7\u00e3o e prote\u00e7\u00e3o de direitos das jogadoras em forma\u00e7\u00e3o.<\/p>\n<p>Segundo o TAD, a certifica\u00e7\u00e3o \u00e9 requisito essencial para a participa\u00e7\u00e3o em grande parte das competi\u00e7\u00f5es nacionais, incluindo a Liga BPI. O RCEFFF estabelece o procedimento de certifica\u00e7\u00e3o obrigat\u00f3rio para clubes que registrem contratos de forma\u00e7\u00e3o, define requisitos de acesso e determina que apenas entidades com 3 estrelas podem registar contratos de forma\u00e7\u00e3o desportiva.<\/p>\n<p>A decis\u00e3o refor\u00e7a a import\u00e2ncia da certifica\u00e7\u00e3o na forma\u00e7\u00e3o de jovens atletas, exigindo o cumprimento de condi\u00e7\u00f5es que assegurem ambientes de treino adequados, bem como recursos humanos e t\u00e9cnicos compat\u00edveis com a forma\u00e7\u00e3o desportiva.<\/p>\n","protected":false},"excerpt":{"rendered":"<ul>\n<li>No dia 30 de janeiro, foi apresentada a certifica\u00e7\u00e3o de entidades formadoras com um or\u00e7amento total de \u20ac4,5 milh\u00f5es, com in\u00edcio de implementa\u00e7\u00e3o previsto para o segundo semestre de 2026 e conclus\u00e3o em 2028.<\/li>\n<li>No dia 5 de fevereiro, o Tribunal Arbitral do Desporto (TAD) proferiu a decis\u00e3o no Processo n.\u00ba 44\/2025, mantendo a decis\u00e3o do Conselho de Justi\u00e7a da Federa\u00e7\u00e3o Portuguesa de Futebol (FPF) de improced\u00eancia do recurso da entidade demandante por n\u00e3o cumprir crit\u00e9rios de certifica\u00e7\u00e3o para obter a carta de formadora de 3 estrelas, necess\u00e1ria para competir na Liga BPI (futebol feminino).<\/li>\n<li>O ac\u00f3rd\u00e3o do TAD sublinha que o processo de certifica\u00e7\u00e3o de entidades formadoras, previsto no Regulamento de Certifica\u00e7\u00e3o de Entidades Formadoras de Futebol e Futsal Feminino da FPF (RCEFFFF), tem papel central na qualidade, profissionaliza\u00e7\u00e3o e prote\u00e7\u00e3o de atletas em forma\u00e7\u00e3o.<\/li>\n<li>O RCEFFFF determina que a certifica\u00e7\u00e3o \u00e9 obrigat\u00f3ria para todas as entidades que pretendam registar contratos de forma\u00e7\u00e3o desportiva na FPF, com requisitos m\u00ednimos e crit\u00e9rios que variam conforme o estatuto da entidade formadora, sendo 3 estrelas o patamar para registar contratos.<\/li>\n<li>Em conjunto, o TAD destaca a relev\u00e2ncia da certifica\u00e7\u00e3o na forma\u00e7\u00e3o de jovens praticantes, visando melhores condi\u00e7\u00f5es de treino, ambiente de trabalho adequado e garantias para as atletas em forma\u00e7\u00e3o.<\/li>\n<\/ul>\n","protected":false},"author":2,"featured_media":213050,"comment_status":"closed","ping_status":"closed","sticky":false,"template":"","format":"standard","meta":{"footnotes":""},"categories":[21,24],"tags":[574,152,1290,32,1030,1786],"class_list":["post-213048","post","type-post","status-publish","format-standard","has-post-thumbnail","hentry","category-desporto","category-futebol","tag-acordao","tag-desporto","tag-formacao","tag-futebol","tag-futebol-feminino","tag-liga"],"yoast_head":"<!-- This site is optimized with the Yoast SEO plugin v27.2 - https:\/\/yoast.com\/product\/yoast-seo-wordpress\/ -->\n<title>Tribunal Arbitral do Desporto refor\u00e7a certifica\u00e7\u00e3o de entidades formadoras - Portal Tela Portugal<\/title>\n<meta name=\"robots\" content=\"index, follow, max-snippet:-1, max-image-preview:large, max-video-preview:-1\" \/>\n<meta property=\"og:locale\" content=\"pt_PT\" \/>\n<meta property=\"og:type\" content=\"article\" \/>\n<meta property=\"og:title\" content=\"Tribunal Arbitral do Desporto refor\u00e7a certifica\u00e7\u00e3o de entidades formadoras - Portal Tela Portugal\" \/>\n<meta property=\"og:description\" content=\"No dia 30 de janeiro, foi apresentada a certifica\u00e7\u00e3o de entidades formadoras com um or\u00e7amento total de \u20ac4,5 milh\u00f5es, com in\u00edcio de implementa\u00e7\u00e3o previsto para o segundo semestre de 2026 e conclus\u00e3o em 2028. No dia 5 de fevereiro, o Tribunal Arbitral do Desporto (TAD) proferiu a decis\u00e3o no Processo n.\u00ba 44\/2025, mantendo a decis\u00e3o do Conselho de Justi\u00e7a da Federa\u00e7\u00e3o Portuguesa de Futebol (FPF) de improced\u00eancia do recurso da entidade demandante por n\u00e3o cumprir crit\u00e9rios de certifica\u00e7\u00e3o para obter a carta de formadora de 3 estrelas, necess\u00e1ria para competir na Liga BPI (futebol feminino). O ac\u00f3rd\u00e3o do TAD sublinha que o processo de certifica\u00e7\u00e3o de entidades formadoras, previsto no Regulamento de Certifica\u00e7\u00e3o de Entidades Formadoras de Futebol e Futsal Feminino da FPF (RCEFFFF), tem papel central na qualidade, profissionaliza\u00e7\u00e3o e prote\u00e7\u00e3o de atletas em forma\u00e7\u00e3o. O RCEFFFF determina que a certifica\u00e7\u00e3o \u00e9 obrigat\u00f3ria para todas as entidades que pretendam registar contratos de forma\u00e7\u00e3o desportiva na FPF, com requisitos m\u00ednimos e crit\u00e9rios que variam conforme o estatuto da entidade formadora, sendo 3 estrelas o patamar para registar contratos. Em conjunto, o TAD destaca a relev\u00e2ncia da certifica\u00e7\u00e3o na forma\u00e7\u00e3o de jovens praticantes, visando melhores condi\u00e7\u00f5es de treino, ambiente de trabalho adequado e garantias para as atletas em forma\u00e7\u00e3o.\" \/>\n<meta property=\"og:url\" content=\"https:\/\/portaltela.pt\/noticias\/2026\/02\/15\/tribunal-arbitral-do-desporto-reforca-certificacao-de-entidades-formadoras\/\" \/>\n<meta property=\"og:site_name\" content=\"Portal Tela Portugal\" \/>\n<meta property=\"article:published_time\" content=\"2026-02-15T07:56:00+00:00\" \/>\n<meta name=\"author\" content=\"Telinha\" \/>\n<meta name=\"twitter:card\" content=\"summary_large_image\" \/>\n<meta name=\"twitter:label1\" content=\"Escrito por\" \/>\n\t<meta name=\"twitter:data1\" content=\"Telinha\" \/>\n\t<meta name=\"twitter:label2\" content=\"Tempo estimado de leitura\" \/>\n\t<meta name=\"twitter:data2\" content=\"2 minutos\" \/>\n<script type=\"application\/ld+json\" class=\"yoast-schema-graph\">{\"@context\":\"https:\/\/schema.org\",\"@graph\":[{\"@type\":\"Article\",\"@id\":\"https:\/\/portaltela.pt\/noticias\/2026\/02\/15\/tribunal-arbitral-do-desporto-reforca-certificacao-de-entidades-formadoras\/#article\",\"isPartOf\":{\"@id\":\"https:\/\/portaltela.pt\/noticias\/2026\/02\/15\/tribunal-arbitral-do-desporto-reforca-certificacao-de-entidades-formadoras\/\"},\"author\":{\"name\":\"Telinha\",\"@id\":\"https:\/\/portaltela.pt\/#\/schema\/person\/c4278d4a6028830caff9ee44b42d32ed\"},\"headline\":\"Tribunal Arbitral do Desporto refor\u00e7a certifica\u00e7\u00e3o de entidades formadoras\",\"datePublished\":\"2026-02-15T07:56:00+00:00\",\"mainEntityOfPage\":{\"@id\":\"https:\/\/portaltela.pt\/noticias\/2026\/02\/15\/tribunal-arbitral-do-desporto-reforca-certificacao-de-entidades-formadoras\/\"},\"wordCount\":326,\"image\":{\"@id\":\"https:\/\/portaltela.pt\/noticias\/2026\/02\/15\/tribunal-arbitral-do-desporto-reforca-certificacao-de-entidades-formadoras\/#primaryimage\"},\"thumbnailUrl\":\"https:\/\/portaltela.pt\/s.01k8rhncp4jt1\/2026\/02\/2164843.jpg\",\"keywords\":[\"ac\u00f3rd\u00e3o\",\"desporto\",\"forma\u00e7\u00e3o\",\"futebol\",\"futebol feminino\",\"Liga\"],\"articleSection\":[\"Desporto\",\"Futebol\"],\"inLanguage\":\"pt-PT\"},{\"@type\":\"WebPage\",\"@id\":\"https:\/\/portaltela.pt\/noticias\/2026\/02\/15\/tribunal-arbitral-do-desporto-reforca-certificacao-de-entidades-formadoras\/\",\"url\":\"https:\/\/portaltela.pt\/noticias\/2026\/02\/15\/tribunal-arbitral-do-desporto-reforca-certificacao-de-entidades-formadoras\/\",\"name\":\"Tribunal Arbitral do Desporto refor\u00e7a certifica\u00e7\u00e3o de entidades formadoras - Portal Tela Portugal\",\"isPartOf\":{\"@id\":\"https:\/\/portaltela.pt\/#website\"},\"primaryImageOfPage\":{\"@id\":\"https:\/\/portaltela.pt\/noticias\/2026\/02\/15\/tribunal-arbitral-do-desporto-reforca-certificacao-de-entidades-formadoras\/#primaryimage\"},\"image\":{\"@id\":\"https:\/\/portaltela.pt\/noticias\/2026\/02\/15\/tribunal-arbitral-do-desporto-reforca-certificacao-de-entidades-formadoras\/#primaryimage\"},\"thumbnailUrl\":\"https:\/\/portaltela.pt\/s.01k8rhncp4jt1\/2026\/02\/2164843.jpg\",\"datePublished\":\"2026-02-15T07:56:00+00:00\",\"author\":{\"@id\":\"https:\/\/portaltela.pt\/#\/schema\/person\/c4278d4a6028830caff9ee44b42d32ed\"},\"breadcrumb\":{\"@id\":\"https:\/\/portaltela.pt\/noticias\/2026\/02\/15\/tribunal-arbitral-do-desporto-reforca-certificacao-de-entidades-formadoras\/#breadcrumb\"},\"inLanguage\":\"pt-PT\",\"potentialAction\":[{\"@type\":\"ReadAction\",\"target\":[\"https:\/\/portaltela.pt\/noticias\/2026\/02\/15\/tribunal-arbitral-do-desporto-reforca-certificacao-de-entidades-formadoras\/\"]}]},{\"@type\":\"ImageObject\",\"inLanguage\":\"pt-PT\",\"@id\":\"https:\/\/portaltela.pt\/noticias\/2026\/02\/15\/tribunal-arbitral-do-desporto-reforca-certificacao-de-entidades-formadoras\/#primaryimage\",\"url\":\"https:\/\/portaltela.pt\/s.01k8rhncp4jt1\/2026\/02\/2164843.jpg\",\"contentUrl\":\"https:\/\/portaltela.pt\/s.01k8rhncp4jt1\/2026\/02\/2164843.jpg\",\"width\":796,\"height\":448,\"caption\":\"Photo\"},{\"@type\":\"BreadcrumbList\",\"@id\":\"https:\/\/portaltela.pt\/noticias\/2026\/02\/15\/tribunal-arbitral-do-desporto-reforca-certificacao-de-entidades-formadoras\/#breadcrumb\",\"itemListElement\":[{\"@type\":\"ListItem\",\"position\":1,\"name\":\"In\u00edcio\",\"item\":\"https:\/\/portaltela.pt\/\"},{\"@type\":\"ListItem\",\"position\":2,\"name\":\"Tribunal Arbitral do Desporto refor\u00e7a certifica\u00e7\u00e3o de entidades formadoras\"}]},{\"@type\":\"WebSite\",\"@id\":\"https:\/\/portaltela.pt\/#website\",\"url\":\"https:\/\/portaltela.pt\/\",\"name\":\"Portal Tela Portugal\",\"description\":\"\",\"potentialAction\":[{\"@type\":\"SearchAction\",\"target\":{\"@type\":\"EntryPoint\",\"urlTemplate\":\"https:\/\/portaltela.pt\/?s={search_term_string}\"},\"query-input\":{\"@type\":\"PropertyValueSpecification\",\"valueRequired\":true,\"valueName\":\"search_term_string\"}}],\"inLanguage\":\"pt-PT\"},{\"@type\":\"Person\",\"@id\":\"https:\/\/portaltela.pt\/#\/schema\/person\/c4278d4a6028830caff9ee44b42d32ed\",\"name\":\"Telinha\",\"image\":{\"@type\":\"ImageObject\",\"inLanguage\":\"pt-PT\",\"@id\":\"https:\/\/portaltela.pt\/s.01k8rhncp4jt1\/2025\/11\/talking-bot-125x125.png\",\"url\":\"https:\/\/portaltela.pt\/s.01k8rhncp4jt1\/2025\/11\/talking-bot-125x125.png\",\"contentUrl\":\"https:\/\/portaltela.pt\/s.01k8rhncp4jt1\/2025\/11\/talking-bot-125x125.png\",\"caption\":\"Telinha\"},\"sameAs\":[\"https:\/\/portaltela.pt\/\"],\"url\":\"https:\/\/portaltela.pt\/por\/367410592786\/\"}]}<\/script>\n<!-- \/ Yoast SEO plugin. -->","yoast_head_json":{"title":"Tribunal Arbitral do Desporto refor\u00e7a certifica\u00e7\u00e3o de entidades formadoras - Portal Tela Portugal","robots":{"index":"index","follow":"follow","max-snippet":"max-snippet:-1","max-image-preview":"max-image-preview:large","max-video-preview":"max-video-preview:-1"},"og_locale":"pt_PT","og_type":"article","og_title":"Tribunal Arbitral do Desporto refor\u00e7a certifica\u00e7\u00e3o de entidades formadoras - Portal Tela Portugal","og_description":"No dia 30 de janeiro, foi apresentada a certifica\u00e7\u00e3o de entidades formadoras com um or\u00e7amento total de \u20ac4,5 milh\u00f5es, com in\u00edcio de implementa\u00e7\u00e3o previsto para o segundo semestre de 2026 e conclus\u00e3o em 2028. No dia 5 de fevereiro, o Tribunal Arbitral do Desporto (TAD) proferiu a decis\u00e3o no Processo n.\u00ba 44\/2025, mantendo a decis\u00e3o do Conselho de Justi\u00e7a da Federa\u00e7\u00e3o Portuguesa de Futebol (FPF) de improced\u00eancia do recurso da entidade demandante por n\u00e3o cumprir crit\u00e9rios de certifica\u00e7\u00e3o para obter a carta de formadora de 3 estrelas, necess\u00e1ria para competir na Liga BPI (futebol feminino). O ac\u00f3rd\u00e3o do TAD sublinha que o processo de certifica\u00e7\u00e3o de entidades formadoras, previsto no Regulamento de Certifica\u00e7\u00e3o de Entidades Formadoras de Futebol e Futsal Feminino da FPF (RCEFFFF), tem papel central na qualidade, profissionaliza\u00e7\u00e3o e prote\u00e7\u00e3o de atletas em forma\u00e7\u00e3o. O RCEFFFF determina que a certifica\u00e7\u00e3o \u00e9 obrigat\u00f3ria para todas as entidades que pretendam registar contratos de forma\u00e7\u00e3o desportiva na FPF, com requisitos m\u00ednimos e crit\u00e9rios que variam conforme o estatuto da entidade formadora, sendo 3 estrelas o patamar para registar contratos. Em conjunto, o TAD destaca a relev\u00e2ncia da certifica\u00e7\u00e3o na forma\u00e7\u00e3o de jovens praticantes, visando melhores condi\u00e7\u00f5es de treino, ambiente de trabalho adequado e garantias para as atletas em forma\u00e7\u00e3o.","og_url":"https:\/\/portaltela.pt\/noticias\/2026\/02\/15\/tribunal-arbitral-do-desporto-reforca-certificacao-de-entidades-formadoras\/","og_site_name":"Portal Tela Portugal","article_published_time":"2026-02-15T07:56:00+00:00","author":"Telinha","twitter_card":"summary_large_image","twitter_misc":{"Escrito por":"Telinha","Tempo estimado de leitura":"2 minutos"},"schema":{"@context":"https:\/\/schema.org","@graph":[{"@type":"Article","@id":"https:\/\/portaltela.pt\/noticias\/2026\/02\/15\/tribunal-arbitral-do-desporto-reforca-certificacao-de-entidades-formadoras\/#article","isPartOf":{"@id":"https:\/\/portaltela.pt\/noticias\/2026\/02\/15\/tribunal-arbitral-do-desporto-reforca-certificacao-de-entidades-formadoras\/"},"author":{"name":"Telinha","@id":"https:\/\/portaltela.pt\/#\/schema\/person\/c4278d4a6028830caff9ee44b42d32ed"},"headline":"Tribunal Arbitral do Desporto refor\u00e7a certifica\u00e7\u00e3o de entidades formadoras","datePublished":"2026-02-15T07:56:00+00:00","mainEntityOfPage":{"@id":"https:\/\/portaltela.pt\/noticias\/2026\/02\/15\/tribunal-arbitral-do-desporto-reforca-certificacao-de-entidades-formadoras\/"},"wordCount":326,"image":{"@id":"https:\/\/portaltela.pt\/noticias\/2026\/02\/15\/tribunal-arbitral-do-desporto-reforca-certificacao-de-entidades-formadoras\/#primaryimage"},"thumbnailUrl":"https:\/\/portaltela.pt\/s.01k8rhncp4jt1\/2026\/02\/2164843.jpg","keywords":["ac\u00f3rd\u00e3o","desporto","forma\u00e7\u00e3o","futebol","futebol feminino","Liga"],"articleSection":["Desporto","Futebol"],"inLanguage":"pt-PT"},{"@type":"WebPage","@id":"https:\/\/portaltela.pt\/noticias\/2026\/02\/15\/tribunal-arbitral-do-desporto-reforca-certificacao-de-entidades-formadoras\/","url":"https:\/\/portaltela.pt\/noticias\/2026\/02\/15\/tribunal-arbitral-do-desporto-reforca-certificacao-de-entidades-formadoras\/","name":"Tribunal Arbitral do Desporto refor\u00e7a certifica\u00e7\u00e3o de entidades formadoras - Portal Tela Portugal","isPartOf":{"@id":"https:\/\/portaltela.pt\/#website"},"primaryImageOfPage":{"@id":"https:\/\/portaltela.pt\/noticias\/2026\/02\/15\/tribunal-arbitral-do-desporto-reforca-certificacao-de-entidades-formadoras\/#primaryimage"},"image":{"@id":"https:\/\/portaltela.pt\/noticias\/2026\/02\/15\/tribunal-arbitral-do-desporto-reforca-certificacao-de-entidades-formadoras\/#primaryimage"},"thumbnailUrl":"https:\/\/portaltela.pt\/s.01k8rhncp4jt1\/2026\/02\/2164843.jpg","datePublished":"2026-02-15T07:56:00+00:00","author":{"@id":"https:\/\/portaltela.pt\/#\/schema\/person\/c4278d4a6028830caff9ee44b42d32ed"},"breadcrumb":{"@id":"https:\/\/portaltela.pt\/noticias\/2026\/02\/15\/tribunal-arbitral-do-desporto-reforca-certificacao-de-entidades-formadoras\/#breadcrumb"},"inLanguage":"pt-PT","potentialAction":[{"@type":"ReadAction","target":["https:\/\/portaltela.pt\/noticias\/2026\/02\/15\/tribunal-arbitral-do-desporto-reforca-certificacao-de-entidades-formadoras\/"]}]},{"@type":"ImageObject","inLanguage":"pt-PT","@id":"https:\/\/portaltela.pt\/noticias\/2026\/02\/15\/tribunal-arbitral-do-desporto-reforca-certificacao-de-entidades-formadoras\/#primaryimage","url":"https:\/\/portaltela.pt\/s.01k8rhncp4jt1\/2026\/02\/2164843.jpg","contentUrl":"https:\/\/portaltela.pt\/s.01k8rhncp4jt1\/2026\/02\/2164843.jpg","width":796,"height":448,"caption":"Photo"},{"@type":"BreadcrumbList","@id":"https:\/\/portaltela.pt\/noticias\/2026\/02\/15\/tribunal-arbitral-do-desporto-reforca-certificacao-de-entidades-formadoras\/#breadcrumb","itemListElement":[{"@type":"ListItem","position":1,"name":"In\u00edcio","item":"https:\/\/portaltela.pt\/"},{"@type":"ListItem","position":2,"name":"Tribunal Arbitral do Desporto refor\u00e7a certifica\u00e7\u00e3o de entidades formadoras"}]},{"@type":"WebSite","@id":"https:\/\/portaltela.pt\/#website","url":"https:\/\/portaltela.pt\/","name":"Portal Tela Portugal","description":"","potentialAction":[{"@type":"SearchAction","target":{"@type":"EntryPoint","urlTemplate":"https:\/\/portaltela.pt\/?s={search_term_string}"},"query-input":{"@type":"PropertyValueSpecification","valueRequired":true,"valueName":"search_term_string"}}],"inLanguage":"pt-PT"},{"@type":"Person","@id":"https:\/\/portaltela.pt\/#\/schema\/person\/c4278d4a6028830caff9ee44b42d32ed","name":"Telinha","image":{"@type":"ImageObject","inLanguage":"pt-PT","@id":"https:\/\/portaltela.pt\/s.01k8rhncp4jt1\/2025\/11\/talking-bot-125x125.png","url":"https:\/\/portaltela.pt\/s.01k8rhncp4jt1\/2025\/11\/talking-bot-125x125.png","contentUrl":"https:\/\/portaltela.pt\/s.01k8rhncp4jt1\/2025\/11\/talking-bot-125x125.png","caption":"Telinha"},"sameAs":["https:\/\/portaltela.pt\/"],"url":"https:\/\/portaltela.pt\/por\/367410592786\/"}]}},"_links":{"self":[{"href":"https:\/\/portaltela.pt\/api\/wp\/v2\/posts\/213048","targetHints":{"allow":["GET"]}}],"collection":[{"href":"https:\/\/portaltela.pt\/api\/wp\/v2\/posts"}],"about":[{"href":"https:\/\/portaltela.pt\/api\/wp\/v2\/types\/post"}],"author":[{"embeddable":true,"href":"https:\/\/portaltela.pt\/api\/wp\/v2\/users\/2"}],"replies":[{"embeddable":true,"href":"https:\/\/portaltela.pt\/api\/wp\/v2\/comments?post=213048"}],"version-history":[{"count":0,"href":"https:\/\/portaltela.pt\/api\/wp\/v2\/posts\/213048\/revisions"}],"wp:featuredmedia":[{"embeddable":true,"href":"https:\/\/portaltela.pt\/api\/wp\/v2\/media\/213050"}],"wp:attachment":[{"href":"https:\/\/portaltela.pt\/api\/wp\/v2\/media?parent=213048"}],"wp:term":[{"taxonomy":"category","embeddable":true,"href":"https:\/\/portaltela.pt\/api\/wp\/v2\/categories?post=213048"},{"taxonomy":"post_tag","embeddable":true,"href":"https:\/\/portaltela.pt\/api\/wp\/v2\/tags?post=213048"}],"curies":[{"name":"wp","href":"https:\/\/api.w.org\/{rel}","templated":true}]}}