{"id":213047,"date":"2026-02-15T05:10:00","date_gmt":"2026-02-15T08:10:00","guid":{"rendered":"https:\/\/portaltela.pt\/noticias\/2026\/02\/15\/milhares-de-jovens-com-deficiencia-aguardam-vagas-em-centros\/"},"modified":"2026-02-15T05:10:00","modified_gmt":"2026-02-15T08:10:00","slug":"milhares-de-jovens-com-deficiencia-aguardam-vagas-em-centros","status":"publish","type":"post","link":"https:\/\/portaltela.pt\/noticias\/2026\/02\/15\/milhares-de-jovens-com-deficiencia-aguardam-vagas-em-centros\/","title":{"rendered":"Milhares de jovens com defici\u00eancia aguardam vagas em centros"},"content":{"rendered":"<p>Milhares de jovens com defici\u00eancia aguardam vaga num Centro de Atividades de Capacita\u00e7\u00e3o e Inclus\u00e3o (CACI) ap\u00f3s atingirem a maioridade e deixarem de estar abrangidos pela escolaridade obrigat\u00f3ria. A espera persiste entre falta de alternativas e necessidade de apoio cont\u00ednuo.<\/p>\n<p>Sem op\u00e7\u00f5es, algumas fam\u00edlias recorrem a vagas em lares de idosos ou a que os pais deixem de trabalhar para ficar em casa com os filhos, afetando a organiza\u00e7\u00e3o familiar e a vida di\u00e1ria.<\/p>\n<p>O Governo informou que est\u00e1 a rever a legisla\u00e7\u00e3o dos CACI e que 85 projetos se encontram em constru\u00e7\u00e3o, ao abrigo do PRR, para abertura de mais lugares. A medida visa responder ao aumento da procura por servi\u00e7os de capacita\u00e7\u00e3o e inclus\u00e3o.<\/p>\n<h3>Medidas em curso para ampliar a oferta<\/h3>\n<p>As autoridades apontam que as mudan\u00e7as visam simplificar o acesso e aumentar a capacidade dos centros. Ainda n\u00e3o h\u00e1 calend\u00e1rio formal de implementa\u00e7\u00e3o, estando o foco na melhoria da rede dispon\u00edvel.<\/p>\n","protected":false},"excerpt":{"rendered":"<ul>\n<li>Milhares de jovens com defici\u00eancia aguardam vaga num Centro de Atividades de Capacita\u00e7\u00e3o e Inclus\u00e3o (CACI).<\/li>\n<li>Ap\u00f3s atingirem a maioridade e deixarem de estar abrangidos pela escolaridade obrigat\u00f3ria, surge um dilema para as fam\u00edlias.<\/li>\n<li>Sem alternativas, algumas fam\u00edlias optam por vagas em lares de idosos ou por pais que param de trabalhar para cuidar dos filhos.<\/li>\n<li>O Governo confirma que est\u00e1 a rever a legisla\u00e7\u00e3o dos CACIs.<\/li>\n<li>Est\u00e3o em obra 85 projetos, ao abrigo do Plano de Recupera\u00e7\u00e3o e Resili\u00eancia (PRR), para abrir mais lugares.<\/li>\n<\/ul>\n","protected":false},"author":2,"featured_media":213052,"comment_status":"closed","ping_status":"closed","sticky":false,"template":"","format":"standard","meta":{"footnotes":""},"categories":[1],"tags":[34,4074,2737,229,173,5310],"class_list":["post-213047","post","type-post","status-publish","format-standard","has-post-thumbnail","hentry","category-noticias","tag-governo","tag-inclusao-social","tag-pessoas-com-deficiencia","tag-politica-publica","tag-protecao-social","tag-servicos-sociais"],"yoast_head":"<!-- This site is optimized with the Yoast SEO plugin v27.2 - https:\/\/yoast.com\/product\/yoast-seo-wordpress\/ -->\n<title>Milhares de jovens com defici\u00eancia aguardam vagas em centros - Portal Tela Portugal<\/title>\n<meta name=\"robots\" content=\"index, follow, max-snippet:-1, max-image-preview:large, max-video-preview:-1\" \/>\n<meta property=\"og:locale\" content=\"pt_PT\" \/>\n<meta property=\"og:type\" content=\"article\" \/>\n<meta property=\"og:title\" content=\"Milhares de jovens com defici\u00eancia aguardam vagas em centros - Portal Tela Portugal\" \/>\n<meta property=\"og:description\" content=\"Milhares de jovens com defici\u00eancia aguardam vaga num Centro de Atividades de Capacita\u00e7\u00e3o e Inclus\u00e3o (CACI). Ap\u00f3s atingirem a maioridade e deixarem de estar abrangidos pela escolaridade obrigat\u00f3ria, surge um dilema para as fam\u00edlias. Sem alternativas, algumas fam\u00edlias optam por vagas em lares de idosos ou por pais que param de trabalhar para cuidar dos filhos. O Governo confirma que est\u00e1 a rever a legisla\u00e7\u00e3o dos CACIs. Est\u00e3o em obra 85 projetos, ao abrigo do Plano de Recupera\u00e7\u00e3o e Resili\u00eancia (PRR), para abrir mais lugares.\" \/>\n<meta property=\"og:url\" content=\"https:\/\/portaltela.pt\/noticias\/2026\/02\/15\/milhares-de-jovens-com-deficiencia-aguardam-vagas-em-centros\/\" \/>\n<meta property=\"og:site_name\" content=\"Portal Tela Portugal\" \/>\n<meta property=\"article:published_time\" content=\"2026-02-15T08:10:00+00:00\" \/>\n<meta name=\"author\" content=\"Telinha\" \/>\n<meta name=\"twitter:card\" content=\"summary_large_image\" \/>\n<meta name=\"twitter:label1\" content=\"Escrito por\" \/>\n\t<meta name=\"twitter:data1\" content=\"Telinha\" \/>\n\t<meta name=\"twitter:label2\" content=\"Tempo estimado de leitura\" \/>\n\t<meta name=\"twitter:data2\" content=\"1 minuto\" \/>\n<script type=\"application\/ld+json\" class=\"yoast-schema-graph\">{\"@context\":\"https:\/\/schema.org\",\"@graph\":[{\"@type\":\"Article\",\"@id\":\"https:\/\/portaltela.pt\/noticias\/2026\/02\/15\/milhares-de-jovens-com-deficiencia-aguardam-vagas-em-centros\/#article\",\"isPartOf\":{\"@id\":\"https:\/\/portaltela.pt\/noticias\/2026\/02\/15\/milhares-de-jovens-com-deficiencia-aguardam-vagas-em-centros\/\"},\"author\":{\"name\":\"Telinha\",\"@id\":\"https:\/\/portaltela.pt\/#\/schema\/person\/c4278d4a6028830caff9ee44b42d32ed\"},\"headline\":\"Milhares de jovens com defici\u00eancia aguardam vagas em centros\",\"datePublished\":\"2026-02-15T08:10:00+00:00\",\"mainEntityOfPage\":{\"@id\":\"https:\/\/portaltela.pt\/noticias\/2026\/02\/15\/milhares-de-jovens-com-deficiencia-aguardam-vagas-em-centros\/\"},\"wordCount\":183,\"image\":{\"@id\":\"https:\/\/portaltela.pt\/noticias\/2026\/02\/15\/milhares-de-jovens-com-deficiencia-aguardam-vagas-em-centros\/#primaryimage\"},\"thumbnailUrl\":\"https:\/\/portaltela.pt\/s.01k8rhncp4jt1\/2026\/02\/image-1154.jpg\",\"keywords\":[\"governo\",\"inclus\u00e3o social\",\"pessoas com defici\u00eancia\",\"pol\u00edtica p\u00fablica\",\"prote\u00e7\u00e3o social\",\"servi\u00e7os sociais\"],\"articleSection\":[\"Not\u00edcias\"],\"inLanguage\":\"pt-PT\"},{\"@type\":\"WebPage\",\"@id\":\"https:\/\/portaltela.pt\/noticias\/2026\/02\/15\/milhares-de-jovens-com-deficiencia-aguardam-vagas-em-centros\/\",\"url\":\"https:\/\/portaltela.pt\/noticias\/2026\/02\/15\/milhares-de-jovens-com-deficiencia-aguardam-vagas-em-centros\/\",\"name\":\"Milhares de jovens com defici\u00eancia aguardam vagas em centros - Portal Tela Portugal\",\"isPartOf\":{\"@id\":\"https:\/\/portaltela.pt\/#website\"},\"primaryImageOfPage\":{\"@id\":\"https:\/\/portaltela.pt\/noticias\/2026\/02\/15\/milhares-de-jovens-com-deficiencia-aguardam-vagas-em-centros\/#primaryimage\"},\"image\":{\"@id\":\"https:\/\/portaltela.pt\/noticias\/2026\/02\/15\/milhares-de-jovens-com-deficiencia-aguardam-vagas-em-centros\/#primaryimage\"},\"thumbnailUrl\":\"https:\/\/portaltela.pt\/s.01k8rhncp4jt1\/2026\/02\/image-1154.jpg\",\"datePublished\":\"2026-02-15T08:10:00+00:00\",\"author\":{\"@id\":\"https:\/\/portaltela.pt\/#\/schema\/person\/c4278d4a6028830caff9ee44b42d32ed\"},\"breadcrumb\":{\"@id\":\"https:\/\/portaltela.pt\/noticias\/2026\/02\/15\/milhares-de-jovens-com-deficiencia-aguardam-vagas-em-centros\/#breadcrumb\"},\"inLanguage\":\"pt-PT\",\"potentialAction\":[{\"@type\":\"ReadAction\",\"target\":[\"https:\/\/portaltela.pt\/noticias\/2026\/02\/15\/milhares-de-jovens-com-deficiencia-aguardam-vagas-em-centros\/\"]}]},{\"@type\":\"ImageObject\",\"inLanguage\":\"pt-PT\",\"@id\":\"https:\/\/portaltela.pt\/noticias\/2026\/02\/15\/milhares-de-jovens-com-deficiencia-aguardam-vagas-em-centros\/#primaryimage\",\"url\":\"https:\/\/portaltela.pt\/s.01k8rhncp4jt1\/2026\/02\/image-1154.jpg\",\"contentUrl\":\"https:\/\/portaltela.pt\/s.01k8rhncp4jt1\/2026\/02\/image-1154.jpg\",\"width\":796,\"height\":448,\"caption\":\"H\u00e1 agrupamentos que renovam matr\u00edculas at\u00e9 aos 21 anos\"},{\"@type\":\"BreadcrumbList\",\"@id\":\"https:\/\/portaltela.pt\/noticias\/2026\/02\/15\/milhares-de-jovens-com-deficiencia-aguardam-vagas-em-centros\/#breadcrumb\",\"itemListElement\":[{\"@type\":\"ListItem\",\"position\":1,\"name\":\"In\u00edcio\",\"item\":\"https:\/\/portaltela.pt\/\"},{\"@type\":\"ListItem\",\"position\":2,\"name\":\"Milhares de jovens com defici\u00eancia aguardam vagas em centros\"}]},{\"@type\":\"WebSite\",\"@id\":\"https:\/\/portaltela.pt\/#website\",\"url\":\"https:\/\/portaltela.pt\/\",\"name\":\"Portal Tela Portugal\",\"description\":\"\",\"potentialAction\":[{\"@type\":\"SearchAction\",\"target\":{\"@type\":\"EntryPoint\",\"urlTemplate\":\"https:\/\/portaltela.pt\/?s={search_term_string}\"},\"query-input\":{\"@type\":\"PropertyValueSpecification\",\"valueRequired\":true,\"valueName\":\"search_term_string\"}}],\"inLanguage\":\"pt-PT\"},{\"@type\":\"Person\",\"@id\":\"https:\/\/portaltela.pt\/#\/schema\/person\/c4278d4a6028830caff9ee44b42d32ed\",\"name\":\"Telinha\",\"image\":{\"@type\":\"ImageObject\",\"inLanguage\":\"pt-PT\",\"@id\":\"https:\/\/portaltela.pt\/s.01k8rhncp4jt1\/2025\/11\/talking-bot-125x125.png\",\"url\":\"https:\/\/portaltela.pt\/s.01k8rhncp4jt1\/2025\/11\/talking-bot-125x125.png\",\"contentUrl\":\"https:\/\/portaltela.pt\/s.01k8rhncp4jt1\/2025\/11\/talking-bot-125x125.png\",\"caption\":\"Telinha\"},\"sameAs\":[\"https:\/\/portaltela.pt\/\"],\"url\":\"https:\/\/portaltela.pt\/por\/367410592786\/\"}]}<\/script>\n<!-- \/ Yoast SEO plugin. -->","yoast_head_json":{"title":"Milhares de jovens com defici\u00eancia aguardam vagas em centros - Portal Tela Portugal","robots":{"index":"index","follow":"follow","max-snippet":"max-snippet:-1","max-image-preview":"max-image-preview:large","max-video-preview":"max-video-preview:-1"},"og_locale":"pt_PT","og_type":"article","og_title":"Milhares de jovens com defici\u00eancia aguardam vagas em centros - Portal Tela Portugal","og_description":"Milhares de jovens com defici\u00eancia aguardam vaga num Centro de Atividades de Capacita\u00e7\u00e3o e Inclus\u00e3o (CACI). Ap\u00f3s atingirem a maioridade e deixarem de estar abrangidos pela escolaridade obrigat\u00f3ria, surge um dilema para as fam\u00edlias. Sem alternativas, algumas fam\u00edlias optam por vagas em lares de idosos ou por pais que param de trabalhar para cuidar dos filhos. O Governo confirma que est\u00e1 a rever a legisla\u00e7\u00e3o dos CACIs. Est\u00e3o em obra 85 projetos, ao abrigo do Plano de Recupera\u00e7\u00e3o e Resili\u00eancia (PRR), para abrir mais lugares.","og_url":"https:\/\/portaltela.pt\/noticias\/2026\/02\/15\/milhares-de-jovens-com-deficiencia-aguardam-vagas-em-centros\/","og_site_name":"Portal Tela Portugal","article_published_time":"2026-02-15T08:10:00+00:00","author":"Telinha","twitter_card":"summary_large_image","twitter_misc":{"Escrito por":"Telinha","Tempo estimado de leitura":"1 minuto"},"schema":{"@context":"https:\/\/schema.org","@graph":[{"@type":"Article","@id":"https:\/\/portaltela.pt\/noticias\/2026\/02\/15\/milhares-de-jovens-com-deficiencia-aguardam-vagas-em-centros\/#article","isPartOf":{"@id":"https:\/\/portaltela.pt\/noticias\/2026\/02\/15\/milhares-de-jovens-com-deficiencia-aguardam-vagas-em-centros\/"},"author":{"name":"Telinha","@id":"https:\/\/portaltela.pt\/#\/schema\/person\/c4278d4a6028830caff9ee44b42d32ed"},"headline":"Milhares de jovens com defici\u00eancia aguardam vagas em centros","datePublished":"2026-02-15T08:10:00+00:00","mainEntityOfPage":{"@id":"https:\/\/portaltela.pt\/noticias\/2026\/02\/15\/milhares-de-jovens-com-deficiencia-aguardam-vagas-em-centros\/"},"wordCount":183,"image":{"@id":"https:\/\/portaltela.pt\/noticias\/2026\/02\/15\/milhares-de-jovens-com-deficiencia-aguardam-vagas-em-centros\/#primaryimage"},"thumbnailUrl":"https:\/\/portaltela.pt\/s.01k8rhncp4jt1\/2026\/02\/image-1154.jpg","keywords":["governo","inclus\u00e3o social","pessoas com defici\u00eancia","pol\u00edtica p\u00fablica","prote\u00e7\u00e3o social","servi\u00e7os sociais"],"articleSection":["Not\u00edcias"],"inLanguage":"pt-PT"},{"@type":"WebPage","@id":"https:\/\/portaltela.pt\/noticias\/2026\/02\/15\/milhares-de-jovens-com-deficiencia-aguardam-vagas-em-centros\/","url":"https:\/\/portaltela.pt\/noticias\/2026\/02\/15\/milhares-de-jovens-com-deficiencia-aguardam-vagas-em-centros\/","name":"Milhares de jovens com defici\u00eancia aguardam vagas em centros - Portal Tela Portugal","isPartOf":{"@id":"https:\/\/portaltela.pt\/#website"},"primaryImageOfPage":{"@id":"https:\/\/portaltela.pt\/noticias\/2026\/02\/15\/milhares-de-jovens-com-deficiencia-aguardam-vagas-em-centros\/#primaryimage"},"image":{"@id":"https:\/\/portaltela.pt\/noticias\/2026\/02\/15\/milhares-de-jovens-com-deficiencia-aguardam-vagas-em-centros\/#primaryimage"},"thumbnailUrl":"https:\/\/portaltela.pt\/s.01k8rhncp4jt1\/2026\/02\/image-1154.jpg","datePublished":"2026-02-15T08:10:00+00:00","author":{"@id":"https:\/\/portaltela.pt\/#\/schema\/person\/c4278d4a6028830caff9ee44b42d32ed"},"breadcrumb":{"@id":"https:\/\/portaltela.pt\/noticias\/2026\/02\/15\/milhares-de-jovens-com-deficiencia-aguardam-vagas-em-centros\/#breadcrumb"},"inLanguage":"pt-PT","potentialAction":[{"@type":"ReadAction","target":["https:\/\/portaltela.pt\/noticias\/2026\/02\/15\/milhares-de-jovens-com-deficiencia-aguardam-vagas-em-centros\/"]}]},{"@type":"ImageObject","inLanguage":"pt-PT","@id":"https:\/\/portaltela.pt\/noticias\/2026\/02\/15\/milhares-de-jovens-com-deficiencia-aguardam-vagas-em-centros\/#primaryimage","url":"https:\/\/portaltela.pt\/s.01k8rhncp4jt1\/2026\/02\/image-1154.jpg","contentUrl":"https:\/\/portaltela.pt\/s.01k8rhncp4jt1\/2026\/02\/image-1154.jpg","width":796,"height":448,"caption":"H\u00e1 agrupamentos que renovam matr\u00edculas at\u00e9 aos 21 anos"},{"@type":"BreadcrumbList","@id":"https:\/\/portaltela.pt\/noticias\/2026\/02\/15\/milhares-de-jovens-com-deficiencia-aguardam-vagas-em-centros\/#breadcrumb","itemListElement":[{"@type":"ListItem","position":1,"name":"In\u00edcio","item":"https:\/\/portaltela.pt\/"},{"@type":"ListItem","position":2,"name":"Milhares de jovens com defici\u00eancia aguardam vagas em centros"}]},{"@type":"WebSite","@id":"https:\/\/portaltela.pt\/#website","url":"https:\/\/portaltela.pt\/","name":"Portal Tela Portugal","description":"","potentialAction":[{"@type":"SearchAction","target":{"@type":"EntryPoint","urlTemplate":"https:\/\/portaltela.pt\/?s={search_term_string}"},"query-input":{"@type":"PropertyValueSpecification","valueRequired":true,"valueName":"search_term_string"}}],"inLanguage":"pt-PT"},{"@type":"Person","@id":"https:\/\/portaltela.pt\/#\/schema\/person\/c4278d4a6028830caff9ee44b42d32ed","name":"Telinha","image":{"@type":"ImageObject","inLanguage":"pt-PT","@id":"https:\/\/portaltela.pt\/s.01k8rhncp4jt1\/2025\/11\/talking-bot-125x125.png","url":"https:\/\/portaltela.pt\/s.01k8rhncp4jt1\/2025\/11\/talking-bot-125x125.png","contentUrl":"https:\/\/portaltela.pt\/s.01k8rhncp4jt1\/2025\/11\/talking-bot-125x125.png","caption":"Telinha"},"sameAs":["https:\/\/portaltela.pt\/"],"url":"https:\/\/portaltela.pt\/por\/367410592786\/"}]}},"_links":{"self":[{"href":"https:\/\/portaltela.pt\/api\/wp\/v2\/posts\/213047","targetHints":{"allow":["GET"]}}],"collection":[{"href":"https:\/\/portaltela.pt\/api\/wp\/v2\/posts"}],"about":[{"href":"https:\/\/portaltela.pt\/api\/wp\/v2\/types\/post"}],"author":[{"embeddable":true,"href":"https:\/\/portaltela.pt\/api\/wp\/v2\/users\/2"}],"replies":[{"embeddable":true,"href":"https:\/\/portaltela.pt\/api\/wp\/v2\/comments?post=213047"}],"version-history":[{"count":0,"href":"https:\/\/portaltela.pt\/api\/wp\/v2\/posts\/213047\/revisions"}],"wp:featuredmedia":[{"embeddable":true,"href":"https:\/\/portaltela.pt\/api\/wp\/v2\/media\/213052"}],"wp:attachment":[{"href":"https:\/\/portaltela.pt\/api\/wp\/v2\/media?parent=213047"}],"wp:term":[{"taxonomy":"category","embeddable":true,"href":"https:\/\/portaltela.pt\/api\/wp\/v2\/categories?post=213047"},{"taxonomy":"post_tag","embeddable":true,"href":"https:\/\/portaltela.pt\/api\/wp\/v2\/tags?post=213047"}],"curies":[{"name":"wp","href":"https:\/\/api.w.org\/{rel}","templated":true}]}}