{"id":213007,"date":"2026-02-15T04:19:04","date_gmt":"2026-02-15T07:19:04","guid":{"rendered":"https:\/\/portaltela.pt\/noticias\/2026\/02\/15\/japao-reforca-cooperacao-com-nato-e-anuncia-apoio-a-ucrania\/"},"modified":"2026-02-15T04:19:04","modified_gmt":"2026-02-15T07:19:04","slug":"japao-reforca-cooperacao-com-nato-e-anuncia-apoio-a-ucrania","status":"publish","type":"post","link":"https:\/\/portaltela.pt\/noticias\/2026\/02\/15\/japao-reforca-cooperacao-com-nato-e-anuncia-apoio-a-ucrania\/","title":{"rendered":"Jap\u00e3o refor\u00e7a coopera\u00e7\u00e3o com NATO e anuncia apoio \u00e0 Ucr\u00e2nia"},"content":{"rendered":"<p>O Jap\u00e3o afirmou, este fim de semana, que aprofundar\u00e1 a coopera\u00e7\u00e3o com a NATO e aumentar\u00e1 o apoio \u00e0 Ucr\u00e2nia. Toshimitsu Motegi, ministro dos Neg\u00f3cios Estrangeiros, reuniu-se em Munique com o secret\u00e1rio-geral da Alian\u00e7a, Mark Rutte, para discutir estrat\u00e9gias de seguran\u00e7a conjuntas.<\/p>\n<p>Segundo o minist\u00e9rio japon\u00eas, Motegi insistiu que a seguran\u00e7a da regi\u00e3o euro-atl\u00e2ntica e da indo-pac\u00edfica \u00e9 insepar\u00e1vel e que a coopera\u00e7\u00e3o entre o Jap\u00e3o e a NATO \u00e9 de interesse estrat\u00e9gico. O objetivo \u00e9 elevar as rela\u00e7\u00f5es para patamares mais concretos em defesa e ind\u00fastria.<\/p>\n<p>A reuni\u00e3o, que durou cerca de 25 minutos, decorreu \u00e0 margem da cimeira de Munique. Rutte expressou expectativas de desenvolvimento da coopera\u00e7\u00e3o e valorizou o apoio japon\u00eas a Kiev atrav\u00e9s de programas da NATO.<\/p>\n<h3>Apoio financeiro e tecnol\u00f3gico<\/h3>\n<p>O Jap\u00e3o contribuir\u00e1 com cerca de 15 milh\u00f5es de euros em equipamento n\u00e3o letal para o pacote de assist\u00eancia da NATO a Kyiv. A iniciativa foca, entre outros, em radar e coletes \u00e0 prova de balas, conforme informa\u00e7\u00f5es da ag\u00eancia Jiji Press.<\/p>\n<p>A aten\u00e7\u00e3o internacional inclui rumores sobre a ades\u00e3o de T\u00f3quio a requisitos priorit\u00e1rios para a Ucr\u00e2nia (PURL), coordenados pela NATO e pela administra\u00e7\u00e3o norte-americana. A retranca oficial aponta para apoio financeiro a equipamentos de defesa n\u00e3o letais.<\/p>\n<p>O alinhamento entre T\u00f3quio e a NATO revela o aumento da coopera\u00e7\u00e3o, que j\u00e1 inclui uma delega\u00e7\u00e3o permanente da NATO em Bruxelas. Em abril, Rutte visitou T\u00f3quio para discutir expans\u00e3o da coopera\u00e7\u00e3o na ind\u00fastria de defesa.<\/p>\n<p>Motegi tamb\u00e9m teve encontros em Munique com o secret\u00e1rio de Estado dos EUA, Marco Rubio. O tema incluiu China, Coreia do Norte e pol\u00edticas de defesa. Os dois oficiais discutiram ainda a agenda de visita da primeira-ministra Sanae Takaichi aos Estados Unidos, prevista para mar\u00e7o.<\/p>\n","protected":false},"excerpt":{"rendered":"<ul>\n<li>O Jap\u00e3o pediu o aprofundamento da coopera\u00e7\u00e3o com a NATO e mostrou disponibilidade para refor\u00e7ar o apoio a \u0423\u043a\u0440\u0430\u0438\u043d\u0435, em especial atrav\u00e9s de programas da Alian\u00e7a.<\/li>\n<li>O ministro dos Neg\u00f3cios Estrangeiros, Toshimitsu Motegi, afirmou que a seguran\u00e7a das regi\u00f5es euro-atl\u00e2ntica e indo-pac\u00edfica \u201cs\u00e3o insepar\u00e1veis\u201d e que a coopera\u00e7\u00e3o Jap\u00e3o-NATO \u00e9 estrategicamente importante.<\/li>\n<li>T\u00f3quio pretende elevar as rela\u00e7\u00f5es com a NATO para novos patamares, com coopera\u00e7\u00e3o concreta em dom\u00ednios como equipamento de defesa e ind\u00fastria.<\/li>\n<li>A promo\u00e7\u00e3o ocorreu numa reuni\u00e3o de cerca de 25 minutos, \u00e0 margem da cimeira em Munique, na qual Mark Rutte valorizou a coopera\u00e7\u00e3o com o Jap\u00e3o e o apoio \u00e0 Ucr\u00e2nia por meio de programas da NATO.<\/li>\n<li>O Jap\u00e3o compromete-se a disponibilizar cerca de 15 milh\u00f5es de euros em equipamento n\u00e3o letal para o pacote de assist\u00eancia da NATO a Kiev.<\/li>\n<\/ul>\n","protected":false},"author":2,"featured_media":213008,"comment_status":"closed","ping_status":"closed","sticky":false,"template":"","format":"standard","meta":{"footnotes":""},"categories":[1],"tags":[256,2336,2487,255,4431,2134],"class_list":["post-213007","post","type-post","status-publish","format-standard","has-post-thumbnail","hentry","category-noticias","tag-cooperacao-internacional","tag-defesa-nacional","tag-europa","tag-industria","tag-industria-transformadora","tag-ucrania"],"yoast_head":"<!-- This site is optimized with the Yoast SEO plugin v27.2 - https:\/\/yoast.com\/product\/yoast-seo-wordpress\/ -->\n<title>Jap\u00e3o refor\u00e7a coopera\u00e7\u00e3o com NATO e anuncia apoio \u00e0 Ucr\u00e2nia - Portal Tela Portugal<\/title>\n<meta name=\"robots\" content=\"index, follow, max-snippet:-1, max-image-preview:large, max-video-preview:-1\" \/>\n<meta property=\"og:locale\" content=\"pt_PT\" \/>\n<meta property=\"og:type\" content=\"article\" \/>\n<meta property=\"og:title\" content=\"Jap\u00e3o refor\u00e7a coopera\u00e7\u00e3o com NATO e anuncia apoio \u00e0 Ucr\u00e2nia - Portal Tela Portugal\" \/>\n<meta property=\"og:description\" content=\"O Jap\u00e3o pediu o aprofundamento da coopera\u00e7\u00e3o com a NATO e mostrou disponibilidade para refor\u00e7ar o apoio a \u0423\u043a\u0440\u0430\u0438\u043d\u0435, em especial atrav\u00e9s de programas da Alian\u00e7a. O ministro dos Neg\u00f3cios Estrangeiros, Toshimitsu Motegi, afirmou que a seguran\u00e7a das regi\u00f5es euro-atl\u00e2ntica e indo-pac\u00edfica \u201cs\u00e3o insepar\u00e1veis\u201d e que a coopera\u00e7\u00e3o Jap\u00e3o-NATO \u00e9 estrategicamente importante. T\u00f3quio pretende elevar as rela\u00e7\u00f5es com a NATO para novos patamares, com coopera\u00e7\u00e3o concreta em dom\u00ednios como equipamento de defesa e ind\u00fastria. A promo\u00e7\u00e3o ocorreu numa reuni\u00e3o de cerca de 25 minutos, \u00e0 margem da cimeira em Munique, na qual Mark Rutte valorizou a coopera\u00e7\u00e3o com o Jap\u00e3o e o apoio \u00e0 Ucr\u00e2nia por meio de programas da NATO. O Jap\u00e3o compromete-se a disponibilizar cerca de 15 milh\u00f5es de euros em equipamento n\u00e3o letal para o pacote de assist\u00eancia da NATO a Kiev.\" \/>\n<meta property=\"og:url\" content=\"https:\/\/portaltela.pt\/noticias\/2026\/02\/15\/japao-reforca-cooperacao-com-nato-e-anuncia-apoio-a-ucrania\/\" \/>\n<meta property=\"og:site_name\" content=\"Portal Tela Portugal\" \/>\n<meta property=\"article:published_time\" content=\"2026-02-15T07:19:04+00:00\" \/>\n<meta name=\"author\" content=\"Telinha\" \/>\n<meta name=\"twitter:card\" content=\"summary_large_image\" \/>\n<meta name=\"twitter:label1\" content=\"Escrito por\" \/>\n\t<meta name=\"twitter:data1\" content=\"Telinha\" \/>\n\t<meta name=\"twitter:label2\" content=\"Tempo estimado de leitura\" \/>\n\t<meta name=\"twitter:data2\" content=\"2 minutos\" \/>\n<script type=\"application\/ld+json\" class=\"yoast-schema-graph\">{\"@context\":\"https:\/\/schema.org\",\"@graph\":[{\"@type\":\"Article\",\"@id\":\"https:\/\/portaltela.pt\/noticias\/2026\/02\/15\/japao-reforca-cooperacao-com-nato-e-anuncia-apoio-a-ucrania\/#article\",\"isPartOf\":{\"@id\":\"https:\/\/portaltela.pt\/noticias\/2026\/02\/15\/japao-reforca-cooperacao-com-nato-e-anuncia-apoio-a-ucrania\/\"},\"author\":{\"name\":\"Telinha\",\"@id\":\"https:\/\/portaltela.pt\/#\/schema\/person\/c4278d4a6028830caff9ee44b42d32ed\"},\"headline\":\"Jap\u00e3o refor\u00e7a coopera\u00e7\u00e3o com NATO e anuncia apoio \u00e0 Ucr\u00e2nia\",\"datePublished\":\"2026-02-15T07:19:04+00:00\",\"mainEntityOfPage\":{\"@id\":\"https:\/\/portaltela.pt\/noticias\/2026\/02\/15\/japao-reforca-cooperacao-com-nato-e-anuncia-apoio-a-ucrania\/\"},\"wordCount\":339,\"image\":{\"@id\":\"https:\/\/portaltela.pt\/noticias\/2026\/02\/15\/japao-reforca-cooperacao-com-nato-e-anuncia-apoio-a-ucrania\/#primaryimage\"},\"thumbnailUrl\":\"https:\/\/portaltela.pt\/s.01k8rhncp4jt1\/2026\/02\/img_1500x1000uu2025-09-08-07-04-01-2233949.jpg\",\"keywords\":[\"coopera\u00e7\u00e3o internacional\",\"Defesa Nacional\",\"Europa\",\"ind\u00fastria\",\"ind\u00fastria transformadora\",\"Ucr\u00e2nia\"],\"articleSection\":[\"Not\u00edcias\"],\"inLanguage\":\"pt-PT\"},{\"@type\":\"WebPage\",\"@id\":\"https:\/\/portaltela.pt\/noticias\/2026\/02\/15\/japao-reforca-cooperacao-com-nato-e-anuncia-apoio-a-ucrania\/\",\"url\":\"https:\/\/portaltela.pt\/noticias\/2026\/02\/15\/japao-reforca-cooperacao-com-nato-e-anuncia-apoio-a-ucrania\/\",\"name\":\"Jap\u00e3o refor\u00e7a coopera\u00e7\u00e3o com NATO e anuncia apoio \u00e0 Ucr\u00e2nia - Portal Tela Portugal\",\"isPartOf\":{\"@id\":\"https:\/\/portaltela.pt\/#website\"},\"primaryImageOfPage\":{\"@id\":\"https:\/\/portaltela.pt\/noticias\/2026\/02\/15\/japao-reforca-cooperacao-com-nato-e-anuncia-apoio-a-ucrania\/#primaryimage\"},\"image\":{\"@id\":\"https:\/\/portaltela.pt\/noticias\/2026\/02\/15\/japao-reforca-cooperacao-com-nato-e-anuncia-apoio-a-ucrania\/#primaryimage\"},\"thumbnailUrl\":\"https:\/\/portaltela.pt\/s.01k8rhncp4jt1\/2026\/02\/img_1500x1000uu2025-09-08-07-04-01-2233949.jpg\",\"datePublished\":\"2026-02-15T07:19:04+00:00\",\"author\":{\"@id\":\"https:\/\/portaltela.pt\/#\/schema\/person\/c4278d4a6028830caff9ee44b42d32ed\"},\"breadcrumb\":{\"@id\":\"https:\/\/portaltela.pt\/noticias\/2026\/02\/15\/japao-reforca-cooperacao-com-nato-e-anuncia-apoio-a-ucrania\/#breadcrumb\"},\"inLanguage\":\"pt-PT\",\"potentialAction\":[{\"@type\":\"ReadAction\",\"target\":[\"https:\/\/portaltela.pt\/noticias\/2026\/02\/15\/japao-reforca-cooperacao-com-nato-e-anuncia-apoio-a-ucrania\/\"]}]},{\"@type\":\"ImageObject\",\"inLanguage\":\"pt-PT\",\"@id\":\"https:\/\/portaltela.pt\/noticias\/2026\/02\/15\/japao-reforca-cooperacao-com-nato-e-anuncia-apoio-a-ucrania\/#primaryimage\",\"url\":\"https:\/\/portaltela.pt\/s.01k8rhncp4jt1\/2026\/02\/img_1500x1000uu2025-09-08-07-04-01-2233949.jpg\",\"contentUrl\":\"https:\/\/portaltela.pt\/s.01k8rhncp4jt1\/2026\/02\/img_1500x1000uu2025-09-08-07-04-01-2233949.jpg\",\"width\":796,\"height\":448,\"caption\":\"Toshimitsu Motegi\"},{\"@type\":\"BreadcrumbList\",\"@id\":\"https:\/\/portaltela.pt\/noticias\/2026\/02\/15\/japao-reforca-cooperacao-com-nato-e-anuncia-apoio-a-ucrania\/#breadcrumb\",\"itemListElement\":[{\"@type\":\"ListItem\",\"position\":1,\"name\":\"In\u00edcio\",\"item\":\"https:\/\/portaltela.pt\/\"},{\"@type\":\"ListItem\",\"position\":2,\"name\":\"Jap\u00e3o refor\u00e7a coopera\u00e7\u00e3o com NATO e anuncia apoio \u00e0 Ucr\u00e2nia\"}]},{\"@type\":\"WebSite\",\"@id\":\"https:\/\/portaltela.pt\/#website\",\"url\":\"https:\/\/portaltela.pt\/\",\"name\":\"Portal Tela Portugal\",\"description\":\"\",\"potentialAction\":[{\"@type\":\"SearchAction\",\"target\":{\"@type\":\"EntryPoint\",\"urlTemplate\":\"https:\/\/portaltela.pt\/?s={search_term_string}\"},\"query-input\":{\"@type\":\"PropertyValueSpecification\",\"valueRequired\":true,\"valueName\":\"search_term_string\"}}],\"inLanguage\":\"pt-PT\"},{\"@type\":\"Person\",\"@id\":\"https:\/\/portaltela.pt\/#\/schema\/person\/c4278d4a6028830caff9ee44b42d32ed\",\"name\":\"Telinha\",\"image\":{\"@type\":\"ImageObject\",\"inLanguage\":\"pt-PT\",\"@id\":\"https:\/\/portaltela.pt\/s.01k8rhncp4jt1\/2025\/11\/talking-bot-125x125.png\",\"url\":\"https:\/\/portaltela.pt\/s.01k8rhncp4jt1\/2025\/11\/talking-bot-125x125.png\",\"contentUrl\":\"https:\/\/portaltela.pt\/s.01k8rhncp4jt1\/2025\/11\/talking-bot-125x125.png\",\"caption\":\"Telinha\"},\"sameAs\":[\"https:\/\/portaltela.pt\/\"],\"url\":\"https:\/\/portaltela.pt\/por\/367410592786\/\"}]}<\/script>\n<!-- \/ Yoast SEO plugin. -->","yoast_head_json":{"title":"Jap\u00e3o refor\u00e7a coopera\u00e7\u00e3o com NATO e anuncia apoio \u00e0 Ucr\u00e2nia - Portal Tela Portugal","robots":{"index":"index","follow":"follow","max-snippet":"max-snippet:-1","max-image-preview":"max-image-preview:large","max-video-preview":"max-video-preview:-1"},"og_locale":"pt_PT","og_type":"article","og_title":"Jap\u00e3o refor\u00e7a coopera\u00e7\u00e3o com NATO e anuncia apoio \u00e0 Ucr\u00e2nia - Portal Tela Portugal","og_description":"O Jap\u00e3o pediu o aprofundamento da coopera\u00e7\u00e3o com a NATO e mostrou disponibilidade para refor\u00e7ar o apoio a \u0423\u043a\u0440\u0430\u0438\u043d\u0435, em especial atrav\u00e9s de programas da Alian\u00e7a. O ministro dos Neg\u00f3cios Estrangeiros, Toshimitsu Motegi, afirmou que a seguran\u00e7a das regi\u00f5es euro-atl\u00e2ntica e indo-pac\u00edfica \u201cs\u00e3o insepar\u00e1veis\u201d e que a coopera\u00e7\u00e3o Jap\u00e3o-NATO \u00e9 estrategicamente importante. T\u00f3quio pretende elevar as rela\u00e7\u00f5es com a NATO para novos patamares, com coopera\u00e7\u00e3o concreta em dom\u00ednios como equipamento de defesa e ind\u00fastria. A promo\u00e7\u00e3o ocorreu numa reuni\u00e3o de cerca de 25 minutos, \u00e0 margem da cimeira em Munique, na qual Mark Rutte valorizou a coopera\u00e7\u00e3o com o Jap\u00e3o e o apoio \u00e0 Ucr\u00e2nia por meio de programas da NATO. O Jap\u00e3o compromete-se a disponibilizar cerca de 15 milh\u00f5es de euros em equipamento n\u00e3o letal para o pacote de assist\u00eancia da NATO a Kiev.","og_url":"https:\/\/portaltela.pt\/noticias\/2026\/02\/15\/japao-reforca-cooperacao-com-nato-e-anuncia-apoio-a-ucrania\/","og_site_name":"Portal Tela Portugal","article_published_time":"2026-02-15T07:19:04+00:00","author":"Telinha","twitter_card":"summary_large_image","twitter_misc":{"Escrito por":"Telinha","Tempo estimado de leitura":"2 minutos"},"schema":{"@context":"https:\/\/schema.org","@graph":[{"@type":"Article","@id":"https:\/\/portaltela.pt\/noticias\/2026\/02\/15\/japao-reforca-cooperacao-com-nato-e-anuncia-apoio-a-ucrania\/#article","isPartOf":{"@id":"https:\/\/portaltela.pt\/noticias\/2026\/02\/15\/japao-reforca-cooperacao-com-nato-e-anuncia-apoio-a-ucrania\/"},"author":{"name":"Telinha","@id":"https:\/\/portaltela.pt\/#\/schema\/person\/c4278d4a6028830caff9ee44b42d32ed"},"headline":"Jap\u00e3o refor\u00e7a coopera\u00e7\u00e3o com NATO e anuncia apoio \u00e0 Ucr\u00e2nia","datePublished":"2026-02-15T07:19:04+00:00","mainEntityOfPage":{"@id":"https:\/\/portaltela.pt\/noticias\/2026\/02\/15\/japao-reforca-cooperacao-com-nato-e-anuncia-apoio-a-ucrania\/"},"wordCount":339,"image":{"@id":"https:\/\/portaltela.pt\/noticias\/2026\/02\/15\/japao-reforca-cooperacao-com-nato-e-anuncia-apoio-a-ucrania\/#primaryimage"},"thumbnailUrl":"https:\/\/portaltela.pt\/s.01k8rhncp4jt1\/2026\/02\/img_1500x1000uu2025-09-08-07-04-01-2233949.jpg","keywords":["coopera\u00e7\u00e3o internacional","Defesa Nacional","Europa","ind\u00fastria","ind\u00fastria transformadora","Ucr\u00e2nia"],"articleSection":["Not\u00edcias"],"inLanguage":"pt-PT"},{"@type":"WebPage","@id":"https:\/\/portaltela.pt\/noticias\/2026\/02\/15\/japao-reforca-cooperacao-com-nato-e-anuncia-apoio-a-ucrania\/","url":"https:\/\/portaltela.pt\/noticias\/2026\/02\/15\/japao-reforca-cooperacao-com-nato-e-anuncia-apoio-a-ucrania\/","name":"Jap\u00e3o refor\u00e7a coopera\u00e7\u00e3o com NATO e anuncia apoio \u00e0 Ucr\u00e2nia - Portal Tela Portugal","isPartOf":{"@id":"https:\/\/portaltela.pt\/#website"},"primaryImageOfPage":{"@id":"https:\/\/portaltela.pt\/noticias\/2026\/02\/15\/japao-reforca-cooperacao-com-nato-e-anuncia-apoio-a-ucrania\/#primaryimage"},"image":{"@id":"https:\/\/portaltela.pt\/noticias\/2026\/02\/15\/japao-reforca-cooperacao-com-nato-e-anuncia-apoio-a-ucrania\/#primaryimage"},"thumbnailUrl":"https:\/\/portaltela.pt\/s.01k8rhncp4jt1\/2026\/02\/img_1500x1000uu2025-09-08-07-04-01-2233949.jpg","datePublished":"2026-02-15T07:19:04+00:00","author":{"@id":"https:\/\/portaltela.pt\/#\/schema\/person\/c4278d4a6028830caff9ee44b42d32ed"},"breadcrumb":{"@id":"https:\/\/portaltela.pt\/noticias\/2026\/02\/15\/japao-reforca-cooperacao-com-nato-e-anuncia-apoio-a-ucrania\/#breadcrumb"},"inLanguage":"pt-PT","potentialAction":[{"@type":"ReadAction","target":["https:\/\/portaltela.pt\/noticias\/2026\/02\/15\/japao-reforca-cooperacao-com-nato-e-anuncia-apoio-a-ucrania\/"]}]},{"@type":"ImageObject","inLanguage":"pt-PT","@id":"https:\/\/portaltela.pt\/noticias\/2026\/02\/15\/japao-reforca-cooperacao-com-nato-e-anuncia-apoio-a-ucrania\/#primaryimage","url":"https:\/\/portaltela.pt\/s.01k8rhncp4jt1\/2026\/02\/img_1500x1000uu2025-09-08-07-04-01-2233949.jpg","contentUrl":"https:\/\/portaltela.pt\/s.01k8rhncp4jt1\/2026\/02\/img_1500x1000uu2025-09-08-07-04-01-2233949.jpg","width":796,"height":448,"caption":"Toshimitsu Motegi"},{"@type":"BreadcrumbList","@id":"https:\/\/portaltela.pt\/noticias\/2026\/02\/15\/japao-reforca-cooperacao-com-nato-e-anuncia-apoio-a-ucrania\/#breadcrumb","itemListElement":[{"@type":"ListItem","position":1,"name":"In\u00edcio","item":"https:\/\/portaltela.pt\/"},{"@type":"ListItem","position":2,"name":"Jap\u00e3o refor\u00e7a coopera\u00e7\u00e3o com NATO e anuncia apoio \u00e0 Ucr\u00e2nia"}]},{"@type":"WebSite","@id":"https:\/\/portaltela.pt\/#website","url":"https:\/\/portaltela.pt\/","name":"Portal Tela Portugal","description":"","potentialAction":[{"@type":"SearchAction","target":{"@type":"EntryPoint","urlTemplate":"https:\/\/portaltela.pt\/?s={search_term_string}"},"query-input":{"@type":"PropertyValueSpecification","valueRequired":true,"valueName":"search_term_string"}}],"inLanguage":"pt-PT"},{"@type":"Person","@id":"https:\/\/portaltela.pt\/#\/schema\/person\/c4278d4a6028830caff9ee44b42d32ed","name":"Telinha","image":{"@type":"ImageObject","inLanguage":"pt-PT","@id":"https:\/\/portaltela.pt\/s.01k8rhncp4jt1\/2025\/11\/talking-bot-125x125.png","url":"https:\/\/portaltela.pt\/s.01k8rhncp4jt1\/2025\/11\/talking-bot-125x125.png","contentUrl":"https:\/\/portaltela.pt\/s.01k8rhncp4jt1\/2025\/11\/talking-bot-125x125.png","caption":"Telinha"},"sameAs":["https:\/\/portaltela.pt\/"],"url":"https:\/\/portaltela.pt\/por\/367410592786\/"}]}},"_links":{"self":[{"href":"https:\/\/portaltela.pt\/api\/wp\/v2\/posts\/213007","targetHints":{"allow":["GET"]}}],"collection":[{"href":"https:\/\/portaltela.pt\/api\/wp\/v2\/posts"}],"about":[{"href":"https:\/\/portaltela.pt\/api\/wp\/v2\/types\/post"}],"author":[{"embeddable":true,"href":"https:\/\/portaltela.pt\/api\/wp\/v2\/users\/2"}],"replies":[{"embeddable":true,"href":"https:\/\/portaltela.pt\/api\/wp\/v2\/comments?post=213007"}],"version-history":[{"count":0,"href":"https:\/\/portaltela.pt\/api\/wp\/v2\/posts\/213007\/revisions"}],"wp:featuredmedia":[{"embeddable":true,"href":"https:\/\/portaltela.pt\/api\/wp\/v2\/media\/213008"}],"wp:attachment":[{"href":"https:\/\/portaltela.pt\/api\/wp\/v2\/media?parent=213007"}],"wp:term":[{"taxonomy":"category","embeddable":true,"href":"https:\/\/portaltela.pt\/api\/wp\/v2\/categories?post=213007"},{"taxonomy":"post_tag","embeddable":true,"href":"https:\/\/portaltela.pt\/api\/wp\/v2\/tags?post=213007"}],"curies":[{"name":"wp","href":"https:\/\/api.w.org\/{rel}","templated":true}]}}