{"id":213003,"date":"2026-02-15T04:28:00","date_gmt":"2026-02-15T07:28:00","guid":{"rendered":"https:\/\/portaltela.pt\/noticias\/2026\/02\/15\/presidente-assina-lei-para-distribuir-gas-gratuito-a-15-milhoes-de-familias\/"},"modified":"2026-02-15T04:28:00","modified_gmt":"2026-02-15T07:28:00","slug":"presidente-assina-lei-para-distribuir-gas-gratuito-a-15-milhoes-de-familias","status":"publish","type":"post","link":"https:\/\/portaltela.pt\/noticias\/economia\/2026\/02\/15\/presidente-assina-lei-para-distribuir-gas-gratuito-a-15-milhoes-de-familias\/","title":{"rendered":"Presidente assina lei para distribuir g\u00e1s gratuito a 15 milh\u00f5es de fam\u00edlias"},"content":{"rendered":"<p>O presidente brasileiro, Lula da Silva, assinou a Lei n.\u00ba 15.348, que cria o programa &#8220;G\u00e1s do Povo&#8221;. O objetivo \u00e9 fornecer botijas de GLP de 13 kg a fam\u00edlias vulner\u00e1veis, beneficiando cerca de 15 milh\u00f5es de agregados familiares, correspondendo a aproximadamente 50 milh\u00f5es de pessoas.<\/p>\n<p>A iniciativa busca enfrentar a pobreza energ\u00e9tica e dificuldades de acesso ao g\u00e1s de cozinha para fam\u00edlias com menos recursos. O programa foca especialmente quem est\u00e1 inscrito no Cad\u00danico e com rendimento por pessoa at\u00e9 metade do sal\u00e1rio m\u00ednimo.<\/p>\n<p>Participam da implementa\u00e7\u00e3o os minist\u00e9rios de Minas e Energia, Desenvolvimento e Assist\u00eancia Social, Fam\u00edlia e Combate \u00e0 Fome, al\u00e9m da Caixa Econ\u00f4mica Federal. A presid\u00eancia informou que j\u00e1 foram credenciados 10.000 pontos de venda em menos de dois meses e que um em cada seis revendedores do pa\u00eds aderiu ao projeto.<\/p>\n<h3>Como funciona<\/h3>\n<p>O Executivo estima que o programa esteja totalmente operacional em mar\u00e7o. Para acessar, \u00e9 necess\u00e1rio cumprir requisitos: ser benefici\u00e1rio do Bolsa Fam\u00edlia com pelo menos dois membros, manter o Cad\u00danico atualizado nos \u00faltimos 24 meses e ter CPF em situa\u00e7\u00e3o regular.<\/p>\n<p>As fam\u00edlias poder\u00e3o verificar elegibilidade por meio da aplica\u00e7\u00e3o Meu Social &#8211; G\u00e1s do Povo. A app tamb\u00e9m fornece vales de recarga, locais autorizados, n\u00fameros de contacto e endere\u00e7os de atendimento.<\/p>\n<p>Quem n\u00e3o tem internet pode usar o vale via cart\u00e3o Bolsa Fam\u00edlia com chip ou fornecer o n\u00famero de identifica\u00e7\u00e3o fiscal do respons\u00e1vel no ponto credenciado. O programa prev\u00ea plafon de apoio a quem cumprir as condi\u00e7\u00f5es estabelecidas.<\/p>\n","protected":false},"excerpt":{"rendered":"<ul>\n<li>O presidente Lula da Silva assinou a Lei n.\u00ba 15.348 que cria o programa G\u00e1s do Povo, visando fornecer g\u00e1s gratuito a fam\u00edlias vulner\u00e1veis.<\/li>\n<li>O plano pretende combater a pobreza energ\u00e9tica e beneficiar quinze milh\u00f5es de fam\u00edlias, totalizando cinquenta milh\u00f5es de pessoas, com botijas de 13 kg.<\/li>\n<li>Os benef\u00edcios destinam-se a pessoas inscritas no Cadastro \u00danico (Cad\u00danico), com rendimento por pessoa at\u00e9 metade do sal\u00e1rio m\u00ednimo; as fam\u00edlias devem ter pelo menos dois elementos e Cad\u00danico atualizado nos \u00faltimos 24 meses, al\u00e9m de CPF regular.<\/li>\n<li>A execu\u00e7\u00e3o envolve os minist\u00e9rios de Minas e Energia e Desenvolvimento e Assist\u00eancia Social, Fam\u00edlia e Combate \u00e0 Fome, bem como a Caixa Econ\u00f3mica Federal; o Executivo espera que o projeto esteja totalmente operacional em mar\u00e7o e alcance quinze milh\u00f5es de fam\u00edlias.<\/li>\n<li>O acesso ser\u00e1 poss\u00edvel via a aplica\u00e7\u00e3o Meu Social &#8211; G\u00e1s do Povo, ou pelo cart\u00e3o Bolsa Fam\u00edlia com chip, ou ainda pelo NIF do respons\u00e1vel no ponto de venda credenciado; a meta inclui dez mil pontos de venda em menos de dois meses e vincula\u00e7\u00e3o de um em cada seis revendedores.<\/li>\n<\/ul>\n","protected":false},"author":2,"featured_media":213006,"comment_status":"closed","ping_status":"closed","sticky":false,"template":"","format":"standard","meta":{"footnotes":""},"categories":[2,1],"tags":[4729,2172,2547,174,1053,2832],"class_list":["post-213003","post","type-post","status-publish","format-standard","has-post-thumbnail","hentry","category-economia","category-noticias","tag-abastecimento-de-energia","tag-assistencia-social","tag-brasil","tag-energia","tag-pobreza-energetica","tag-politica"],"yoast_head":"<!-- This site is optimized with the Yoast SEO plugin v27.2 - https:\/\/yoast.com\/product\/yoast-seo-wordpress\/ -->\n<title>Presidente assina lei para distribuir g\u00e1s gratuito a 15 milh\u00f5es de fam\u00edlias - Portal Tela Portugal<\/title>\n<meta name=\"robots\" content=\"index, follow, max-snippet:-1, max-image-preview:large, max-video-preview:-1\" \/>\n<meta property=\"og:locale\" content=\"pt_PT\" \/>\n<meta property=\"og:type\" content=\"article\" \/>\n<meta property=\"og:title\" content=\"Presidente assina lei para distribuir g\u00e1s gratuito a 15 milh\u00f5es de fam\u00edlias - Portal Tela Portugal\" \/>\n<meta property=\"og:description\" content=\"O presidente Lula da Silva assinou a Lei n.\u00ba 15.348 que cria o programa G\u00e1s do Povo, visando fornecer g\u00e1s gratuito a fam\u00edlias vulner\u00e1veis. O plano pretende combater a pobreza energ\u00e9tica e beneficiar quinze milh\u00f5es de fam\u00edlias, totalizando cinquenta milh\u00f5es de pessoas, com botijas de 13 kg. Os benef\u00edcios destinam-se a pessoas inscritas no Cadastro \u00danico (Cad\u00danico), com rendimento por pessoa at\u00e9 metade do sal\u00e1rio m\u00ednimo; as fam\u00edlias devem ter pelo menos dois elementos e Cad\u00danico atualizado nos \u00faltimos 24 meses, al\u00e9m de CPF regular. A execu\u00e7\u00e3o envolve os minist\u00e9rios de Minas e Energia e Desenvolvimento e Assist\u00eancia Social, Fam\u00edlia e Combate \u00e0 Fome, bem como a Caixa Econ\u00f3mica Federal; o Executivo espera que o projeto esteja totalmente operacional em mar\u00e7o e alcance quinze milh\u00f5es de fam\u00edlias. O acesso ser\u00e1 poss\u00edvel via a aplica\u00e7\u00e3o Meu Social - G\u00e1s do Povo, ou pelo cart\u00e3o Bolsa Fam\u00edlia com chip, ou ainda pelo NIF do respons\u00e1vel no ponto de venda credenciado; a meta inclui dez mil pontos de venda em menos de dois meses e vincula\u00e7\u00e3o de um em cada seis revendedores.\" \/>\n<meta property=\"og:url\" content=\"https:\/\/portaltela.pt\/noticias\/2026\/02\/15\/presidente-assina-lei-para-distribuir-gas-gratuito-a-15-milhoes-de-familias\/\" \/>\n<meta property=\"og:site_name\" content=\"Portal Tela Portugal\" \/>\n<meta property=\"article:published_time\" content=\"2026-02-15T07:28:00+00:00\" \/>\n<meta name=\"author\" content=\"Telinha\" \/>\n<meta name=\"twitter:card\" content=\"summary_large_image\" \/>\n<meta name=\"twitter:label1\" content=\"Escrito por\" \/>\n\t<meta name=\"twitter:data1\" content=\"Telinha\" \/>\n\t<meta name=\"twitter:label2\" content=\"Tempo estimado de leitura\" \/>\n\t<meta name=\"twitter:data2\" content=\"1 minuto\" \/>\n<script type=\"application\/ld+json\" class=\"yoast-schema-graph\">{\"@context\":\"https:\/\/schema.org\",\"@graph\":[{\"@type\":\"Article\",\"@id\":\"https:\/\/portaltela.pt\/noticias\/2026\/02\/15\/presidente-assina-lei-para-distribuir-gas-gratuito-a-15-milhoes-de-familias\/#article\",\"isPartOf\":{\"@id\":\"https:\/\/portaltela.pt\/noticias\/2026\/02\/15\/presidente-assina-lei-para-distribuir-gas-gratuito-a-15-milhoes-de-familias\/\"},\"author\":{\"name\":\"Telinha\",\"@id\":\"https:\/\/portaltela.pt\/#\/schema\/person\/c4278d4a6028830caff9ee44b42d32ed\"},\"headline\":\"Presidente assina lei para distribuir g\u00e1s gratuito a 15 milh\u00f5es de fam\u00edlias\",\"datePublished\":\"2026-02-15T07:28:00+00:00\",\"mainEntityOfPage\":{\"@id\":\"https:\/\/portaltela.pt\/noticias\/2026\/02\/15\/presidente-assina-lei-para-distribuir-gas-gratuito-a-15-milhoes-de-familias\/\"},\"wordCount\":292,\"image\":{\"@id\":\"https:\/\/portaltela.pt\/noticias\/2026\/02\/15\/presidente-assina-lei-para-distribuir-gas-gratuito-a-15-milhoes-de-familias\/#primaryimage\"},\"thumbnailUrl\":\"https:\/\/portaltela.pt\/s.01k8rhncp4jt1\/2026\/02\/img_1500x1000uu2025-11-10-16-19-27-2247272.jpg\",\"keywords\":[\"abastecimento de energia\",\"assist\u00eancia social\",\"Brasil\",\"energia\",\"pobreza energ\u00e9tica\",\"pol\u00edtica\"],\"articleSection\":[\"Economia\",\"Not\u00edcias\"],\"inLanguage\":\"pt-PT\"},{\"@type\":\"WebPage\",\"@id\":\"https:\/\/portaltela.pt\/noticias\/2026\/02\/15\/presidente-assina-lei-para-distribuir-gas-gratuito-a-15-milhoes-de-familias\/\",\"url\":\"https:\/\/portaltela.pt\/noticias\/2026\/02\/15\/presidente-assina-lei-para-distribuir-gas-gratuito-a-15-milhoes-de-familias\/\",\"name\":\"Presidente assina lei para distribuir g\u00e1s gratuito a 15 milh\u00f5es de fam\u00edlias - Portal Tela Portugal\",\"isPartOf\":{\"@id\":\"https:\/\/portaltela.pt\/#website\"},\"primaryImageOfPage\":{\"@id\":\"https:\/\/portaltela.pt\/noticias\/2026\/02\/15\/presidente-assina-lei-para-distribuir-gas-gratuito-a-15-milhoes-de-familias\/#primaryimage\"},\"image\":{\"@id\":\"https:\/\/portaltela.pt\/noticias\/2026\/02\/15\/presidente-assina-lei-para-distribuir-gas-gratuito-a-15-milhoes-de-familias\/#primaryimage\"},\"thumbnailUrl\":\"https:\/\/portaltela.pt\/s.01k8rhncp4jt1\/2026\/02\/img_1500x1000uu2025-11-10-16-19-27-2247272.jpg\",\"datePublished\":\"2026-02-15T07:28:00+00:00\",\"author\":{\"@id\":\"https:\/\/portaltela.pt\/#\/schema\/person\/c4278d4a6028830caff9ee44b42d32ed\"},\"breadcrumb\":{\"@id\":\"https:\/\/portaltela.pt\/noticias\/2026\/02\/15\/presidente-assina-lei-para-distribuir-gas-gratuito-a-15-milhoes-de-familias\/#breadcrumb\"},\"inLanguage\":\"pt-PT\",\"potentialAction\":[{\"@type\":\"ReadAction\",\"target\":[\"https:\/\/portaltela.pt\/noticias\/2026\/02\/15\/presidente-assina-lei-para-distribuir-gas-gratuito-a-15-milhoes-de-familias\/\"]}]},{\"@type\":\"ImageObject\",\"inLanguage\":\"pt-PT\",\"@id\":\"https:\/\/portaltela.pt\/noticias\/2026\/02\/15\/presidente-assina-lei-para-distribuir-gas-gratuito-a-15-milhoes-de-familias\/#primaryimage\",\"url\":\"https:\/\/portaltela.pt\/s.01k8rhncp4jt1\/2026\/02\/img_1500x1000uu2025-11-10-16-19-27-2247272.jpg\",\"contentUrl\":\"https:\/\/portaltela.pt\/s.01k8rhncp4jt1\/2026\/02\/img_1500x1000uu2025-11-10-16-19-27-2247272.jpg\",\"width\":796,\"height\":448,\"caption\":\"Lula da Silva\"},{\"@type\":\"BreadcrumbList\",\"@id\":\"https:\/\/portaltela.pt\/noticias\/2026\/02\/15\/presidente-assina-lei-para-distribuir-gas-gratuito-a-15-milhoes-de-familias\/#breadcrumb\",\"itemListElement\":[{\"@type\":\"ListItem\",\"position\":1,\"name\":\"In\u00edcio\",\"item\":\"https:\/\/portaltela.pt\/\"},{\"@type\":\"ListItem\",\"position\":2,\"name\":\"Presidente assina lei para distribuir g\u00e1s gratuito a 15 milh\u00f5es de fam\u00edlias\"}]},{\"@type\":\"WebSite\",\"@id\":\"https:\/\/portaltela.pt\/#website\",\"url\":\"https:\/\/portaltela.pt\/\",\"name\":\"Portal Tela Portugal\",\"description\":\"\",\"potentialAction\":[{\"@type\":\"SearchAction\",\"target\":{\"@type\":\"EntryPoint\",\"urlTemplate\":\"https:\/\/portaltela.pt\/?s={search_term_string}\"},\"query-input\":{\"@type\":\"PropertyValueSpecification\",\"valueRequired\":true,\"valueName\":\"search_term_string\"}}],\"inLanguage\":\"pt-PT\"},{\"@type\":\"Person\",\"@id\":\"https:\/\/portaltela.pt\/#\/schema\/person\/c4278d4a6028830caff9ee44b42d32ed\",\"name\":\"Telinha\",\"image\":{\"@type\":\"ImageObject\",\"inLanguage\":\"pt-PT\",\"@id\":\"https:\/\/portaltela.pt\/s.01k8rhncp4jt1\/2025\/11\/talking-bot-125x125.png\",\"url\":\"https:\/\/portaltela.pt\/s.01k8rhncp4jt1\/2025\/11\/talking-bot-125x125.png\",\"contentUrl\":\"https:\/\/portaltela.pt\/s.01k8rhncp4jt1\/2025\/11\/talking-bot-125x125.png\",\"caption\":\"Telinha\"},\"sameAs\":[\"https:\/\/portaltela.pt\/\"],\"url\":\"https:\/\/portaltela.pt\/por\/367410592786\/\"}]}<\/script>\n<!-- \/ Yoast SEO plugin. -->","yoast_head_json":{"title":"Presidente assina lei para distribuir g\u00e1s gratuito a 15 milh\u00f5es de fam\u00edlias - Portal Tela Portugal","robots":{"index":"index","follow":"follow","max-snippet":"max-snippet:-1","max-image-preview":"max-image-preview:large","max-video-preview":"max-video-preview:-1"},"og_locale":"pt_PT","og_type":"article","og_title":"Presidente assina lei para distribuir g\u00e1s gratuito a 15 milh\u00f5es de fam\u00edlias - Portal Tela Portugal","og_description":"O presidente Lula da Silva assinou a Lei n.\u00ba 15.348 que cria o programa G\u00e1s do Povo, visando fornecer g\u00e1s gratuito a fam\u00edlias vulner\u00e1veis. O plano pretende combater a pobreza energ\u00e9tica e beneficiar quinze milh\u00f5es de fam\u00edlias, totalizando cinquenta milh\u00f5es de pessoas, com botijas de 13 kg. Os benef\u00edcios destinam-se a pessoas inscritas no Cadastro \u00danico (Cad\u00danico), com rendimento por pessoa at\u00e9 metade do sal\u00e1rio m\u00ednimo; as fam\u00edlias devem ter pelo menos dois elementos e Cad\u00danico atualizado nos \u00faltimos 24 meses, al\u00e9m de CPF regular. A execu\u00e7\u00e3o envolve os minist\u00e9rios de Minas e Energia e Desenvolvimento e Assist\u00eancia Social, Fam\u00edlia e Combate \u00e0 Fome, bem como a Caixa Econ\u00f3mica Federal; o Executivo espera que o projeto esteja totalmente operacional em mar\u00e7o e alcance quinze milh\u00f5es de fam\u00edlias. O acesso ser\u00e1 poss\u00edvel via a aplica\u00e7\u00e3o Meu Social - G\u00e1s do Povo, ou pelo cart\u00e3o Bolsa Fam\u00edlia com chip, ou ainda pelo NIF do respons\u00e1vel no ponto de venda credenciado; a meta inclui dez mil pontos de venda em menos de dois meses e vincula\u00e7\u00e3o de um em cada seis revendedores.","og_url":"https:\/\/portaltela.pt\/noticias\/2026\/02\/15\/presidente-assina-lei-para-distribuir-gas-gratuito-a-15-milhoes-de-familias\/","og_site_name":"Portal Tela Portugal","article_published_time":"2026-02-15T07:28:00+00:00","author":"Telinha","twitter_card":"summary_large_image","twitter_misc":{"Escrito por":"Telinha","Tempo estimado de leitura":"1 minuto"},"schema":{"@context":"https:\/\/schema.org","@graph":[{"@type":"Article","@id":"https:\/\/portaltela.pt\/noticias\/2026\/02\/15\/presidente-assina-lei-para-distribuir-gas-gratuito-a-15-milhoes-de-familias\/#article","isPartOf":{"@id":"https:\/\/portaltela.pt\/noticias\/2026\/02\/15\/presidente-assina-lei-para-distribuir-gas-gratuito-a-15-milhoes-de-familias\/"},"author":{"name":"Telinha","@id":"https:\/\/portaltela.pt\/#\/schema\/person\/c4278d4a6028830caff9ee44b42d32ed"},"headline":"Presidente assina lei para distribuir g\u00e1s gratuito a 15 milh\u00f5es de fam\u00edlias","datePublished":"2026-02-15T07:28:00+00:00","mainEntityOfPage":{"@id":"https:\/\/portaltela.pt\/noticias\/2026\/02\/15\/presidente-assina-lei-para-distribuir-gas-gratuito-a-15-milhoes-de-familias\/"},"wordCount":292,"image":{"@id":"https:\/\/portaltela.pt\/noticias\/2026\/02\/15\/presidente-assina-lei-para-distribuir-gas-gratuito-a-15-milhoes-de-familias\/#primaryimage"},"thumbnailUrl":"https:\/\/portaltela.pt\/s.01k8rhncp4jt1\/2026\/02\/img_1500x1000uu2025-11-10-16-19-27-2247272.jpg","keywords":["abastecimento de energia","assist\u00eancia social","Brasil","energia","pobreza energ\u00e9tica","pol\u00edtica"],"articleSection":["Economia","Not\u00edcias"],"inLanguage":"pt-PT"},{"@type":"WebPage","@id":"https:\/\/portaltela.pt\/noticias\/2026\/02\/15\/presidente-assina-lei-para-distribuir-gas-gratuito-a-15-milhoes-de-familias\/","url":"https:\/\/portaltela.pt\/noticias\/2026\/02\/15\/presidente-assina-lei-para-distribuir-gas-gratuito-a-15-milhoes-de-familias\/","name":"Presidente assina lei para distribuir g\u00e1s gratuito a 15 milh\u00f5es de fam\u00edlias - Portal Tela Portugal","isPartOf":{"@id":"https:\/\/portaltela.pt\/#website"},"primaryImageOfPage":{"@id":"https:\/\/portaltela.pt\/noticias\/2026\/02\/15\/presidente-assina-lei-para-distribuir-gas-gratuito-a-15-milhoes-de-familias\/#primaryimage"},"image":{"@id":"https:\/\/portaltela.pt\/noticias\/2026\/02\/15\/presidente-assina-lei-para-distribuir-gas-gratuito-a-15-milhoes-de-familias\/#primaryimage"},"thumbnailUrl":"https:\/\/portaltela.pt\/s.01k8rhncp4jt1\/2026\/02\/img_1500x1000uu2025-11-10-16-19-27-2247272.jpg","datePublished":"2026-02-15T07:28:00+00:00","author":{"@id":"https:\/\/portaltela.pt\/#\/schema\/person\/c4278d4a6028830caff9ee44b42d32ed"},"breadcrumb":{"@id":"https:\/\/portaltela.pt\/noticias\/2026\/02\/15\/presidente-assina-lei-para-distribuir-gas-gratuito-a-15-milhoes-de-familias\/#breadcrumb"},"inLanguage":"pt-PT","potentialAction":[{"@type":"ReadAction","target":["https:\/\/portaltela.pt\/noticias\/2026\/02\/15\/presidente-assina-lei-para-distribuir-gas-gratuito-a-15-milhoes-de-familias\/"]}]},{"@type":"ImageObject","inLanguage":"pt-PT","@id":"https:\/\/portaltela.pt\/noticias\/2026\/02\/15\/presidente-assina-lei-para-distribuir-gas-gratuito-a-15-milhoes-de-familias\/#primaryimage","url":"https:\/\/portaltela.pt\/s.01k8rhncp4jt1\/2026\/02\/img_1500x1000uu2025-11-10-16-19-27-2247272.jpg","contentUrl":"https:\/\/portaltela.pt\/s.01k8rhncp4jt1\/2026\/02\/img_1500x1000uu2025-11-10-16-19-27-2247272.jpg","width":796,"height":448,"caption":"Lula da Silva"},{"@type":"BreadcrumbList","@id":"https:\/\/portaltela.pt\/noticias\/2026\/02\/15\/presidente-assina-lei-para-distribuir-gas-gratuito-a-15-milhoes-de-familias\/#breadcrumb","itemListElement":[{"@type":"ListItem","position":1,"name":"In\u00edcio","item":"https:\/\/portaltela.pt\/"},{"@type":"ListItem","position":2,"name":"Presidente assina lei para distribuir g\u00e1s gratuito a 15 milh\u00f5es de fam\u00edlias"}]},{"@type":"WebSite","@id":"https:\/\/portaltela.pt\/#website","url":"https:\/\/portaltela.pt\/","name":"Portal Tela Portugal","description":"","potentialAction":[{"@type":"SearchAction","target":{"@type":"EntryPoint","urlTemplate":"https:\/\/portaltela.pt\/?s={search_term_string}"},"query-input":{"@type":"PropertyValueSpecification","valueRequired":true,"valueName":"search_term_string"}}],"inLanguage":"pt-PT"},{"@type":"Person","@id":"https:\/\/portaltela.pt\/#\/schema\/person\/c4278d4a6028830caff9ee44b42d32ed","name":"Telinha","image":{"@type":"ImageObject","inLanguage":"pt-PT","@id":"https:\/\/portaltela.pt\/s.01k8rhncp4jt1\/2025\/11\/talking-bot-125x125.png","url":"https:\/\/portaltela.pt\/s.01k8rhncp4jt1\/2025\/11\/talking-bot-125x125.png","contentUrl":"https:\/\/portaltela.pt\/s.01k8rhncp4jt1\/2025\/11\/talking-bot-125x125.png","caption":"Telinha"},"sameAs":["https:\/\/portaltela.pt\/"],"url":"https:\/\/portaltela.pt\/por\/367410592786\/"}]}},"_links":{"self":[{"href":"https:\/\/portaltela.pt\/api\/wp\/v2\/posts\/213003","targetHints":{"allow":["GET"]}}],"collection":[{"href":"https:\/\/portaltela.pt\/api\/wp\/v2\/posts"}],"about":[{"href":"https:\/\/portaltela.pt\/api\/wp\/v2\/types\/post"}],"author":[{"embeddable":true,"href":"https:\/\/portaltela.pt\/api\/wp\/v2\/users\/2"}],"replies":[{"embeddable":true,"href":"https:\/\/portaltela.pt\/api\/wp\/v2\/comments?post=213003"}],"version-history":[{"count":0,"href":"https:\/\/portaltela.pt\/api\/wp\/v2\/posts\/213003\/revisions"}],"wp:featuredmedia":[{"embeddable":true,"href":"https:\/\/portaltela.pt\/api\/wp\/v2\/media\/213006"}],"wp:attachment":[{"href":"https:\/\/portaltela.pt\/api\/wp\/v2\/media?parent=213003"}],"wp:term":[{"taxonomy":"category","embeddable":true,"href":"https:\/\/portaltela.pt\/api\/wp\/v2\/categories?post=213003"},{"taxonomy":"post_tag","embeddable":true,"href":"https:\/\/portaltela.pt\/api\/wp\/v2\/tags?post=213003"}],"curies":[{"name":"wp","href":"https:\/\/api.w.org\/{rel}","templated":true}]}}