{"id":212973,"date":"2026-02-14T16:45:00","date_gmt":"2026-02-14T19:45:00","guid":{"rendered":"https:\/\/portaltela.pt\/noticias\/2026\/02\/14\/autarquia-de-almada-apela-a-populacao-para-evitar-zonas-interditas-por-derrocadas\/"},"modified":"2026-02-14T16:45:00","modified_gmt":"2026-02-14T19:45:00","slug":"autarquia-de-almada-apela-a-populacao-para-evitar-zonas-interditas-por-derrocadas","status":"publish","type":"post","link":"https:\/\/portaltela.pt\/noticias\/2026\/02\/14\/autarquia-de-almada-apela-a-populacao-para-evitar-zonas-interditas-por-derrocadas\/","title":{"rendered":"Autarquia de Almada apela \u00e0 popula\u00e7\u00e3o para evitar zonas interditas por derrocadas"},"content":{"rendered":"<p>O munic\u00edpio de Almada pediu \u00e0 popula\u00e7\u00e3o para manter dist\u00e2ncia das zonas interditadas devido ao risco de derrocadas. A comunica\u00e7\u00e3o foi publicada pela autarquia, sem detalhar as \u00e1reas espec\u00edficas envolvidas ou a dura\u00e7\u00e3o das interditas.<\/p>\n<p>A nota n\u00e3o especifica quando ocorreu o apelo, nem se houve altera\u00e7\u00f5es recentes nas restri\u00e7\u00f5es. O objetivo \u00e9 evitar situa\u00e7\u00f5es de perigo para residentes e visitantes em \u00e1reas.seguros.<\/p>\n<p>A informa\u00e7\u00e3o completa, incluindo os per\u00edmetros interditos e motiva\u00e7\u00f5es t\u00e9cnicas, encontra-se dispon\u00edvel apenas para subscritores. As autoridades locais reiteram a necessidade de cumprir as indica\u00e7\u00f5es oficiais para prevenir acidentes.<\/p>\n","protected":false},"excerpt":{"rendered":"<ul>\n<li>A autarquia de Almada apelou \u00e0 popula\u00e7\u00e3o para se manter afastada dos locais interditos por risco de derrocadas.<\/li>\n<li>As \u00e1reas interditas continuam sinalizadas e n\u00e3o devem ser frequentadas.<\/li>\n<li>O apelo visa aumentar a seguran\u00e7a p\u00fablica na regi\u00e3o.<\/li>\n<li>N\u00e3o foram divulgados detalhes adicionais sobre a localiza\u00e7\u00e3o exata ou a dura\u00e7\u00e3o das restri\u00e7\u00f5es.<\/li>\n<li>Fonte: ag\u00eancia Lusa.<\/li>\n<\/ul>\n","protected":false},"author":2,"featured_media":212974,"comment_status":"closed","ping_status":"closed","sticky":false,"template":"","format":"standard","meta":{"footnotes":""},"categories":[1],"tags":[5950,4409,2289,320,5099,250],"class_list":["post-212973","post","type-post","status-publish","format-standard","has-post-thumbnail","hentry","category-noticias","tag-a-almada","tag-derrocadas","tag-desabamentos","tag-protecao-civil","tag-protecao-civil-municipal","tag-seguranca-publica"],"yoast_head":"<!-- This site is optimized with the Yoast SEO plugin v27.2 - https:\/\/yoast.com\/product\/yoast-seo-wordpress\/ -->\n<title>Autarquia de Almada apela \u00e0 popula\u00e7\u00e3o para evitar zonas interditas por derrocadas - Portal Tela Portugal<\/title>\n<meta name=\"robots\" content=\"index, follow, max-snippet:-1, max-image-preview:large, max-video-preview:-1\" \/>\n<meta property=\"og:locale\" content=\"pt_PT\" \/>\n<meta property=\"og:type\" content=\"article\" \/>\n<meta property=\"og:title\" content=\"Autarquia de Almada apela \u00e0 popula\u00e7\u00e3o para evitar zonas interditas por derrocadas - Portal Tela Portugal\" \/>\n<meta property=\"og:description\" content=\"A autarquia de Almada apelou \u00e0 popula\u00e7\u00e3o para se manter afastada dos locais interditos por risco de derrocadas. As \u00e1reas interditas continuam sinalizadas e n\u00e3o devem ser frequentadas. O apelo visa aumentar a seguran\u00e7a p\u00fablica na regi\u00e3o. N\u00e3o foram divulgados detalhes adicionais sobre a localiza\u00e7\u00e3o exata ou a dura\u00e7\u00e3o das restri\u00e7\u00f5es. Fonte: ag\u00eancia Lusa.\" \/>\n<meta property=\"og:url\" content=\"https:\/\/portaltela.pt\/noticias\/2026\/02\/14\/autarquia-de-almada-apela-a-populacao-para-evitar-zonas-interditas-por-derrocadas\/\" \/>\n<meta property=\"og:site_name\" content=\"Portal Tela Portugal\" \/>\n<meta property=\"article:published_time\" content=\"2026-02-14T19:45:00+00:00\" \/>\n<meta name=\"author\" content=\"Telinha\" \/>\n<meta name=\"twitter:card\" content=\"summary_large_image\" \/>\n<meta name=\"twitter:label1\" content=\"Escrito por\" \/>\n\t<meta name=\"twitter:data1\" content=\"Telinha\" \/>\n\t<meta name=\"twitter:label2\" content=\"Tempo estimado de leitura\" \/>\n\t<meta name=\"twitter:data2\" content=\"1 minuto\" \/>\n<script type=\"application\/ld+json\" class=\"yoast-schema-graph\">{\"@context\":\"https:\/\/schema.org\",\"@graph\":[{\"@type\":\"Article\",\"@id\":\"https:\/\/portaltela.pt\/noticias\/2026\/02\/14\/autarquia-de-almada-apela-a-populacao-para-evitar-zonas-interditas-por-derrocadas\/#article\",\"isPartOf\":{\"@id\":\"https:\/\/portaltela.pt\/noticias\/2026\/02\/14\/autarquia-de-almada-apela-a-populacao-para-evitar-zonas-interditas-por-derrocadas\/\"},\"author\":{\"name\":\"Telinha\",\"@id\":\"https:\/\/portaltela.pt\/#\/schema\/person\/c4278d4a6028830caff9ee44b42d32ed\"},\"headline\":\"Autarquia de Almada apela \u00e0 popula\u00e7\u00e3o para evitar zonas interditas por derrocadas\",\"datePublished\":\"2026-02-14T19:45:00+00:00\",\"mainEntityOfPage\":{\"@id\":\"https:\/\/portaltela.pt\/noticias\/2026\/02\/14\/autarquia-de-almada-apela-a-populacao-para-evitar-zonas-interditas-por-derrocadas\/\"},\"wordCount\":119,\"image\":{\"@id\":\"https:\/\/portaltela.pt\/noticias\/2026\/02\/14\/autarquia-de-almada-apela-a-populacao-para-evitar-zonas-interditas-por-derrocadas\/#primaryimage\"},\"thumbnailUrl\":\"https:\/\/portaltela.pt\/s.01k8rhncp4jt1\/2026\/02\/CACHE_780X1200_ANALOG_WATERMARKED_46554998_5077234_13022026121745.jpg\",\"keywords\":[\"A Almada\",\"derrocadas\",\"desabamentos\",\"prote\u00e7\u00e3o civil\",\"Prote\u00e7\u00e3o Civil Municipal\",\"seguran\u00e7a p\u00fablica\"],\"articleSection\":[\"Not\u00edcias\"],\"inLanguage\":\"pt-PT\"},{\"@type\":\"WebPage\",\"@id\":\"https:\/\/portaltela.pt\/noticias\/2026\/02\/14\/autarquia-de-almada-apela-a-populacao-para-evitar-zonas-interditas-por-derrocadas\/\",\"url\":\"https:\/\/portaltela.pt\/noticias\/2026\/02\/14\/autarquia-de-almada-apela-a-populacao-para-evitar-zonas-interditas-por-derrocadas\/\",\"name\":\"Autarquia de Almada apela \u00e0 popula\u00e7\u00e3o para evitar zonas interditas por derrocadas - Portal Tela Portugal\",\"isPartOf\":{\"@id\":\"https:\/\/portaltela.pt\/#website\"},\"primaryImageOfPage\":{\"@id\":\"https:\/\/portaltela.pt\/noticias\/2026\/02\/14\/autarquia-de-almada-apela-a-populacao-para-evitar-zonas-interditas-por-derrocadas\/#primaryimage\"},\"image\":{\"@id\":\"https:\/\/portaltela.pt\/noticias\/2026\/02\/14\/autarquia-de-almada-apela-a-populacao-para-evitar-zonas-interditas-por-derrocadas\/#primaryimage\"},\"thumbnailUrl\":\"https:\/\/portaltela.pt\/s.01k8rhncp4jt1\/2026\/02\/CACHE_780X1200_ANALOG_WATERMARKED_46554998_5077234_13022026121745.jpg\",\"datePublished\":\"2026-02-14T19:45:00+00:00\",\"author\":{\"@id\":\"https:\/\/portaltela.pt\/#\/schema\/person\/c4278d4a6028830caff9ee44b42d32ed\"},\"breadcrumb\":{\"@id\":\"https:\/\/portaltela.pt\/noticias\/2026\/02\/14\/autarquia-de-almada-apela-a-populacao-para-evitar-zonas-interditas-por-derrocadas\/#breadcrumb\"},\"inLanguage\":\"pt-PT\",\"potentialAction\":[{\"@type\":\"ReadAction\",\"target\":[\"https:\/\/portaltela.pt\/noticias\/2026\/02\/14\/autarquia-de-almada-apela-a-populacao-para-evitar-zonas-interditas-por-derrocadas\/\"]}]},{\"@type\":\"ImageObject\",\"inLanguage\":\"pt-PT\",\"@id\":\"https:\/\/portaltela.pt\/noticias\/2026\/02\/14\/autarquia-de-almada-apela-a-populacao-para-evitar-zonas-interditas-por-derrocadas\/#primaryimage\",\"url\":\"https:\/\/portaltela.pt\/s.01k8rhncp4jt1\/2026\/02\/CACHE_780X1200_ANALOG_WATERMARKED_46554998_5077234_13022026121745.jpg\",\"contentUrl\":\"https:\/\/portaltela.pt\/s.01k8rhncp4jt1\/2026\/02\/CACHE_780X1200_ANALOG_WATERMARKED_46554998_5077234_13022026121745.jpg\",\"width\":796,\"height\":448,\"caption\":\"Autarquia de Almada apela \u00e0 popula\u00e7\u00e3o para que se mantenha afastada dos locais interditos por risco de derrocadas\"},{\"@type\":\"BreadcrumbList\",\"@id\":\"https:\/\/portaltela.pt\/noticias\/2026\/02\/14\/autarquia-de-almada-apela-a-populacao-para-evitar-zonas-interditas-por-derrocadas\/#breadcrumb\",\"itemListElement\":[{\"@type\":\"ListItem\",\"position\":1,\"name\":\"In\u00edcio\",\"item\":\"https:\/\/portaltela.pt\/\"},{\"@type\":\"ListItem\",\"position\":2,\"name\":\"Autarquia de Almada apela \u00e0 popula\u00e7\u00e3o para evitar zonas interditas por derrocadas\"}]},{\"@type\":\"WebSite\",\"@id\":\"https:\/\/portaltela.pt\/#website\",\"url\":\"https:\/\/portaltela.pt\/\",\"name\":\"Portal Tela Portugal\",\"description\":\"\",\"potentialAction\":[{\"@type\":\"SearchAction\",\"target\":{\"@type\":\"EntryPoint\",\"urlTemplate\":\"https:\/\/portaltela.pt\/?s={search_term_string}\"},\"query-input\":{\"@type\":\"PropertyValueSpecification\",\"valueRequired\":true,\"valueName\":\"search_term_string\"}}],\"inLanguage\":\"pt-PT\"},{\"@type\":\"Person\",\"@id\":\"https:\/\/portaltela.pt\/#\/schema\/person\/c4278d4a6028830caff9ee44b42d32ed\",\"name\":\"Telinha\",\"image\":{\"@type\":\"ImageObject\",\"inLanguage\":\"pt-PT\",\"@id\":\"https:\/\/portaltela.pt\/s.01k8rhncp4jt1\/2025\/11\/talking-bot-125x125.png\",\"url\":\"https:\/\/portaltela.pt\/s.01k8rhncp4jt1\/2025\/11\/talking-bot-125x125.png\",\"contentUrl\":\"https:\/\/portaltela.pt\/s.01k8rhncp4jt1\/2025\/11\/talking-bot-125x125.png\",\"caption\":\"Telinha\"},\"sameAs\":[\"https:\/\/portaltela.pt\/\"],\"url\":\"https:\/\/portaltela.pt\/por\/367410592786\/\"}]}<\/script>\n<!-- \/ Yoast SEO plugin. -->","yoast_head_json":{"title":"Autarquia de Almada apela \u00e0 popula\u00e7\u00e3o para evitar zonas interditas por derrocadas - Portal Tela Portugal","robots":{"index":"index","follow":"follow","max-snippet":"max-snippet:-1","max-image-preview":"max-image-preview:large","max-video-preview":"max-video-preview:-1"},"og_locale":"pt_PT","og_type":"article","og_title":"Autarquia de Almada apela \u00e0 popula\u00e7\u00e3o para evitar zonas interditas por derrocadas - Portal Tela Portugal","og_description":"A autarquia de Almada apelou \u00e0 popula\u00e7\u00e3o para se manter afastada dos locais interditos por risco de derrocadas. As \u00e1reas interditas continuam sinalizadas e n\u00e3o devem ser frequentadas. O apelo visa aumentar a seguran\u00e7a p\u00fablica na regi\u00e3o. N\u00e3o foram divulgados detalhes adicionais sobre a localiza\u00e7\u00e3o exata ou a dura\u00e7\u00e3o das restri\u00e7\u00f5es. Fonte: ag\u00eancia Lusa.","og_url":"https:\/\/portaltela.pt\/noticias\/2026\/02\/14\/autarquia-de-almada-apela-a-populacao-para-evitar-zonas-interditas-por-derrocadas\/","og_site_name":"Portal Tela Portugal","article_published_time":"2026-02-14T19:45:00+00:00","author":"Telinha","twitter_card":"summary_large_image","twitter_misc":{"Escrito por":"Telinha","Tempo estimado de leitura":"1 minuto"},"schema":{"@context":"https:\/\/schema.org","@graph":[{"@type":"Article","@id":"https:\/\/portaltela.pt\/noticias\/2026\/02\/14\/autarquia-de-almada-apela-a-populacao-para-evitar-zonas-interditas-por-derrocadas\/#article","isPartOf":{"@id":"https:\/\/portaltela.pt\/noticias\/2026\/02\/14\/autarquia-de-almada-apela-a-populacao-para-evitar-zonas-interditas-por-derrocadas\/"},"author":{"name":"Telinha","@id":"https:\/\/portaltela.pt\/#\/schema\/person\/c4278d4a6028830caff9ee44b42d32ed"},"headline":"Autarquia de Almada apela \u00e0 popula\u00e7\u00e3o para evitar zonas interditas por derrocadas","datePublished":"2026-02-14T19:45:00+00:00","mainEntityOfPage":{"@id":"https:\/\/portaltela.pt\/noticias\/2026\/02\/14\/autarquia-de-almada-apela-a-populacao-para-evitar-zonas-interditas-por-derrocadas\/"},"wordCount":119,"image":{"@id":"https:\/\/portaltela.pt\/noticias\/2026\/02\/14\/autarquia-de-almada-apela-a-populacao-para-evitar-zonas-interditas-por-derrocadas\/#primaryimage"},"thumbnailUrl":"https:\/\/portaltela.pt\/s.01k8rhncp4jt1\/2026\/02\/CACHE_780X1200_ANALOG_WATERMARKED_46554998_5077234_13022026121745.jpg","keywords":["A Almada","derrocadas","desabamentos","prote\u00e7\u00e3o civil","Prote\u00e7\u00e3o Civil Municipal","seguran\u00e7a p\u00fablica"],"articleSection":["Not\u00edcias"],"inLanguage":"pt-PT"},{"@type":"WebPage","@id":"https:\/\/portaltela.pt\/noticias\/2026\/02\/14\/autarquia-de-almada-apela-a-populacao-para-evitar-zonas-interditas-por-derrocadas\/","url":"https:\/\/portaltela.pt\/noticias\/2026\/02\/14\/autarquia-de-almada-apela-a-populacao-para-evitar-zonas-interditas-por-derrocadas\/","name":"Autarquia de Almada apela \u00e0 popula\u00e7\u00e3o para evitar zonas interditas por derrocadas - Portal Tela Portugal","isPartOf":{"@id":"https:\/\/portaltela.pt\/#website"},"primaryImageOfPage":{"@id":"https:\/\/portaltela.pt\/noticias\/2026\/02\/14\/autarquia-de-almada-apela-a-populacao-para-evitar-zonas-interditas-por-derrocadas\/#primaryimage"},"image":{"@id":"https:\/\/portaltela.pt\/noticias\/2026\/02\/14\/autarquia-de-almada-apela-a-populacao-para-evitar-zonas-interditas-por-derrocadas\/#primaryimage"},"thumbnailUrl":"https:\/\/portaltela.pt\/s.01k8rhncp4jt1\/2026\/02\/CACHE_780X1200_ANALOG_WATERMARKED_46554998_5077234_13022026121745.jpg","datePublished":"2026-02-14T19:45:00+00:00","author":{"@id":"https:\/\/portaltela.pt\/#\/schema\/person\/c4278d4a6028830caff9ee44b42d32ed"},"breadcrumb":{"@id":"https:\/\/portaltela.pt\/noticias\/2026\/02\/14\/autarquia-de-almada-apela-a-populacao-para-evitar-zonas-interditas-por-derrocadas\/#breadcrumb"},"inLanguage":"pt-PT","potentialAction":[{"@type":"ReadAction","target":["https:\/\/portaltela.pt\/noticias\/2026\/02\/14\/autarquia-de-almada-apela-a-populacao-para-evitar-zonas-interditas-por-derrocadas\/"]}]},{"@type":"ImageObject","inLanguage":"pt-PT","@id":"https:\/\/portaltela.pt\/noticias\/2026\/02\/14\/autarquia-de-almada-apela-a-populacao-para-evitar-zonas-interditas-por-derrocadas\/#primaryimage","url":"https:\/\/portaltela.pt\/s.01k8rhncp4jt1\/2026\/02\/CACHE_780X1200_ANALOG_WATERMARKED_46554998_5077234_13022026121745.jpg","contentUrl":"https:\/\/portaltela.pt\/s.01k8rhncp4jt1\/2026\/02\/CACHE_780X1200_ANALOG_WATERMARKED_46554998_5077234_13022026121745.jpg","width":796,"height":448,"caption":"Autarquia de Almada apela \u00e0 popula\u00e7\u00e3o para que se mantenha afastada dos locais interditos por risco de derrocadas"},{"@type":"BreadcrumbList","@id":"https:\/\/portaltela.pt\/noticias\/2026\/02\/14\/autarquia-de-almada-apela-a-populacao-para-evitar-zonas-interditas-por-derrocadas\/#breadcrumb","itemListElement":[{"@type":"ListItem","position":1,"name":"In\u00edcio","item":"https:\/\/portaltela.pt\/"},{"@type":"ListItem","position":2,"name":"Autarquia de Almada apela \u00e0 popula\u00e7\u00e3o para evitar zonas interditas por derrocadas"}]},{"@type":"WebSite","@id":"https:\/\/portaltela.pt\/#website","url":"https:\/\/portaltela.pt\/","name":"Portal Tela Portugal","description":"","potentialAction":[{"@type":"SearchAction","target":{"@type":"EntryPoint","urlTemplate":"https:\/\/portaltela.pt\/?s={search_term_string}"},"query-input":{"@type":"PropertyValueSpecification","valueRequired":true,"valueName":"search_term_string"}}],"inLanguage":"pt-PT"},{"@type":"Person","@id":"https:\/\/portaltela.pt\/#\/schema\/person\/c4278d4a6028830caff9ee44b42d32ed","name":"Telinha","image":{"@type":"ImageObject","inLanguage":"pt-PT","@id":"https:\/\/portaltela.pt\/s.01k8rhncp4jt1\/2025\/11\/talking-bot-125x125.png","url":"https:\/\/portaltela.pt\/s.01k8rhncp4jt1\/2025\/11\/talking-bot-125x125.png","contentUrl":"https:\/\/portaltela.pt\/s.01k8rhncp4jt1\/2025\/11\/talking-bot-125x125.png","caption":"Telinha"},"sameAs":["https:\/\/portaltela.pt\/"],"url":"https:\/\/portaltela.pt\/por\/367410592786\/"}]}},"_links":{"self":[{"href":"https:\/\/portaltela.pt\/api\/wp\/v2\/posts\/212973","targetHints":{"allow":["GET"]}}],"collection":[{"href":"https:\/\/portaltela.pt\/api\/wp\/v2\/posts"}],"about":[{"href":"https:\/\/portaltela.pt\/api\/wp\/v2\/types\/post"}],"author":[{"embeddable":true,"href":"https:\/\/portaltela.pt\/api\/wp\/v2\/users\/2"}],"replies":[{"embeddable":true,"href":"https:\/\/portaltela.pt\/api\/wp\/v2\/comments?post=212973"}],"version-history":[{"count":0,"href":"https:\/\/portaltela.pt\/api\/wp\/v2\/posts\/212973\/revisions"}],"wp:featuredmedia":[{"embeddable":true,"href":"https:\/\/portaltela.pt\/api\/wp\/v2\/media\/212974"}],"wp:attachment":[{"href":"https:\/\/portaltela.pt\/api\/wp\/v2\/media?parent=212973"}],"wp:term":[{"taxonomy":"category","embeddable":true,"href":"https:\/\/portaltela.pt\/api\/wp\/v2\/categories?post=212973"},{"taxonomy":"post_tag","embeddable":true,"href":"https:\/\/portaltela.pt\/api\/wp\/v2\/tags?post=212973"}],"curies":[{"name":"wp","href":"https:\/\/api.w.org\/{rel}","templated":true}]}}