{"id":212960,"date":"2026-02-13T12:00:00","date_gmt":"2026-02-13T15:00:00","guid":{"rendered":"https:\/\/portaltela.pt\/noticias\/2026\/02\/13\/sea-life-celebra-carnaval-com-mascaras-criativas\/"},"modified":"2026-02-13T12:00:00","modified_gmt":"2026-02-13T15:00:00","slug":"sea-life-celebra-carnaval-com-mascaras-criativas","status":"publish","type":"post","link":"https:\/\/portaltela.pt\/noticias\/2026\/02\/13\/sea-life-celebra-carnaval-com-mascaras-criativas\/","title":{"rendered":"Sea Life celebra Carnaval com m\u00e1scaras criativas"},"content":{"rendered":"<p>O Sea Life Porto celebra o Carnaval com uma oficina criativa de m\u00e1scaras marinhas, a decorrer entre 14 e 17 de fevereiro, das 14h00 \u00e0s 18h00, durante as interrup\u00e7\u00f5es letivas. A atividade \u00e9 orientada por Rita Faustino e dirige-se \u00e0s fam\u00edlias que pretendem criar em conjunto uma m\u00e1scara de Carnaval inspirada no seu animal favorito.<\/p>\n<p>Na oficina, os participantes podem escolher entre diversos animais representados no aqu\u00e1rio, desde o Douro, com a primeira cria de Pinguim de Humboldt nascido no Sea Life, \u00e0 tartaruga Marisa, aos tubar\u00f5es zebra, aos peixes-palha\u00e7o e ao peixe le\u00e3o. Enquanto criam, o ambiente convida ao reconto de hist\u00f3rias sobre a vida marinha ali presente.<\/p>\n<p>A visita inclui ainda o renovado Porto dos Pinguins e o novo parque infantil interior, inspirado nos far\u00f3is da costa portuguesa, proporcionando espa\u00e7o de brincar ap\u00f3s a oficina. As fam\u00edlias podem explorar o espa\u00e7o educativo e familiar dispon\u00edvel no Sea Life.<\/p>\n<h3>Renova\u00e7\u00e3o Porto dos Pinguins e parque infantil<\/h3>\n<p>O espa\u00e7o renovado oferece novas atra\u00e7\u00f5es e \u00e1reas desimpedidas para atividades l\u00fadicas. O parque interior refor\u00e7a o car\u00e1cter educativo, com refer\u00eancias \u00e0 costa portuguesa e aos seus far\u00f3is, mantendo o foco na vida marinha.<\/p>\n<p>Hor\u00e1rios e bilheteira: consulte no local ou no website do Sea Life Porto para informa\u00e7\u00f5es atualizadas.<\/p>\n","protected":false},"excerpt":{"rendered":"<ul>\n<li>Sea Life Porto celebra o Carnaval com a oficina criativa &#8220;M\u00e1scaras Marinhas&#8221; entre 14 e 17 de fevereiro, das 14h \u00e0s 18h, durante a interrup\u00e7\u00e3o letiva, orientada por Rita Faustino.<\/li>\n<li>As fam\u00edlias s\u00e3o convidadas a construir, juntas, uma m\u00e1scara de Carnaval do seu animal favorito, para brincar dentro e fora do aqu\u00e1rio.<\/li>\n<li>A atividade inspira-se em animais j\u00e1 presentes no Sea Life, como a primeira cria\u00e7\u00e3o de Pinguim de Humboldt nascido no espa\u00e7o, a tartaruga Marisa, os tubar\u00f5es zebra, os peixes-palha\u00e7o e o peixe le\u00e3o.<\/li>\n<li>No local, \u00e9 poss\u00edvel conhecer o Porto dos Pinguins renovado e usufruir do novo parque infantil interior, inspirado nos far\u00f3is da costa portuguesa.<\/li>\n<li>Para hor\u00e1rios e informa\u00e7\u00f5es de bilheteira, consulte o site oficial do Sea Life Porto.<\/li>\n<\/ul>\n","protected":false},"author":2,"featured_media":212963,"comment_status":"closed","ping_status":"closed","sticky":false,"template":"","format":"standard","meta":{"footnotes":""},"categories":[12,1],"tags":[3091,3567,163,148,982,169],"class_list":["post-212960","post","type-post","status-publish","format-standard","has-post-thumbnail","hentry","category-entretenimento","category-noticias","tag-animais","tag-atividades","tag-educacao","tag-familias","tag-porto","tag-turismo"],"yoast_head":"<!-- This site is optimized with the Yoast SEO plugin v27.2 - https:\/\/yoast.com\/product\/yoast-seo-wordpress\/ -->\n<title>Sea Life celebra Carnaval com m\u00e1scaras criativas - Portal Tela Portugal<\/title>\n<meta name=\"robots\" content=\"index, follow, max-snippet:-1, max-image-preview:large, max-video-preview:-1\" \/>\n<meta property=\"og:locale\" content=\"pt_PT\" \/>\n<meta property=\"og:type\" content=\"article\" \/>\n<meta property=\"og:title\" content=\"Sea Life celebra Carnaval com m\u00e1scaras criativas - Portal Tela Portugal\" \/>\n<meta property=\"og:description\" content=\"Sea Life Porto celebra o Carnaval com a oficina criativa &quot;M\u00e1scaras Marinhas&quot; entre 14 e 17 de fevereiro, das 14h \u00e0s 18h, durante a interrup\u00e7\u00e3o letiva, orientada por Rita Faustino. As fam\u00edlias s\u00e3o convidadas a construir, juntas, uma m\u00e1scara de Carnaval do seu animal favorito, para brincar dentro e fora do aqu\u00e1rio. A atividade inspira-se em animais j\u00e1 presentes no Sea Life, como a primeira cria\u00e7\u00e3o de Pinguim de Humboldt nascido no espa\u00e7o, a tartaruga Marisa, os tubar\u00f5es zebra, os peixes-palha\u00e7o e o peixe le\u00e3o. No local, \u00e9 poss\u00edvel conhecer o Porto dos Pinguins renovado e usufruir do novo parque infantil interior, inspirado nos far\u00f3is da costa portuguesa. Para hor\u00e1rios e informa\u00e7\u00f5es de bilheteira, consulte o site oficial do Sea Life Porto.\" \/>\n<meta property=\"og:url\" content=\"https:\/\/portaltela.pt\/noticias\/2026\/02\/13\/sea-life-celebra-carnaval-com-mascaras-criativas\/\" \/>\n<meta property=\"og:site_name\" content=\"Portal Tela Portugal\" \/>\n<meta property=\"article:published_time\" content=\"2026-02-13T15:00:00+00:00\" \/>\n<meta name=\"author\" content=\"Telinha\" \/>\n<meta name=\"twitter:card\" content=\"summary_large_image\" \/>\n<meta name=\"twitter:label1\" content=\"Escrito por\" \/>\n\t<meta name=\"twitter:data1\" content=\"Telinha\" \/>\n\t<meta name=\"twitter:label2\" content=\"Tempo estimado de leitura\" \/>\n\t<meta name=\"twitter:data2\" content=\"1 minuto\" \/>\n<script type=\"application\/ld+json\" class=\"yoast-schema-graph\">{\"@context\":\"https:\/\/schema.org\",\"@graph\":[{\"@type\":\"Article\",\"@id\":\"https:\/\/portaltela.pt\/noticias\/2026\/02\/13\/sea-life-celebra-carnaval-com-mascaras-criativas\/#article\",\"isPartOf\":{\"@id\":\"https:\/\/portaltela.pt\/noticias\/2026\/02\/13\/sea-life-celebra-carnaval-com-mascaras-criativas\/\"},\"author\":{\"name\":\"Telinha\",\"@id\":\"https:\/\/portaltela.pt\/#\/schema\/person\/c4278d4a6028830caff9ee44b42d32ed\"},\"headline\":\"Sea Life celebra Carnaval com m\u00e1scaras criativas\",\"datePublished\":\"2026-02-13T15:00:00+00:00\",\"mainEntityOfPage\":{\"@id\":\"https:\/\/portaltela.pt\/noticias\/2026\/02\/13\/sea-life-celebra-carnaval-com-mascaras-criativas\/\"},\"wordCount\":235,\"image\":{\"@id\":\"https:\/\/portaltela.pt\/noticias\/2026\/02\/13\/sea-life-celebra-carnaval-com-mascaras-criativas\/#primaryimage\"},\"thumbnailUrl\":\"https:\/\/portaltela.pt\/s.01k8rhncp4jt1\/2026\/02\/image-1152.jpg\",\"keywords\":[\"animais\",\"atividades\",\"educa\u00e7\u00e3o\",\"fam\u00edlias\",\"Porto\",\"turismo\"],\"articleSection\":[\"Entretenimento\",\"Not\u00edcias\"],\"inLanguage\":\"pt-PT\"},{\"@type\":\"WebPage\",\"@id\":\"https:\/\/portaltela.pt\/noticias\/2026\/02\/13\/sea-life-celebra-carnaval-com-mascaras-criativas\/\",\"url\":\"https:\/\/portaltela.pt\/noticias\/2026\/02\/13\/sea-life-celebra-carnaval-com-mascaras-criativas\/\",\"name\":\"Sea Life celebra Carnaval com m\u00e1scaras criativas - Portal Tela Portugal\",\"isPartOf\":{\"@id\":\"https:\/\/portaltela.pt\/#website\"},\"primaryImageOfPage\":{\"@id\":\"https:\/\/portaltela.pt\/noticias\/2026\/02\/13\/sea-life-celebra-carnaval-com-mascaras-criativas\/#primaryimage\"},\"image\":{\"@id\":\"https:\/\/portaltela.pt\/noticias\/2026\/02\/13\/sea-life-celebra-carnaval-com-mascaras-criativas\/#primaryimage\"},\"thumbnailUrl\":\"https:\/\/portaltela.pt\/s.01k8rhncp4jt1\/2026\/02\/image-1152.jpg\",\"datePublished\":\"2026-02-13T15:00:00+00:00\",\"author\":{\"@id\":\"https:\/\/portaltela.pt\/#\/schema\/person\/c4278d4a6028830caff9ee44b42d32ed\"},\"breadcrumb\":{\"@id\":\"https:\/\/portaltela.pt\/noticias\/2026\/02\/13\/sea-life-celebra-carnaval-com-mascaras-criativas\/#breadcrumb\"},\"inLanguage\":\"pt-PT\",\"potentialAction\":[{\"@type\":\"ReadAction\",\"target\":[\"https:\/\/portaltela.pt\/noticias\/2026\/02\/13\/sea-life-celebra-carnaval-com-mascaras-criativas\/\"]}]},{\"@type\":\"ImageObject\",\"inLanguage\":\"pt-PT\",\"@id\":\"https:\/\/portaltela.pt\/noticias\/2026\/02\/13\/sea-life-celebra-carnaval-com-mascaras-criativas\/#primaryimage\",\"url\":\"https:\/\/portaltela.pt\/s.01k8rhncp4jt1\/2026\/02\/image-1152.jpg\",\"contentUrl\":\"https:\/\/portaltela.pt\/s.01k8rhncp4jt1\/2026\/02\/image-1152.jpg\",\"width\":796,\"height\":448,\"caption\":\"Sea Life Porto\"},{\"@type\":\"BreadcrumbList\",\"@id\":\"https:\/\/portaltela.pt\/noticias\/2026\/02\/13\/sea-life-celebra-carnaval-com-mascaras-criativas\/#breadcrumb\",\"itemListElement\":[{\"@type\":\"ListItem\",\"position\":1,\"name\":\"In\u00edcio\",\"item\":\"https:\/\/portaltela.pt\/\"},{\"@type\":\"ListItem\",\"position\":2,\"name\":\"Sea Life celebra Carnaval com m\u00e1scaras criativas\"}]},{\"@type\":\"WebSite\",\"@id\":\"https:\/\/portaltela.pt\/#website\",\"url\":\"https:\/\/portaltela.pt\/\",\"name\":\"Portal Tela Portugal\",\"description\":\"\",\"potentialAction\":[{\"@type\":\"SearchAction\",\"target\":{\"@type\":\"EntryPoint\",\"urlTemplate\":\"https:\/\/portaltela.pt\/?s={search_term_string}\"},\"query-input\":{\"@type\":\"PropertyValueSpecification\",\"valueRequired\":true,\"valueName\":\"search_term_string\"}}],\"inLanguage\":\"pt-PT\"},{\"@type\":\"Person\",\"@id\":\"https:\/\/portaltela.pt\/#\/schema\/person\/c4278d4a6028830caff9ee44b42d32ed\",\"name\":\"Telinha\",\"image\":{\"@type\":\"ImageObject\",\"inLanguage\":\"pt-PT\",\"@id\":\"https:\/\/portaltela.pt\/s.01k8rhncp4jt1\/2025\/11\/talking-bot-125x125.png\",\"url\":\"https:\/\/portaltela.pt\/s.01k8rhncp4jt1\/2025\/11\/talking-bot-125x125.png\",\"contentUrl\":\"https:\/\/portaltela.pt\/s.01k8rhncp4jt1\/2025\/11\/talking-bot-125x125.png\",\"caption\":\"Telinha\"},\"sameAs\":[\"https:\/\/portaltela.pt\/\"],\"url\":\"https:\/\/portaltela.pt\/por\/367410592786\/\"}]}<\/script>\n<!-- \/ Yoast SEO plugin. -->","yoast_head_json":{"title":"Sea Life celebra Carnaval com m\u00e1scaras criativas - Portal Tela Portugal","robots":{"index":"index","follow":"follow","max-snippet":"max-snippet:-1","max-image-preview":"max-image-preview:large","max-video-preview":"max-video-preview:-1"},"og_locale":"pt_PT","og_type":"article","og_title":"Sea Life celebra Carnaval com m\u00e1scaras criativas - Portal Tela Portugal","og_description":"Sea Life Porto celebra o Carnaval com a oficina criativa \"M\u00e1scaras Marinhas\" entre 14 e 17 de fevereiro, das 14h \u00e0s 18h, durante a interrup\u00e7\u00e3o letiva, orientada por Rita Faustino. As fam\u00edlias s\u00e3o convidadas a construir, juntas, uma m\u00e1scara de Carnaval do seu animal favorito, para brincar dentro e fora do aqu\u00e1rio. A atividade inspira-se em animais j\u00e1 presentes no Sea Life, como a primeira cria\u00e7\u00e3o de Pinguim de Humboldt nascido no espa\u00e7o, a tartaruga Marisa, os tubar\u00f5es zebra, os peixes-palha\u00e7o e o peixe le\u00e3o. No local, \u00e9 poss\u00edvel conhecer o Porto dos Pinguins renovado e usufruir do novo parque infantil interior, inspirado nos far\u00f3is da costa portuguesa. Para hor\u00e1rios e informa\u00e7\u00f5es de bilheteira, consulte o site oficial do Sea Life Porto.","og_url":"https:\/\/portaltela.pt\/noticias\/2026\/02\/13\/sea-life-celebra-carnaval-com-mascaras-criativas\/","og_site_name":"Portal Tela Portugal","article_published_time":"2026-02-13T15:00:00+00:00","author":"Telinha","twitter_card":"summary_large_image","twitter_misc":{"Escrito por":"Telinha","Tempo estimado de leitura":"1 minuto"},"schema":{"@context":"https:\/\/schema.org","@graph":[{"@type":"Article","@id":"https:\/\/portaltela.pt\/noticias\/2026\/02\/13\/sea-life-celebra-carnaval-com-mascaras-criativas\/#article","isPartOf":{"@id":"https:\/\/portaltela.pt\/noticias\/2026\/02\/13\/sea-life-celebra-carnaval-com-mascaras-criativas\/"},"author":{"name":"Telinha","@id":"https:\/\/portaltela.pt\/#\/schema\/person\/c4278d4a6028830caff9ee44b42d32ed"},"headline":"Sea Life celebra Carnaval com m\u00e1scaras criativas","datePublished":"2026-02-13T15:00:00+00:00","mainEntityOfPage":{"@id":"https:\/\/portaltela.pt\/noticias\/2026\/02\/13\/sea-life-celebra-carnaval-com-mascaras-criativas\/"},"wordCount":235,"image":{"@id":"https:\/\/portaltela.pt\/noticias\/2026\/02\/13\/sea-life-celebra-carnaval-com-mascaras-criativas\/#primaryimage"},"thumbnailUrl":"https:\/\/portaltela.pt\/s.01k8rhncp4jt1\/2026\/02\/image-1152.jpg","keywords":["animais","atividades","educa\u00e7\u00e3o","fam\u00edlias","Porto","turismo"],"articleSection":["Entretenimento","Not\u00edcias"],"inLanguage":"pt-PT"},{"@type":"WebPage","@id":"https:\/\/portaltela.pt\/noticias\/2026\/02\/13\/sea-life-celebra-carnaval-com-mascaras-criativas\/","url":"https:\/\/portaltela.pt\/noticias\/2026\/02\/13\/sea-life-celebra-carnaval-com-mascaras-criativas\/","name":"Sea Life celebra Carnaval com m\u00e1scaras criativas - Portal Tela Portugal","isPartOf":{"@id":"https:\/\/portaltela.pt\/#website"},"primaryImageOfPage":{"@id":"https:\/\/portaltela.pt\/noticias\/2026\/02\/13\/sea-life-celebra-carnaval-com-mascaras-criativas\/#primaryimage"},"image":{"@id":"https:\/\/portaltela.pt\/noticias\/2026\/02\/13\/sea-life-celebra-carnaval-com-mascaras-criativas\/#primaryimage"},"thumbnailUrl":"https:\/\/portaltela.pt\/s.01k8rhncp4jt1\/2026\/02\/image-1152.jpg","datePublished":"2026-02-13T15:00:00+00:00","author":{"@id":"https:\/\/portaltela.pt\/#\/schema\/person\/c4278d4a6028830caff9ee44b42d32ed"},"breadcrumb":{"@id":"https:\/\/portaltela.pt\/noticias\/2026\/02\/13\/sea-life-celebra-carnaval-com-mascaras-criativas\/#breadcrumb"},"inLanguage":"pt-PT","potentialAction":[{"@type":"ReadAction","target":["https:\/\/portaltela.pt\/noticias\/2026\/02\/13\/sea-life-celebra-carnaval-com-mascaras-criativas\/"]}]},{"@type":"ImageObject","inLanguage":"pt-PT","@id":"https:\/\/portaltela.pt\/noticias\/2026\/02\/13\/sea-life-celebra-carnaval-com-mascaras-criativas\/#primaryimage","url":"https:\/\/portaltela.pt\/s.01k8rhncp4jt1\/2026\/02\/image-1152.jpg","contentUrl":"https:\/\/portaltela.pt\/s.01k8rhncp4jt1\/2026\/02\/image-1152.jpg","width":796,"height":448,"caption":"Sea Life Porto"},{"@type":"BreadcrumbList","@id":"https:\/\/portaltela.pt\/noticias\/2026\/02\/13\/sea-life-celebra-carnaval-com-mascaras-criativas\/#breadcrumb","itemListElement":[{"@type":"ListItem","position":1,"name":"In\u00edcio","item":"https:\/\/portaltela.pt\/"},{"@type":"ListItem","position":2,"name":"Sea Life celebra Carnaval com m\u00e1scaras criativas"}]},{"@type":"WebSite","@id":"https:\/\/portaltela.pt\/#website","url":"https:\/\/portaltela.pt\/","name":"Portal Tela Portugal","description":"","potentialAction":[{"@type":"SearchAction","target":{"@type":"EntryPoint","urlTemplate":"https:\/\/portaltela.pt\/?s={search_term_string}"},"query-input":{"@type":"PropertyValueSpecification","valueRequired":true,"valueName":"search_term_string"}}],"inLanguage":"pt-PT"},{"@type":"Person","@id":"https:\/\/portaltela.pt\/#\/schema\/person\/c4278d4a6028830caff9ee44b42d32ed","name":"Telinha","image":{"@type":"ImageObject","inLanguage":"pt-PT","@id":"https:\/\/portaltela.pt\/s.01k8rhncp4jt1\/2025\/11\/talking-bot-125x125.png","url":"https:\/\/portaltela.pt\/s.01k8rhncp4jt1\/2025\/11\/talking-bot-125x125.png","contentUrl":"https:\/\/portaltela.pt\/s.01k8rhncp4jt1\/2025\/11\/talking-bot-125x125.png","caption":"Telinha"},"sameAs":["https:\/\/portaltela.pt\/"],"url":"https:\/\/portaltela.pt\/por\/367410592786\/"}]}},"_links":{"self":[{"href":"https:\/\/portaltela.pt\/api\/wp\/v2\/posts\/212960","targetHints":{"allow":["GET"]}}],"collection":[{"href":"https:\/\/portaltela.pt\/api\/wp\/v2\/posts"}],"about":[{"href":"https:\/\/portaltela.pt\/api\/wp\/v2\/types\/post"}],"author":[{"embeddable":true,"href":"https:\/\/portaltela.pt\/api\/wp\/v2\/users\/2"}],"replies":[{"embeddable":true,"href":"https:\/\/portaltela.pt\/api\/wp\/v2\/comments?post=212960"}],"version-history":[{"count":0,"href":"https:\/\/portaltela.pt\/api\/wp\/v2\/posts\/212960\/revisions"}],"wp:featuredmedia":[{"embeddable":true,"href":"https:\/\/portaltela.pt\/api\/wp\/v2\/media\/212963"}],"wp:attachment":[{"href":"https:\/\/portaltela.pt\/api\/wp\/v2\/media?parent=212960"}],"wp:term":[{"taxonomy":"category","embeddable":true,"href":"https:\/\/portaltela.pt\/api\/wp\/v2\/categories?post=212960"},{"taxonomy":"post_tag","embeddable":true,"href":"https:\/\/portaltela.pt\/api\/wp\/v2\/tags?post=212960"}],"curies":[{"name":"wp","href":"https:\/\/api.w.org\/{rel}","templated":true}]}}