{"id":212927,"date":"2026-02-14T22:30:00","date_gmt":"2026-02-15T01:30:00","guid":{"rendered":"https:\/\/portaltela.pt\/noticias\/2026\/02\/14\/casal-desaparece-em-zona-alagada-no-mondego-apos-alerta-da-filha\/"},"modified":"2026-02-14T22:30:00","modified_gmt":"2026-02-15T01:30:00","slug":"casal-desaparece-em-zona-alagada-no-mondego-apos-alerta-da-filha","status":"publish","type":"post","link":"https:\/\/portaltela.pt\/noticias\/2026\/02\/14\/casal-desaparece-em-zona-alagada-no-mondego-apos-alerta-da-filha\/","title":{"rendered":"Casal desaparece em zona alagada no Mondego ap\u00f3s alerta da filha"},"content":{"rendered":"<p>O casal Ven\u00e2ncio e Maria de F\u00e1tima, ambos com 68 e 65 anos, est\u00e1 desaparecido desde ter\u00e7a-feira, 10 de janeiro. \u00daltimo contacto ocorreu antes da subida do Mondego, na regi\u00e3o de Montemor-o-Velho. A fam\u00edlia suspeita que tenham ficado na zona alagada, mas n\u00e3o houve qualquer sinal at\u00e9 ao momento.<\/p>\n<p>A filha, Laura Santos, informou o desaparecimento na sexta-feira, ap\u00f3s confirmar o afastamento de contacto dos pais. As buscas come\u00e7aram na tarde do mesmo dia e foram interrompidas perto das 22h00. Foram retomadas no s\u00e1bado, com recurso a v\u00e1rios meios.<\/p>\n<h3>Opera\u00e7\u00e3o de buscas em curso<\/h3>\n<p>O casal, residente em Verride (Montemor-o-Velho), costumava deslocar-se at\u00e9 ao concelho vizinho de Soure. Devido \u00e0s inunda\u00e7\u00f5es no Mondego, a desloca\u00e7\u00e3o ocorreu por estradas secund\u00e1rias, dificultando a localiza\u00e7\u00e3o. O objetivo \u00e9 encontrar sinais do Citroen Saxo que conduziam.<\/p>\n<p>No terreno, as buscas focaram em Soure, com drones a varrer \u00e1reas alagadas, apoio de militares da GNR e bombeiros. Est\u00e3o previstas c\u00e2maras de infravermelhos para detetar sinais no terreno alagado. A \u00faltima posi\u00e7\u00e3o do telem\u00f3vel foi registada na parte Oeste do concelho de Soure, perto de Vinha da Rainha.<\/p>\n<h3>Em curso a verifica\u00e7\u00e3o de pistas<\/h3>\n<p>A equipa de buscas continua a verificar \u00e1reas ribeirinhas e campos agr\u00edcolas inundados. At\u00e9 ao momento, n\u00e3o foi confirmada qualquer pista concreta sobre o paradeiro do casal. O objetivo \u00e9 esclarecer se houve envolvimento direto com as cheias do Mondego.<\/p>\n","protected":false},"excerpt":{"rendered":"<ul>\n<li>No dia dez, ter\u00e7a-feira, foi o \u00faltimo contacto da filha com os pais Ven\u00e2ncio e Maria de F\u00e1tima, de Montemor-o-Velho.<\/li>\n<li>O Mondego transbordou desde ent\u00e3o e n\u00e3o houve sinal dos pais; Laura Santos denunciou o desaparecimento na sexta-feira.<\/li>\n<li>O casal, de Verride, costumava deslocar-se at\u00e9 Soure, seguindo por estradas secund\u00e1rias devido \u00e0s cheias; o carro era um Citro\u00ebn Saxo.<\/li>\n<li>As buscas envolveram drones, a Guarda Nacional Republicana e bombeiros, com atua\u00e7\u00e3o sobretudo junto a Vinha da Rainha e campos de arroz alagados, com uso de c\u00e2maras de infravermelhos.<\/li>\n<li>Caso o cen\u00e1rio seja o pior, os dois podem ser a 18\u00aa e a 19\u00aa v\u00edtima do mau tempo desde 28 de janeiro.<\/li>\n<\/ul>\n","protected":false},"author":2,"featured_media":212933,"comment_status":"closed","ping_status":"closed","sticky":false,"template":"","format":"standard","meta":{"footnotes":""},"categories":[1],"tags":[3812,971,1380,4903,40,5775],"class_list":["post-212927","post","type-post","status-publish","format-standard","has-post-thumbnail","hentry","category-noticias","tag-alagamentos","tag-bombeiros","tag-gnr","tag-montemor-o-velho","tag-pessoas","tag-soure"],"yoast_head":"<!-- This site is optimized with the Yoast SEO plugin v27.2 - https:\/\/yoast.com\/product\/yoast-seo-wordpress\/ -->\n<title>Casal desaparece em zona alagada no Mondego ap\u00f3s alerta da filha - Portal Tela Portugal<\/title>\n<meta name=\"robots\" content=\"index, follow, max-snippet:-1, max-image-preview:large, max-video-preview:-1\" \/>\n<meta property=\"og:locale\" content=\"pt_PT\" \/>\n<meta property=\"og:type\" content=\"article\" \/>\n<meta property=\"og:title\" content=\"Casal desaparece em zona alagada no Mondego ap\u00f3s alerta da filha - Portal Tela Portugal\" \/>\n<meta property=\"og:description\" content=\"No dia dez, ter\u00e7a-feira, foi o \u00faltimo contacto da filha com os pais Ven\u00e2ncio e Maria de F\u00e1tima, de Montemor-o-Velho. O Mondego transbordou desde ent\u00e3o e n\u00e3o houve sinal dos pais; Laura Santos denunciou o desaparecimento na sexta-feira. O casal, de Verride, costumava deslocar-se at\u00e9 Soure, seguindo por estradas secund\u00e1rias devido \u00e0s cheias; o carro era um Citro\u00ebn Saxo. As buscas envolveram drones, a Guarda Nacional Republicana e bombeiros, com atua\u00e7\u00e3o sobretudo junto a Vinha da Rainha e campos de arroz alagados, com uso de c\u00e2maras de infravermelhos. Caso o cen\u00e1rio seja o pior, os dois podem ser a 18\u00aa e a 19\u00aa v\u00edtima do mau tempo desde 28 de janeiro.\" \/>\n<meta property=\"og:url\" content=\"https:\/\/portaltela.pt\/noticias\/2026\/02\/14\/casal-desaparece-em-zona-alagada-no-mondego-apos-alerta-da-filha\/\" \/>\n<meta property=\"og:site_name\" content=\"Portal Tela Portugal\" \/>\n<meta property=\"article:published_time\" content=\"2026-02-15T01:30:00+00:00\" \/>\n<meta name=\"author\" content=\"Telinha\" \/>\n<meta name=\"twitter:card\" content=\"summary_large_image\" \/>\n<meta name=\"twitter:label1\" content=\"Escrito por\" \/>\n\t<meta name=\"twitter:data1\" content=\"Telinha\" \/>\n\t<meta name=\"twitter:label2\" content=\"Tempo estimado de leitura\" \/>\n\t<meta name=\"twitter:data2\" content=\"1 minuto\" \/>\n<script type=\"application\/ld+json\" class=\"yoast-schema-graph\">{\"@context\":\"https:\/\/schema.org\",\"@graph\":[{\"@type\":\"Article\",\"@id\":\"https:\/\/portaltela.pt\/noticias\/2026\/02\/14\/casal-desaparece-em-zona-alagada-no-mondego-apos-alerta-da-filha\/#article\",\"isPartOf\":{\"@id\":\"https:\/\/portaltela.pt\/noticias\/2026\/02\/14\/casal-desaparece-em-zona-alagada-no-mondego-apos-alerta-da-filha\/\"},\"author\":{\"name\":\"Telinha\",\"@id\":\"https:\/\/portaltela.pt\/#\/schema\/person\/c4278d4a6028830caff9ee44b42d32ed\"},\"headline\":\"Casal desaparece em zona alagada no Mondego ap\u00f3s alerta da filha\",\"datePublished\":\"2026-02-15T01:30:00+00:00\",\"mainEntityOfPage\":{\"@id\":\"https:\/\/portaltela.pt\/noticias\/2026\/02\/14\/casal-desaparece-em-zona-alagada-no-mondego-apos-alerta-da-filha\/\"},\"wordCount\":257,\"image\":{\"@id\":\"https:\/\/portaltela.pt\/noticias\/2026\/02\/14\/casal-desaparece-em-zona-alagada-no-mondego-apos-alerta-da-filha\/#primaryimage\"},\"thumbnailUrl\":\"https:\/\/portaltela.pt\/s.01k8rhncp4jt1\/2026\/02\/img_1280x721uu2026-02-14-19-51-22-2266906.jpg\",\"keywords\":[\"alagamentos\",\"bombeiros\",\"GNR\",\"Montemor-o-Velho\",\"pessoas\",\"Soure\"],\"articleSection\":[\"Not\u00edcias\"],\"inLanguage\":\"pt-PT\"},{\"@type\":\"WebPage\",\"@id\":\"https:\/\/portaltela.pt\/noticias\/2026\/02\/14\/casal-desaparece-em-zona-alagada-no-mondego-apos-alerta-da-filha\/\",\"url\":\"https:\/\/portaltela.pt\/noticias\/2026\/02\/14\/casal-desaparece-em-zona-alagada-no-mondego-apos-alerta-da-filha\/\",\"name\":\"Casal desaparece em zona alagada no Mondego ap\u00f3s alerta da filha - Portal Tela Portugal\",\"isPartOf\":{\"@id\":\"https:\/\/portaltela.pt\/#website\"},\"primaryImageOfPage\":{\"@id\":\"https:\/\/portaltela.pt\/noticias\/2026\/02\/14\/casal-desaparece-em-zona-alagada-no-mondego-apos-alerta-da-filha\/#primaryimage\"},\"image\":{\"@id\":\"https:\/\/portaltela.pt\/noticias\/2026\/02\/14\/casal-desaparece-em-zona-alagada-no-mondego-apos-alerta-da-filha\/#primaryimage\"},\"thumbnailUrl\":\"https:\/\/portaltela.pt\/s.01k8rhncp4jt1\/2026\/02\/img_1280x721uu2026-02-14-19-51-22-2266906.jpg\",\"datePublished\":\"2026-02-15T01:30:00+00:00\",\"author\":{\"@id\":\"https:\/\/portaltela.pt\/#\/schema\/person\/c4278d4a6028830caff9ee44b42d32ed\"},\"breadcrumb\":{\"@id\":\"https:\/\/portaltela.pt\/noticias\/2026\/02\/14\/casal-desaparece-em-zona-alagada-no-mondego-apos-alerta-da-filha\/#breadcrumb\"},\"inLanguage\":\"pt-PT\",\"potentialAction\":[{\"@type\":\"ReadAction\",\"target\":[\"https:\/\/portaltela.pt\/noticias\/2026\/02\/14\/casal-desaparece-em-zona-alagada-no-mondego-apos-alerta-da-filha\/\"]}]},{\"@type\":\"ImageObject\",\"inLanguage\":\"pt-PT\",\"@id\":\"https:\/\/portaltela.pt\/noticias\/2026\/02\/14\/casal-desaparece-em-zona-alagada-no-mondego-apos-alerta-da-filha\/#primaryimage\",\"url\":\"https:\/\/portaltela.pt\/s.01k8rhncp4jt1\/2026\/02\/img_1280x721uu2026-02-14-19-51-22-2266906.jpg\",\"contentUrl\":\"https:\/\/portaltela.pt\/s.01k8rhncp4jt1\/2026\/02\/img_1280x721uu2026-02-14-19-51-22-2266906.jpg\",\"width\":796,\"height\":448,\"caption\":\"Ven\u00e2ncio e Maria de F\u00e1tima\"},{\"@type\":\"BreadcrumbList\",\"@id\":\"https:\/\/portaltela.pt\/noticias\/2026\/02\/14\/casal-desaparece-em-zona-alagada-no-mondego-apos-alerta-da-filha\/#breadcrumb\",\"itemListElement\":[{\"@type\":\"ListItem\",\"position\":1,\"name\":\"In\u00edcio\",\"item\":\"https:\/\/portaltela.pt\/\"},{\"@type\":\"ListItem\",\"position\":2,\"name\":\"Casal desaparece em zona alagada no Mondego ap\u00f3s alerta da filha\"}]},{\"@type\":\"WebSite\",\"@id\":\"https:\/\/portaltela.pt\/#website\",\"url\":\"https:\/\/portaltela.pt\/\",\"name\":\"Portal Tela Portugal\",\"description\":\"\",\"potentialAction\":[{\"@type\":\"SearchAction\",\"target\":{\"@type\":\"EntryPoint\",\"urlTemplate\":\"https:\/\/portaltela.pt\/?s={search_term_string}\"},\"query-input\":{\"@type\":\"PropertyValueSpecification\",\"valueRequired\":true,\"valueName\":\"search_term_string\"}}],\"inLanguage\":\"pt-PT\"},{\"@type\":\"Person\",\"@id\":\"https:\/\/portaltela.pt\/#\/schema\/person\/c4278d4a6028830caff9ee44b42d32ed\",\"name\":\"Telinha\",\"image\":{\"@type\":\"ImageObject\",\"inLanguage\":\"pt-PT\",\"@id\":\"https:\/\/portaltela.pt\/s.01k8rhncp4jt1\/2025\/11\/talking-bot-125x125.png\",\"url\":\"https:\/\/portaltela.pt\/s.01k8rhncp4jt1\/2025\/11\/talking-bot-125x125.png\",\"contentUrl\":\"https:\/\/portaltela.pt\/s.01k8rhncp4jt1\/2025\/11\/talking-bot-125x125.png\",\"caption\":\"Telinha\"},\"sameAs\":[\"https:\/\/portaltela.pt\/\"],\"url\":\"https:\/\/portaltela.pt\/por\/367410592786\/\"}]}<\/script>\n<!-- \/ Yoast SEO plugin. -->","yoast_head_json":{"title":"Casal desaparece em zona alagada no Mondego ap\u00f3s alerta da filha - Portal Tela Portugal","robots":{"index":"index","follow":"follow","max-snippet":"max-snippet:-1","max-image-preview":"max-image-preview:large","max-video-preview":"max-video-preview:-1"},"og_locale":"pt_PT","og_type":"article","og_title":"Casal desaparece em zona alagada no Mondego ap\u00f3s alerta da filha - Portal Tela Portugal","og_description":"No dia dez, ter\u00e7a-feira, foi o \u00faltimo contacto da filha com os pais Ven\u00e2ncio e Maria de F\u00e1tima, de Montemor-o-Velho. O Mondego transbordou desde ent\u00e3o e n\u00e3o houve sinal dos pais; Laura Santos denunciou o desaparecimento na sexta-feira. O casal, de Verride, costumava deslocar-se at\u00e9 Soure, seguindo por estradas secund\u00e1rias devido \u00e0s cheias; o carro era um Citro\u00ebn Saxo. As buscas envolveram drones, a Guarda Nacional Republicana e bombeiros, com atua\u00e7\u00e3o sobretudo junto a Vinha da Rainha e campos de arroz alagados, com uso de c\u00e2maras de infravermelhos. Caso o cen\u00e1rio seja o pior, os dois podem ser a 18\u00aa e a 19\u00aa v\u00edtima do mau tempo desde 28 de janeiro.","og_url":"https:\/\/portaltela.pt\/noticias\/2026\/02\/14\/casal-desaparece-em-zona-alagada-no-mondego-apos-alerta-da-filha\/","og_site_name":"Portal Tela Portugal","article_published_time":"2026-02-15T01:30:00+00:00","author":"Telinha","twitter_card":"summary_large_image","twitter_misc":{"Escrito por":"Telinha","Tempo estimado de leitura":"1 minuto"},"schema":{"@context":"https:\/\/schema.org","@graph":[{"@type":"Article","@id":"https:\/\/portaltela.pt\/noticias\/2026\/02\/14\/casal-desaparece-em-zona-alagada-no-mondego-apos-alerta-da-filha\/#article","isPartOf":{"@id":"https:\/\/portaltela.pt\/noticias\/2026\/02\/14\/casal-desaparece-em-zona-alagada-no-mondego-apos-alerta-da-filha\/"},"author":{"name":"Telinha","@id":"https:\/\/portaltela.pt\/#\/schema\/person\/c4278d4a6028830caff9ee44b42d32ed"},"headline":"Casal desaparece em zona alagada no Mondego ap\u00f3s alerta da filha","datePublished":"2026-02-15T01:30:00+00:00","mainEntityOfPage":{"@id":"https:\/\/portaltela.pt\/noticias\/2026\/02\/14\/casal-desaparece-em-zona-alagada-no-mondego-apos-alerta-da-filha\/"},"wordCount":257,"image":{"@id":"https:\/\/portaltela.pt\/noticias\/2026\/02\/14\/casal-desaparece-em-zona-alagada-no-mondego-apos-alerta-da-filha\/#primaryimage"},"thumbnailUrl":"https:\/\/portaltela.pt\/s.01k8rhncp4jt1\/2026\/02\/img_1280x721uu2026-02-14-19-51-22-2266906.jpg","keywords":["alagamentos","bombeiros","GNR","Montemor-o-Velho","pessoas","Soure"],"articleSection":["Not\u00edcias"],"inLanguage":"pt-PT"},{"@type":"WebPage","@id":"https:\/\/portaltela.pt\/noticias\/2026\/02\/14\/casal-desaparece-em-zona-alagada-no-mondego-apos-alerta-da-filha\/","url":"https:\/\/portaltela.pt\/noticias\/2026\/02\/14\/casal-desaparece-em-zona-alagada-no-mondego-apos-alerta-da-filha\/","name":"Casal desaparece em zona alagada no Mondego ap\u00f3s alerta da filha - Portal Tela Portugal","isPartOf":{"@id":"https:\/\/portaltela.pt\/#website"},"primaryImageOfPage":{"@id":"https:\/\/portaltela.pt\/noticias\/2026\/02\/14\/casal-desaparece-em-zona-alagada-no-mondego-apos-alerta-da-filha\/#primaryimage"},"image":{"@id":"https:\/\/portaltela.pt\/noticias\/2026\/02\/14\/casal-desaparece-em-zona-alagada-no-mondego-apos-alerta-da-filha\/#primaryimage"},"thumbnailUrl":"https:\/\/portaltela.pt\/s.01k8rhncp4jt1\/2026\/02\/img_1280x721uu2026-02-14-19-51-22-2266906.jpg","datePublished":"2026-02-15T01:30:00+00:00","author":{"@id":"https:\/\/portaltela.pt\/#\/schema\/person\/c4278d4a6028830caff9ee44b42d32ed"},"breadcrumb":{"@id":"https:\/\/portaltela.pt\/noticias\/2026\/02\/14\/casal-desaparece-em-zona-alagada-no-mondego-apos-alerta-da-filha\/#breadcrumb"},"inLanguage":"pt-PT","potentialAction":[{"@type":"ReadAction","target":["https:\/\/portaltela.pt\/noticias\/2026\/02\/14\/casal-desaparece-em-zona-alagada-no-mondego-apos-alerta-da-filha\/"]}]},{"@type":"ImageObject","inLanguage":"pt-PT","@id":"https:\/\/portaltela.pt\/noticias\/2026\/02\/14\/casal-desaparece-em-zona-alagada-no-mondego-apos-alerta-da-filha\/#primaryimage","url":"https:\/\/portaltela.pt\/s.01k8rhncp4jt1\/2026\/02\/img_1280x721uu2026-02-14-19-51-22-2266906.jpg","contentUrl":"https:\/\/portaltela.pt\/s.01k8rhncp4jt1\/2026\/02\/img_1280x721uu2026-02-14-19-51-22-2266906.jpg","width":796,"height":448,"caption":"Ven\u00e2ncio e Maria de F\u00e1tima"},{"@type":"BreadcrumbList","@id":"https:\/\/portaltela.pt\/noticias\/2026\/02\/14\/casal-desaparece-em-zona-alagada-no-mondego-apos-alerta-da-filha\/#breadcrumb","itemListElement":[{"@type":"ListItem","position":1,"name":"In\u00edcio","item":"https:\/\/portaltela.pt\/"},{"@type":"ListItem","position":2,"name":"Casal desaparece em zona alagada no Mondego ap\u00f3s alerta da filha"}]},{"@type":"WebSite","@id":"https:\/\/portaltela.pt\/#website","url":"https:\/\/portaltela.pt\/","name":"Portal Tela Portugal","description":"","potentialAction":[{"@type":"SearchAction","target":{"@type":"EntryPoint","urlTemplate":"https:\/\/portaltela.pt\/?s={search_term_string}"},"query-input":{"@type":"PropertyValueSpecification","valueRequired":true,"valueName":"search_term_string"}}],"inLanguage":"pt-PT"},{"@type":"Person","@id":"https:\/\/portaltela.pt\/#\/schema\/person\/c4278d4a6028830caff9ee44b42d32ed","name":"Telinha","image":{"@type":"ImageObject","inLanguage":"pt-PT","@id":"https:\/\/portaltela.pt\/s.01k8rhncp4jt1\/2025\/11\/talking-bot-125x125.png","url":"https:\/\/portaltela.pt\/s.01k8rhncp4jt1\/2025\/11\/talking-bot-125x125.png","contentUrl":"https:\/\/portaltela.pt\/s.01k8rhncp4jt1\/2025\/11\/talking-bot-125x125.png","caption":"Telinha"},"sameAs":["https:\/\/portaltela.pt\/"],"url":"https:\/\/portaltela.pt\/por\/367410592786\/"}]}},"_links":{"self":[{"href":"https:\/\/portaltela.pt\/api\/wp\/v2\/posts\/212927","targetHints":{"allow":["GET"]}}],"collection":[{"href":"https:\/\/portaltela.pt\/api\/wp\/v2\/posts"}],"about":[{"href":"https:\/\/portaltela.pt\/api\/wp\/v2\/types\/post"}],"author":[{"embeddable":true,"href":"https:\/\/portaltela.pt\/api\/wp\/v2\/users\/2"}],"replies":[{"embeddable":true,"href":"https:\/\/portaltela.pt\/api\/wp\/v2\/comments?post=212927"}],"version-history":[{"count":0,"href":"https:\/\/portaltela.pt\/api\/wp\/v2\/posts\/212927\/revisions"}],"wp:featuredmedia":[{"embeddable":true,"href":"https:\/\/portaltela.pt\/api\/wp\/v2\/media\/212933"}],"wp:attachment":[{"href":"https:\/\/portaltela.pt\/api\/wp\/v2\/media?parent=212927"}],"wp:term":[{"taxonomy":"category","embeddable":true,"href":"https:\/\/portaltela.pt\/api\/wp\/v2\/categories?post=212927"},{"taxonomy":"post_tag","embeddable":true,"href":"https:\/\/portaltela.pt\/api\/wp\/v2\/tags?post=212927"}],"curies":[{"name":"wp","href":"https:\/\/api.w.org\/{rel}","templated":true}]}}