{"id":212910,"date":"2026-02-14T22:30:00","date_gmt":"2026-02-15T01:30:00","guid":{"rendered":"https:\/\/portaltela.pt\/noticias\/2026\/02\/14\/substituto-de-suarez-vira-recurso-estrategico-para-ataque\/"},"modified":"2026-02-14T22:30:00","modified_gmt":"2026-02-15T01:30:00","slug":"substituto-de-suarez-vira-recurso-estrategico-para-ataque","status":"publish","type":"post","link":"https:\/\/portaltela.pt\/desporto\/futebol\/2026\/02\/14\/substituto-de-suarez-vira-recurso-estrategico-para-ataque\/","title":{"rendered":"Substituto de Su\u00e1rez vira recurso estrat\u00e9gico para ataque"},"content":{"rendered":"<p>A aus\u00eancia de Luis Su\u00e1rez, devido a castigo, complica a prepara\u00e7\u00e3o do Sporting para o encontro contra o Famalic\u00e3o. Rui Borges admitiu que \u00e9 natural pensar que o clube fique ref\u00e9m do goleador pela import\u00e2ncia dele no jogo.<\/p>\n<p>O t\u00e9cnico reconheceu que ainda n\u00e3o decidiu quem jogar\u00e1 na frente. Durante a semana, v\u00e1rias solu\u00e7\u00f5es foram testadas para ocupar o papel deixado pelo artilheiro, com o objetivo de manter o poderio atacante sem o seu melhor marcador.<\/p>\n<p>Entre as op\u00e7\u00f5es discutidas estiveram Fotis Ioannidis, ainda em recupera\u00e7\u00e3o de uma les\u00e3o no joelho esquerdo, bem como Faye, que pode ser adaptado, e Rafael Nel, da equipa B, para a posi\u00e7\u00e3o de ponta-de-lan\u00e7a.<\/p>\n<p>Foi ainda conclu\u00eddo que Trinc\u00e3o j\u00e1 foi testado nessa posi\u00e7\u00e3o, ap\u00f3s ter ficado na esquerda no cl\u00e1ssico, por Pedro Gon\u00e7alves ter chegado a esse jogo com uma les\u00e3o. Assim, a escolha final depende do melhor encaixe para o jogo diante do Famalic\u00e3o.<\/p>\n<p>A prepara\u00e7\u00e3o prossegue na expectativa de confirmar a alternativa escolhida, mantendo o foco na estrat\u00e9gia de ataque mesmo sem o principal goleador.<\/p>\n","protected":false},"excerpt":{"rendered":"<ul>\n<li>A aus\u00eancia de Luis Su\u00e1rez por castigo \u00e9 uma dor de cabe\u00e7a para Rui Borges, que diz ser natural que o Sporting dependa dele.<\/li>\n<li>O treinador ainda n\u00e3o sabe quem jogar\u00e1, tendo testado v\u00e1rias solu\u00e7\u00f5es durante a semana para ocupar a vaga deixada pelo goleador.<\/li>\n<li>Rui Borges garante que qualquer jogador da linha atacante pode ser ponta-de-lan\u00e7a, com v\u00e1rias hip\u00f3teses a treino.<\/li>\n<li>Fotis Ioannidis est\u00e1 em d\u00favida por estar na fase final de recupera\u00e7\u00e3o de uma les\u00e3o no joelho esquerdo; tamb\u00e9m \u00e9 estudada a adapta\u00e7\u00e3o de Faye e a utiliza\u00e7\u00e3o de Rafael Nel, da equipa B.<\/li>\n<li>Trinc\u00e3o foi testado tamb\u00e9m na posi\u00e7\u00e3o de ponta-de-lan\u00e7a, depois de ter sido utilizado na esquerda no cl\u00e1ssico, devido \u00e0 les\u00e3o de Pedro Gon\u00e7alves.<\/li>\n<\/ul>\n","protected":false},"author":2,"featured_media":212912,"comment_status":"closed","ping_status":"closed","sticky":false,"template":"","format":"standard","meta":{"footnotes":""},"categories":[21,24],"tags":[1396,32,4159,3373,1652,3374],"class_list":["post-212910","post","type-post","status-publish","format-standard","has-post-thumbnail","hentry","category-desporto","category-futebol","tag-famalicao","tag-futebol","tag-jogo","tag-pedro-goncalves","tag-sporting","tag-trincao"],"yoast_head":"<!-- This site is optimized with the Yoast SEO plugin v27.2 - https:\/\/yoast.com\/product\/yoast-seo-wordpress\/ -->\n<title>Substituto de Su\u00e1rez vira recurso estrat\u00e9gico para ataque - Portal Tela Portugal<\/title>\n<meta name=\"robots\" content=\"index, follow, max-snippet:-1, max-image-preview:large, max-video-preview:-1\" \/>\n<meta property=\"og:locale\" content=\"pt_PT\" \/>\n<meta property=\"og:type\" content=\"article\" \/>\n<meta property=\"og:title\" content=\"Substituto de Su\u00e1rez vira recurso estrat\u00e9gico para ataque - Portal Tela Portugal\" \/>\n<meta property=\"og:description\" content=\"A aus\u00eancia de Luis Su\u00e1rez por castigo \u00e9 uma dor de cabe\u00e7a para Rui Borges, que diz ser natural que o Sporting dependa dele. O treinador ainda n\u00e3o sabe quem jogar\u00e1, tendo testado v\u00e1rias solu\u00e7\u00f5es durante a semana para ocupar a vaga deixada pelo goleador. Rui Borges garante que qualquer jogador da linha atacante pode ser ponta-de-lan\u00e7a, com v\u00e1rias hip\u00f3teses a treino. Fotis Ioannidis est\u00e1 em d\u00favida por estar na fase final de recupera\u00e7\u00e3o de uma les\u00e3o no joelho esquerdo; tamb\u00e9m \u00e9 estudada a adapta\u00e7\u00e3o de Faye e a utiliza\u00e7\u00e3o de Rafael Nel, da equipa B. Trinc\u00e3o foi testado tamb\u00e9m na posi\u00e7\u00e3o de ponta-de-lan\u00e7a, depois de ter sido utilizado na esquerda no cl\u00e1ssico, devido \u00e0 les\u00e3o de Pedro Gon\u00e7alves.\" \/>\n<meta property=\"og:url\" content=\"https:\/\/portaltela.pt\/noticias\/2026\/02\/14\/substituto-de-suarez-vira-recurso-estrategico-para-ataque\/\" \/>\n<meta property=\"og:site_name\" content=\"Portal Tela Portugal\" \/>\n<meta property=\"article:published_time\" content=\"2026-02-15T01:30:00+00:00\" \/>\n<meta name=\"author\" content=\"Telinha\" \/>\n<meta name=\"twitter:card\" content=\"summary_large_image\" \/>\n<meta name=\"twitter:label1\" content=\"Escrito por\" \/>\n\t<meta name=\"twitter:data1\" content=\"Telinha\" \/>\n\t<meta name=\"twitter:label2\" content=\"Tempo estimado de leitura\" \/>\n\t<meta name=\"twitter:data2\" content=\"1 minuto\" \/>\n<script type=\"application\/ld+json\" class=\"yoast-schema-graph\">{\"@context\":\"https:\/\/schema.org\",\"@graph\":[{\"@type\":\"Article\",\"@id\":\"https:\/\/portaltela.pt\/noticias\/2026\/02\/14\/substituto-de-suarez-vira-recurso-estrategico-para-ataque\/#article\",\"isPartOf\":{\"@id\":\"https:\/\/portaltela.pt\/noticias\/2026\/02\/14\/substituto-de-suarez-vira-recurso-estrategico-para-ataque\/\"},\"author\":{\"name\":\"Telinha\",\"@id\":\"https:\/\/portaltela.pt\/#\/schema\/person\/c4278d4a6028830caff9ee44b42d32ed\"},\"headline\":\"Substituto de Su\u00e1rez vira recurso estrat\u00e9gico para ataque\",\"datePublished\":\"2026-02-15T01:30:00+00:00\",\"mainEntityOfPage\":{\"@id\":\"https:\/\/portaltela.pt\/noticias\/2026\/02\/14\/substituto-de-suarez-vira-recurso-estrategico-para-ataque\/\"},\"wordCount\":208,\"image\":{\"@id\":\"https:\/\/portaltela.pt\/noticias\/2026\/02\/14\/substituto-de-suarez-vira-recurso-estrategico-para-ataque\/#primaryimage\"},\"thumbnailUrl\":\"https:\/\/portaltela.pt\/s.01k8rhncp4jt1\/2026\/02\/img_1500x1000uu2025-12-29-21-37-03-2257092-2.jpg\",\"keywords\":[\"Famalic\u00e3o\",\"futebol\",\"jogo\",\"Pedro Gon\u00e7alves\",\"Sporting\",\"Trinc\u00e3o\"],\"articleSection\":[\"Desporto\",\"Futebol\"],\"inLanguage\":\"pt-PT\"},{\"@type\":\"WebPage\",\"@id\":\"https:\/\/portaltela.pt\/noticias\/2026\/02\/14\/substituto-de-suarez-vira-recurso-estrategico-para-ataque\/\",\"url\":\"https:\/\/portaltela.pt\/noticias\/2026\/02\/14\/substituto-de-suarez-vira-recurso-estrategico-para-ataque\/\",\"name\":\"Substituto de Su\u00e1rez vira recurso estrat\u00e9gico para ataque - Portal Tela Portugal\",\"isPartOf\":{\"@id\":\"https:\/\/portaltela.pt\/#website\"},\"primaryImageOfPage\":{\"@id\":\"https:\/\/portaltela.pt\/noticias\/2026\/02\/14\/substituto-de-suarez-vira-recurso-estrategico-para-ataque\/#primaryimage\"},\"image\":{\"@id\":\"https:\/\/portaltela.pt\/noticias\/2026\/02\/14\/substituto-de-suarez-vira-recurso-estrategico-para-ataque\/#primaryimage\"},\"thumbnailUrl\":\"https:\/\/portaltela.pt\/s.01k8rhncp4jt1\/2026\/02\/img_1500x1000uu2025-12-29-21-37-03-2257092-2.jpg\",\"datePublished\":\"2026-02-15T01:30:00+00:00\",\"author\":{\"@id\":\"https:\/\/portaltela.pt\/#\/schema\/person\/c4278d4a6028830caff9ee44b42d32ed\"},\"breadcrumb\":{\"@id\":\"https:\/\/portaltela.pt\/noticias\/2026\/02\/14\/substituto-de-suarez-vira-recurso-estrategico-para-ataque\/#breadcrumb\"},\"inLanguage\":\"pt-PT\",\"potentialAction\":[{\"@type\":\"ReadAction\",\"target\":[\"https:\/\/portaltela.pt\/noticias\/2026\/02\/14\/substituto-de-suarez-vira-recurso-estrategico-para-ataque\/\"]}]},{\"@type\":\"ImageObject\",\"inLanguage\":\"pt-PT\",\"@id\":\"https:\/\/portaltela.pt\/noticias\/2026\/02\/14\/substituto-de-suarez-vira-recurso-estrategico-para-ataque\/#primaryimage\",\"url\":\"https:\/\/portaltela.pt\/s.01k8rhncp4jt1\/2026\/02\/img_1500x1000uu2025-12-29-21-37-03-2257092-2.jpg\",\"contentUrl\":\"https:\/\/portaltela.pt\/s.01k8rhncp4jt1\/2026\/02\/img_1500x1000uu2025-12-29-21-37-03-2257092-2.jpg\",\"width\":796,\"height\":448,\"caption\":\"Luis Su\u00e1rez\"},{\"@type\":\"BreadcrumbList\",\"@id\":\"https:\/\/portaltela.pt\/noticias\/2026\/02\/14\/substituto-de-suarez-vira-recurso-estrategico-para-ataque\/#breadcrumb\",\"itemListElement\":[{\"@type\":\"ListItem\",\"position\":1,\"name\":\"In\u00edcio\",\"item\":\"https:\/\/portaltela.pt\/\"},{\"@type\":\"ListItem\",\"position\":2,\"name\":\"Substituto de Su\u00e1rez vira recurso estrat\u00e9gico para ataque\"}]},{\"@type\":\"WebSite\",\"@id\":\"https:\/\/portaltela.pt\/#website\",\"url\":\"https:\/\/portaltela.pt\/\",\"name\":\"Portal Tela Portugal\",\"description\":\"\",\"potentialAction\":[{\"@type\":\"SearchAction\",\"target\":{\"@type\":\"EntryPoint\",\"urlTemplate\":\"https:\/\/portaltela.pt\/?s={search_term_string}\"},\"query-input\":{\"@type\":\"PropertyValueSpecification\",\"valueRequired\":true,\"valueName\":\"search_term_string\"}}],\"inLanguage\":\"pt-PT\"},{\"@type\":\"Person\",\"@id\":\"https:\/\/portaltela.pt\/#\/schema\/person\/c4278d4a6028830caff9ee44b42d32ed\",\"name\":\"Telinha\",\"image\":{\"@type\":\"ImageObject\",\"inLanguage\":\"pt-PT\",\"@id\":\"https:\/\/portaltela.pt\/s.01k8rhncp4jt1\/2025\/11\/talking-bot-125x125.png\",\"url\":\"https:\/\/portaltela.pt\/s.01k8rhncp4jt1\/2025\/11\/talking-bot-125x125.png\",\"contentUrl\":\"https:\/\/portaltela.pt\/s.01k8rhncp4jt1\/2025\/11\/talking-bot-125x125.png\",\"caption\":\"Telinha\"},\"sameAs\":[\"https:\/\/portaltela.pt\/\"],\"url\":\"https:\/\/portaltela.pt\/por\/367410592786\/\"}]}<\/script>\n<!-- \/ Yoast SEO plugin. -->","yoast_head_json":{"title":"Substituto de Su\u00e1rez vira recurso estrat\u00e9gico para ataque - Portal Tela Portugal","robots":{"index":"index","follow":"follow","max-snippet":"max-snippet:-1","max-image-preview":"max-image-preview:large","max-video-preview":"max-video-preview:-1"},"og_locale":"pt_PT","og_type":"article","og_title":"Substituto de Su\u00e1rez vira recurso estrat\u00e9gico para ataque - Portal Tela Portugal","og_description":"A aus\u00eancia de Luis Su\u00e1rez por castigo \u00e9 uma dor de cabe\u00e7a para Rui Borges, que diz ser natural que o Sporting dependa dele. O treinador ainda n\u00e3o sabe quem jogar\u00e1, tendo testado v\u00e1rias solu\u00e7\u00f5es durante a semana para ocupar a vaga deixada pelo goleador. Rui Borges garante que qualquer jogador da linha atacante pode ser ponta-de-lan\u00e7a, com v\u00e1rias hip\u00f3teses a treino. Fotis Ioannidis est\u00e1 em d\u00favida por estar na fase final de recupera\u00e7\u00e3o de uma les\u00e3o no joelho esquerdo; tamb\u00e9m \u00e9 estudada a adapta\u00e7\u00e3o de Faye e a utiliza\u00e7\u00e3o de Rafael Nel, da equipa B. Trinc\u00e3o foi testado tamb\u00e9m na posi\u00e7\u00e3o de ponta-de-lan\u00e7a, depois de ter sido utilizado na esquerda no cl\u00e1ssico, devido \u00e0 les\u00e3o de Pedro Gon\u00e7alves.","og_url":"https:\/\/portaltela.pt\/noticias\/2026\/02\/14\/substituto-de-suarez-vira-recurso-estrategico-para-ataque\/","og_site_name":"Portal Tela Portugal","article_published_time":"2026-02-15T01:30:00+00:00","author":"Telinha","twitter_card":"summary_large_image","twitter_misc":{"Escrito por":"Telinha","Tempo estimado de leitura":"1 minuto"},"schema":{"@context":"https:\/\/schema.org","@graph":[{"@type":"Article","@id":"https:\/\/portaltela.pt\/noticias\/2026\/02\/14\/substituto-de-suarez-vira-recurso-estrategico-para-ataque\/#article","isPartOf":{"@id":"https:\/\/portaltela.pt\/noticias\/2026\/02\/14\/substituto-de-suarez-vira-recurso-estrategico-para-ataque\/"},"author":{"name":"Telinha","@id":"https:\/\/portaltela.pt\/#\/schema\/person\/c4278d4a6028830caff9ee44b42d32ed"},"headline":"Substituto de Su\u00e1rez vira recurso estrat\u00e9gico para ataque","datePublished":"2026-02-15T01:30:00+00:00","mainEntityOfPage":{"@id":"https:\/\/portaltela.pt\/noticias\/2026\/02\/14\/substituto-de-suarez-vira-recurso-estrategico-para-ataque\/"},"wordCount":208,"image":{"@id":"https:\/\/portaltela.pt\/noticias\/2026\/02\/14\/substituto-de-suarez-vira-recurso-estrategico-para-ataque\/#primaryimage"},"thumbnailUrl":"https:\/\/portaltela.pt\/s.01k8rhncp4jt1\/2026\/02\/img_1500x1000uu2025-12-29-21-37-03-2257092-2.jpg","keywords":["Famalic\u00e3o","futebol","jogo","Pedro Gon\u00e7alves","Sporting","Trinc\u00e3o"],"articleSection":["Desporto","Futebol"],"inLanguage":"pt-PT"},{"@type":"WebPage","@id":"https:\/\/portaltela.pt\/noticias\/2026\/02\/14\/substituto-de-suarez-vira-recurso-estrategico-para-ataque\/","url":"https:\/\/portaltela.pt\/noticias\/2026\/02\/14\/substituto-de-suarez-vira-recurso-estrategico-para-ataque\/","name":"Substituto de Su\u00e1rez vira recurso estrat\u00e9gico para ataque - Portal Tela Portugal","isPartOf":{"@id":"https:\/\/portaltela.pt\/#website"},"primaryImageOfPage":{"@id":"https:\/\/portaltela.pt\/noticias\/2026\/02\/14\/substituto-de-suarez-vira-recurso-estrategico-para-ataque\/#primaryimage"},"image":{"@id":"https:\/\/portaltela.pt\/noticias\/2026\/02\/14\/substituto-de-suarez-vira-recurso-estrategico-para-ataque\/#primaryimage"},"thumbnailUrl":"https:\/\/portaltela.pt\/s.01k8rhncp4jt1\/2026\/02\/img_1500x1000uu2025-12-29-21-37-03-2257092-2.jpg","datePublished":"2026-02-15T01:30:00+00:00","author":{"@id":"https:\/\/portaltela.pt\/#\/schema\/person\/c4278d4a6028830caff9ee44b42d32ed"},"breadcrumb":{"@id":"https:\/\/portaltela.pt\/noticias\/2026\/02\/14\/substituto-de-suarez-vira-recurso-estrategico-para-ataque\/#breadcrumb"},"inLanguage":"pt-PT","potentialAction":[{"@type":"ReadAction","target":["https:\/\/portaltela.pt\/noticias\/2026\/02\/14\/substituto-de-suarez-vira-recurso-estrategico-para-ataque\/"]}]},{"@type":"ImageObject","inLanguage":"pt-PT","@id":"https:\/\/portaltela.pt\/noticias\/2026\/02\/14\/substituto-de-suarez-vira-recurso-estrategico-para-ataque\/#primaryimage","url":"https:\/\/portaltela.pt\/s.01k8rhncp4jt1\/2026\/02\/img_1500x1000uu2025-12-29-21-37-03-2257092-2.jpg","contentUrl":"https:\/\/portaltela.pt\/s.01k8rhncp4jt1\/2026\/02\/img_1500x1000uu2025-12-29-21-37-03-2257092-2.jpg","width":796,"height":448,"caption":"Luis Su\u00e1rez"},{"@type":"BreadcrumbList","@id":"https:\/\/portaltela.pt\/noticias\/2026\/02\/14\/substituto-de-suarez-vira-recurso-estrategico-para-ataque\/#breadcrumb","itemListElement":[{"@type":"ListItem","position":1,"name":"In\u00edcio","item":"https:\/\/portaltela.pt\/"},{"@type":"ListItem","position":2,"name":"Substituto de Su\u00e1rez vira recurso estrat\u00e9gico para ataque"}]},{"@type":"WebSite","@id":"https:\/\/portaltela.pt\/#website","url":"https:\/\/portaltela.pt\/","name":"Portal Tela Portugal","description":"","potentialAction":[{"@type":"SearchAction","target":{"@type":"EntryPoint","urlTemplate":"https:\/\/portaltela.pt\/?s={search_term_string}"},"query-input":{"@type":"PropertyValueSpecification","valueRequired":true,"valueName":"search_term_string"}}],"inLanguage":"pt-PT"},{"@type":"Person","@id":"https:\/\/portaltela.pt\/#\/schema\/person\/c4278d4a6028830caff9ee44b42d32ed","name":"Telinha","image":{"@type":"ImageObject","inLanguage":"pt-PT","@id":"https:\/\/portaltela.pt\/s.01k8rhncp4jt1\/2025\/11\/talking-bot-125x125.png","url":"https:\/\/portaltela.pt\/s.01k8rhncp4jt1\/2025\/11\/talking-bot-125x125.png","contentUrl":"https:\/\/portaltela.pt\/s.01k8rhncp4jt1\/2025\/11\/talking-bot-125x125.png","caption":"Telinha"},"sameAs":["https:\/\/portaltela.pt\/"],"url":"https:\/\/portaltela.pt\/por\/367410592786\/"}]}},"_links":{"self":[{"href":"https:\/\/portaltela.pt\/api\/wp\/v2\/posts\/212910","targetHints":{"allow":["GET"]}}],"collection":[{"href":"https:\/\/portaltela.pt\/api\/wp\/v2\/posts"}],"about":[{"href":"https:\/\/portaltela.pt\/api\/wp\/v2\/types\/post"}],"author":[{"embeddable":true,"href":"https:\/\/portaltela.pt\/api\/wp\/v2\/users\/2"}],"replies":[{"embeddable":true,"href":"https:\/\/portaltela.pt\/api\/wp\/v2\/comments?post=212910"}],"version-history":[{"count":0,"href":"https:\/\/portaltela.pt\/api\/wp\/v2\/posts\/212910\/revisions"}],"wp:featuredmedia":[{"embeddable":true,"href":"https:\/\/portaltela.pt\/api\/wp\/v2\/media\/212912"}],"wp:attachment":[{"href":"https:\/\/portaltela.pt\/api\/wp\/v2\/media?parent=212910"}],"wp:term":[{"taxonomy":"category","embeddable":true,"href":"https:\/\/portaltela.pt\/api\/wp\/v2\/categories?post=212910"},{"taxonomy":"post_tag","embeddable":true,"href":"https:\/\/portaltela.pt\/api\/wp\/v2\/tags?post=212910"}],"curies":[{"name":"wp","href":"https:\/\/api.w.org\/{rel}","templated":true}]}}