{"id":212881,"date":"2026-02-14T21:10:00","date_gmt":"2026-02-15T00:10:00","guid":{"rendered":"https:\/\/portaltela.pt\/noticias\/2026\/02\/14\/estudante-espancado-em-franca-morre-alegadamente-por-grupo-de-esquerda\/"},"modified":"2026-02-14T21:10:00","modified_gmt":"2026-02-15T00:10:00","slug":"estudante-espancado-em-franca-morre-alegadamente-por-grupo-de-esquerda","status":"publish","type":"post","link":"https:\/\/portaltela.pt\/noticias\/internacional\/2026\/02\/14\/estudante-espancado-em-franca-morre-alegadamente-por-grupo-de-esquerda\/","title":{"rendered":"Estudante espancado em Fran\u00e7a morre, alegadamente por grupo de esquerda"},"content":{"rendered":"<p>O estudante de 23 anos que foi espancado na quinta-feira em Lyon, no sudeste de Fran\u00e7a, morreu neste s\u00e1bado devido aos ferimentos, informou a AFP. O ataque ocorreu durante uma confer\u00eancia na Sciences Po Lyon, proferida pela eurodeputada Rima Hassan, do partido LFI.<\/p>\n<p>Segundo a AFP, h\u00e1 ind\u00edcios de confrontos entre militantes de esquerda e de direita, com um grupo de cerca de trinta antifascistas alegadamente envolvido. A Procuradoria de Lyon abriu uma investiga\u00e7\u00e3o por viol\u00eancia agravada.<\/p>\n<p>Funcion\u00e1rios de um servi\u00e7o de seguran\u00e7a teriam sido perseguidos durante o incidente, que resultou na agress\u00e3o violenta ao jovem. A fam\u00edlia afirma que o estudante n\u00e3o tinha liga\u00e7\u00e3o com servi\u00e7os de seguran\u00e7a e pediu calma.<\/p>\n<h3>Desdobramentos da investiga\u00e7\u00e3o<\/h3>\n<p>O advogado da fam\u00edlia descreveu o caso como um crime, solicitando an\u00e1lise cuidadosa das circunst\u00e2ncias. O presidente franc\u00eas, Emmanuel Macron, pediu modera\u00e7\u00e3o e disse que nenhuma ideologia justifica homic\u00eddio.<\/p>\n<p>Rea\u00e7\u00f5es pol\u00edticas surgiram no panorama franc\u00eas. Bruno Retailleau, l\u00edder do partido LR, citou a responsabilidade da extrema-esquerda, enquanto o LFI reiterou que n\u00e3o tem envolvimento com os acontecimentos.<\/p>\n","protected":false},"excerpt":{"rendered":"<ul>\n<li>A estudante de 23 anos morreu em Lyon, Fran\u00e7a, depois de ter sido espancada numa confer\u00eancia por alegados militantes de extrema-esquerda.<\/li>\n<li>O ataque ocorreu durante uma sess\u00e3o da eurodeputada Rima Hassan, do partido La France Insoumise (LFI), na universidade Sciences Po Lyon.<\/li>\n<li>A procuradoria de Lyon abriu uma investiga\u00e7\u00e3o por viol\u00eancia agravada; a pol\u00edcia aponta para confrontos entre militantes de extrema-direita e extrema-esquerda.<\/li>\n<li>Testemunhos indicam que cerca de trinta antifascistas teriam perseguido funcion\u00e1rios de um servi\u00e7o de seguran\u00e7a, resultando numa agress\u00e3o violenta ao estudante.<\/li>\n<li>Rea\u00e7\u00f5es: o presidente Emmanuel Macron pediu calma e reiterou que nenhuma causa justifica homic\u00eddio; cr\u00edticos da extrema-direita apontam para responsabilidades da extrema-esquerda, enquanto a LFI rejeita qualquer implica\u00e7\u00e3o.<\/li>\n<\/ul>\n","protected":false},"author":2,"featured_media":212884,"comment_status":"closed","ping_status":"closed","sticky":false,"template":"","format":"standard","meta":{"footnotes":""},"categories":[4,1],"tags":[5517,1856,1345,217,939,696],"class_list":["post-212881","post","type-post","status-publish","format-standard","has-post-thumbnail","hentry","category-internacional","category-noticias","tag-extrema-direita","tag-franca","tag-homicidio","tag-investigacao-criminal","tag-violencia","tag-violencia-agravada"],"yoast_head":"<!-- This site is optimized with the Yoast SEO plugin v27.2 - https:\/\/yoast.com\/product\/yoast-seo-wordpress\/ -->\n<title>Estudante espancado em Fran\u00e7a morre, alegadamente por grupo de esquerda - Portal Tela Portugal<\/title>\n<meta name=\"robots\" content=\"index, follow, max-snippet:-1, max-image-preview:large, max-video-preview:-1\" \/>\n<meta property=\"og:locale\" content=\"pt_PT\" \/>\n<meta property=\"og:type\" content=\"article\" \/>\n<meta property=\"og:title\" content=\"Estudante espancado em Fran\u00e7a morre, alegadamente por grupo de esquerda - Portal Tela Portugal\" \/>\n<meta property=\"og:description\" content=\"A estudante de 23 anos morreu em Lyon, Fran\u00e7a, depois de ter sido espancada numa confer\u00eancia por alegados militantes de extrema-esquerda. O ataque ocorreu durante uma sess\u00e3o da eurodeputada Rima Hassan, do partido La France Insoumise (LFI), na universidade Sciences Po Lyon. A procuradoria de Lyon abriu uma investiga\u00e7\u00e3o por viol\u00eancia agravada; a pol\u00edcia aponta para confrontos entre militantes de extrema-direita e extrema-esquerda. Testemunhos indicam que cerca de trinta antifascistas teriam perseguido funcion\u00e1rios de um servi\u00e7o de seguran\u00e7a, resultando numa agress\u00e3o violenta ao estudante. Rea\u00e7\u00f5es: o presidente Emmanuel Macron pediu calma e reiterou que nenhuma causa justifica homic\u00eddio; cr\u00edticos da extrema-direita apontam para responsabilidades da extrema-esquerda, enquanto a LFI rejeita qualquer implica\u00e7\u00e3o.\" \/>\n<meta property=\"og:url\" content=\"https:\/\/portaltela.pt\/noticias\/2026\/02\/14\/estudante-espancado-em-franca-morre-alegadamente-por-grupo-de-esquerda\/\" \/>\n<meta property=\"og:site_name\" content=\"Portal Tela Portugal\" \/>\n<meta property=\"article:published_time\" content=\"2026-02-15T00:10:00+00:00\" \/>\n<meta name=\"author\" content=\"Telinha\" \/>\n<meta name=\"twitter:card\" content=\"summary_large_image\" \/>\n<meta name=\"twitter:label1\" content=\"Escrito por\" \/>\n\t<meta name=\"twitter:data1\" content=\"Telinha\" \/>\n\t<meta name=\"twitter:label2\" content=\"Tempo estimado de leitura\" \/>\n\t<meta name=\"twitter:data2\" content=\"1 minuto\" \/>\n<script type=\"application\/ld+json\" class=\"yoast-schema-graph\">{\"@context\":\"https:\/\/schema.org\",\"@graph\":[{\"@type\":\"Article\",\"@id\":\"https:\/\/portaltela.pt\/noticias\/2026\/02\/14\/estudante-espancado-em-franca-morre-alegadamente-por-grupo-de-esquerda\/#article\",\"isPartOf\":{\"@id\":\"https:\/\/portaltela.pt\/noticias\/2026\/02\/14\/estudante-espancado-em-franca-morre-alegadamente-por-grupo-de-esquerda\/\"},\"author\":{\"name\":\"Telinha\",\"@id\":\"https:\/\/portaltela.pt\/#\/schema\/person\/c4278d4a6028830caff9ee44b42d32ed\"},\"headline\":\"Estudante espancado em Fran\u00e7a morre, alegadamente por grupo de esquerda\",\"datePublished\":\"2026-02-15T00:10:00+00:00\",\"mainEntityOfPage\":{\"@id\":\"https:\/\/portaltela.pt\/noticias\/2026\/02\/14\/estudante-espancado-em-franca-morre-alegadamente-por-grupo-de-esquerda\/\"},\"wordCount\":209,\"image\":{\"@id\":\"https:\/\/portaltela.pt\/noticias\/2026\/02\/14\/estudante-espancado-em-franca-morre-alegadamente-por-grupo-de-esquerda\/#primaryimage\"},\"thumbnailUrl\":\"https:\/\/portaltela.pt\/s.01k8rhncp4jt1\/2026\/02\/bd6c2d3d-dec2-4655-ad65-ccab5adfab5e_1200x675.jpg\",\"keywords\":[\"extrema-direita\",\"Fran\u00e7a\",\"homic\u00eddio\",\"investiga\u00e7\u00e3o criminal\",\"viol\u00eancia\",\"viol\u00eancia agravada\"],\"articleSection\":[\"Internacional\",\"Not\u00edcias\"],\"inLanguage\":\"pt-PT\"},{\"@type\":\"WebPage\",\"@id\":\"https:\/\/portaltela.pt\/noticias\/2026\/02\/14\/estudante-espancado-em-franca-morre-alegadamente-por-grupo-de-esquerda\/\",\"url\":\"https:\/\/portaltela.pt\/noticias\/2026\/02\/14\/estudante-espancado-em-franca-morre-alegadamente-por-grupo-de-esquerda\/\",\"name\":\"Estudante espancado em Fran\u00e7a morre, alegadamente por grupo de esquerda - Portal Tela Portugal\",\"isPartOf\":{\"@id\":\"https:\/\/portaltela.pt\/#website\"},\"primaryImageOfPage\":{\"@id\":\"https:\/\/portaltela.pt\/noticias\/2026\/02\/14\/estudante-espancado-em-franca-morre-alegadamente-por-grupo-de-esquerda\/#primaryimage\"},\"image\":{\"@id\":\"https:\/\/portaltela.pt\/noticias\/2026\/02\/14\/estudante-espancado-em-franca-morre-alegadamente-por-grupo-de-esquerda\/#primaryimage\"},\"thumbnailUrl\":\"https:\/\/portaltela.pt\/s.01k8rhncp4jt1\/2026\/02\/bd6c2d3d-dec2-4655-ad65-ccab5adfab5e_1200x675.jpg\",\"datePublished\":\"2026-02-15T00:10:00+00:00\",\"author\":{\"@id\":\"https:\/\/portaltela.pt\/#\/schema\/person\/c4278d4a6028830caff9ee44b42d32ed\"},\"breadcrumb\":{\"@id\":\"https:\/\/portaltela.pt\/noticias\/2026\/02\/14\/estudante-espancado-em-franca-morre-alegadamente-por-grupo-de-esquerda\/#breadcrumb\"},\"inLanguage\":\"pt-PT\",\"potentialAction\":[{\"@type\":\"ReadAction\",\"target\":[\"https:\/\/portaltela.pt\/noticias\/2026\/02\/14\/estudante-espancado-em-franca-morre-alegadamente-por-grupo-de-esquerda\/\"]}]},{\"@type\":\"ImageObject\",\"inLanguage\":\"pt-PT\",\"@id\":\"https:\/\/portaltela.pt\/noticias\/2026\/02\/14\/estudante-espancado-em-franca-morre-alegadamente-por-grupo-de-esquerda\/#primaryimage\",\"url\":\"https:\/\/portaltela.pt\/s.01k8rhncp4jt1\/2026\/02\/bd6c2d3d-dec2-4655-ad65-ccab5adfab5e_1200x675.jpg\",\"contentUrl\":\"https:\/\/portaltela.pt\/s.01k8rhncp4jt1\/2026\/02\/bd6c2d3d-dec2-4655-ad65-ccab5adfab5e_1200x675.jpg\",\"width\":796,\"height\":448,\"caption\":\"Os autores do espancamento seriam militantes de extrema-esquerda Antifa\"},{\"@type\":\"BreadcrumbList\",\"@id\":\"https:\/\/portaltela.pt\/noticias\/2026\/02\/14\/estudante-espancado-em-franca-morre-alegadamente-por-grupo-de-esquerda\/#breadcrumb\",\"itemListElement\":[{\"@type\":\"ListItem\",\"position\":1,\"name\":\"In\u00edcio\",\"item\":\"https:\/\/portaltela.pt\/\"},{\"@type\":\"ListItem\",\"position\":2,\"name\":\"Estudante espancado em Fran\u00e7a morre, alegadamente por grupo de esquerda\"}]},{\"@type\":\"WebSite\",\"@id\":\"https:\/\/portaltela.pt\/#website\",\"url\":\"https:\/\/portaltela.pt\/\",\"name\":\"Portal Tela Portugal\",\"description\":\"\",\"potentialAction\":[{\"@type\":\"SearchAction\",\"target\":{\"@type\":\"EntryPoint\",\"urlTemplate\":\"https:\/\/portaltela.pt\/?s={search_term_string}\"},\"query-input\":{\"@type\":\"PropertyValueSpecification\",\"valueRequired\":true,\"valueName\":\"search_term_string\"}}],\"inLanguage\":\"pt-PT\"},{\"@type\":\"Person\",\"@id\":\"https:\/\/portaltela.pt\/#\/schema\/person\/c4278d4a6028830caff9ee44b42d32ed\",\"name\":\"Telinha\",\"image\":{\"@type\":\"ImageObject\",\"inLanguage\":\"pt-PT\",\"@id\":\"https:\/\/portaltela.pt\/s.01k8rhncp4jt1\/2025\/11\/talking-bot-125x125.png\",\"url\":\"https:\/\/portaltela.pt\/s.01k8rhncp4jt1\/2025\/11\/talking-bot-125x125.png\",\"contentUrl\":\"https:\/\/portaltela.pt\/s.01k8rhncp4jt1\/2025\/11\/talking-bot-125x125.png\",\"caption\":\"Telinha\"},\"sameAs\":[\"https:\/\/portaltela.pt\/\"],\"url\":\"https:\/\/portaltela.pt\/por\/367410592786\/\"}]}<\/script>\n<!-- \/ Yoast SEO plugin. -->","yoast_head_json":{"title":"Estudante espancado em Fran\u00e7a morre, alegadamente por grupo de esquerda - Portal Tela Portugal","robots":{"index":"index","follow":"follow","max-snippet":"max-snippet:-1","max-image-preview":"max-image-preview:large","max-video-preview":"max-video-preview:-1"},"og_locale":"pt_PT","og_type":"article","og_title":"Estudante espancado em Fran\u00e7a morre, alegadamente por grupo de esquerda - Portal Tela Portugal","og_description":"A estudante de 23 anos morreu em Lyon, Fran\u00e7a, depois de ter sido espancada numa confer\u00eancia por alegados militantes de extrema-esquerda. O ataque ocorreu durante uma sess\u00e3o da eurodeputada Rima Hassan, do partido La France Insoumise (LFI), na universidade Sciences Po Lyon. A procuradoria de Lyon abriu uma investiga\u00e7\u00e3o por viol\u00eancia agravada; a pol\u00edcia aponta para confrontos entre militantes de extrema-direita e extrema-esquerda. Testemunhos indicam que cerca de trinta antifascistas teriam perseguido funcion\u00e1rios de um servi\u00e7o de seguran\u00e7a, resultando numa agress\u00e3o violenta ao estudante. Rea\u00e7\u00f5es: o presidente Emmanuel Macron pediu calma e reiterou que nenhuma causa justifica homic\u00eddio; cr\u00edticos da extrema-direita apontam para responsabilidades da extrema-esquerda, enquanto a LFI rejeita qualquer implica\u00e7\u00e3o.","og_url":"https:\/\/portaltela.pt\/noticias\/2026\/02\/14\/estudante-espancado-em-franca-morre-alegadamente-por-grupo-de-esquerda\/","og_site_name":"Portal Tela Portugal","article_published_time":"2026-02-15T00:10:00+00:00","author":"Telinha","twitter_card":"summary_large_image","twitter_misc":{"Escrito por":"Telinha","Tempo estimado de leitura":"1 minuto"},"schema":{"@context":"https:\/\/schema.org","@graph":[{"@type":"Article","@id":"https:\/\/portaltela.pt\/noticias\/2026\/02\/14\/estudante-espancado-em-franca-morre-alegadamente-por-grupo-de-esquerda\/#article","isPartOf":{"@id":"https:\/\/portaltela.pt\/noticias\/2026\/02\/14\/estudante-espancado-em-franca-morre-alegadamente-por-grupo-de-esquerda\/"},"author":{"name":"Telinha","@id":"https:\/\/portaltela.pt\/#\/schema\/person\/c4278d4a6028830caff9ee44b42d32ed"},"headline":"Estudante espancado em Fran\u00e7a morre, alegadamente por grupo de esquerda","datePublished":"2026-02-15T00:10:00+00:00","mainEntityOfPage":{"@id":"https:\/\/portaltela.pt\/noticias\/2026\/02\/14\/estudante-espancado-em-franca-morre-alegadamente-por-grupo-de-esquerda\/"},"wordCount":209,"image":{"@id":"https:\/\/portaltela.pt\/noticias\/2026\/02\/14\/estudante-espancado-em-franca-morre-alegadamente-por-grupo-de-esquerda\/#primaryimage"},"thumbnailUrl":"https:\/\/portaltela.pt\/s.01k8rhncp4jt1\/2026\/02\/bd6c2d3d-dec2-4655-ad65-ccab5adfab5e_1200x675.jpg","keywords":["extrema-direita","Fran\u00e7a","homic\u00eddio","investiga\u00e7\u00e3o criminal","viol\u00eancia","viol\u00eancia agravada"],"articleSection":["Internacional","Not\u00edcias"],"inLanguage":"pt-PT"},{"@type":"WebPage","@id":"https:\/\/portaltela.pt\/noticias\/2026\/02\/14\/estudante-espancado-em-franca-morre-alegadamente-por-grupo-de-esquerda\/","url":"https:\/\/portaltela.pt\/noticias\/2026\/02\/14\/estudante-espancado-em-franca-morre-alegadamente-por-grupo-de-esquerda\/","name":"Estudante espancado em Fran\u00e7a morre, alegadamente por grupo de esquerda - Portal Tela Portugal","isPartOf":{"@id":"https:\/\/portaltela.pt\/#website"},"primaryImageOfPage":{"@id":"https:\/\/portaltela.pt\/noticias\/2026\/02\/14\/estudante-espancado-em-franca-morre-alegadamente-por-grupo-de-esquerda\/#primaryimage"},"image":{"@id":"https:\/\/portaltela.pt\/noticias\/2026\/02\/14\/estudante-espancado-em-franca-morre-alegadamente-por-grupo-de-esquerda\/#primaryimage"},"thumbnailUrl":"https:\/\/portaltela.pt\/s.01k8rhncp4jt1\/2026\/02\/bd6c2d3d-dec2-4655-ad65-ccab5adfab5e_1200x675.jpg","datePublished":"2026-02-15T00:10:00+00:00","author":{"@id":"https:\/\/portaltela.pt\/#\/schema\/person\/c4278d4a6028830caff9ee44b42d32ed"},"breadcrumb":{"@id":"https:\/\/portaltela.pt\/noticias\/2026\/02\/14\/estudante-espancado-em-franca-morre-alegadamente-por-grupo-de-esquerda\/#breadcrumb"},"inLanguage":"pt-PT","potentialAction":[{"@type":"ReadAction","target":["https:\/\/portaltela.pt\/noticias\/2026\/02\/14\/estudante-espancado-em-franca-morre-alegadamente-por-grupo-de-esquerda\/"]}]},{"@type":"ImageObject","inLanguage":"pt-PT","@id":"https:\/\/portaltela.pt\/noticias\/2026\/02\/14\/estudante-espancado-em-franca-morre-alegadamente-por-grupo-de-esquerda\/#primaryimage","url":"https:\/\/portaltela.pt\/s.01k8rhncp4jt1\/2026\/02\/bd6c2d3d-dec2-4655-ad65-ccab5adfab5e_1200x675.jpg","contentUrl":"https:\/\/portaltela.pt\/s.01k8rhncp4jt1\/2026\/02\/bd6c2d3d-dec2-4655-ad65-ccab5adfab5e_1200x675.jpg","width":796,"height":448,"caption":"Os autores do espancamento seriam militantes de extrema-esquerda Antifa"},{"@type":"BreadcrumbList","@id":"https:\/\/portaltela.pt\/noticias\/2026\/02\/14\/estudante-espancado-em-franca-morre-alegadamente-por-grupo-de-esquerda\/#breadcrumb","itemListElement":[{"@type":"ListItem","position":1,"name":"In\u00edcio","item":"https:\/\/portaltela.pt\/"},{"@type":"ListItem","position":2,"name":"Estudante espancado em Fran\u00e7a morre, alegadamente por grupo de esquerda"}]},{"@type":"WebSite","@id":"https:\/\/portaltela.pt\/#website","url":"https:\/\/portaltela.pt\/","name":"Portal Tela Portugal","description":"","potentialAction":[{"@type":"SearchAction","target":{"@type":"EntryPoint","urlTemplate":"https:\/\/portaltela.pt\/?s={search_term_string}"},"query-input":{"@type":"PropertyValueSpecification","valueRequired":true,"valueName":"search_term_string"}}],"inLanguage":"pt-PT"},{"@type":"Person","@id":"https:\/\/portaltela.pt\/#\/schema\/person\/c4278d4a6028830caff9ee44b42d32ed","name":"Telinha","image":{"@type":"ImageObject","inLanguage":"pt-PT","@id":"https:\/\/portaltela.pt\/s.01k8rhncp4jt1\/2025\/11\/talking-bot-125x125.png","url":"https:\/\/portaltela.pt\/s.01k8rhncp4jt1\/2025\/11\/talking-bot-125x125.png","contentUrl":"https:\/\/portaltela.pt\/s.01k8rhncp4jt1\/2025\/11\/talking-bot-125x125.png","caption":"Telinha"},"sameAs":["https:\/\/portaltela.pt\/"],"url":"https:\/\/portaltela.pt\/por\/367410592786\/"}]}},"_links":{"self":[{"href":"https:\/\/portaltela.pt\/api\/wp\/v2\/posts\/212881","targetHints":{"allow":["GET"]}}],"collection":[{"href":"https:\/\/portaltela.pt\/api\/wp\/v2\/posts"}],"about":[{"href":"https:\/\/portaltela.pt\/api\/wp\/v2\/types\/post"}],"author":[{"embeddable":true,"href":"https:\/\/portaltela.pt\/api\/wp\/v2\/users\/2"}],"replies":[{"embeddable":true,"href":"https:\/\/portaltela.pt\/api\/wp\/v2\/comments?post=212881"}],"version-history":[{"count":0,"href":"https:\/\/portaltela.pt\/api\/wp\/v2\/posts\/212881\/revisions"}],"wp:featuredmedia":[{"embeddable":true,"href":"https:\/\/portaltela.pt\/api\/wp\/v2\/media\/212884"}],"wp:attachment":[{"href":"https:\/\/portaltela.pt\/api\/wp\/v2\/media?parent=212881"}],"wp:term":[{"taxonomy":"category","embeddable":true,"href":"https:\/\/portaltela.pt\/api\/wp\/v2\/categories?post=212881"},{"taxonomy":"post_tag","embeddable":true,"href":"https:\/\/portaltela.pt\/api\/wp\/v2\/tags?post=212881"}],"curies":[{"name":"wp","href":"https:\/\/api.w.org\/{rel}","templated":true}]}}