{"id":212875,"date":"2026-02-14T21:02:00","date_gmt":"2026-02-15T00:02:00","guid":{"rendered":"https:\/\/portaltela.pt\/noticias\/2026\/02\/14\/quem-tem-boca-vai-a-romance-cobertura-jornalistica\/"},"modified":"2026-02-14T21:02:00","modified_gmt":"2026-02-15T00:02:00","slug":"quem-tem-boca-vai-a-romance-cobertura-jornalistica","status":"publish","type":"post","link":"https:\/\/portaltela.pt\/noticias\/2026\/02\/14\/quem-tem-boca-vai-a-romance-cobertura-jornalistica\/","title":{"rendered":"Quem tem boca vai a romance: cobertura jornal\u00edstica"},"content":{"rendered":"<p>Ontem, no Dia dos Namorados, foram registadas diferentes formas de celebra\u00e7\u00e3o em Portugal. Solteiros e casais organizaram encontros, jantares e atividades, com foco em momentos rom\u00e2nticos e sociais. O dia refletiu escolhas variadas, desde jantares com menus tem\u00e1ticos at\u00e9 encontros entre amigos.<\/p>\n<p>Entre os casais, a noite costuma incluir jantares a dois e escolhas de menus, alguns com pre\u00e7os elevados. Em restaurantes, a oferta costuma privilegiar pratos tem\u00e1ticos, com consequ\u00eancias econ\u00f3micas para quem celebra. Observa-se uma mobiliza\u00e7\u00e3o de espa\u00e7os para encontros a dois.<\/p>\n<p>Alguns casais optaram por experi\u00eancias em hot\u00e9is com spa, visando uma escapadinha rom\u00e2ntica. Real\u00e7aram-se planos para passar a tarde em jacuzzis partilhados com outros casais, acompanhados de roup\u00f5es e toucas. A ideia \u00e9 promover relaxamento entre pares.<\/p>\n<p>Quem celebra com ostras percebeu uma venda intensiva deste fruto no Dia de S\u00e3o Valentim. A procura \u00e9 alta e os pre\u00e7os tendem a subir, alimentando debates sobre o papel do consumismo na data. Cientificamente, o v\u00ednculo entre ostras e libido continua a ser debatido.<\/p>\n<p>Este dia tamb\u00e9m acarreta diversidades de perspetivas. Houve quem aproveitou para renovar itens decorativos com mensagens de amor, e quem criticou a celebra\u00e7\u00e3o por motivos econ\u00f3micos ou culturais. A agenda cultural associada refletiu o peso social desta data.<\/p>\n<p>As experi\u00eancias relatadas revelam um mosaico de escolhas: jantares, celebra\u00e7\u00f5es entre amigos e escapadinhas. Em todas as situa\u00e7\u00f5es, a for\u00e7a do Dia dos Namorados foi manter a tradi\u00e7\u00e3o de celebrar afetos, dentro de uma atmosfera variada.<\/p>\n","protected":false},"excerpt":{"rendered":"<ul>\n<li>O Dia de S\u00e3o Valentim \u00e9 celebrado por casais com jantares a dois, enquanto solteiros procuram conv\u00edvios entre amigos, segundo a cr\u00f3nica.<\/li>\n<li>A autora relata aborrecimentos com menus tem\u00e1ticos rid\u00edculos, pre\u00e7os elevados e a ideia de \u201cfrutos do amor\u201d que n\u00e3o existem de verdade.<\/li>\n<li>Recorda experi\u00eancias passadas, incluindo um jantar com workshop de dan\u00e7as, que acabou por complicar-se com a diversidade de casais no restaurante.<\/li>\n<li>H\u00e1 quem fa\u00e7a escapadinhas rom\u00e2nticas, como dois dias num hotel com spa e jacuzzi partilhado entre casais.<\/li>\n<li>As ostras s\u00e3o associadas ao dia, com consumo elevado e debate sobre efeito real na libido, al\u00e9m de poss\u00edveis riscos de sa\u00fade como gota.<\/li>\n<li>O dia divide a sociedade entre quem abra\u00e7a a celebra\u00e7\u00e3o e quem a rejeita como consumismo, mantendo o foco numa meteorologia favor\u00e1vel ao romance.<\/li>\n<\/ul>\n","protected":false},"author":2,"featured_media":212876,"comment_status":"closed","ping_status":"closed","sticky":false,"template":"","format":"standard","meta":{"footnotes":""},"categories":[1],"tags":[5494,778,4991,3730,719,1931],"class_list":["post-212875","post","type-post","status-publish","format-standard","has-post-thumbnail","hentry","category-noticias","tag-casais","tag-comida","tag-consumo","tag-festejos","tag-hotelaria","tag-restaurantes"],"yoast_head":"<!-- This site is optimized with the Yoast SEO plugin v27.2 - https:\/\/yoast.com\/product\/yoast-seo-wordpress\/ -->\n<title>Quem tem boca vai a romance: cobertura jornal\u00edstica - Portal Tela Portugal<\/title>\n<meta name=\"robots\" content=\"index, follow, max-snippet:-1, max-image-preview:large, max-video-preview:-1\" \/>\n<meta property=\"og:locale\" content=\"pt_PT\" \/>\n<meta property=\"og:type\" content=\"article\" \/>\n<meta property=\"og:title\" content=\"Quem tem boca vai a romance: cobertura jornal\u00edstica - Portal Tela Portugal\" \/>\n<meta property=\"og:description\" content=\"O Dia de S\u00e3o Valentim \u00e9 celebrado por casais com jantares a dois, enquanto solteiros procuram conv\u00edvios entre amigos, segundo a cr\u00f3nica. A autora relata aborrecimentos com menus tem\u00e1ticos rid\u00edculos, pre\u00e7os elevados e a ideia de \u201cfrutos do amor\u201d que n\u00e3o existem de verdade. Recorda experi\u00eancias passadas, incluindo um jantar com workshop de dan\u00e7as, que acabou por complicar-se com a diversidade de casais no restaurante. H\u00e1 quem fa\u00e7a escapadinhas rom\u00e2nticas, como dois dias num hotel com spa e jacuzzi partilhado entre casais. As ostras s\u00e3o associadas ao dia, com consumo elevado e debate sobre efeito real na libido, al\u00e9m de poss\u00edveis riscos de sa\u00fade como gota. O dia divide a sociedade entre quem abra\u00e7a a celebra\u00e7\u00e3o e quem a rejeita como consumismo, mantendo o foco numa meteorologia favor\u00e1vel ao romance.\" \/>\n<meta property=\"og:url\" content=\"https:\/\/portaltela.pt\/noticias\/2026\/02\/14\/quem-tem-boca-vai-a-romance-cobertura-jornalistica\/\" \/>\n<meta property=\"og:site_name\" content=\"Portal Tela Portugal\" \/>\n<meta property=\"article:published_time\" content=\"2026-02-15T00:02:00+00:00\" \/>\n<meta name=\"author\" content=\"Telinha\" \/>\n<meta name=\"twitter:card\" content=\"summary_large_image\" \/>\n<meta name=\"twitter:label1\" content=\"Escrito por\" \/>\n\t<meta name=\"twitter:data1\" content=\"Telinha\" \/>\n\t<meta name=\"twitter:label2\" content=\"Tempo estimado de leitura\" \/>\n\t<meta name=\"twitter:data2\" content=\"1 minuto\" \/>\n<script type=\"application\/ld+json\" class=\"yoast-schema-graph\">{\"@context\":\"https:\/\/schema.org\",\"@graph\":[{\"@type\":\"Article\",\"@id\":\"https:\/\/portaltela.pt\/noticias\/2026\/02\/14\/quem-tem-boca-vai-a-romance-cobertura-jornalistica\/#article\",\"isPartOf\":{\"@id\":\"https:\/\/portaltela.pt\/noticias\/2026\/02\/14\/quem-tem-boca-vai-a-romance-cobertura-jornalistica\/\"},\"author\":{\"name\":\"Telinha\",\"@id\":\"https:\/\/portaltela.pt\/#\/schema\/person\/c4278d4a6028830caff9ee44b42d32ed\"},\"headline\":\"Quem tem boca vai a romance: cobertura jornal\u00edstica\",\"datePublished\":\"2026-02-15T00:02:00+00:00\",\"mainEntityOfPage\":{\"@id\":\"https:\/\/portaltela.pt\/noticias\/2026\/02\/14\/quem-tem-boca-vai-a-romance-cobertura-jornalistica\/\"},\"wordCount\":271,\"image\":{\"@id\":\"https:\/\/portaltela.pt\/noticias\/2026\/02\/14\/quem-tem-boca-vai-a-romance-cobertura-jornalistica\/#primaryimage\"},\"thumbnailUrl\":\"https:\/\/portaltela.pt\/s.01k8rhncp4jt1\/2026\/02\/c99cf66b-9a00-480d-8b51-aaf38c97d9fb_1200x675.jpg\",\"keywords\":[\"casais\",\"comida\",\"consumo\",\"festejos\",\"hotelaria\",\"restaurantes\"],\"articleSection\":[\"Not\u00edcias\"],\"inLanguage\":\"pt-PT\"},{\"@type\":\"WebPage\",\"@id\":\"https:\/\/portaltela.pt\/noticias\/2026\/02\/14\/quem-tem-boca-vai-a-romance-cobertura-jornalistica\/\",\"url\":\"https:\/\/portaltela.pt\/noticias\/2026\/02\/14\/quem-tem-boca-vai-a-romance-cobertura-jornalistica\/\",\"name\":\"Quem tem boca vai a romance: cobertura jornal\u00edstica - Portal Tela Portugal\",\"isPartOf\":{\"@id\":\"https:\/\/portaltela.pt\/#website\"},\"primaryImageOfPage\":{\"@id\":\"https:\/\/portaltela.pt\/noticias\/2026\/02\/14\/quem-tem-boca-vai-a-romance-cobertura-jornalistica\/#primaryimage\"},\"image\":{\"@id\":\"https:\/\/portaltela.pt\/noticias\/2026\/02\/14\/quem-tem-boca-vai-a-romance-cobertura-jornalistica\/#primaryimage\"},\"thumbnailUrl\":\"https:\/\/portaltela.pt\/s.01k8rhncp4jt1\/2026\/02\/c99cf66b-9a00-480d-8b51-aaf38c97d9fb_1200x675.jpg\",\"datePublished\":\"2026-02-15T00:02:00+00:00\",\"author\":{\"@id\":\"https:\/\/portaltela.pt\/#\/schema\/person\/c4278d4a6028830caff9ee44b42d32ed\"},\"breadcrumb\":{\"@id\":\"https:\/\/portaltela.pt\/noticias\/2026\/02\/14\/quem-tem-boca-vai-a-romance-cobertura-jornalistica\/#breadcrumb\"},\"inLanguage\":\"pt-PT\",\"potentialAction\":[{\"@type\":\"ReadAction\",\"target\":[\"https:\/\/portaltela.pt\/noticias\/2026\/02\/14\/quem-tem-boca-vai-a-romance-cobertura-jornalistica\/\"]}]},{\"@type\":\"ImageObject\",\"inLanguage\":\"pt-PT\",\"@id\":\"https:\/\/portaltela.pt\/noticias\/2026\/02\/14\/quem-tem-boca-vai-a-romance-cobertura-jornalistica\/#primaryimage\",\"url\":\"https:\/\/portaltela.pt\/s.01k8rhncp4jt1\/2026\/02\/c99cf66b-9a00-480d-8b51-aaf38c97d9fb_1200x675.jpg\",\"contentUrl\":\"https:\/\/portaltela.pt\/s.01k8rhncp4jt1\/2026\/02\/c99cf66b-9a00-480d-8b51-aaf38c97d9fb_1200x675.jpg\",\"width\":796,\"height\":448,\"caption\":\"Photo\"},{\"@type\":\"BreadcrumbList\",\"@id\":\"https:\/\/portaltela.pt\/noticias\/2026\/02\/14\/quem-tem-boca-vai-a-romance-cobertura-jornalistica\/#breadcrumb\",\"itemListElement\":[{\"@type\":\"ListItem\",\"position\":1,\"name\":\"In\u00edcio\",\"item\":\"https:\/\/portaltela.pt\/\"},{\"@type\":\"ListItem\",\"position\":2,\"name\":\"Quem tem boca vai a romance: cobertura jornal\u00edstica\"}]},{\"@type\":\"WebSite\",\"@id\":\"https:\/\/portaltela.pt\/#website\",\"url\":\"https:\/\/portaltela.pt\/\",\"name\":\"Portal Tela Portugal\",\"description\":\"\",\"potentialAction\":[{\"@type\":\"SearchAction\",\"target\":{\"@type\":\"EntryPoint\",\"urlTemplate\":\"https:\/\/portaltela.pt\/?s={search_term_string}\"},\"query-input\":{\"@type\":\"PropertyValueSpecification\",\"valueRequired\":true,\"valueName\":\"search_term_string\"}}],\"inLanguage\":\"pt-PT\"},{\"@type\":\"Person\",\"@id\":\"https:\/\/portaltela.pt\/#\/schema\/person\/c4278d4a6028830caff9ee44b42d32ed\",\"name\":\"Telinha\",\"image\":{\"@type\":\"ImageObject\",\"inLanguage\":\"pt-PT\",\"@id\":\"https:\/\/portaltela.pt\/s.01k8rhncp4jt1\/2025\/11\/talking-bot-125x125.png\",\"url\":\"https:\/\/portaltela.pt\/s.01k8rhncp4jt1\/2025\/11\/talking-bot-125x125.png\",\"contentUrl\":\"https:\/\/portaltela.pt\/s.01k8rhncp4jt1\/2025\/11\/talking-bot-125x125.png\",\"caption\":\"Telinha\"},\"sameAs\":[\"https:\/\/portaltela.pt\/\"],\"url\":\"https:\/\/portaltela.pt\/por\/367410592786\/\"}]}<\/script>\n<!-- \/ Yoast SEO plugin. -->","yoast_head_json":{"title":"Quem tem boca vai a romance: cobertura jornal\u00edstica - Portal Tela Portugal","robots":{"index":"index","follow":"follow","max-snippet":"max-snippet:-1","max-image-preview":"max-image-preview:large","max-video-preview":"max-video-preview:-1"},"og_locale":"pt_PT","og_type":"article","og_title":"Quem tem boca vai a romance: cobertura jornal\u00edstica - Portal Tela Portugal","og_description":"O Dia de S\u00e3o Valentim \u00e9 celebrado por casais com jantares a dois, enquanto solteiros procuram conv\u00edvios entre amigos, segundo a cr\u00f3nica. A autora relata aborrecimentos com menus tem\u00e1ticos rid\u00edculos, pre\u00e7os elevados e a ideia de \u201cfrutos do amor\u201d que n\u00e3o existem de verdade. Recorda experi\u00eancias passadas, incluindo um jantar com workshop de dan\u00e7as, que acabou por complicar-se com a diversidade de casais no restaurante. H\u00e1 quem fa\u00e7a escapadinhas rom\u00e2nticas, como dois dias num hotel com spa e jacuzzi partilhado entre casais. As ostras s\u00e3o associadas ao dia, com consumo elevado e debate sobre efeito real na libido, al\u00e9m de poss\u00edveis riscos de sa\u00fade como gota. O dia divide a sociedade entre quem abra\u00e7a a celebra\u00e7\u00e3o e quem a rejeita como consumismo, mantendo o foco numa meteorologia favor\u00e1vel ao romance.","og_url":"https:\/\/portaltela.pt\/noticias\/2026\/02\/14\/quem-tem-boca-vai-a-romance-cobertura-jornalistica\/","og_site_name":"Portal Tela Portugal","article_published_time":"2026-02-15T00:02:00+00:00","author":"Telinha","twitter_card":"summary_large_image","twitter_misc":{"Escrito por":"Telinha","Tempo estimado de leitura":"1 minuto"},"schema":{"@context":"https:\/\/schema.org","@graph":[{"@type":"Article","@id":"https:\/\/portaltela.pt\/noticias\/2026\/02\/14\/quem-tem-boca-vai-a-romance-cobertura-jornalistica\/#article","isPartOf":{"@id":"https:\/\/portaltela.pt\/noticias\/2026\/02\/14\/quem-tem-boca-vai-a-romance-cobertura-jornalistica\/"},"author":{"name":"Telinha","@id":"https:\/\/portaltela.pt\/#\/schema\/person\/c4278d4a6028830caff9ee44b42d32ed"},"headline":"Quem tem boca vai a romance: cobertura jornal\u00edstica","datePublished":"2026-02-15T00:02:00+00:00","mainEntityOfPage":{"@id":"https:\/\/portaltela.pt\/noticias\/2026\/02\/14\/quem-tem-boca-vai-a-romance-cobertura-jornalistica\/"},"wordCount":271,"image":{"@id":"https:\/\/portaltela.pt\/noticias\/2026\/02\/14\/quem-tem-boca-vai-a-romance-cobertura-jornalistica\/#primaryimage"},"thumbnailUrl":"https:\/\/portaltela.pt\/s.01k8rhncp4jt1\/2026\/02\/c99cf66b-9a00-480d-8b51-aaf38c97d9fb_1200x675.jpg","keywords":["casais","comida","consumo","festejos","hotelaria","restaurantes"],"articleSection":["Not\u00edcias"],"inLanguage":"pt-PT"},{"@type":"WebPage","@id":"https:\/\/portaltela.pt\/noticias\/2026\/02\/14\/quem-tem-boca-vai-a-romance-cobertura-jornalistica\/","url":"https:\/\/portaltela.pt\/noticias\/2026\/02\/14\/quem-tem-boca-vai-a-romance-cobertura-jornalistica\/","name":"Quem tem boca vai a romance: cobertura jornal\u00edstica - Portal Tela Portugal","isPartOf":{"@id":"https:\/\/portaltela.pt\/#website"},"primaryImageOfPage":{"@id":"https:\/\/portaltela.pt\/noticias\/2026\/02\/14\/quem-tem-boca-vai-a-romance-cobertura-jornalistica\/#primaryimage"},"image":{"@id":"https:\/\/portaltela.pt\/noticias\/2026\/02\/14\/quem-tem-boca-vai-a-romance-cobertura-jornalistica\/#primaryimage"},"thumbnailUrl":"https:\/\/portaltela.pt\/s.01k8rhncp4jt1\/2026\/02\/c99cf66b-9a00-480d-8b51-aaf38c97d9fb_1200x675.jpg","datePublished":"2026-02-15T00:02:00+00:00","author":{"@id":"https:\/\/portaltela.pt\/#\/schema\/person\/c4278d4a6028830caff9ee44b42d32ed"},"breadcrumb":{"@id":"https:\/\/portaltela.pt\/noticias\/2026\/02\/14\/quem-tem-boca-vai-a-romance-cobertura-jornalistica\/#breadcrumb"},"inLanguage":"pt-PT","potentialAction":[{"@type":"ReadAction","target":["https:\/\/portaltela.pt\/noticias\/2026\/02\/14\/quem-tem-boca-vai-a-romance-cobertura-jornalistica\/"]}]},{"@type":"ImageObject","inLanguage":"pt-PT","@id":"https:\/\/portaltela.pt\/noticias\/2026\/02\/14\/quem-tem-boca-vai-a-romance-cobertura-jornalistica\/#primaryimage","url":"https:\/\/portaltela.pt\/s.01k8rhncp4jt1\/2026\/02\/c99cf66b-9a00-480d-8b51-aaf38c97d9fb_1200x675.jpg","contentUrl":"https:\/\/portaltela.pt\/s.01k8rhncp4jt1\/2026\/02\/c99cf66b-9a00-480d-8b51-aaf38c97d9fb_1200x675.jpg","width":796,"height":448,"caption":"Photo"},{"@type":"BreadcrumbList","@id":"https:\/\/portaltela.pt\/noticias\/2026\/02\/14\/quem-tem-boca-vai-a-romance-cobertura-jornalistica\/#breadcrumb","itemListElement":[{"@type":"ListItem","position":1,"name":"In\u00edcio","item":"https:\/\/portaltela.pt\/"},{"@type":"ListItem","position":2,"name":"Quem tem boca vai a romance: cobertura jornal\u00edstica"}]},{"@type":"WebSite","@id":"https:\/\/portaltela.pt\/#website","url":"https:\/\/portaltela.pt\/","name":"Portal Tela Portugal","description":"","potentialAction":[{"@type":"SearchAction","target":{"@type":"EntryPoint","urlTemplate":"https:\/\/portaltela.pt\/?s={search_term_string}"},"query-input":{"@type":"PropertyValueSpecification","valueRequired":true,"valueName":"search_term_string"}}],"inLanguage":"pt-PT"},{"@type":"Person","@id":"https:\/\/portaltela.pt\/#\/schema\/person\/c4278d4a6028830caff9ee44b42d32ed","name":"Telinha","image":{"@type":"ImageObject","inLanguage":"pt-PT","@id":"https:\/\/portaltela.pt\/s.01k8rhncp4jt1\/2025\/11\/talking-bot-125x125.png","url":"https:\/\/portaltela.pt\/s.01k8rhncp4jt1\/2025\/11\/talking-bot-125x125.png","contentUrl":"https:\/\/portaltela.pt\/s.01k8rhncp4jt1\/2025\/11\/talking-bot-125x125.png","caption":"Telinha"},"sameAs":["https:\/\/portaltela.pt\/"],"url":"https:\/\/portaltela.pt\/por\/367410592786\/"}]}},"_links":{"self":[{"href":"https:\/\/portaltela.pt\/api\/wp\/v2\/posts\/212875","targetHints":{"allow":["GET"]}}],"collection":[{"href":"https:\/\/portaltela.pt\/api\/wp\/v2\/posts"}],"about":[{"href":"https:\/\/portaltela.pt\/api\/wp\/v2\/types\/post"}],"author":[{"embeddable":true,"href":"https:\/\/portaltela.pt\/api\/wp\/v2\/users\/2"}],"replies":[{"embeddable":true,"href":"https:\/\/portaltela.pt\/api\/wp\/v2\/comments?post=212875"}],"version-history":[{"count":0,"href":"https:\/\/portaltela.pt\/api\/wp\/v2\/posts\/212875\/revisions"}],"wp:featuredmedia":[{"embeddable":true,"href":"https:\/\/portaltela.pt\/api\/wp\/v2\/media\/212876"}],"wp:attachment":[{"href":"https:\/\/portaltela.pt\/api\/wp\/v2\/media?parent=212875"}],"wp:term":[{"taxonomy":"category","embeddable":true,"href":"https:\/\/portaltela.pt\/api\/wp\/v2\/categories?post=212875"},{"taxonomy":"post_tag","embeddable":true,"href":"https:\/\/portaltela.pt\/api\/wp\/v2\/tags?post=212875"}],"curies":[{"name":"wp","href":"https:\/\/api.w.org\/{rel}","templated":true}]}}